{"id":977,"date":"2022-10-23T01:18:50","date_gmt":"2022-10-23T04:18:50","guid":{"rendered":"https:\/\/www.bocaparatodoelmundo.com.ar\/?p=977"},"modified":"2022-10-23T01:18:52","modified_gmt":"2022-10-23T04:18:52","slug":"ibarra-tiene-todo-listo-para-recibir-a-independiente","status":"publish","type":"post","link":"https:\/\/bocaparatodoelmundo.com.ar\/?p=977","title":{"rendered":"Ibarra tiene todo listo para recibir a Independiente"},"content":{"rendered":"\n<p>Boca recibir\u00e1 a Independiente en la Bombonera el pr\u00f3ximo domingo desde las 17, por la \u00faltima fecha de la Liga Profesional, y el entrenador Hugo Benjam\u00edn Ibarra idea una alineaci\u00f3n con algunas modificaciones con respecto a los que ganaron en La Plata.<\/p>\n\n\n\n<p>Para este partido, el&nbsp;<em>Negro&nbsp;<\/em>no podr\u00e1 contar con el delantero&nbsp;<strong>Dar\u00edo Benedetto<\/strong>, que sufri\u00f3 una lesi\u00f3n muscular grado dos del s\u00f3leo de su pierna izquierda, y en su lugar ingresar\u00eda&nbsp;<strong>Luis V\u00e1zquez<\/strong>, que ya cumpli\u00f3 su suspensi\u00f3n frente a&nbsp;<strong>Gimnasia<\/strong>.<\/p>\n\n\n\n<p>Adem\u00e1s,\u00a0<strong>Ibarra\u00a0<\/strong>contar\u00e1 con el colombiano\u00a0<strong>Frank Fabra\u00a0<\/strong>-autor de un golazo en el \u00faltimo partido- a pesar de haber terminado con un golpe contra el equipo de N\u00e9stor Gorosito. Por otra parte, el t\u00e9cnico\u00a0<strong>eval\u00faa incluir al colombiano Sebasti\u00e1n Villa<\/strong>\u00a0desde el arranque para formar un 4-3-3.<strong>\u00a0La otra opci\u00f3n es que en vez del punta ingrese Cristian Medina<\/strong>. El que elija el entrenador reemplazar\u00e1 a Juan Ram\u00edrez respecto al equipo que le gan\u00f3 al Lobo.\u00a0<\/p>\n\n\n\n<p>Por otro lado, el delantero\u00a0<strong>Nicolas Orsini\u00a0<\/strong>volver\u00e1 a estar en consideraci\u00f3n para este partido y, a pesar de que integraron la lista de convocados,\u00a0<strong>Marcos Rojos\u00a0<\/strong>(rotura de ligamento cruzado anterior de su rodilla derecha) y\u00a0<strong>Exequiel Zeballos<\/strong>\u00a0(fractura de la parte posterior de la tibia con compromiso ligamentario de tobillo) seguir\u00e1n siendo baja.<\/p>\n\n\n\n<h2 class=\"wp-block-heading\">La probable formaci\u00f3n de Boca vs. Independiente, por la Liga Profesional<\/h2>\n\n\n\n<p>Agust\u00edn&nbsp;<strong>Rossi<\/strong>; Luis&nbsp;<strong>Adv\u00edncula<\/strong>, Nicol\u00e1s&nbsp;<strong>Figal<\/strong>, Carlos&nbsp;<strong>Zambrano<\/strong>, Frank&nbsp;<strong>Fabra<\/strong>; Pol&nbsp;<strong>Fern\u00e1ndez<\/strong>, Alan&nbsp;<strong>Varela<\/strong>, \u00d3scar&nbsp;<strong>Romero<\/strong>; Cristian&nbsp;<strong>Medina&nbsp;<\/strong>o&nbsp;Sebasti\u00e1n&nbsp;<strong>Villa<\/strong>, Luis&nbsp;<strong>V\u00e1zquez&nbsp;<\/strong>y Luca&nbsp;<strong>Langoni<\/strong>.<\/p>\n\n\n\n<h2 class=\"wp-block-heading\">Las bajas de Boca vs. Independiente, por la Liga Profesional<\/h2>\n\n\n\n<ul class=\"wp-block-list\"><li>Dar\u00edo Benedetto: lesi\u00f3n muscular grado dos del s\u00f3leo de su pierna izquierda<\/li><li>Marcos Rojo: rotura de ligamento cruzado anterior de su rodilla derecha<\/li><li>Exequiel Zeballos: fractura de la parte posterior de la tibia con compromiso ligamentario de tobillo<\/li><li>Sergio Romero: se recupera de una intervenci\u00f3n en la rodilla<\/li><\/ul>\n\n\n\n<h2 class=\"wp-block-heading\">Los convocados de Boca vs. Independiente, por la Liga Profesional<\/h2>\n\n\n<div class=\"wp-block-image\">\n<figure class=\"aligncenter is-resized\"><img loading=\"lazy\" decoding=\"async\" src=\"https:\/\/media.tycsports.com\/files\/2022\/10\/21\/495685\/concentrados-boca-ante-independiente-_204x272.webp\" alt=\"Concentrados Boca ante Independiente \" width=\"360\" height=\"480\" title=\"Concentrados Boca ante Independiente \"\/><\/figure>\n<\/div>","protected":false},"excerpt":{"rendered":"<p>Boca recibir\u00e1 a Independiente en la Bombonera el pr\u00f3ximo domingo desde las 17, por la&#8230;<\/p>\n","protected":false},"author":3,"featured_media":978,"comment_status":"open","ping_status":"open","sticky":false,"template":"","format":"standard","meta":{"footnotes":""},"categories":[4],"tags":[],"class_list":["post-977","post","type-post","status-publish","format-standard","has-post-thumbnail","hentry","category-primera-division-masculina"],"yoast_head":"<!-- This site is optimized with the Yoast SEO plugin v21.4 - https:\/\/yoast.com\/wordpress\/plugins\/seo\/ -->\n<title>Ibarra tiene todo listo para recibir a Independiente - BOCA PARA TODO EL MUNDO<\/title>\n<meta name=\"robots\" content=\"index, follow, max-snippet:-1, max-image-preview:large, max-video-preview:-1\" \/>\n<link rel=\"canonical\" href=\"https:\/\/bocaparatodoelmundo.com.ar\/?p=977\" \/>\n<meta property=\"og:locale\" content=\"es_ES\" \/>\n<meta property=\"og:type\" content=\"article\" \/>\n<meta property=\"og:title\" content=\"Ibarra tiene todo listo para recibir a Independiente - BOCA PARA TODO EL MUNDO\" \/>\n<meta property=\"og:description\" content=\"Boca recibir\u00e1 a Independiente en la Bombonera el pr\u00f3ximo domingo desde las 17, por la...\" \/>\n<meta property=\"og:url\" content=\"https:\/\/bocaparatodoelmundo.com.ar\/?p=977\" \/>\n<meta property=\"og:site_name\" content=\"BOCA PARA TODO EL MUNDO\" \/>\n<meta property=\"article:published_time\" content=\"2022-10-23T04:18:50+00:00\" \/>\n<meta property=\"article:modified_time\" content=\"2022-10-23T04:18:52+00:00\" \/>\n<meta property=\"og:image\" content=\"https:\/\/bocaparatodoelmundo.com.ar\/wp-content\/uploads\/2022\/10\/f608x342-81244_110967_6.jpg\" \/>\n\t<meta property=\"og:image:width\" content=\"608\" \/>\n\t<meta property=\"og:image:height\" content=\"342\" \/>\n\t<meta property=\"og:image:type\" content=\"image\/jpeg\" \/>\n<meta name=\"author\" content=\"Redaccion BPTM\" \/>\n<meta name=\"twitter:card\" content=\"summary_large_image\" \/>\n<meta name=\"twitter:label1\" content=\"Escrito por\" \/>\n\t<meta name=\"twitter:data1\" content=\"Redaccion BPTM\" \/>\n\t<meta name=\"twitter:label2\" content=\"Tiempo de lectura\" \/>\n\t<meta name=\"twitter:data2\" content=\"2 minutos\" \/>\n<script type=\"application\/ld+json\" class=\"yoast-schema-graph\">{\"@context\":\"https:\/\/schema.org\",\"@graph\":[{\"@type\":\"WebPage\",\"@id\":\"https:\/\/bocaparatodoelmundo.com.ar\/?p=977\",\"url\":\"https:\/\/bocaparatodoelmundo.com.ar\/?p=977\",\"name\":\"Ibarra tiene todo listo para recibir a Independiente - BOCA PARA TODO EL MUNDO\",\"isPartOf\":{\"@id\":\"https:\/\/bocaparatodoelmundo.com.ar\/#website\"},\"datePublished\":\"2022-10-23T04:18:50+00:00\",\"dateModified\":\"2022-10-23T04:18:52+00:00\",\"author\":{\"@id\":\"https:\/\/bocaparatodoelmundo.com.ar\/#\/schema\/person\/cc56d27ea9d37f4cea3636086a1847c5\"},\"breadcrumb\":{\"@id\":\"https:\/\/bocaparatodoelmundo.com.ar\/?p=977#breadcrumb\"},\"inLanguage\":\"es-AR\",\"potentialAction\":[{\"@type\":\"ReadAction\",\"target\":[\"https:\/\/bocaparatodoelmundo.com.ar\/?p=977\"]}]},{\"@type\":\"BreadcrumbList\",\"@id\":\"https:\/\/bocaparatodoelmundo.com.ar\/?p=977#breadcrumb\",\"itemListElement\":[{\"@type\":\"ListItem\",\"position\":1,\"name\":\"Inicio\",\"item\":\"https:\/\/bocaparatodoelmundo.com.ar\/\"},{\"@type\":\"ListItem\",\"position\":2,\"name\":\"Ibarra tiene todo listo para recibir a Independiente\"}]},{\"@type\":\"WebSite\",\"@id\":\"https:\/\/bocaparatodoelmundo.com.ar\/#website\",\"url\":\"https:\/\/bocaparatodoelmundo.com.ar\/\",\"name\":\"BOCA PARA TODO EL MUNDO\",\"description\":\"Toda la historia y actualidad del club atletico boca junios esta aqui\",\"potentialAction\":[{\"@type\":\"SearchAction\",\"target\":{\"@type\":\"EntryPoint\",\"urlTemplate\":\"https:\/\/bocaparatodoelmundo.com.ar\/?s={search_term_string}\"},\"query-input\":\"required name=search_term_string\"}],\"inLanguage\":\"es-AR\"},{\"@type\":\"Person\",\"@id\":\"https:\/\/bocaparatodoelmundo.com.ar\/#\/schema\/person\/cc56d27ea9d37f4cea3636086a1847c5\",\"name\":\"Redaccion BPTM\",\"image\":{\"@type\":\"ImageObject\",\"inLanguage\":\"es-AR\",\"@id\":\"https:\/\/bocaparatodoelmundo.com.ar\/#\/schema\/person\/image\/\",\"url\":\"https:\/\/secure.gravatar.com\/avatar\/3b62665b8c08843736974a055cc2398ba6bb7fd2fe787285105d666c418a7d13?s=96&d=mm&r=g\",\"contentUrl\":\"https:\/\/secure.gravatar.com\/avatar\/3b62665b8c08843736974a055cc2398ba6bb7fd2fe787285105d666c418a7d13?s=96&d=mm&r=g\",\"caption\":\"Redaccion BPTM\"},\"sameAs\":[\"http:\/\/bocaparatodoelmundo.com.ar\"],\"url\":\"https:\/\/bocaparatodoelmundo.com.ar\/?author=3\"}]}<\/script>\n<!-- \/ Yoast SEO plugin. -->","yoast_head_json":{"title":"Ibarra tiene todo listo para recibir a Independiente - BOCA PARA TODO EL MUNDO","robots":{"index":"index","follow":"follow","max-snippet":"max-snippet:-1","max-image-preview":"max-image-preview:large","max-video-preview":"max-video-preview:-1"},"canonical":"https:\/\/bocaparatodoelmundo.com.ar\/?p=977","og_locale":"es_ES","og_type":"article","og_title":"Ibarra tiene todo listo para recibir a Independiente - BOCA PARA TODO EL MUNDO","og_description":"Boca recibir\u00e1 a Independiente en la Bombonera el pr\u00f3ximo domingo desde las 17, por la...","og_url":"https:\/\/bocaparatodoelmundo.com.ar\/?p=977","og_site_name":"BOCA PARA TODO EL MUNDO","article_published_time":"2022-10-23T04:18:50+00:00","article_modified_time":"2022-10-23T04:18:52+00:00","og_image":[{"width":608,"height":342,"url":"https:\/\/bocaparatodoelmundo.com.ar\/wp-content\/uploads\/2022\/10\/f608x342-81244_110967_6.jpg","type":"image\/jpeg"}],"author":"Redaccion BPTM","twitter_card":"summary_large_image","twitter_misc":{"Escrito por":"Redaccion BPTM","Tiempo de lectura":"2 minutos"},"schema":{"@context":"https:\/\/schema.org","@graph":[{"@type":"WebPage","@id":"https:\/\/bocaparatodoelmundo.com.ar\/?p=977","url":"https:\/\/bocaparatodoelmundo.com.ar\/?p=977","name":"Ibarra tiene todo listo para recibir a Independiente - BOCA PARA TODO EL MUNDO","isPartOf":{"@id":"https:\/\/bocaparatodoelmundo.com.ar\/#website"},"datePublished":"2022-10-23T04:18:50+00:00","dateModified":"2022-10-23T04:18:52+00:00","author":{"@id":"https:\/\/bocaparatodoelmundo.com.ar\/#\/schema\/person\/cc56d27ea9d37f4cea3636086a1847c5"},"breadcrumb":{"@id":"https:\/\/bocaparatodoelmundo.com.ar\/?p=977#breadcrumb"},"inLanguage":"es-AR","potentialAction":[{"@type":"ReadAction","target":["https:\/\/bocaparatodoelmundo.com.ar\/?p=977"]}]},{"@type":"BreadcrumbList","@id":"https:\/\/bocaparatodoelmundo.com.ar\/?p=977#breadcrumb","itemListElement":[{"@type":"ListItem","position":1,"name":"Inicio","item":"https:\/\/bocaparatodoelmundo.com.ar\/"},{"@type":"ListItem","position":2,"name":"Ibarra tiene todo listo para recibir a Independiente"}]},{"@type":"WebSite","@id":"https:\/\/bocaparatodoelmundo.com.ar\/#website","url":"https:\/\/bocaparatodoelmundo.com.ar\/","name":"BOCA PARA TODO EL MUNDO","description":"Toda la historia y actualidad del club atletico boca junios esta aqui","potentialAction":[{"@type":"SearchAction","target":{"@type":"EntryPoint","urlTemplate":"https:\/\/bocaparatodoelmundo.com.ar\/?s={search_term_string}"},"query-input":"required name=search_term_string"}],"inLanguage":"es-AR"},{"@type":"Person","@id":"https:\/\/bocaparatodoelmundo.com.ar\/#\/schema\/person\/cc56d27ea9d37f4cea3636086a1847c5","name":"Redaccion BPTM","image":{"@type":"ImageObject","inLanguage":"es-AR","@id":"https:\/\/bocaparatodoelmundo.com.ar\/#\/schema\/person\/image\/","url":"https:\/\/secure.gravatar.com\/avatar\/3b62665b8c08843736974a055cc2398ba6bb7fd2fe787285105d666c418a7d13?s=96&d=mm&r=g","contentUrl":"https:\/\/secure.gravatar.com\/avatar\/3b62665b8c08843736974a055cc2398ba6bb7fd2fe787285105d666c418a7d13?s=96&d=mm&r=g","caption":"Redaccion BPTM"},"sameAs":["http:\/\/bocaparatodoelmundo.com.ar"],"url":"https:\/\/bocaparatodoelmundo.com.ar\/?author=3"}]}},"_links":{"self":[{"href":"https:\/\/bocaparatodoelmundo.com.ar\/index.php?rest_route=\/wp\/v2\/posts\/977","targetHints":{"allow":["GET"]}}],"collection":[{"href":"https:\/\/bocaparatodoelmundo.com.ar\/index.php?rest_route=\/wp\/v2\/posts"}],"about":[{"href":"https:\/\/bocaparatodoelmundo.com.ar\/index.php?rest_route=\/wp\/v2\/types\/post"}],"author":[{"embeddable":true,"href":"https:\/\/bocaparatodoelmundo.com.ar\/index.php?rest_route=\/wp\/v2\/users\/3"}],"replies":[{"embeddable":true,"href":"https:\/\/bocaparatodoelmundo.com.ar\/index.php?rest_route=%2Fwp%2Fv2%2Fcomments&post=977"}],"version-history":[{"count":1,"href":"https:\/\/bocaparatodoelmundo.com.ar\/index.php?rest_route=\/wp\/v2\/posts\/977\/revisions"}],"predecessor-version":[{"id":979,"href":"https:\/\/bocaparatodoelmundo.com.ar\/index.php?rest_route=\/wp\/v2\/posts\/977\/revisions\/979"}],"wp:featuredmedia":[{"embeddable":true,"href":"https:\/\/bocaparatodoelmundo.com.ar\/index.php?rest_route=\/wp\/v2\/media\/978"}],"wp:attachment":[{"href":"https:\/\/bocaparatodoelmundo.com.ar\/index.php?rest_route=%2Fwp%2Fv2%2Fmedia&parent=977"}],"wp:term":[{"taxonomy":"category","embeddable":true,"href":"https:\/\/bocaparatodoelmundo.com.ar\/index.php?rest_route=%2Fwp%2Fv2%2Fcategories&post=977"},{"taxonomy":"post_tag","embeddable":true,"href":"https:\/\/bocaparatodoelmundo.com.ar\/index.php?rest_route=%2Fwp%2Fv2%2Ftags&post=977"}],"curies":[{"name":"wp","href":"https:\/\/api.w.org\/{rel}","templated":true}]}}