{"id":781,"date":"2022-10-06T13:34:28","date_gmt":"2022-10-06T16:34:28","guid":{"rendered":"https:\/\/www.bocaparatodoelmundo.com.ar\/?p=781"},"modified":"2022-10-06T13:35:32","modified_gmt":"2022-10-06T16:35:32","slug":"todo-listo-para-enfrentar-a-gimnasia-en-la-plata","status":"publish","type":"post","link":"https:\/\/bocaparatodoelmundo.com.ar\/?p=781","title":{"rendered":"Todo listo para enfrentar a Gimnasia, en La Plata"},"content":{"rendered":"\n<p>Con transmisi\u00f3n del equipo deportivo de <a href=\"https:\/\/www.youtube.com\/c\/BOCAPARATODOELMUNDO03041905\">BOCA PARA TODO EL MUNDO<\/a> desde las 20.30, <a href=\"https:\/\/www.bocajuniors.com.ar\/\">Boca Juniors <\/a>enfrenta a <a href=\"http:\/\/www.gimnasia.org.ar\/\">Gimnasia y Esgrima (La Plata)<\/a>.<\/p>\n\n\n\n<p><font style=\"vertical-align: inherit;\"><font style=\"vertical-align: inherit;\">Si bien las alineaciones de los equipos no est\u00e1n confirmadas, Hugo Ibarra incluir\u00eda a Agust\u00edn\u00a0 <\/font><\/font><strong><font style=\"vertical-align: inherit;\"><font style=\"vertical-align: inherit;\">Rossi<\/font><\/font><\/strong><font style=\"vertical-align: inherit;\"><font style=\"vertical-align: inherit;\"> ; Luis\u00a0 <\/font><\/font><strong><font style=\"vertical-align: inherit;\"><font style=\"vertical-align: inherit;\">Adv\u00edncula<\/font><\/font><\/strong><font style=\"vertical-align: inherit;\"><font style=\"vertical-align: inherit;\"> , Carlos\u00a0 <\/font><\/font><strong><font style=\"vertical-align: inherit;\"><font style=\"vertical-align: inherit;\">Zambrano<\/font><\/font><\/strong><font style=\"vertical-align: inherit;\"><font style=\"vertical-align: inherit;\"> , Gabriel\u00a0 <\/font><\/font><strong><font style=\"vertical-align: inherit;\"><font style=\"vertical-align: inherit;\">Aranda<\/font><\/font><\/strong><font style=\"vertical-align: inherit;\"><font style=\"vertical-align: inherit;\"> , Frank\u00a0 <\/font><\/font><strong><font style=\"vertical-align: inherit;\"><font style=\"vertical-align: inherit;\">Fabra<\/font><\/font><\/strong><font style=\"vertical-align: inherit;\"><font style=\"vertical-align: inherit;\"> ; Christian\u00a0 <\/font><\/font><strong><font style=\"vertical-align: inherit;\"><font style=\"vertical-align: inherit;\">Medina<\/font><\/font><\/strong><font style=\"vertical-align: inherit;\"><font style=\"vertical-align: inherit;\"> , Alan <\/font><\/font><strong><font style=\"vertical-align: inherit;\"><font style=\"vertical-align: inherit;\">Varela<\/font><\/font><\/strong><font style=\"vertical-align: inherit;\"><font style=\"vertical-align: inherit;\"> , William\u00a0 <\/font><\/font><strong><font style=\"vertical-align: inherit;\"><font style=\"vertical-align: inherit;\">Fern\u00e1ndez,\u00a0<\/font><\/font><\/strong><font style=\"vertical-align: inherit;\"><font style=\"vertical-align: inherit;\"> Oscar\u00a0 <\/font><\/font><strong><font style=\"vertical-align: inherit;\"><font style=\"vertical-align: inherit;\">Rosemary\u00a0<\/font><\/font><\/strong><font style=\"vertical-align: inherit;\"><font style=\"vertical-align: inherit;\"> ; Luca\u00a0 <\/font><\/font><strong><font style=\"vertical-align: inherit;\"><font style=\"vertical-align: inherit;\">Langoni\u00a0<\/font><\/font><\/strong><font style=\"vertical-align: inherit;\"><font style=\"vertical-align: inherit;\"> y Dario\u00a0 <\/font><\/font><strong><font style=\"vertical-align: inherit;\"><font style=\"vertical-align: inherit;\">Benedetto<\/font><\/font><\/strong><font style=\"vertical-align: inherit;\"><font style=\"vertical-align: inherit;\"> como titulares.<\/font><\/font><\/p>\n\n\n\n<p>Por el lado del local, Nestor Gorosito haria lo propio con Rodrigo\u00a0<strong>Rey<\/strong>; Guillermo\u00a0<strong>Enrique<\/strong>, Leonardo\u00a0<strong>Morales<\/strong>, Oscar\u00a0<strong>Piris\u00a0<\/strong>y Mat\u00edas\u00a0<strong>Melluso\u00a0<\/strong>o Nicol\u00e1s\u00a0<strong>Colazo<\/strong>; Ram\u00f3n\u00a0<strong>Sosa<\/strong>, Agust\u00edn\u00a0<strong>Cardozo<\/strong>, Tom\u00e1s\u00a0<strong>Muro\u00a0<\/strong>y Benjam\u00edn\u00a0<strong>Dom\u00ednguez<\/strong>; Brahian\u00a0<strong>Alem\u00e1n<\/strong>; Franco\u00a0<strong>Soldano<\/strong>.<\/p>\n\n\n\n<p>Estos son los datos mas importantes para tener en cuenta:<\/p>\n\n\n\n<p>EQUIPO ARBITRAL <\/p>\n\n\n\n<p>\u00c1rbitro: Hernan Mastrangelo<\/p>\n\n\n\n<p> Asistente 1: Diego Bonfa <\/p>\n\n\n\n<p>Asistente 2: Adrian Delbarba <\/p>\n\n\n\n<p>Cuarto \u00e1rbitro: Sebastian Zunino <\/p>\n\n\n\n<p>VAR: Hector Paletta <\/p>\n\n\n\n<p>AVAR: Gerardo Carretero <\/p>\n\n\n\n<p>Hora: 21.30 <\/p>\n\n\n\n<p>TV: TNT Sports <\/p>\n\n\n\n<p>Estadio: Juan Carmelo Zerillo <\/p>\n\n\n\n<p>El historial entre Gimnasia y Boca<\/p>\n\n\n\n<p> Jugaron 155 veces <\/p>\n\n\n\n<p>Boca Juniors gan\u00f3 83 veces <\/p>\n\n\n\n<p>Gimnasia (LP) gan\u00f3 36 veces <\/p>\n\n\n\n<p>Empataron 36 veces <\/p>\n\n\n\n<p>\u00daltimo antecedente: Boca 0-1 Gimnasia, por la Liga Profesional 2021. Gol: Luis Miguel Rodr\u00edguez.<\/p>\n","protected":false},"excerpt":{"rendered":"<p>Con transmisi\u00f3n del equipo deportivo de BOCA PARA TODO EL MUNDO desde las 20.30, Boca&#8230;<\/p>\n","protected":false},"author":3,"featured_media":784,"comment_status":"open","ping_status":"open","sticky":false,"template":"","format":"standard","meta":{"footnotes":""},"categories":[4],"tags":[],"class_list":["post-781","post","type-post","status-publish","format-standard","has-post-thumbnail","hentry","category-primera-division-masculina"],"yoast_head":"<!-- This site is optimized with the Yoast SEO plugin v21.4 - https:\/\/yoast.com\/wordpress\/plugins\/seo\/ -->\n<title>Todo listo para enfrentar a Gimnasia, en La Plata - BOCA PARA TODO EL MUNDO<\/title>\n<meta name=\"robots\" content=\"index, follow, max-snippet:-1, max-image-preview:large, max-video-preview:-1\" \/>\n<link rel=\"canonical\" href=\"https:\/\/bocaparatodoelmundo.com.ar\/?p=781\" \/>\n<meta property=\"og:locale\" content=\"es_ES\" \/>\n<meta property=\"og:type\" content=\"article\" \/>\n<meta property=\"og:title\" content=\"Todo listo para enfrentar a Gimnasia, en La Plata - BOCA PARA TODO EL MUNDO\" \/>\n<meta property=\"og:description\" content=\"Con transmisi\u00f3n del equipo deportivo de BOCA PARA TODO EL MUNDO desde las 20.30, Boca...\" \/>\n<meta property=\"og:url\" content=\"https:\/\/bocaparatodoelmundo.com.ar\/?p=781\" \/>\n<meta property=\"og:site_name\" content=\"BOCA PARA TODO EL MUNDO\" \/>\n<meta property=\"article:published_time\" content=\"2022-10-06T16:34:28+00:00\" \/>\n<meta property=\"article:modified_time\" content=\"2022-10-06T16:35:32+00:00\" \/>\n<meta property=\"og:image\" content=\"https:\/\/bocaparatodoelmundo.com.ar\/wp-content\/uploads\/2022\/10\/GELP-BOCA-F-23-LPF-FLYER.png\" \/>\n\t<meta property=\"og:image:width\" content=\"1920\" \/>\n\t<meta property=\"og:image:height\" content=\"1080\" \/>\n\t<meta property=\"og:image:type\" content=\"image\/png\" \/>\n<meta name=\"author\" content=\"Redaccion BPTM\" \/>\n<meta name=\"twitter:card\" content=\"summary_large_image\" \/>\n<meta name=\"twitter:image\" content=\"https:\/\/bocaparatodoelmundo.com.ar\/wp-content\/uploads\/2022\/10\/GELP-BOCA-F-23-LPF-FLYER.png\" \/>\n<meta name=\"twitter:label1\" content=\"Escrito por\" \/>\n\t<meta name=\"twitter:data1\" content=\"Redaccion BPTM\" \/>\n\t<meta name=\"twitter:label2\" content=\"Tiempo de lectura\" \/>\n\t<meta name=\"twitter:data2\" content=\"1 minuto\" \/>\n<script type=\"application\/ld+json\" class=\"yoast-schema-graph\">{\"@context\":\"https:\/\/schema.org\",\"@graph\":[{\"@type\":\"WebPage\",\"@id\":\"https:\/\/bocaparatodoelmundo.com.ar\/?p=781\",\"url\":\"https:\/\/bocaparatodoelmundo.com.ar\/?p=781\",\"name\":\"Todo listo para enfrentar a Gimnasia, en La Plata - BOCA PARA TODO EL MUNDO\",\"isPartOf\":{\"@id\":\"https:\/\/bocaparatodoelmundo.com.ar\/#website\"},\"datePublished\":\"2022-10-06T16:34:28+00:00\",\"dateModified\":\"2022-10-06T16:35:32+00:00\",\"author\":{\"@id\":\"https:\/\/bocaparatodoelmundo.com.ar\/#\/schema\/person\/cc56d27ea9d37f4cea3636086a1847c5\"},\"breadcrumb\":{\"@id\":\"https:\/\/bocaparatodoelmundo.com.ar\/?p=781#breadcrumb\"},\"inLanguage\":\"es-AR\",\"potentialAction\":[{\"@type\":\"ReadAction\",\"target\":[\"https:\/\/bocaparatodoelmundo.com.ar\/?p=781\"]}]},{\"@type\":\"BreadcrumbList\",\"@id\":\"https:\/\/bocaparatodoelmundo.com.ar\/?p=781#breadcrumb\",\"itemListElement\":[{\"@type\":\"ListItem\",\"position\":1,\"name\":\"Inicio\",\"item\":\"https:\/\/bocaparatodoelmundo.com.ar\/\"},{\"@type\":\"ListItem\",\"position\":2,\"name\":\"Todo listo para enfrentar a Gimnasia, en La Plata\"}]},{\"@type\":\"WebSite\",\"@id\":\"https:\/\/bocaparatodoelmundo.com.ar\/#website\",\"url\":\"https:\/\/bocaparatodoelmundo.com.ar\/\",\"name\":\"BOCA PARA TODO EL MUNDO\",\"description\":\"Toda la historia y actualidad del club atletico boca junios esta aqui\",\"potentialAction\":[{\"@type\":\"SearchAction\",\"target\":{\"@type\":\"EntryPoint\",\"urlTemplate\":\"https:\/\/bocaparatodoelmundo.com.ar\/?s={search_term_string}\"},\"query-input\":\"required name=search_term_string\"}],\"inLanguage\":\"es-AR\"},{\"@type\":\"Person\",\"@id\":\"https:\/\/bocaparatodoelmundo.com.ar\/#\/schema\/person\/cc56d27ea9d37f4cea3636086a1847c5\",\"name\":\"Redaccion BPTM\",\"image\":{\"@type\":\"ImageObject\",\"inLanguage\":\"es-AR\",\"@id\":\"https:\/\/bocaparatodoelmundo.com.ar\/#\/schema\/person\/image\/\",\"url\":\"https:\/\/secure.gravatar.com\/avatar\/3b62665b8c08843736974a055cc2398ba6bb7fd2fe787285105d666c418a7d13?s=96&d=mm&r=g\",\"contentUrl\":\"https:\/\/secure.gravatar.com\/avatar\/3b62665b8c08843736974a055cc2398ba6bb7fd2fe787285105d666c418a7d13?s=96&d=mm&r=g\",\"caption\":\"Redaccion BPTM\"},\"sameAs\":[\"http:\/\/bocaparatodoelmundo.com.ar\"],\"url\":\"https:\/\/bocaparatodoelmundo.com.ar\/?author=3\"}]}<\/script>\n<!-- \/ Yoast SEO plugin. -->","yoast_head_json":{"title":"Todo listo para enfrentar a Gimnasia, en La Plata - BOCA PARA TODO EL MUNDO","robots":{"index":"index","follow":"follow","max-snippet":"max-snippet:-1","max-image-preview":"max-image-preview:large","max-video-preview":"max-video-preview:-1"},"canonical":"https:\/\/bocaparatodoelmundo.com.ar\/?p=781","og_locale":"es_ES","og_type":"article","og_title":"Todo listo para enfrentar a Gimnasia, en La Plata - BOCA PARA TODO EL MUNDO","og_description":"Con transmisi\u00f3n del equipo deportivo de BOCA PARA TODO EL MUNDO desde las 20.30, Boca...","og_url":"https:\/\/bocaparatodoelmundo.com.ar\/?p=781","og_site_name":"BOCA PARA TODO EL MUNDO","article_published_time":"2022-10-06T16:34:28+00:00","article_modified_time":"2022-10-06T16:35:32+00:00","og_image":[{"width":1920,"height":1080,"url":"https:\/\/bocaparatodoelmundo.com.ar\/wp-content\/uploads\/2022\/10\/GELP-BOCA-F-23-LPF-FLYER.png","type":"image\/png"}],"author":"Redaccion BPTM","twitter_card":"summary_large_image","twitter_image":"https:\/\/bocaparatodoelmundo.com.ar\/wp-content\/uploads\/2022\/10\/GELP-BOCA-F-23-LPF-FLYER.png","twitter_misc":{"Escrito por":"Redaccion BPTM","Tiempo de lectura":"1 minuto"},"schema":{"@context":"https:\/\/schema.org","@graph":[{"@type":"WebPage","@id":"https:\/\/bocaparatodoelmundo.com.ar\/?p=781","url":"https:\/\/bocaparatodoelmundo.com.ar\/?p=781","name":"Todo listo para enfrentar a Gimnasia, en La Plata - BOCA PARA TODO EL MUNDO","isPartOf":{"@id":"https:\/\/bocaparatodoelmundo.com.ar\/#website"},"datePublished":"2022-10-06T16:34:28+00:00","dateModified":"2022-10-06T16:35:32+00:00","author":{"@id":"https:\/\/bocaparatodoelmundo.com.ar\/#\/schema\/person\/cc56d27ea9d37f4cea3636086a1847c5"},"breadcrumb":{"@id":"https:\/\/bocaparatodoelmundo.com.ar\/?p=781#breadcrumb"},"inLanguage":"es-AR","potentialAction":[{"@type":"ReadAction","target":["https:\/\/bocaparatodoelmundo.com.ar\/?p=781"]}]},{"@type":"BreadcrumbList","@id":"https:\/\/bocaparatodoelmundo.com.ar\/?p=781#breadcrumb","itemListElement":[{"@type":"ListItem","position":1,"name":"Inicio","item":"https:\/\/bocaparatodoelmundo.com.ar\/"},{"@type":"ListItem","position":2,"name":"Todo listo para enfrentar a Gimnasia, en La Plata"}]},{"@type":"WebSite","@id":"https:\/\/bocaparatodoelmundo.com.ar\/#website","url":"https:\/\/bocaparatodoelmundo.com.ar\/","name":"BOCA PARA TODO EL MUNDO","description":"Toda la historia y actualidad del club atletico boca junios esta aqui","potentialAction":[{"@type":"SearchAction","target":{"@type":"EntryPoint","urlTemplate":"https:\/\/bocaparatodoelmundo.com.ar\/?s={search_term_string}"},"query-input":"required name=search_term_string"}],"inLanguage":"es-AR"},{"@type":"Person","@id":"https:\/\/bocaparatodoelmundo.com.ar\/#\/schema\/person\/cc56d27ea9d37f4cea3636086a1847c5","name":"Redaccion BPTM","image":{"@type":"ImageObject","inLanguage":"es-AR","@id":"https:\/\/bocaparatodoelmundo.com.ar\/#\/schema\/person\/image\/","url":"https:\/\/secure.gravatar.com\/avatar\/3b62665b8c08843736974a055cc2398ba6bb7fd2fe787285105d666c418a7d13?s=96&d=mm&r=g","contentUrl":"https:\/\/secure.gravatar.com\/avatar\/3b62665b8c08843736974a055cc2398ba6bb7fd2fe787285105d666c418a7d13?s=96&d=mm&r=g","caption":"Redaccion BPTM"},"sameAs":["http:\/\/bocaparatodoelmundo.com.ar"],"url":"https:\/\/bocaparatodoelmundo.com.ar\/?author=3"}]}},"_links":{"self":[{"href":"https:\/\/bocaparatodoelmundo.com.ar\/index.php?rest_route=\/wp\/v2\/posts\/781","targetHints":{"allow":["GET"]}}],"collection":[{"href":"https:\/\/bocaparatodoelmundo.com.ar\/index.php?rest_route=\/wp\/v2\/posts"}],"about":[{"href":"https:\/\/bocaparatodoelmundo.com.ar\/index.php?rest_route=\/wp\/v2\/types\/post"}],"author":[{"embeddable":true,"href":"https:\/\/bocaparatodoelmundo.com.ar\/index.php?rest_route=\/wp\/v2\/users\/3"}],"replies":[{"embeddable":true,"href":"https:\/\/bocaparatodoelmundo.com.ar\/index.php?rest_route=%2Fwp%2Fv2%2Fcomments&post=781"}],"version-history":[{"count":1,"href":"https:\/\/bocaparatodoelmundo.com.ar\/index.php?rest_route=\/wp\/v2\/posts\/781\/revisions"}],"predecessor-version":[{"id":783,"href":"https:\/\/bocaparatodoelmundo.com.ar\/index.php?rest_route=\/wp\/v2\/posts\/781\/revisions\/783"}],"wp:featuredmedia":[{"embeddable":true,"href":"https:\/\/bocaparatodoelmundo.com.ar\/index.php?rest_route=\/wp\/v2\/media\/784"}],"wp:attachment":[{"href":"https:\/\/bocaparatodoelmundo.com.ar\/index.php?rest_route=%2Fwp%2Fv2%2Fmedia&parent=781"}],"wp:term":[{"taxonomy":"category","embeddable":true,"href":"https:\/\/bocaparatodoelmundo.com.ar\/index.php?rest_route=%2Fwp%2Fv2%2Fcategories&post=781"},{"taxonomy":"post_tag","embeddable":true,"href":"https:\/\/bocaparatodoelmundo.com.ar\/index.php?rest_route=%2Fwp%2Fv2%2Ftags&post=781"}],"curies":[{"name":"wp","href":"https:\/\/api.w.org\/{rel}","templated":true}]}}