{"id":773,"date":"2022-09-30T20:21:46","date_gmt":"2022-09-30T23:21:46","guid":{"rendered":"https:\/\/www.bocaparatodoelmundo.com.ar\/?p=773"},"modified":"2022-09-30T20:23:00","modified_gmt":"2022-09-30T23:23:00","slug":"a-la-memoria-de-paola","status":"publish","type":"post","link":"https:\/\/bocaparatodoelmundo.com.ar\/?p=773","title":{"rendered":"A la memoria de Paola"},"content":{"rendered":"\n<p><strong>Paola Emilce Fleitas es la hincha de Boca que perdio la vida en el tragico accidente sufrido por un micro en el que viajaba un contingente desde Gonzalez Catan.<em> Esta es su historia.<\/em><\/strong><\/p>\n\n\n\n<p>Fleitas era hincha y socia del conjunto de La Ribera. La mujer se trasladaba en el micro de larga distancia, junto a m\u00e1s de 30 personas que -en su mayor\u00eda- pertenecen a la pe\u00f1a &#8220;<strong>Boca mi buen amigo<\/strong>&#8220;, hacia la Ciudad de Mendoza para presenciar\u00a0<a href=\"https:\/\/www.clarin.com\/deportes\/copa-argentina-independiente-river-boca-buscan-semifinales-hora-partidos-verlos_0_eZmqIIEhBo.html\" target=\"_blank\" rel=\"noreferrer noopener\">el partido ante Quilmes por los cuartos de final de la Copa Argentina<\/a>.<\/p>\n\n\n\n<p class=\"has-text-align-center\"><img loading=\"lazy\" decoding=\"async\" width=\"100\" height=\"100\" src=\"https:\/\/www.clarin.com\/img\/2022\/09\/28\/aOix502pF_720x0__1.jpg\" alt=\"Paola Fleitas, la hincha de Boca que perdi\u00f3 la vida.\"><\/p>\n\n\n\n<p class=\"has-text-align-center\"><strong><em>Paola Fleitas, la hincha de Boca que perdi\u00f3 la vida.<\/em><\/strong><\/p>\n\n\n\n<p>En diferentes despedidas que le dedicaron en redes sociales, remarcaron que Fleitas &#8220;viajaba a todos lados&#8221; para acompa\u00f1ar su pasi\u00f3n por Boca. &#8220;Viv\u00eda su pasi\u00f3n azul y oto en cada cancha donde jugara el Xeneize&#8221;, remarcaron.<\/p>\n\n\n\n<p>El colectivo, de la empresa<strong>\u00a0J&amp;N Tours<\/strong>, parti\u00f3 desde\u00a0<strong>Gonz\u00e1lez Cat\u00e1n<\/strong>\u00a0en la noche del martes y ten\u00eda previsto llegar a la Ciudad de Mendoza horas antes del partido, pautado para este mi\u00e9rcoles a las 22:00. Al t\u00e9rmino del encuentro deb\u00eda volver hacia Buenos Aires, seg\u00fan\u00a0las publicaciones en Instagram de la filial que organiz\u00f3 el viaje.<\/p>\n\n\n\n<p>Por su parte, el Club Atletico boca Juniors se puso a disposicion de la familia de la mujer fallecida, replicando el pesar de la notica en sus redes sociales y con la presencia del vice presidente de la institucion, Juan Roman Riquelme en el lugar donde fueron internados los hinchas heridos.<\/p>\n\n\n<div class=\"wp-block-image\">\n<figure class=\"aligncenter size-full\"><img loading=\"lazy\" decoding=\"async\" width=\"603\" height=\"549\" src=\"https:\/\/www.bocaparatodoelmundo.com.ar\/wp-content\/uploads\/2022\/09\/WhatsApp-Image-2022-09-28-at-14.56.14.jpeg\" alt=\"\" class=\"wp-image-775\" srcset=\"https:\/\/bocaparatodoelmundo.com.ar\/wp-content\/uploads\/2022\/09\/WhatsApp-Image-2022-09-28-at-14.56.14.jpeg 603w, https:\/\/bocaparatodoelmundo.com.ar\/wp-content\/uploads\/2022\/09\/WhatsApp-Image-2022-09-28-at-14.56.14-300x273.jpeg 300w\" sizes=\"auto, (max-width: 603px) 100vw, 603px\" \/><\/figure>\n<\/div>","protected":false},"excerpt":{"rendered":"<p>Paola Emilce Fleitas es la hincha de Boca que perdio la vida en el tragico&#8230;<\/p>\n","protected":false},"author":2,"featured_media":774,"comment_status":"open","ping_status":"open","sticky":false,"template":"","format":"standard","meta":{"footnotes":""},"categories":[22],"tags":[],"class_list":["post-773","post","type-post","status-publish","format-standard","has-post-thumbnail","hentry","category-noticias-del-club"],"yoast_head":"<!-- This site is optimized with the Yoast SEO plugin v21.4 - https:\/\/yoast.com\/wordpress\/plugins\/seo\/ -->\n<title>A la memoria de Paola - BOCA PARA TODO EL MUNDO<\/title>\n<meta name=\"robots\" content=\"index, follow, max-snippet:-1, max-image-preview:large, max-video-preview:-1\" \/>\n<link rel=\"canonical\" href=\"https:\/\/bocaparatodoelmundo.com.ar\/?p=773\" \/>\n<meta property=\"og:locale\" content=\"es_ES\" \/>\n<meta property=\"og:type\" content=\"article\" \/>\n<meta property=\"og:title\" content=\"A la memoria de Paola - BOCA PARA TODO EL MUNDO\" \/>\n<meta property=\"og:description\" content=\"Paola Emilce Fleitas es la hincha de Boca que perdio la vida en el tragico...\" \/>\n<meta property=\"og:url\" content=\"https:\/\/bocaparatodoelmundo.com.ar\/?p=773\" \/>\n<meta property=\"og:site_name\" content=\"BOCA PARA TODO EL MUNDO\" \/>\n<meta property=\"article:published_time\" content=\"2022-09-30T23:21:46+00:00\" \/>\n<meta property=\"article:modified_time\" content=\"2022-09-30T23:23:00+00:00\" \/>\n<meta property=\"og:image\" content=\"https:\/\/bocaparatodoelmundo.com.ar\/wp-content\/uploads\/2022\/09\/oCUm15MyG_1256x620__3.webp\" \/>\n\t<meta property=\"og:image:width\" content=\"1256\" \/>\n\t<meta property=\"og:image:height\" content=\"618\" \/>\n\t<meta property=\"og:image:type\" content=\"image\/webp\" \/>\n<meta name=\"author\" content=\"Mart\u00edn Ripari\" \/>\n<meta name=\"twitter:card\" content=\"summary_large_image\" \/>\n<meta name=\"twitter:label1\" content=\"Escrito por\" \/>\n\t<meta name=\"twitter:data1\" content=\"Mart\u00edn Ripari\" \/>\n\t<meta name=\"twitter:label2\" content=\"Tiempo de lectura\" \/>\n\t<meta name=\"twitter:data2\" content=\"2 minutos\" \/>\n<script type=\"application\/ld+json\" class=\"yoast-schema-graph\">{\"@context\":\"https:\/\/schema.org\",\"@graph\":[{\"@type\":\"WebPage\",\"@id\":\"https:\/\/bocaparatodoelmundo.com.ar\/?p=773\",\"url\":\"https:\/\/bocaparatodoelmundo.com.ar\/?p=773\",\"name\":\"A la memoria de Paola - BOCA PARA TODO EL MUNDO\",\"isPartOf\":{\"@id\":\"https:\/\/bocaparatodoelmundo.com.ar\/#website\"},\"datePublished\":\"2022-09-30T23:21:46+00:00\",\"dateModified\":\"2022-09-30T23:23:00+00:00\",\"author\":{\"@id\":\"https:\/\/bocaparatodoelmundo.com.ar\/#\/schema\/person\/c7c150fa1e2772333c5e6c002e15afaf\"},\"breadcrumb\":{\"@id\":\"https:\/\/bocaparatodoelmundo.com.ar\/?p=773#breadcrumb\"},\"inLanguage\":\"es-AR\",\"potentialAction\":[{\"@type\":\"ReadAction\",\"target\":[\"https:\/\/bocaparatodoelmundo.com.ar\/?p=773\"]}]},{\"@type\":\"BreadcrumbList\",\"@id\":\"https:\/\/bocaparatodoelmundo.com.ar\/?p=773#breadcrumb\",\"itemListElement\":[{\"@type\":\"ListItem\",\"position\":1,\"name\":\"Inicio\",\"item\":\"https:\/\/bocaparatodoelmundo.com.ar\/\"},{\"@type\":\"ListItem\",\"position\":2,\"name\":\"A la memoria de Paola\"}]},{\"@type\":\"WebSite\",\"@id\":\"https:\/\/bocaparatodoelmundo.com.ar\/#website\",\"url\":\"https:\/\/bocaparatodoelmundo.com.ar\/\",\"name\":\"BOCA PARA TODO EL MUNDO\",\"description\":\"Toda la historia y actualidad del club atletico boca junios esta aqui\",\"potentialAction\":[{\"@type\":\"SearchAction\",\"target\":{\"@type\":\"EntryPoint\",\"urlTemplate\":\"https:\/\/bocaparatodoelmundo.com.ar\/?s={search_term_string}\"},\"query-input\":\"required name=search_term_string\"}],\"inLanguage\":\"es-AR\"},{\"@type\":\"Person\",\"@id\":\"https:\/\/bocaparatodoelmundo.com.ar\/#\/schema\/person\/c7c150fa1e2772333c5e6c002e15afaf\",\"name\":\"Mart\u00edn Ripari\",\"image\":{\"@type\":\"ImageObject\",\"inLanguage\":\"es-AR\",\"@id\":\"https:\/\/bocaparatodoelmundo.com.ar\/#\/schema\/person\/image\/\",\"url\":\"https:\/\/secure.gravatar.com\/avatar\/0db7df26707fd8adc2b24ae87259322b0aea8d9eaf092366b1d208b0b180ee7e?s=96&d=mm&r=g\",\"contentUrl\":\"https:\/\/secure.gravatar.com\/avatar\/0db7df26707fd8adc2b24ae87259322b0aea8d9eaf092366b1d208b0b180ee7e?s=96&d=mm&r=g\",\"caption\":\"Mart\u00edn Ripari\"},\"url\":\"https:\/\/bocaparatodoelmundo.com.ar\/?author=2\"}]}<\/script>\n<!-- \/ Yoast SEO plugin. -->","yoast_head_json":{"title":"A la memoria de Paola - BOCA PARA TODO EL MUNDO","robots":{"index":"index","follow":"follow","max-snippet":"max-snippet:-1","max-image-preview":"max-image-preview:large","max-video-preview":"max-video-preview:-1"},"canonical":"https:\/\/bocaparatodoelmundo.com.ar\/?p=773","og_locale":"es_ES","og_type":"article","og_title":"A la memoria de Paola - BOCA PARA TODO EL MUNDO","og_description":"Paola Emilce Fleitas es la hincha de Boca que perdio la vida en el tragico...","og_url":"https:\/\/bocaparatodoelmundo.com.ar\/?p=773","og_site_name":"BOCA PARA TODO EL MUNDO","article_published_time":"2022-09-30T23:21:46+00:00","article_modified_time":"2022-09-30T23:23:00+00:00","og_image":[{"width":1256,"height":618,"url":"https:\/\/bocaparatodoelmundo.com.ar\/wp-content\/uploads\/2022\/09\/oCUm15MyG_1256x620__3.webp","type":"image\/webp"}],"author":"Mart\u00edn Ripari","twitter_card":"summary_large_image","twitter_misc":{"Escrito por":"Mart\u00edn Ripari","Tiempo de lectura":"2 minutos"},"schema":{"@context":"https:\/\/schema.org","@graph":[{"@type":"WebPage","@id":"https:\/\/bocaparatodoelmundo.com.ar\/?p=773","url":"https:\/\/bocaparatodoelmundo.com.ar\/?p=773","name":"A la memoria de Paola - BOCA PARA TODO EL MUNDO","isPartOf":{"@id":"https:\/\/bocaparatodoelmundo.com.ar\/#website"},"datePublished":"2022-09-30T23:21:46+00:00","dateModified":"2022-09-30T23:23:00+00:00","author":{"@id":"https:\/\/bocaparatodoelmundo.com.ar\/#\/schema\/person\/c7c150fa1e2772333c5e6c002e15afaf"},"breadcrumb":{"@id":"https:\/\/bocaparatodoelmundo.com.ar\/?p=773#breadcrumb"},"inLanguage":"es-AR","potentialAction":[{"@type":"ReadAction","target":["https:\/\/bocaparatodoelmundo.com.ar\/?p=773"]}]},{"@type":"BreadcrumbList","@id":"https:\/\/bocaparatodoelmundo.com.ar\/?p=773#breadcrumb","itemListElement":[{"@type":"ListItem","position":1,"name":"Inicio","item":"https:\/\/bocaparatodoelmundo.com.ar\/"},{"@type":"ListItem","position":2,"name":"A la memoria de Paola"}]},{"@type":"WebSite","@id":"https:\/\/bocaparatodoelmundo.com.ar\/#website","url":"https:\/\/bocaparatodoelmundo.com.ar\/","name":"BOCA PARA TODO EL MUNDO","description":"Toda la historia y actualidad del club atletico boca junios esta aqui","potentialAction":[{"@type":"SearchAction","target":{"@type":"EntryPoint","urlTemplate":"https:\/\/bocaparatodoelmundo.com.ar\/?s={search_term_string}"},"query-input":"required name=search_term_string"}],"inLanguage":"es-AR"},{"@type":"Person","@id":"https:\/\/bocaparatodoelmundo.com.ar\/#\/schema\/person\/c7c150fa1e2772333c5e6c002e15afaf","name":"Mart\u00edn Ripari","image":{"@type":"ImageObject","inLanguage":"es-AR","@id":"https:\/\/bocaparatodoelmundo.com.ar\/#\/schema\/person\/image\/","url":"https:\/\/secure.gravatar.com\/avatar\/0db7df26707fd8adc2b24ae87259322b0aea8d9eaf092366b1d208b0b180ee7e?s=96&d=mm&r=g","contentUrl":"https:\/\/secure.gravatar.com\/avatar\/0db7df26707fd8adc2b24ae87259322b0aea8d9eaf092366b1d208b0b180ee7e?s=96&d=mm&r=g","caption":"Mart\u00edn Ripari"},"url":"https:\/\/bocaparatodoelmundo.com.ar\/?author=2"}]}},"_links":{"self":[{"href":"https:\/\/bocaparatodoelmundo.com.ar\/index.php?rest_route=\/wp\/v2\/posts\/773","targetHints":{"allow":["GET"]}}],"collection":[{"href":"https:\/\/bocaparatodoelmundo.com.ar\/index.php?rest_route=\/wp\/v2\/posts"}],"about":[{"href":"https:\/\/bocaparatodoelmundo.com.ar\/index.php?rest_route=\/wp\/v2\/types\/post"}],"author":[{"embeddable":true,"href":"https:\/\/bocaparatodoelmundo.com.ar\/index.php?rest_route=\/wp\/v2\/users\/2"}],"replies":[{"embeddable":true,"href":"https:\/\/bocaparatodoelmundo.com.ar\/index.php?rest_route=%2Fwp%2Fv2%2Fcomments&post=773"}],"version-history":[{"count":1,"href":"https:\/\/bocaparatodoelmundo.com.ar\/index.php?rest_route=\/wp\/v2\/posts\/773\/revisions"}],"predecessor-version":[{"id":776,"href":"https:\/\/bocaparatodoelmundo.com.ar\/index.php?rest_route=\/wp\/v2\/posts\/773\/revisions\/776"}],"wp:featuredmedia":[{"embeddable":true,"href":"https:\/\/bocaparatodoelmundo.com.ar\/index.php?rest_route=\/wp\/v2\/media\/774"}],"wp:attachment":[{"href":"https:\/\/bocaparatodoelmundo.com.ar\/index.php?rest_route=%2Fwp%2Fv2%2Fmedia&parent=773"}],"wp:term":[{"taxonomy":"category","embeddable":true,"href":"https:\/\/bocaparatodoelmundo.com.ar\/index.php?rest_route=%2Fwp%2Fv2%2Fcategories&post=773"},{"taxonomy":"post_tag","embeddable":true,"href":"https:\/\/bocaparatodoelmundo.com.ar\/index.php?rest_route=%2Fwp%2Fv2%2Ftags&post=773"}],"curies":[{"name":"wp","href":"https:\/\/api.w.org\/{rel}","templated":true}]}}