{"id":745,"date":"2022-09-24T08:40:16","date_gmt":"2022-09-24T11:40:16","guid":{"rendered":"https:\/\/www.bocaparatodoelmundo.com.ar\/?p=745"},"modified":"2022-09-24T12:48:47","modified_gmt":"2022-09-24T15:48:47","slug":"langoni-dejo-a-boca-en-la-punta-del-campeonato","status":"publish","type":"post","link":"https:\/\/bocaparatodoelmundo.com.ar\/?p=745","title":{"rendered":"Langoni dejo a Boca en la punta del campeonato"},"content":{"rendered":"\n<p>El equipo de Ibarra se subi\u00f3 provisoriamente a la cima de la Liga Profesional al derrotar 1-0 como visitante a Godoy Cruz con un tanto del juvenil Luca Langoni.<\/p>\n\n\n\n<iframe loading=\"lazy\" width=\"560\" height=\"460\" src=\"https:\/\/www.youtube.com\/embed\/Ex6GLwJLo-w\" title=\"YouTube video player\" frameborder=\"0\" allow=\"accelerometer; autoplay; clipboard-write; encrypted-media; gyroscope; picture-in-picture\" allowfullscreen><\/iframe>\n\n\n\n<p>En el estadio Malvinas Argentinas de la capital provincial, el equipo conducido por Hugo Ibarra se llev\u00f3 la victoria, con una&nbsp;<strong>conquista de Luca Langoni<\/strong>, a los 40 minutos de la primera etapa. Luego, el juvenil atacante xeneize&nbsp;<strong>se retir\u00f3 lesionado<\/strong>, con un traumatismo en una de sus rodillas.<\/p>\n\n\n<div class=\"wp-block-image\">\n<figure class=\"aligncenter size-full is-resized\"><img loading=\"lazy\" decoding=\"async\" src=\"https:\/\/www.bocaparatodoelmundo.com.ar\/wp-content\/uploads\/2022\/09\/romero.jpg\" alt=\"\" class=\"wp-image-746\" width=\"518\" height=\"341\"\/><figcaption><strong>Oscar Romero pelea la pelota ante Abrego. El volante paraguayo no recupera su nivel.<\/strong><\/figcaption><\/figure>\n<\/div>\n\n\n<p>De esta manera,&nbsp;<strong>el equipo auriazul lleg\u00f3 a las 39 unidades&nbsp;<\/strong>y mira a los dem\u00e1s desde arriba<strong>&nbsp;hasta que Atl\u00e9tico Tucum\u00e1n (38) juegue el domingo frente a Estudiantes<\/strong>&nbsp;de La Plata.<\/p>\n\n\n\n<p>Por su lado, Godoy Cruz perdi\u00f3 terreno en la lucha por la vanguardia y prosigue con 32 puntos.<\/p>\n\n\n\n<p>A pesar de la&nbsp;<strong>ausencia de seis de sus titulares<\/strong>&nbsp;y un banco de suplentes con varios valores juveniles, el nuevo puntero del torneo realizo -tal vez- su mejor actuaci\u00f3n en el ciclo de Ibarra como DT<\/p>\n\n\n\n<p><strong>Boca fue protagonista del partido<\/strong>&nbsp;y pis\u00f3 fuerte&nbsp;<strong>en suelo mendocino, donde el &#8220;Tomba&#8221; solamente hab\u00eda perdido una sola vez<\/strong>&nbsp;esta temporada: 0-2 con Aldosivi de Mar del Plata.<\/p>\n\n\n<div class=\"wp-block-image\">\n<figure class=\"aligncenter size-full is-resized\"><img loading=\"lazy\" decoding=\"async\" src=\"https:\/\/www.bocaparatodoelmundo.com.ar\/wp-content\/uploads\/2022\/09\/sandez.jpg\" alt=\"\" class=\"wp-image-748\" width=\"524\" height=\"349\"\/><figcaption><strong>Sandez le gana la posicion a Pierre Barrios. El juvenil marcador de punta cumpli\u00f3 una aceptable labor en defensa.<\/strong><\/figcaption><\/figure>\n<\/div>\n\n\n<p>El equipo de la Ribera entremezcl\u00f3 jugadores que habitualmente no son titulares com<strong>o Weigandt, Aranda y S\u00e1ndez<\/strong>&nbsp;con j\u00f3venes como&nbsp;<strong>Langoni, Salazar y Morales&nbsp;<\/strong>que ya tuvieron rodaje en los \u00faltimos partidos.<\/p>\n\n\n\n<p>En el primer tiempo, el equipo de Ibarra justific\u00f3 la diferencia, a partir de una solidez defensiva inusual (aun con cuatro jugadores que nunca se hab\u00edan alistado juntos) y de la astucia de Langoni.<\/p>\n\n\n\n<p>Boca fue superior a un desconocido Godoy Cruz, que solamente se par\u00f3 para el &#8220;palo por palo&#8221; en los primeros 10 minutos.<\/p>\n\n\n\n<p>A medida que fue pasando el juego, el visitante disimul\u00f3 ausencias importantes (<strong>Adv\u00edncula, Benedetto, Figal, Fabra, Rojo<\/strong>) y se hizo fuerte en el sector central.<\/p>\n\n\n\n<p>Hubo un&nbsp;<strong>buen trabajo de Oscar Romero<\/strong>, bien apoyado el t\u00e1ndem&nbsp;<strong>Guillermo &#8220;Pol&#8221; Fern\u00e1ndez-Mart\u00edn Payero.<\/strong><\/p>\n\n\n\n<p>En forma l\u00f3gica, Boca empez\u00f3 a aproximarse a la valla del arquero&nbsp;<strong>Diego Rodriguez<\/strong>. Sobre los 23m.,&nbsp;<strong>un disparo de Varela fue desviado<\/strong>&nbsp;con esfuerzo por el guardavallas, mientras que un rato m\u00e1s tarde&nbsp;<strong>&#8216;Pol&#8217; Fern\u00e1ndez lo perdi\u00f3 desde posici\u00f3n propicia<\/strong>.<\/p>\n\n\n\n<p>Hasta que a los 40m.,<strong>&nbsp;Langoni recibi\u00f3 un pase que le otorg\u00f3 Luis V\u00e1zquez, encar\u00f3 en diagonal y meti\u00f3 un remate desde 25 metros<\/strong>, que roz\u00f3 en un jugador rival y&nbsp;<strong>se meti\u00f3 con fuerza junto a un palo del &#8216;Ruso&#8217; Rodr\u00edguez&nbsp;<\/strong>para decretar la apertura.<\/p>\n\n\n\n<figure class=\"wp-block-image size-large\"><img loading=\"lazy\" decoding=\"async\" width=\"1024\" height=\"614\" src=\"https:\/\/www.bocaparatodoelmundo.com.ar\/wp-content\/uploads\/2022\/09\/Langoni-Boca-GodoyCruz-1-1024x614.jpg\" alt=\"\" class=\"wp-image-750\" srcset=\"https:\/\/bocaparatodoelmundo.com.ar\/wp-content\/uploads\/2022\/09\/Langoni-Boca-GodoyCruz-1-1024x614.jpg 1024w, https:\/\/bocaparatodoelmundo.com.ar\/wp-content\/uploads\/2022\/09\/Langoni-Boca-GodoyCruz-1-300x180.jpg 300w, https:\/\/bocaparatodoelmundo.com.ar\/wp-content\/uploads\/2022\/09\/Langoni-Boca-GodoyCruz-1-768x461.jpg 768w, https:\/\/bocaparatodoelmundo.com.ar\/wp-content\/uploads\/2022\/09\/Langoni-Boca-GodoyCruz-1.jpg 1500w\" sizes=\"auto, (max-width: 1024px) 100vw, 1024px\" \/><figcaption><strong>Luga Langoni grita su gol, el de la victoria de Boca en Mendoza, ante Godoy Cruz.<\/strong><\/figcaption><\/figure>\n\n\n\n<p>En la segunda etapa, aun sin el nivel de los 45m. iniciales,&nbsp;<strong>Boca continu\u00f3 regulando el ritmo, manejando los tiempos<\/strong>&nbsp;y se mostr\u00f3 con autoridad ante un Godoy Cruz que nunca se despoj\u00f3 de su tibieza.<\/p>\n\n\n\n<p>Con este \u00e9xito,&nbsp;<strong>el equipo de Ibarra acumula 10 partidos sin perder<\/strong>. Pero quiz\u00e1s el m\u00e9rito principal radique en el hecho que, de a poco, el conjunto va hallando el nivel que pretende el DT que reemplaz\u00f3 a Sebasti\u00e1n Battaglia. Y con nueve jugadores surgidos en divisiones inferiores, que no representa un detalle menor.<\/p>\n\n\n\n<p>El pr\u00f3ximo partido de Boca ser\u00e1 el mi\u00e9rcoles, tambi\u00e9n en el Malvinas Argentinas, por cuartos de final de la<strong>&nbsp;Copa Argentina ante Quilmes&nbsp;<\/strong>y por la 22da. fecha de la Liga ser\u00e1 local ante V\u00e9lez el domingo 2 de octubre.<\/p>\n\n\n\n<p>Mientras que el equipo mendocino jugara el martes en San Luis ante Banfield por los cuartos de final de la Copa Argentina y el s\u00e1bado 1 de octubre visitara al mismo adversario por la 22a fecha.<\/p>\n\n\n\n<iframe loading=\"lazy\" width=\"560\" height=\"460\" src=\"https:\/\/www.youtube.com\/embed\/sINtH7ygcAM\" title=\"YouTube video player\" frameborder=\"0\" allow=\"accelerometer; autoplay; clipboard-write; encrypted-media; gyroscope; picture-in-picture\" allowfullscreen><\/iframe>\n","protected":false},"excerpt":{"rendered":"<p>El equipo de Ibarra se subi\u00f3 provisoriamente a la cima de la Liga Profesional al&#8230;<\/p>\n","protected":false},"author":3,"featured_media":749,"comment_status":"open","ping_status":"open","sticky":false,"template":"","format":"standard","meta":{"footnotes":""},"categories":[4],"tags":[],"class_list":["post-745","post","type-post","status-publish","format-standard","has-post-thumbnail","hentry","category-primera-division-masculina"],"yoast_head":"<!-- This site is optimized with the Yoast SEO plugin v21.4 - https:\/\/yoast.com\/wordpress\/plugins\/seo\/ -->\n<title>Langoni dejo a Boca en la punta del campeonato - BOCA PARA TODO EL MUNDO<\/title>\n<meta name=\"robots\" content=\"index, follow, max-snippet:-1, max-image-preview:large, max-video-preview:-1\" \/>\n<link rel=\"canonical\" href=\"https:\/\/bocaparatodoelmundo.com.ar\/?p=745\" \/>\n<meta property=\"og:locale\" content=\"es_ES\" \/>\n<meta property=\"og:type\" content=\"article\" \/>\n<meta property=\"og:title\" content=\"Langoni dejo a Boca en la punta del campeonato - BOCA PARA TODO EL MUNDO\" \/>\n<meta property=\"og:description\" content=\"El equipo de Ibarra se subi\u00f3 provisoriamente a la cima de la Liga Profesional al...\" \/>\n<meta property=\"og:url\" content=\"https:\/\/bocaparatodoelmundo.com.ar\/?p=745\" \/>\n<meta property=\"og:site_name\" content=\"BOCA PARA TODO EL MUNDO\" \/>\n<meta property=\"article:published_time\" content=\"2022-09-24T11:40:16+00:00\" \/>\n<meta property=\"article:modified_time\" content=\"2022-09-24T15:48:47+00:00\" \/>\n<meta property=\"og:image\" content=\"https:\/\/bocaparatodoelmundo.com.ar\/wp-content\/uploads\/2022\/09\/boca-puntero.jpg\" \/>\n\t<meta property=\"og:image:width\" content=\"262\" \/>\n\t<meta property=\"og:image:height\" content=\"193\" \/>\n\t<meta property=\"og:image:type\" content=\"image\/jpeg\" \/>\n<meta name=\"author\" content=\"Redaccion BPTM\" \/>\n<meta name=\"twitter:card\" content=\"summary_large_image\" \/>\n<meta name=\"twitter:label1\" content=\"Escrito por\" \/>\n\t<meta name=\"twitter:data1\" content=\"Redaccion BPTM\" \/>\n\t<meta name=\"twitter:label2\" content=\"Tiempo de lectura\" \/>\n\t<meta name=\"twitter:data2\" content=\"4 minutos\" \/>\n<script type=\"application\/ld+json\" class=\"yoast-schema-graph\">{\"@context\":\"https:\/\/schema.org\",\"@graph\":[{\"@type\":\"WebPage\",\"@id\":\"https:\/\/bocaparatodoelmundo.com.ar\/?p=745\",\"url\":\"https:\/\/bocaparatodoelmundo.com.ar\/?p=745\",\"name\":\"Langoni dejo a Boca en la punta del campeonato - BOCA PARA TODO EL MUNDO\",\"isPartOf\":{\"@id\":\"https:\/\/bocaparatodoelmundo.com.ar\/#website\"},\"datePublished\":\"2022-09-24T11:40:16+00:00\",\"dateModified\":\"2022-09-24T15:48:47+00:00\",\"author\":{\"@id\":\"https:\/\/bocaparatodoelmundo.com.ar\/#\/schema\/person\/cc56d27ea9d37f4cea3636086a1847c5\"},\"breadcrumb\":{\"@id\":\"https:\/\/bocaparatodoelmundo.com.ar\/?p=745#breadcrumb\"},\"inLanguage\":\"es-AR\",\"potentialAction\":[{\"@type\":\"ReadAction\",\"target\":[\"https:\/\/bocaparatodoelmundo.com.ar\/?p=745\"]}]},{\"@type\":\"BreadcrumbList\",\"@id\":\"https:\/\/bocaparatodoelmundo.com.ar\/?p=745#breadcrumb\",\"itemListElement\":[{\"@type\":\"ListItem\",\"position\":1,\"name\":\"Inicio\",\"item\":\"https:\/\/bocaparatodoelmundo.com.ar\/\"},{\"@type\":\"ListItem\",\"position\":2,\"name\":\"Langoni dejo a Boca en la punta del campeonato\"}]},{\"@type\":\"WebSite\",\"@id\":\"https:\/\/bocaparatodoelmundo.com.ar\/#website\",\"url\":\"https:\/\/bocaparatodoelmundo.com.ar\/\",\"name\":\"BOCA PARA TODO EL MUNDO\",\"description\":\"Toda la historia y actualidad del club atletico boca junios esta aqui\",\"potentialAction\":[{\"@type\":\"SearchAction\",\"target\":{\"@type\":\"EntryPoint\",\"urlTemplate\":\"https:\/\/bocaparatodoelmundo.com.ar\/?s={search_term_string}\"},\"query-input\":\"required name=search_term_string\"}],\"inLanguage\":\"es-AR\"},{\"@type\":\"Person\",\"@id\":\"https:\/\/bocaparatodoelmundo.com.ar\/#\/schema\/person\/cc56d27ea9d37f4cea3636086a1847c5\",\"name\":\"Redaccion BPTM\",\"image\":{\"@type\":\"ImageObject\",\"inLanguage\":\"es-AR\",\"@id\":\"https:\/\/bocaparatodoelmundo.com.ar\/#\/schema\/person\/image\/\",\"url\":\"https:\/\/secure.gravatar.com\/avatar\/3b62665b8c08843736974a055cc2398ba6bb7fd2fe787285105d666c418a7d13?s=96&d=mm&r=g\",\"contentUrl\":\"https:\/\/secure.gravatar.com\/avatar\/3b62665b8c08843736974a055cc2398ba6bb7fd2fe787285105d666c418a7d13?s=96&d=mm&r=g\",\"caption\":\"Redaccion BPTM\"},\"sameAs\":[\"http:\/\/bocaparatodoelmundo.com.ar\"],\"url\":\"https:\/\/bocaparatodoelmundo.com.ar\/?author=3\"}]}<\/script>\n<!-- \/ Yoast SEO plugin. -->","yoast_head_json":{"title":"Langoni dejo a Boca en la punta del campeonato - BOCA PARA TODO EL MUNDO","robots":{"index":"index","follow":"follow","max-snippet":"max-snippet:-1","max-image-preview":"max-image-preview:large","max-video-preview":"max-video-preview:-1"},"canonical":"https:\/\/bocaparatodoelmundo.com.ar\/?p=745","og_locale":"es_ES","og_type":"article","og_title":"Langoni dejo a Boca en la punta del campeonato - BOCA PARA TODO EL MUNDO","og_description":"El equipo de Ibarra se subi\u00f3 provisoriamente a la cima de la Liga Profesional al...","og_url":"https:\/\/bocaparatodoelmundo.com.ar\/?p=745","og_site_name":"BOCA PARA TODO EL MUNDO","article_published_time":"2022-09-24T11:40:16+00:00","article_modified_time":"2022-09-24T15:48:47+00:00","og_image":[{"width":262,"height":193,"url":"https:\/\/bocaparatodoelmundo.com.ar\/wp-content\/uploads\/2022\/09\/boca-puntero.jpg","type":"image\/jpeg"}],"author":"Redaccion BPTM","twitter_card":"summary_large_image","twitter_misc":{"Escrito por":"Redaccion BPTM","Tiempo de lectura":"4 minutos"},"schema":{"@context":"https:\/\/schema.org","@graph":[{"@type":"WebPage","@id":"https:\/\/bocaparatodoelmundo.com.ar\/?p=745","url":"https:\/\/bocaparatodoelmundo.com.ar\/?p=745","name":"Langoni dejo a Boca en la punta del campeonato - BOCA PARA TODO EL MUNDO","isPartOf":{"@id":"https:\/\/bocaparatodoelmundo.com.ar\/#website"},"datePublished":"2022-09-24T11:40:16+00:00","dateModified":"2022-09-24T15:48:47+00:00","author":{"@id":"https:\/\/bocaparatodoelmundo.com.ar\/#\/schema\/person\/cc56d27ea9d37f4cea3636086a1847c5"},"breadcrumb":{"@id":"https:\/\/bocaparatodoelmundo.com.ar\/?p=745#breadcrumb"},"inLanguage":"es-AR","potentialAction":[{"@type":"ReadAction","target":["https:\/\/bocaparatodoelmundo.com.ar\/?p=745"]}]},{"@type":"BreadcrumbList","@id":"https:\/\/bocaparatodoelmundo.com.ar\/?p=745#breadcrumb","itemListElement":[{"@type":"ListItem","position":1,"name":"Inicio","item":"https:\/\/bocaparatodoelmundo.com.ar\/"},{"@type":"ListItem","position":2,"name":"Langoni dejo a Boca en la punta del campeonato"}]},{"@type":"WebSite","@id":"https:\/\/bocaparatodoelmundo.com.ar\/#website","url":"https:\/\/bocaparatodoelmundo.com.ar\/","name":"BOCA PARA TODO EL MUNDO","description":"Toda la historia y actualidad del club atletico boca junios esta aqui","potentialAction":[{"@type":"SearchAction","target":{"@type":"EntryPoint","urlTemplate":"https:\/\/bocaparatodoelmundo.com.ar\/?s={search_term_string}"},"query-input":"required name=search_term_string"}],"inLanguage":"es-AR"},{"@type":"Person","@id":"https:\/\/bocaparatodoelmundo.com.ar\/#\/schema\/person\/cc56d27ea9d37f4cea3636086a1847c5","name":"Redaccion BPTM","image":{"@type":"ImageObject","inLanguage":"es-AR","@id":"https:\/\/bocaparatodoelmundo.com.ar\/#\/schema\/person\/image\/","url":"https:\/\/secure.gravatar.com\/avatar\/3b62665b8c08843736974a055cc2398ba6bb7fd2fe787285105d666c418a7d13?s=96&d=mm&r=g","contentUrl":"https:\/\/secure.gravatar.com\/avatar\/3b62665b8c08843736974a055cc2398ba6bb7fd2fe787285105d666c418a7d13?s=96&d=mm&r=g","caption":"Redaccion BPTM"},"sameAs":["http:\/\/bocaparatodoelmundo.com.ar"],"url":"https:\/\/bocaparatodoelmundo.com.ar\/?author=3"}]}},"_links":{"self":[{"href":"https:\/\/bocaparatodoelmundo.com.ar\/index.php?rest_route=\/wp\/v2\/posts\/745","targetHints":{"allow":["GET"]}}],"collection":[{"href":"https:\/\/bocaparatodoelmundo.com.ar\/index.php?rest_route=\/wp\/v2\/posts"}],"about":[{"href":"https:\/\/bocaparatodoelmundo.com.ar\/index.php?rest_route=\/wp\/v2\/types\/post"}],"author":[{"embeddable":true,"href":"https:\/\/bocaparatodoelmundo.com.ar\/index.php?rest_route=\/wp\/v2\/users\/3"}],"replies":[{"embeddable":true,"href":"https:\/\/bocaparatodoelmundo.com.ar\/index.php?rest_route=%2Fwp%2Fv2%2Fcomments&post=745"}],"version-history":[{"count":3,"href":"https:\/\/bocaparatodoelmundo.com.ar\/index.php?rest_route=\/wp\/v2\/posts\/745\/revisions"}],"predecessor-version":[{"id":754,"href":"https:\/\/bocaparatodoelmundo.com.ar\/index.php?rest_route=\/wp\/v2\/posts\/745\/revisions\/754"}],"wp:featuredmedia":[{"embeddable":true,"href":"https:\/\/bocaparatodoelmundo.com.ar\/index.php?rest_route=\/wp\/v2\/media\/749"}],"wp:attachment":[{"href":"https:\/\/bocaparatodoelmundo.com.ar\/index.php?rest_route=%2Fwp%2Fv2%2Fmedia&parent=745"}],"wp:term":[{"taxonomy":"category","embeddable":true,"href":"https:\/\/bocaparatodoelmundo.com.ar\/index.php?rest_route=%2Fwp%2Fv2%2Fcategories&post=745"},{"taxonomy":"post_tag","embeddable":true,"href":"https:\/\/bocaparatodoelmundo.com.ar\/index.php?rest_route=%2Fwp%2Fv2%2Ftags&post=745"}],"curies":[{"name":"wp","href":"https:\/\/api.w.org\/{rel}","templated":true}]}}