{"id":742,"date":"2022-09-23T09:50:29","date_gmt":"2022-09-23T12:50:29","guid":{"rendered":"https:\/\/www.bocaparatodoelmundo.com.ar\/?p=742"},"modified":"2022-09-23T09:50:30","modified_gmt":"2022-09-23T12:50:30","slug":"el-boca-alternativo-busca-la-punta-ante-godoy-cruz-en-mendoza","status":"publish","type":"post","link":"https:\/\/bocaparatodoelmundo.com.ar\/?p=742","title":{"rendered":"El Boca alternativo busca la punta ante Godoy Cruz, en Mendoza"},"content":{"rendered":"\n<p><strong>Tercero a tan solo dos unidades del puntero Atl\u00e9tico Tucum\u00e1n<\/strong>&nbsp;y con un invicto de seis partidos (gan\u00f3 cinco y empat\u00f3 uno), el conjunto de Hugo Ibarra necesita volver a sumar de a tres despu\u00e9s de lo que fue la deslucida actuaci\u00f3n en la igualdad en cero contra Hurac\u00e1n.<\/p>\n\n\n\n<p>Como consecuencia de las m\u00faltiples bajas que sufre el plantel por la Fecha FIFA y otros tantos lesionados, el Negro estar\u00e1 obligado a introducir varios cambios en relaci\u00f3n al choque con el Globo.&nbsp;<strong>Sin Luis Adv\u00edncula y Frank Fabra<\/strong>, convocados a sus respectivas selecciones al igual que Carlos Zambrano,&nbsp;<strong>Marcelo Weigandt y Agust\u00edn S\u00e1ndez se perfilan como sus reemplazantes.<\/strong>&nbsp;A su vez, todav\u00eda sin Nicol\u00e1s Figal (traumatismo de rodilla),&nbsp;<strong>Facundo Roncaglia continuar\u00e1 en la zaga con la<\/strong>&nbsp;<strong>duda de si Marcos Rojo<\/strong>&nbsp;(arrastra una molestia en el gemelo)&nbsp;<strong>podr\u00e1 acompa\u00f1arlo.<\/strong>&nbsp;A priori, el capit\u00e1n no llegar\u00eda en condiciones y&nbsp;<strong>Gabriel Aranda se meter\u00eda en el once.<\/strong><\/p>\n\n\n\n<p>El mediocampo tambi\u00e9n sufrir\u00e1 una modificaci\u00f3n, pero en este caso t\u00e1ctica, de acuerdo a lo que prob\u00f3 Ibarra en la \u00faltima pr\u00e1ctica: tras su flojo desempe\u00f1o con Hurac\u00e1n,\u00a0\u00a0<strong>Aaron Molinas le ceder\u00e1 la titularidad a \u00d3scar Romero.<\/strong>\u00a0Asimismo, en el frente de ataque de Boca\u00a0<strong>ya no estar\u00e1 Dar\u00edo Benedetto<\/strong>, quien siquiera fue convocado por un malestar,\u00a0<strong>y Luis V\u00e1zquez aparecer\u00e1 en su lugar para hacer dupla con Luca Langoni.<\/strong><\/p>\n\n\n\n<p>Por su parte, si bien viene realizando una notable campa\u00f1a que lo tiene en el<strong>&nbsp;s\u00e9ptimo lugar de la Liga Profesional y todav\u00eda con chances de pelear<\/strong>&nbsp;(est\u00e1 a seis del Decano), lo cierto es que Godoy Cruz a ca\u00eddo en su rendimiento recientemente y&nbsp;<strong>hace tres encuentros que no gana<\/strong>&nbsp;(perdi\u00f3 dos y empat\u00f3 uno).<\/p>\n\n\n\n<p>Despu\u00e9s de la dura derrota por 3-1 en su visita Barracas Central, el Tomba buscar\u00e1 recuperarse en Mendoza ante un Boca que viene de racha. Para eso, en principio la dupla de Favio Orsi y Sergio G\u00f3mez meter\u00eda mano en el equipo, aunque por el momento no dio pistas.<\/p>\n\n\n\n<p>Partido correspondiente a la fecha Nro 21 de la Liga Profesional de Futbol 2022, a jugarse el viernes 23 de septiembre de 2022 en la Ciudad de Mendoza, Capital.-<\/p>\n\n\n\n<p>PROBABLES FORMACIONES:<\/p>\n\n\n\n<p>Godoy Cruz: Diego\u00a0<strong>Rodr\u00edguez<\/strong>; Pier\u00a0<strong>Barrios<\/strong>, Gianluca\u00a0<strong>Ferrari<\/strong>, Jos\u00e9\u00a0<strong>Canale<\/strong>, Franco\u00a0<strong>Negri<\/strong>; Gonzalo\u00a0<strong>Abreo<\/strong>, Nelson\u00a0<strong>Acevedo<\/strong>, Tom\u00e1s\u00a0<strong>Castro Ponce<\/strong>; Mart\u00edn\u00a0<strong>Ojeda<\/strong>, Enzo\u00a0<strong>Larrosa\u00a0<\/strong>y Mat\u00edas\u00a0<strong>Ram\u00edrez<\/strong>. DT: Sergio Gomez.<\/p>\n\n\n\n<p>BOCA JUNIORS: Agust\u00edn\u00a0<strong>Rossi<\/strong>; Marcelo\u00a0<strong>Weigandt<\/strong>, Facundo\u00a0<strong>Roncaglia<\/strong>, Marcos\u00a0<strong>Rojo <\/strong>, Agust\u00edn\u00a0<strong>S\u00e1ndez<\/strong>; Guillermo <strong>Fern\u00e1ndez<\/strong>, Alan\u00a0<strong>Varela<\/strong>, Mart\u00edn\u00a0<strong>Payero<\/strong>; \u00d3scar\u00a0<strong>Romero<\/strong>, Luca\u00a0<strong>Langoni\u00a0<\/strong>y Luis\u00a0<strong>V\u00e1zquez<\/strong>. DT: Hugo Ibarra. <\/p>\n\n\n\n<ul class=\"wp-block-list\"><li>Hora: 19<\/li><li>TV: ESPN Premium<\/li><li>\u00c1rbitro: Pablo Echavarr\u00eda<\/li><li>Estadio: Malvinas Argentinas de Mendoza<\/li><\/ul>\n\n\n\n<h2 class=\"wp-block-heading\">El historial entre Godoy Cruz y Boca<\/h2>\n\n\n\n<p>Se enfrentaron en 21 partidos:<\/p>\n\n\n\n<ul class=\"wp-block-list\"><li>Godoy Cruz gan\u00f3 3 veces<\/li><li>Boca gan\u00f3 11veces<\/li><li>Empataron 7 veces<\/li><\/ul>\n\n\n\n<p>\u00daltimo antecedente:&nbsp;<strong>Boca 1-1 Godoy Cruz<\/strong>, por la Copa Liga Profesional (20\/4\/22).<\/p>\n","protected":false},"excerpt":{"rendered":"<p>Tercero a tan solo dos unidades del puntero Atl\u00e9tico Tucum\u00e1n&nbsp;y con un invicto de seis&#8230;<\/p>\n","protected":false},"author":3,"featured_media":743,"comment_status":"open","ping_status":"open","sticky":false,"template":"","format":"standard","meta":{"footnotes":""},"categories":[4],"tags":[],"class_list":["post-742","post","type-post","status-publish","format-standard","has-post-thumbnail","hentry","category-primera-division-masculina"],"yoast_head":"<!-- This site is optimized with the Yoast SEO plugin v21.4 - https:\/\/yoast.com\/wordpress\/plugins\/seo\/ -->\n<title>El Boca alternativo busca la punta ante Godoy Cruz, en Mendoza - BOCA PARA TODO EL MUNDO<\/title>\n<meta name=\"robots\" content=\"index, follow, max-snippet:-1, max-image-preview:large, max-video-preview:-1\" \/>\n<link rel=\"canonical\" href=\"https:\/\/bocaparatodoelmundo.com.ar\/?p=742\" \/>\n<meta property=\"og:locale\" content=\"es_ES\" \/>\n<meta property=\"og:type\" content=\"article\" \/>\n<meta property=\"og:title\" content=\"El Boca alternativo busca la punta ante Godoy Cruz, en Mendoza - BOCA PARA TODO EL MUNDO\" \/>\n<meta property=\"og:description\" content=\"Tercero a tan solo dos unidades del puntero Atl\u00e9tico Tucum\u00e1n&nbsp;y con un invicto de seis...\" \/>\n<meta property=\"og:url\" content=\"https:\/\/bocaparatodoelmundo.com.ar\/?p=742\" \/>\n<meta property=\"og:site_name\" content=\"BOCA PARA TODO EL MUNDO\" \/>\n<meta property=\"article:published_time\" content=\"2022-09-23T12:50:29+00:00\" \/>\n<meta property=\"article:modified_time\" content=\"2022-09-23T12:50:30+00:00\" \/>\n<meta property=\"og:image\" content=\"https:\/\/bocaparatodoelmundo.com.ar\/wp-content\/uploads\/2022\/09\/vrla.jpg\" \/>\n\t<meta property=\"og:image:width\" content=\"310\" \/>\n\t<meta property=\"og:image:height\" content=\"163\" \/>\n\t<meta property=\"og:image:type\" content=\"image\/jpeg\" \/>\n<meta name=\"author\" content=\"Redaccion BPTM\" \/>\n<meta name=\"twitter:card\" content=\"summary_large_image\" \/>\n<meta name=\"twitter:label1\" content=\"Escrito por\" \/>\n\t<meta name=\"twitter:data1\" content=\"Redaccion BPTM\" \/>\n\t<meta name=\"twitter:label2\" content=\"Tiempo de lectura\" \/>\n\t<meta name=\"twitter:data2\" content=\"3 minutos\" \/>\n<script type=\"application\/ld+json\" class=\"yoast-schema-graph\">{\"@context\":\"https:\/\/schema.org\",\"@graph\":[{\"@type\":\"WebPage\",\"@id\":\"https:\/\/bocaparatodoelmundo.com.ar\/?p=742\",\"url\":\"https:\/\/bocaparatodoelmundo.com.ar\/?p=742\",\"name\":\"El Boca alternativo busca la punta ante Godoy Cruz, en Mendoza - BOCA PARA TODO EL MUNDO\",\"isPartOf\":{\"@id\":\"https:\/\/bocaparatodoelmundo.com.ar\/#website\"},\"datePublished\":\"2022-09-23T12:50:29+00:00\",\"dateModified\":\"2022-09-23T12:50:30+00:00\",\"author\":{\"@id\":\"https:\/\/bocaparatodoelmundo.com.ar\/#\/schema\/person\/cc56d27ea9d37f4cea3636086a1847c5\"},\"breadcrumb\":{\"@id\":\"https:\/\/bocaparatodoelmundo.com.ar\/?p=742#breadcrumb\"},\"inLanguage\":\"es-AR\",\"potentialAction\":[{\"@type\":\"ReadAction\",\"target\":[\"https:\/\/bocaparatodoelmundo.com.ar\/?p=742\"]}]},{\"@type\":\"BreadcrumbList\",\"@id\":\"https:\/\/bocaparatodoelmundo.com.ar\/?p=742#breadcrumb\",\"itemListElement\":[{\"@type\":\"ListItem\",\"position\":1,\"name\":\"Inicio\",\"item\":\"https:\/\/bocaparatodoelmundo.com.ar\/\"},{\"@type\":\"ListItem\",\"position\":2,\"name\":\"El Boca alternativo busca la punta ante Godoy Cruz, en Mendoza\"}]},{\"@type\":\"WebSite\",\"@id\":\"https:\/\/bocaparatodoelmundo.com.ar\/#website\",\"url\":\"https:\/\/bocaparatodoelmundo.com.ar\/\",\"name\":\"BOCA PARA TODO EL MUNDO\",\"description\":\"Toda la historia y actualidad del club atletico boca junios esta aqui\",\"potentialAction\":[{\"@type\":\"SearchAction\",\"target\":{\"@type\":\"EntryPoint\",\"urlTemplate\":\"https:\/\/bocaparatodoelmundo.com.ar\/?s={search_term_string}\"},\"query-input\":\"required name=search_term_string\"}],\"inLanguage\":\"es-AR\"},{\"@type\":\"Person\",\"@id\":\"https:\/\/bocaparatodoelmundo.com.ar\/#\/schema\/person\/cc56d27ea9d37f4cea3636086a1847c5\",\"name\":\"Redaccion BPTM\",\"image\":{\"@type\":\"ImageObject\",\"inLanguage\":\"es-AR\",\"@id\":\"https:\/\/bocaparatodoelmundo.com.ar\/#\/schema\/person\/image\/\",\"url\":\"https:\/\/secure.gravatar.com\/avatar\/3b62665b8c08843736974a055cc2398ba6bb7fd2fe787285105d666c418a7d13?s=96&d=mm&r=g\",\"contentUrl\":\"https:\/\/secure.gravatar.com\/avatar\/3b62665b8c08843736974a055cc2398ba6bb7fd2fe787285105d666c418a7d13?s=96&d=mm&r=g\",\"caption\":\"Redaccion BPTM\"},\"sameAs\":[\"http:\/\/bocaparatodoelmundo.com.ar\"],\"url\":\"https:\/\/bocaparatodoelmundo.com.ar\/?author=3\"}]}<\/script>\n<!-- \/ Yoast SEO plugin. -->","yoast_head_json":{"title":"El Boca alternativo busca la punta ante Godoy Cruz, en Mendoza - BOCA PARA TODO EL MUNDO","robots":{"index":"index","follow":"follow","max-snippet":"max-snippet:-1","max-image-preview":"max-image-preview:large","max-video-preview":"max-video-preview:-1"},"canonical":"https:\/\/bocaparatodoelmundo.com.ar\/?p=742","og_locale":"es_ES","og_type":"article","og_title":"El Boca alternativo busca la punta ante Godoy Cruz, en Mendoza - BOCA PARA TODO EL MUNDO","og_description":"Tercero a tan solo dos unidades del puntero Atl\u00e9tico Tucum\u00e1n&nbsp;y con un invicto de seis...","og_url":"https:\/\/bocaparatodoelmundo.com.ar\/?p=742","og_site_name":"BOCA PARA TODO EL MUNDO","article_published_time":"2022-09-23T12:50:29+00:00","article_modified_time":"2022-09-23T12:50:30+00:00","og_image":[{"width":310,"height":163,"url":"https:\/\/bocaparatodoelmundo.com.ar\/wp-content\/uploads\/2022\/09\/vrla.jpg","type":"image\/jpeg"}],"author":"Redaccion BPTM","twitter_card":"summary_large_image","twitter_misc":{"Escrito por":"Redaccion BPTM","Tiempo de lectura":"3 minutos"},"schema":{"@context":"https:\/\/schema.org","@graph":[{"@type":"WebPage","@id":"https:\/\/bocaparatodoelmundo.com.ar\/?p=742","url":"https:\/\/bocaparatodoelmundo.com.ar\/?p=742","name":"El Boca alternativo busca la punta ante Godoy Cruz, en Mendoza - BOCA PARA TODO EL MUNDO","isPartOf":{"@id":"https:\/\/bocaparatodoelmundo.com.ar\/#website"},"datePublished":"2022-09-23T12:50:29+00:00","dateModified":"2022-09-23T12:50:30+00:00","author":{"@id":"https:\/\/bocaparatodoelmundo.com.ar\/#\/schema\/person\/cc56d27ea9d37f4cea3636086a1847c5"},"breadcrumb":{"@id":"https:\/\/bocaparatodoelmundo.com.ar\/?p=742#breadcrumb"},"inLanguage":"es-AR","potentialAction":[{"@type":"ReadAction","target":["https:\/\/bocaparatodoelmundo.com.ar\/?p=742"]}]},{"@type":"BreadcrumbList","@id":"https:\/\/bocaparatodoelmundo.com.ar\/?p=742#breadcrumb","itemListElement":[{"@type":"ListItem","position":1,"name":"Inicio","item":"https:\/\/bocaparatodoelmundo.com.ar\/"},{"@type":"ListItem","position":2,"name":"El Boca alternativo busca la punta ante Godoy Cruz, en Mendoza"}]},{"@type":"WebSite","@id":"https:\/\/bocaparatodoelmundo.com.ar\/#website","url":"https:\/\/bocaparatodoelmundo.com.ar\/","name":"BOCA PARA TODO EL MUNDO","description":"Toda la historia y actualidad del club atletico boca junios esta aqui","potentialAction":[{"@type":"SearchAction","target":{"@type":"EntryPoint","urlTemplate":"https:\/\/bocaparatodoelmundo.com.ar\/?s={search_term_string}"},"query-input":"required name=search_term_string"}],"inLanguage":"es-AR"},{"@type":"Person","@id":"https:\/\/bocaparatodoelmundo.com.ar\/#\/schema\/person\/cc56d27ea9d37f4cea3636086a1847c5","name":"Redaccion BPTM","image":{"@type":"ImageObject","inLanguage":"es-AR","@id":"https:\/\/bocaparatodoelmundo.com.ar\/#\/schema\/person\/image\/","url":"https:\/\/secure.gravatar.com\/avatar\/3b62665b8c08843736974a055cc2398ba6bb7fd2fe787285105d666c418a7d13?s=96&d=mm&r=g","contentUrl":"https:\/\/secure.gravatar.com\/avatar\/3b62665b8c08843736974a055cc2398ba6bb7fd2fe787285105d666c418a7d13?s=96&d=mm&r=g","caption":"Redaccion BPTM"},"sameAs":["http:\/\/bocaparatodoelmundo.com.ar"],"url":"https:\/\/bocaparatodoelmundo.com.ar\/?author=3"}]}},"_links":{"self":[{"href":"https:\/\/bocaparatodoelmundo.com.ar\/index.php?rest_route=\/wp\/v2\/posts\/742","targetHints":{"allow":["GET"]}}],"collection":[{"href":"https:\/\/bocaparatodoelmundo.com.ar\/index.php?rest_route=\/wp\/v2\/posts"}],"about":[{"href":"https:\/\/bocaparatodoelmundo.com.ar\/index.php?rest_route=\/wp\/v2\/types\/post"}],"author":[{"embeddable":true,"href":"https:\/\/bocaparatodoelmundo.com.ar\/index.php?rest_route=\/wp\/v2\/users\/3"}],"replies":[{"embeddable":true,"href":"https:\/\/bocaparatodoelmundo.com.ar\/index.php?rest_route=%2Fwp%2Fv2%2Fcomments&post=742"}],"version-history":[{"count":1,"href":"https:\/\/bocaparatodoelmundo.com.ar\/index.php?rest_route=\/wp\/v2\/posts\/742\/revisions"}],"predecessor-version":[{"id":744,"href":"https:\/\/bocaparatodoelmundo.com.ar\/index.php?rest_route=\/wp\/v2\/posts\/742\/revisions\/744"}],"wp:featuredmedia":[{"embeddable":true,"href":"https:\/\/bocaparatodoelmundo.com.ar\/index.php?rest_route=\/wp\/v2\/media\/743"}],"wp:attachment":[{"href":"https:\/\/bocaparatodoelmundo.com.ar\/index.php?rest_route=%2Fwp%2Fv2%2Fmedia&parent=742"}],"wp:term":[{"taxonomy":"category","embeddable":true,"href":"https:\/\/bocaparatodoelmundo.com.ar\/index.php?rest_route=%2Fwp%2Fv2%2Fcategories&post=742"},{"taxonomy":"post_tag","embeddable":true,"href":"https:\/\/bocaparatodoelmundo.com.ar\/index.php?rest_route=%2Fwp%2Fv2%2Ftags&post=742"}],"curies":[{"name":"wp","href":"https:\/\/api.w.org\/{rel}","templated":true}]}}