{"id":738,"date":"2022-09-21T14:36:03","date_gmt":"2022-09-21T17:36:03","guid":{"rendered":"https:\/\/www.bocaparatodoelmundo.com.ar\/?p=738"},"modified":"2022-09-21T14:36:04","modified_gmt":"2022-09-21T17:36:04","slug":"ibarra-y-sus-problemas-para-armar-el-equipo-ante-godoy-cruz","status":"publish","type":"post","link":"https:\/\/bocaparatodoelmundo.com.ar\/?p=738","title":{"rendered":"Ibarra y sus problemas para armar el equipo ante Godoy Cruz<br>"},"content":{"rendered":"\n<p><strong><em>Benedetto no estuvo en la pr\u00e1ctica por un cuadro febril y Marcos Rojo trabaj\u00f3 diferenciado junto a Figal.<\/em><\/strong><\/p>\n\n\n\n<p><strong>Boca retom\u00f3 los entrenamientos<\/strong>\u00a0luego del empate sin goles contra Hurac\u00e1n en La Bombonera y con la cabeza puesta en el compromiso del viernes frente a <a href=\"https:\/\/es.wikipedia.org\/wiki\/Club_Deportivo_Godoy_Cruz_Antonio_Tomba\" target=\"_blank\" rel=\"noreferrer noopener\">Godoy Cruz<\/a> en Mendoza.<\/p>\n\n\n\n<p><strong><a href=\"https:\/\/es.wikipedia.org\/wiki\/Dar%C3%ADo_Benedetto\" target=\"_blank\" rel=\"noreferrer noopener\">Dar\u00edo Benedetto<\/a><\/strong>\u00a0no se present\u00f3 por padecer un cuadro febril con descomposturas, lo que hizo que anoche saliera en el entretiempo. La\u00a0presencia del delantero\u00a0contra el Tomba\u00a0depender\u00e1 de si ma\u00f1ana puede reintegrarse a los entrenamientos y dar as\u00ed una se\u00f1al positiva.<\/p>\n\n\n\n<p>Adem\u00e1s,<strong>\u00a0<a href=\"https:\/\/es.wikipedia.org\/wiki\/Nicol%C3%A1s_Figal\" target=\"_blank\" rel=\"noreferrer noopener\">Nicol\u00e1s Figal<\/a><\/strong>\u00a0(traumatismo en la rodilla) y\u00a0<strong><a href=\"https:\/\/es.wikipedia.org\/wiki\/Marcos_Rojo\" target=\"_blank\" rel=\"noreferrer noopener\">Marcos Rojo<\/a><\/strong>\u00a0(molestia en el gemelo derecho) estuvieron en kinesiolog\u00eda. Esto genera un problema para armar la defensa, ya que se suman las bajas por las convocatorias por la fecha FIFA a sus selecciones de <a href=\"https:\/\/es.wikipedia.org\/wiki\/Frank_Fabra\" target=\"_blank\" rel=\"noreferrer noopener\"><strong>Frank Fabra<\/strong><\/a> (Colombia), <a href=\"https:\/\/es.wikipedia.org\/wiki\/Carlos_Zambrano_(futbolista)\" target=\"_blank\" rel=\"noreferrer noopener\"><strong>Carlos Zambrano<\/strong><\/a> y <a href=\"https:\/\/es.wikipedia.org\/wiki\/Luis_Adv%C3%ADncula\" target=\"_blank\" rel=\"noreferrer noopener\"><strong>Luis Adv\u00edncula<\/strong><\/a> (Per\u00fa)<\/p>\n","protected":false},"excerpt":{"rendered":"<p>Benedetto no estuvo en la pr\u00e1ctica por un cuadro febril y Marcos Rojo trabaj\u00f3 diferenciado&#8230;<\/p>\n","protected":false},"author":3,"featured_media":739,"comment_status":"open","ping_status":"open","sticky":false,"template":"","format":"standard","meta":{"footnotes":""},"categories":[4],"tags":[],"class_list":["post-738","post","type-post","status-publish","format-standard","has-post-thumbnail","hentry","category-primera-division-masculina"],"yoast_head":"<!-- This site is optimized with the Yoast SEO plugin v21.4 - https:\/\/yoast.com\/wordpress\/plugins\/seo\/ -->\n<title>Ibarra y sus problemas para armar el equipo ante Godoy Cruz - BOCA PARA TODO EL MUNDO<\/title>\n<meta name=\"robots\" content=\"index, follow, max-snippet:-1, max-image-preview:large, max-video-preview:-1\" \/>\n<link rel=\"canonical\" href=\"https:\/\/bocaparatodoelmundo.com.ar\/?p=738\" \/>\n<meta property=\"og:locale\" content=\"es_ES\" \/>\n<meta property=\"og:type\" content=\"article\" \/>\n<meta property=\"og:title\" content=\"Ibarra y sus problemas para armar el equipo ante Godoy Cruz - BOCA PARA TODO EL MUNDO\" \/>\n<meta property=\"og:description\" content=\"Benedetto no estuvo en la pr\u00e1ctica por un cuadro febril y Marcos Rojo trabaj\u00f3 diferenciado...\" \/>\n<meta property=\"og:url\" content=\"https:\/\/bocaparatodoelmundo.com.ar\/?p=738\" \/>\n<meta property=\"og:site_name\" content=\"BOCA PARA TODO EL MUNDO\" \/>\n<meta property=\"article:published_time\" content=\"2022-09-21T17:36:03+00:00\" \/>\n<meta property=\"article:modified_time\" content=\"2022-09-21T17:36:04+00:00\" \/>\n<meta property=\"og:image\" content=\"https:\/\/bocaparatodoelmundo.com.ar\/wp-content\/uploads\/2022\/09\/650421-46198-negro-2520ibarra-2520naok.jpg\" \/>\n\t<meta property=\"og:image:width\" content=\"470\" \/>\n\t<meta property=\"og:image:height\" content=\"313\" \/>\n\t<meta property=\"og:image:type\" content=\"image\/jpeg\" \/>\n<meta name=\"author\" content=\"Redaccion BPTM\" \/>\n<meta name=\"twitter:card\" content=\"summary_large_image\" \/>\n<meta name=\"twitter:label1\" content=\"Escrito por\" \/>\n\t<meta name=\"twitter:data1\" content=\"Redaccion BPTM\" \/>\n\t<meta name=\"twitter:label2\" content=\"Tiempo de lectura\" \/>\n\t<meta name=\"twitter:data2\" content=\"1 minuto\" \/>\n<script type=\"application\/ld+json\" class=\"yoast-schema-graph\">{\"@context\":\"https:\/\/schema.org\",\"@graph\":[{\"@type\":\"WebPage\",\"@id\":\"https:\/\/bocaparatodoelmundo.com.ar\/?p=738\",\"url\":\"https:\/\/bocaparatodoelmundo.com.ar\/?p=738\",\"name\":\"Ibarra y sus problemas para armar el equipo ante Godoy Cruz - BOCA PARA TODO EL MUNDO\",\"isPartOf\":{\"@id\":\"https:\/\/bocaparatodoelmundo.com.ar\/#website\"},\"datePublished\":\"2022-09-21T17:36:03+00:00\",\"dateModified\":\"2022-09-21T17:36:04+00:00\",\"author\":{\"@id\":\"https:\/\/bocaparatodoelmundo.com.ar\/#\/schema\/person\/cc56d27ea9d37f4cea3636086a1847c5\"},\"breadcrumb\":{\"@id\":\"https:\/\/bocaparatodoelmundo.com.ar\/?p=738#breadcrumb\"},\"inLanguage\":\"es-AR\",\"potentialAction\":[{\"@type\":\"ReadAction\",\"target\":[\"https:\/\/bocaparatodoelmundo.com.ar\/?p=738\"]}]},{\"@type\":\"BreadcrumbList\",\"@id\":\"https:\/\/bocaparatodoelmundo.com.ar\/?p=738#breadcrumb\",\"itemListElement\":[{\"@type\":\"ListItem\",\"position\":1,\"name\":\"Inicio\",\"item\":\"https:\/\/bocaparatodoelmundo.com.ar\/\"},{\"@type\":\"ListItem\",\"position\":2,\"name\":\"Ibarra y sus problemas para armar el equipo ante Godoy Cruz\"}]},{\"@type\":\"WebSite\",\"@id\":\"https:\/\/bocaparatodoelmundo.com.ar\/#website\",\"url\":\"https:\/\/bocaparatodoelmundo.com.ar\/\",\"name\":\"BOCA PARA TODO EL MUNDO\",\"description\":\"Toda la historia y actualidad del club atletico boca junios esta aqui\",\"potentialAction\":[{\"@type\":\"SearchAction\",\"target\":{\"@type\":\"EntryPoint\",\"urlTemplate\":\"https:\/\/bocaparatodoelmundo.com.ar\/?s={search_term_string}\"},\"query-input\":\"required name=search_term_string\"}],\"inLanguage\":\"es-AR\"},{\"@type\":\"Person\",\"@id\":\"https:\/\/bocaparatodoelmundo.com.ar\/#\/schema\/person\/cc56d27ea9d37f4cea3636086a1847c5\",\"name\":\"Redaccion BPTM\",\"image\":{\"@type\":\"ImageObject\",\"inLanguage\":\"es-AR\",\"@id\":\"https:\/\/bocaparatodoelmundo.com.ar\/#\/schema\/person\/image\/\",\"url\":\"https:\/\/secure.gravatar.com\/avatar\/3b62665b8c08843736974a055cc2398ba6bb7fd2fe787285105d666c418a7d13?s=96&d=mm&r=g\",\"contentUrl\":\"https:\/\/secure.gravatar.com\/avatar\/3b62665b8c08843736974a055cc2398ba6bb7fd2fe787285105d666c418a7d13?s=96&d=mm&r=g\",\"caption\":\"Redaccion BPTM\"},\"sameAs\":[\"http:\/\/bocaparatodoelmundo.com.ar\"],\"url\":\"https:\/\/bocaparatodoelmundo.com.ar\/?author=3\"}]}<\/script>\n<!-- \/ Yoast SEO plugin. -->","yoast_head_json":{"title":"Ibarra y sus problemas para armar el equipo ante Godoy Cruz - BOCA PARA TODO EL MUNDO","robots":{"index":"index","follow":"follow","max-snippet":"max-snippet:-1","max-image-preview":"max-image-preview:large","max-video-preview":"max-video-preview:-1"},"canonical":"https:\/\/bocaparatodoelmundo.com.ar\/?p=738","og_locale":"es_ES","og_type":"article","og_title":"Ibarra y sus problemas para armar el equipo ante Godoy Cruz - BOCA PARA TODO EL MUNDO","og_description":"Benedetto no estuvo en la pr\u00e1ctica por un cuadro febril y Marcos Rojo trabaj\u00f3 diferenciado...","og_url":"https:\/\/bocaparatodoelmundo.com.ar\/?p=738","og_site_name":"BOCA PARA TODO EL MUNDO","article_published_time":"2022-09-21T17:36:03+00:00","article_modified_time":"2022-09-21T17:36:04+00:00","og_image":[{"width":470,"height":313,"url":"https:\/\/bocaparatodoelmundo.com.ar\/wp-content\/uploads\/2022\/09\/650421-46198-negro-2520ibarra-2520naok.jpg","type":"image\/jpeg"}],"author":"Redaccion BPTM","twitter_card":"summary_large_image","twitter_misc":{"Escrito por":"Redaccion BPTM","Tiempo de lectura":"1 minuto"},"schema":{"@context":"https:\/\/schema.org","@graph":[{"@type":"WebPage","@id":"https:\/\/bocaparatodoelmundo.com.ar\/?p=738","url":"https:\/\/bocaparatodoelmundo.com.ar\/?p=738","name":"Ibarra y sus problemas para armar el equipo ante Godoy Cruz - BOCA PARA TODO EL MUNDO","isPartOf":{"@id":"https:\/\/bocaparatodoelmundo.com.ar\/#website"},"datePublished":"2022-09-21T17:36:03+00:00","dateModified":"2022-09-21T17:36:04+00:00","author":{"@id":"https:\/\/bocaparatodoelmundo.com.ar\/#\/schema\/person\/cc56d27ea9d37f4cea3636086a1847c5"},"breadcrumb":{"@id":"https:\/\/bocaparatodoelmundo.com.ar\/?p=738#breadcrumb"},"inLanguage":"es-AR","potentialAction":[{"@type":"ReadAction","target":["https:\/\/bocaparatodoelmundo.com.ar\/?p=738"]}]},{"@type":"BreadcrumbList","@id":"https:\/\/bocaparatodoelmundo.com.ar\/?p=738#breadcrumb","itemListElement":[{"@type":"ListItem","position":1,"name":"Inicio","item":"https:\/\/bocaparatodoelmundo.com.ar\/"},{"@type":"ListItem","position":2,"name":"Ibarra y sus problemas para armar el equipo ante Godoy Cruz"}]},{"@type":"WebSite","@id":"https:\/\/bocaparatodoelmundo.com.ar\/#website","url":"https:\/\/bocaparatodoelmundo.com.ar\/","name":"BOCA PARA TODO EL MUNDO","description":"Toda la historia y actualidad del club atletico boca junios esta aqui","potentialAction":[{"@type":"SearchAction","target":{"@type":"EntryPoint","urlTemplate":"https:\/\/bocaparatodoelmundo.com.ar\/?s={search_term_string}"},"query-input":"required name=search_term_string"}],"inLanguage":"es-AR"},{"@type":"Person","@id":"https:\/\/bocaparatodoelmundo.com.ar\/#\/schema\/person\/cc56d27ea9d37f4cea3636086a1847c5","name":"Redaccion BPTM","image":{"@type":"ImageObject","inLanguage":"es-AR","@id":"https:\/\/bocaparatodoelmundo.com.ar\/#\/schema\/person\/image\/","url":"https:\/\/secure.gravatar.com\/avatar\/3b62665b8c08843736974a055cc2398ba6bb7fd2fe787285105d666c418a7d13?s=96&d=mm&r=g","contentUrl":"https:\/\/secure.gravatar.com\/avatar\/3b62665b8c08843736974a055cc2398ba6bb7fd2fe787285105d666c418a7d13?s=96&d=mm&r=g","caption":"Redaccion BPTM"},"sameAs":["http:\/\/bocaparatodoelmundo.com.ar"],"url":"https:\/\/bocaparatodoelmundo.com.ar\/?author=3"}]}},"_links":{"self":[{"href":"https:\/\/bocaparatodoelmundo.com.ar\/index.php?rest_route=\/wp\/v2\/posts\/738","targetHints":{"allow":["GET"]}}],"collection":[{"href":"https:\/\/bocaparatodoelmundo.com.ar\/index.php?rest_route=\/wp\/v2\/posts"}],"about":[{"href":"https:\/\/bocaparatodoelmundo.com.ar\/index.php?rest_route=\/wp\/v2\/types\/post"}],"author":[{"embeddable":true,"href":"https:\/\/bocaparatodoelmundo.com.ar\/index.php?rest_route=\/wp\/v2\/users\/3"}],"replies":[{"embeddable":true,"href":"https:\/\/bocaparatodoelmundo.com.ar\/index.php?rest_route=%2Fwp%2Fv2%2Fcomments&post=738"}],"version-history":[{"count":1,"href":"https:\/\/bocaparatodoelmundo.com.ar\/index.php?rest_route=\/wp\/v2\/posts\/738\/revisions"}],"predecessor-version":[{"id":740,"href":"https:\/\/bocaparatodoelmundo.com.ar\/index.php?rest_route=\/wp\/v2\/posts\/738\/revisions\/740"}],"wp:featuredmedia":[{"embeddable":true,"href":"https:\/\/bocaparatodoelmundo.com.ar\/index.php?rest_route=\/wp\/v2\/media\/739"}],"wp:attachment":[{"href":"https:\/\/bocaparatodoelmundo.com.ar\/index.php?rest_route=%2Fwp%2Fv2%2Fmedia&parent=738"}],"wp:term":[{"taxonomy":"category","embeddable":true,"href":"https:\/\/bocaparatodoelmundo.com.ar\/index.php?rest_route=%2Fwp%2Fv2%2Fcategories&post=738"},{"taxonomy":"post_tag","embeddable":true,"href":"https:\/\/bocaparatodoelmundo.com.ar\/index.php?rest_route=%2Fwp%2Fv2%2Ftags&post=738"}],"curies":[{"name":"wp","href":"https:\/\/api.w.org\/{rel}","templated":true}]}}