{"id":706,"date":"2022-09-18T12:15:52","date_gmt":"2022-09-18T15:15:52","guid":{"rendered":"https:\/\/www.bocaparatodoelmundo.com.ar\/?p=706"},"modified":"2022-09-18T12:16:29","modified_gmt":"2022-09-18T15:16:29","slug":"algunas-dudas-de-ibarra-para-formar-el-equipo-ante-huracan","status":"publish","type":"post","link":"https:\/\/bocaparatodoelmundo.com.ar\/?p=706","title":{"rendered":"Algunas dudas de Ibarra para formar el equipo ante Hurac\u00e1n"},"content":{"rendered":"\n<p><strong>El primer interrogante est\u00e1 en la zaga central:<\/strong>\u00a0m\u00e1s all\u00e1 de la buena noticia de que Marcos Rojo recibi\u00f3 solo una fecha -al menos de manera extraoficial-\u00a0 de suspensi\u00f3n tras ser expulsado en la victoria por 1 a 0 contra River,\u00a0<strong>la duda est\u00e1 en si llegar\u00e1 en condiciones Nicol\u00e1s Figal, ya que padece un traumatismo en su rodilla derecha.<\/strong><\/p>\n\n\n\n<p>En caso de no poder jugar el ex defensor de Independiente, lo har\u00eda en su puesto Facundo Roncaglia.<\/p>\n\n\n\n<p><strong>La otra inc\u00f3gnita es saber si jugar\u00e1 Juan Ram\u00edrez u Oscar Romero, ya que Mart\u00edn Payero ser\u00eda titular en la mitad de la cancha, en donde Alan Varela -el habitual titular- volver\u00eda como volante central por Esteban Rol\u00f3n&nbsp;<\/strong>quien tiene un traumatismo en su pantorrilla derecha.<\/p>\n\n\n\n<p>La que estar\u00eda asegurada ser\u00eda\u00a0<strong>la vuelta desde el comienzo de Dar\u00edo Benedetto<\/strong>, autor de los \u00faltimos dos goles en sendas victorias ante River y Lan\u00fas, en lugar de Luis V\u00e1zquez. Y\u00a0<strong>la dupla de ataque la completar\u00eda el juvenil Luca Langoni<\/strong>, en reemplazo del lesionado Norberto Briasco.<\/p>\n\n\n\n<p>El ex Hurac\u00e1n, quien sali\u00f3 del partido ante el Granate por un esguince de tobillo izquierdo, ven\u00eda de ser operado del otro tobillo por el cual estuvo sin jugar nueve meses, hasta el partido con Col\u00f3n de hace 15 d\u00edas.<\/p>\n\n\n\n<h2 class=\"wp-block-heading\"><strong>El posible once ser\u00eda:<\/strong><\/h2>\n\n\n\n<p>Agust\u00edn Rossi; Luis Adv\u00edncula, Figal o Roncaglia, Rojo y Frank Fabra; Payero, Varela, Guillermo Fernandez y Ram\u00edrez o Romero; Langoni y Benedetto.<\/p>\n\n\n\n<p><strong>En el parte oficial del cuerpo m\u00e9dico boquense difundido esta ma\u00f1ana, tambi\u00e9n figura que los delanteros Sebasti\u00e1n Villa y Exequiel Zeballos siguen con su etapa de rehabilitaci\u00f3n posquir\u00fargica.<\/strong><\/p>\n\n\n\n<p>Despu\u00e9s del encuentro del lunes ante Hurac\u00e1n,<strong>&nbsp;los peruanos Adv\u00edncula y Carlos Zambrano, como el colombiano Fabra, viajar\u00e1n para jugar con sus selecciones nacionales en la fecha FIFA,&nbsp;<\/strong>por lo que no estar\u00e1n ante Godoy Cruz por la LPF a -el viernes 23- y ante Quilmes el mi\u00e9rcoles 28, por los cuartos de final de la Copa Argentina, ambos partidos a disputarse en Mendoza.<\/p>\n\n\n\n<p>Boca recibir\u00e1 a Hurac\u00e1n en La Bombonera el lunes desde las 19:00 horas, por la vig\u00e9sima fecha de la LPF, con el arbitraje de Yael Falc\u00f3n Perez.<\/p>\n","protected":false},"excerpt":{"rendered":"<p>El primer interrogante est\u00e1 en la zaga central:\u00a0m\u00e1s all\u00e1 de la buena noticia de que&#8230;<\/p>\n","protected":false},"author":3,"featured_media":707,"comment_status":"open","ping_status":"open","sticky":false,"template":"","format":"standard","meta":{"footnotes":""},"categories":[4],"tags":[],"class_list":["post-706","post","type-post","status-publish","format-standard","has-post-thumbnail","hentry","category-primera-division-masculina"],"yoast_head":"<!-- This site is optimized with the Yoast SEO plugin v21.4 - https:\/\/yoast.com\/wordpress\/plugins\/seo\/ -->\n<title>Algunas dudas de Ibarra para formar el equipo ante Hurac\u00e1n - BOCA PARA TODO EL MUNDO<\/title>\n<meta name=\"robots\" content=\"index, follow, max-snippet:-1, max-image-preview:large, max-video-preview:-1\" \/>\n<link rel=\"canonical\" href=\"https:\/\/bocaparatodoelmundo.com.ar\/?p=706\" \/>\n<meta property=\"og:locale\" content=\"es_ES\" \/>\n<meta property=\"og:type\" content=\"article\" \/>\n<meta property=\"og:title\" content=\"Algunas dudas de Ibarra para formar el equipo ante Hurac\u00e1n - BOCA PARA TODO EL MUNDO\" \/>\n<meta property=\"og:description\" content=\"El primer interrogante est\u00e1 en la zaga central:\u00a0m\u00e1s all\u00e1 de la buena noticia de que...\" \/>\n<meta property=\"og:url\" content=\"https:\/\/bocaparatodoelmundo.com.ar\/?p=706\" \/>\n<meta property=\"og:site_name\" content=\"BOCA PARA TODO EL MUNDO\" \/>\n<meta property=\"article:published_time\" content=\"2022-09-18T15:15:52+00:00\" \/>\n<meta property=\"article:modified_time\" content=\"2022-09-18T15:16:29+00:00\" \/>\n<meta property=\"og:image\" content=\"https:\/\/bocaparatodoelmundo.com.ar\/wp-content\/uploads\/2022\/09\/147fd72a7633c2675588ca84aa6e716a2db37c77-2.jpeg\" \/>\n\t<meta property=\"og:image:width\" content=\"1483\" \/>\n\t<meta property=\"og:image:height\" content=\"900\" \/>\n\t<meta property=\"og:image:type\" content=\"image\/jpeg\" \/>\n<meta name=\"author\" content=\"Redaccion BPTM\" \/>\n<meta name=\"twitter:card\" content=\"summary_large_image\" \/>\n<meta name=\"twitter:label1\" content=\"Escrito por\" \/>\n\t<meta name=\"twitter:data1\" content=\"Redaccion BPTM\" \/>\n\t<meta name=\"twitter:label2\" content=\"Tiempo de lectura\" \/>\n\t<meta name=\"twitter:data2\" content=\"2 minutos\" \/>\n<script type=\"application\/ld+json\" class=\"yoast-schema-graph\">{\"@context\":\"https:\/\/schema.org\",\"@graph\":[{\"@type\":\"WebPage\",\"@id\":\"https:\/\/bocaparatodoelmundo.com.ar\/?p=706\",\"url\":\"https:\/\/bocaparatodoelmundo.com.ar\/?p=706\",\"name\":\"Algunas dudas de Ibarra para formar el equipo ante Hurac\u00e1n - BOCA PARA TODO EL MUNDO\",\"isPartOf\":{\"@id\":\"https:\/\/bocaparatodoelmundo.com.ar\/#website\"},\"datePublished\":\"2022-09-18T15:15:52+00:00\",\"dateModified\":\"2022-09-18T15:16:29+00:00\",\"author\":{\"@id\":\"https:\/\/bocaparatodoelmundo.com.ar\/#\/schema\/person\/cc56d27ea9d37f4cea3636086a1847c5\"},\"breadcrumb\":{\"@id\":\"https:\/\/bocaparatodoelmundo.com.ar\/?p=706#breadcrumb\"},\"inLanguage\":\"es-AR\",\"potentialAction\":[{\"@type\":\"ReadAction\",\"target\":[\"https:\/\/bocaparatodoelmundo.com.ar\/?p=706\"]}]},{\"@type\":\"BreadcrumbList\",\"@id\":\"https:\/\/bocaparatodoelmundo.com.ar\/?p=706#breadcrumb\",\"itemListElement\":[{\"@type\":\"ListItem\",\"position\":1,\"name\":\"Inicio\",\"item\":\"https:\/\/bocaparatodoelmundo.com.ar\/\"},{\"@type\":\"ListItem\",\"position\":2,\"name\":\"Algunas dudas de Ibarra para formar el equipo ante Hurac\u00e1n\"}]},{\"@type\":\"WebSite\",\"@id\":\"https:\/\/bocaparatodoelmundo.com.ar\/#website\",\"url\":\"https:\/\/bocaparatodoelmundo.com.ar\/\",\"name\":\"BOCA PARA TODO EL MUNDO\",\"description\":\"Toda la historia y actualidad del club atletico boca junios esta aqui\",\"potentialAction\":[{\"@type\":\"SearchAction\",\"target\":{\"@type\":\"EntryPoint\",\"urlTemplate\":\"https:\/\/bocaparatodoelmundo.com.ar\/?s={search_term_string}\"},\"query-input\":\"required name=search_term_string\"}],\"inLanguage\":\"es-AR\"},{\"@type\":\"Person\",\"@id\":\"https:\/\/bocaparatodoelmundo.com.ar\/#\/schema\/person\/cc56d27ea9d37f4cea3636086a1847c5\",\"name\":\"Redaccion BPTM\",\"image\":{\"@type\":\"ImageObject\",\"inLanguage\":\"es-AR\",\"@id\":\"https:\/\/bocaparatodoelmundo.com.ar\/#\/schema\/person\/image\/\",\"url\":\"https:\/\/secure.gravatar.com\/avatar\/3b62665b8c08843736974a055cc2398ba6bb7fd2fe787285105d666c418a7d13?s=96&d=mm&r=g\",\"contentUrl\":\"https:\/\/secure.gravatar.com\/avatar\/3b62665b8c08843736974a055cc2398ba6bb7fd2fe787285105d666c418a7d13?s=96&d=mm&r=g\",\"caption\":\"Redaccion BPTM\"},\"sameAs\":[\"http:\/\/bocaparatodoelmundo.com.ar\"],\"url\":\"https:\/\/bocaparatodoelmundo.com.ar\/?author=3\"}]}<\/script>\n<!-- \/ Yoast SEO plugin. -->","yoast_head_json":{"title":"Algunas dudas de Ibarra para formar el equipo ante Hurac\u00e1n - BOCA PARA TODO EL MUNDO","robots":{"index":"index","follow":"follow","max-snippet":"max-snippet:-1","max-image-preview":"max-image-preview:large","max-video-preview":"max-video-preview:-1"},"canonical":"https:\/\/bocaparatodoelmundo.com.ar\/?p=706","og_locale":"es_ES","og_type":"article","og_title":"Algunas dudas de Ibarra para formar el equipo ante Hurac\u00e1n - BOCA PARA TODO EL MUNDO","og_description":"El primer interrogante est\u00e1 en la zaga central:\u00a0m\u00e1s all\u00e1 de la buena noticia de que...","og_url":"https:\/\/bocaparatodoelmundo.com.ar\/?p=706","og_site_name":"BOCA PARA TODO EL MUNDO","article_published_time":"2022-09-18T15:15:52+00:00","article_modified_time":"2022-09-18T15:16:29+00:00","og_image":[{"width":1483,"height":900,"url":"https:\/\/bocaparatodoelmundo.com.ar\/wp-content\/uploads\/2022\/09\/147fd72a7633c2675588ca84aa6e716a2db37c77-2.jpeg","type":"image\/jpeg"}],"author":"Redaccion BPTM","twitter_card":"summary_large_image","twitter_misc":{"Escrito por":"Redaccion BPTM","Tiempo de lectura":"2 minutos"},"schema":{"@context":"https:\/\/schema.org","@graph":[{"@type":"WebPage","@id":"https:\/\/bocaparatodoelmundo.com.ar\/?p=706","url":"https:\/\/bocaparatodoelmundo.com.ar\/?p=706","name":"Algunas dudas de Ibarra para formar el equipo ante Hurac\u00e1n - BOCA PARA TODO EL MUNDO","isPartOf":{"@id":"https:\/\/bocaparatodoelmundo.com.ar\/#website"},"datePublished":"2022-09-18T15:15:52+00:00","dateModified":"2022-09-18T15:16:29+00:00","author":{"@id":"https:\/\/bocaparatodoelmundo.com.ar\/#\/schema\/person\/cc56d27ea9d37f4cea3636086a1847c5"},"breadcrumb":{"@id":"https:\/\/bocaparatodoelmundo.com.ar\/?p=706#breadcrumb"},"inLanguage":"es-AR","potentialAction":[{"@type":"ReadAction","target":["https:\/\/bocaparatodoelmundo.com.ar\/?p=706"]}]},{"@type":"BreadcrumbList","@id":"https:\/\/bocaparatodoelmundo.com.ar\/?p=706#breadcrumb","itemListElement":[{"@type":"ListItem","position":1,"name":"Inicio","item":"https:\/\/bocaparatodoelmundo.com.ar\/"},{"@type":"ListItem","position":2,"name":"Algunas dudas de Ibarra para formar el equipo ante Hurac\u00e1n"}]},{"@type":"WebSite","@id":"https:\/\/bocaparatodoelmundo.com.ar\/#website","url":"https:\/\/bocaparatodoelmundo.com.ar\/","name":"BOCA PARA TODO EL MUNDO","description":"Toda la historia y actualidad del club atletico boca junios esta aqui","potentialAction":[{"@type":"SearchAction","target":{"@type":"EntryPoint","urlTemplate":"https:\/\/bocaparatodoelmundo.com.ar\/?s={search_term_string}"},"query-input":"required name=search_term_string"}],"inLanguage":"es-AR"},{"@type":"Person","@id":"https:\/\/bocaparatodoelmundo.com.ar\/#\/schema\/person\/cc56d27ea9d37f4cea3636086a1847c5","name":"Redaccion BPTM","image":{"@type":"ImageObject","inLanguage":"es-AR","@id":"https:\/\/bocaparatodoelmundo.com.ar\/#\/schema\/person\/image\/","url":"https:\/\/secure.gravatar.com\/avatar\/3b62665b8c08843736974a055cc2398ba6bb7fd2fe787285105d666c418a7d13?s=96&d=mm&r=g","contentUrl":"https:\/\/secure.gravatar.com\/avatar\/3b62665b8c08843736974a055cc2398ba6bb7fd2fe787285105d666c418a7d13?s=96&d=mm&r=g","caption":"Redaccion BPTM"},"sameAs":["http:\/\/bocaparatodoelmundo.com.ar"],"url":"https:\/\/bocaparatodoelmundo.com.ar\/?author=3"}]}},"_links":{"self":[{"href":"https:\/\/bocaparatodoelmundo.com.ar\/index.php?rest_route=\/wp\/v2\/posts\/706","targetHints":{"allow":["GET"]}}],"collection":[{"href":"https:\/\/bocaparatodoelmundo.com.ar\/index.php?rest_route=\/wp\/v2\/posts"}],"about":[{"href":"https:\/\/bocaparatodoelmundo.com.ar\/index.php?rest_route=\/wp\/v2\/types\/post"}],"author":[{"embeddable":true,"href":"https:\/\/bocaparatodoelmundo.com.ar\/index.php?rest_route=\/wp\/v2\/users\/3"}],"replies":[{"embeddable":true,"href":"https:\/\/bocaparatodoelmundo.com.ar\/index.php?rest_route=%2Fwp%2Fv2%2Fcomments&post=706"}],"version-history":[{"count":2,"href":"https:\/\/bocaparatodoelmundo.com.ar\/index.php?rest_route=\/wp\/v2\/posts\/706\/revisions"}],"predecessor-version":[{"id":709,"href":"https:\/\/bocaparatodoelmundo.com.ar\/index.php?rest_route=\/wp\/v2\/posts\/706\/revisions\/709"}],"wp:featuredmedia":[{"embeddable":true,"href":"https:\/\/bocaparatodoelmundo.com.ar\/index.php?rest_route=\/wp\/v2\/media\/707"}],"wp:attachment":[{"href":"https:\/\/bocaparatodoelmundo.com.ar\/index.php?rest_route=%2Fwp%2Fv2%2Fmedia&parent=706"}],"wp:term":[{"taxonomy":"category","embeddable":true,"href":"https:\/\/bocaparatodoelmundo.com.ar\/index.php?rest_route=%2Fwp%2Fv2%2Fcategories&post=706"},{"taxonomy":"post_tag","embeddable":true,"href":"https:\/\/bocaparatodoelmundo.com.ar\/index.php?rest_route=%2Fwp%2Fv2%2Ftags&post=706"}],"curies":[{"name":"wp","href":"https:\/\/api.w.org\/{rel}","templated":true}]}}