{"id":642,"date":"2022-09-13T20:40:41","date_gmt":"2022-09-13T23:40:41","guid":{"rendered":"https:\/\/www.bocaparatodoelmundo.com.ar\/?p=642"},"modified":"2022-09-13T20:41:47","modified_gmt":"2022-09-13T23:41:47","slug":"con-el-animo-bien-arriba-pero-sin-varela-ni-benedetto-boca-ya-piensa-en-lanus","status":"publish","type":"post","link":"https:\/\/bocaparatodoelmundo.com.ar\/?p=642","title":{"rendered":"Con el animo bien arriba pero sin Varela ni Benedetto, Boca ya piensa en Lan\u00fas"},"content":{"rendered":"\n<p><strong>Cuarto a tan solo dos puntos del l\u00edder Atl\u00e9tico Tucum\u00e1n, el Xeneize llega envalentonado a La Fortaleza despu\u00e9s de imponerse en el Supercl\u00e1sico&nbsp;<\/strong>en La Bombonera. El equipo de Hugo Ibarra viene de racha luego de haber ganado los \u00faltimos cuatro partidos (adem\u00e1s, hace ocho que no pierde incluyendo el triunfo con Agropecuario por Copa Argentina) e intentar\u00e1 ratificar ese buen presente ante un golpeado Granate.<\/p>\n\n\n\n<p>Con muy poco tiempo de descanso tras el Supercl\u00e1sico,\u00a0<strong>el DT eval\u00faa mover algunas piezas en el once<\/strong>\u00a0como consecuencia del cansancio acumulado. Adem\u00e1s del\u00a0<strong>ingreso de Carlos Zambrano por el expulsado Marco Rojo\u00a0<\/strong>como cambio pr\u00e1cticamente seguro, est\u00e1 la chance de que haya algunas variantes m\u00e1s, ya que son<strong>\u00a0cuatro los jugadores que est\u00e1n entre algodones<\/strong>\u00a0desde lo f\u00edsico y podr\u00eda salir del equipo titular de Boca de no llegar a recuperarse:\u00a0<strong>Alan Varela, Mart\u00edn Payero, Luca Langoni y Dar\u00edo Benedetto.<\/strong><\/p>\n\n\n\n<p>Si bien Ibarra los esperar\u00e1 hasta ultimo momento, de no estar en condiciones todos lo caminos conducen a que\u00a0<strong>Esteban Rol\u00f3n, \u00d3scar Romero, Norberto Briasco y Luis V\u00e1zquez ingresar\u00edan en sus lugares<\/strong>, respectivamente.<\/p>\n\n\n\n<h2 class=\"wp-block-heading\">La probable formaci\u00f3n de Boca para jugar con Lan\u00fas<\/h2>\n\n\n\n<p>Agust\u00edn&nbsp;<strong>Rossi<\/strong>; Luis&nbsp;<strong>Adv\u00edncula<\/strong>, Nicol\u00e1s&nbsp;<strong>Figal<\/strong>, Carlos&nbsp;<strong>Zambrano<\/strong>, Frank&nbsp;<strong>Fabra<\/strong>; Pol&nbsp;<strong>Fern\u00e1ndez<\/strong>, Esteban&nbsp;<strong>Rol\u00f3n<\/strong>, Juan&nbsp;<strong>Ram\u00edrez<\/strong>; \u00d3scar&nbsp;<strong>Romero<\/strong>, Luis&nbsp;<strong>V\u00e1zquez&nbsp;<\/strong>y Norberto&nbsp;<strong>Briasco<\/strong>.<\/p>\n\n\n\n<p>Las bajas de Boca vs. River, por el Supercl\u00e1sico de la Liga Profesional<\/p>\n\n\n\n<ul class=\"wp-block-list\"><li>Agust\u00edn Almendra: por decisi\u00f3n del DT.<\/li><li>Exequiel Zeballos: fractura de la parte posterior de la tibia con compromiso ligamentario de tobillo.<\/li><li>Marcos Rojo: expulsado contra River.<\/li><li>Sebasti\u00e1n Villa: rotura del menisco exterior de la rodilla izquierda.<\/li><li>Alan Varela: sufri\u00f3 un golpe<\/li><\/ul>\n","protected":false},"excerpt":{"rendered":"<p>Cuarto a tan solo dos puntos del l\u00edder Atl\u00e9tico Tucum\u00e1n, el Xeneize llega envalentonado a&#8230;<\/p>\n","protected":false},"author":3,"featured_media":644,"comment_status":"open","ping_status":"open","sticky":false,"template":"","format":"standard","meta":{"footnotes":""},"categories":[4],"tags":[],"class_list":["post-642","post","type-post","status-publish","format-standard","has-post-thumbnail","hentry","category-primera-division-masculina"],"yoast_head":"<!-- This site is optimized with the Yoast SEO plugin v21.4 - https:\/\/yoast.com\/wordpress\/plugins\/seo\/ -->\n<title>Con el animo bien arriba pero sin Varela ni Benedetto, Boca ya piensa en Lan\u00fas - BOCA PARA TODO EL MUNDO<\/title>\n<meta name=\"robots\" content=\"index, follow, max-snippet:-1, max-image-preview:large, max-video-preview:-1\" \/>\n<link rel=\"canonical\" href=\"https:\/\/bocaparatodoelmundo.com.ar\/?p=642\" \/>\n<meta property=\"og:locale\" content=\"es_ES\" \/>\n<meta property=\"og:type\" content=\"article\" \/>\n<meta property=\"og:title\" content=\"Con el animo bien arriba pero sin Varela ni Benedetto, Boca ya piensa en Lan\u00fas - BOCA PARA TODO EL MUNDO\" \/>\n<meta property=\"og:description\" content=\"Cuarto a tan solo dos puntos del l\u00edder Atl\u00e9tico Tucum\u00e1n, el Xeneize llega envalentonado a...\" \/>\n<meta property=\"og:url\" content=\"https:\/\/bocaparatodoelmundo.com.ar\/?p=642\" \/>\n<meta property=\"og:site_name\" content=\"BOCA PARA TODO EL MUNDO\" \/>\n<meta property=\"article:published_time\" content=\"2022-09-13T23:40:41+00:00\" \/>\n<meta property=\"article:modified_time\" content=\"2022-09-13T23:41:47+00:00\" \/>\n<meta property=\"og:image\" content=\"https:\/\/bocaparatodoelmundo.com.ar\/wp-content\/uploads\/2022\/09\/varela_w862.webp\" \/>\n\t<meta property=\"og:image:width\" content=\"862\" \/>\n\t<meta property=\"og:image:height\" content=\"485\" \/>\n\t<meta property=\"og:image:type\" content=\"image\/webp\" \/>\n<meta name=\"author\" content=\"Redaccion BPTM\" \/>\n<meta name=\"twitter:card\" content=\"summary_large_image\" \/>\n<meta name=\"twitter:label1\" content=\"Escrito por\" \/>\n\t<meta name=\"twitter:data1\" content=\"Redaccion BPTM\" \/>\n\t<meta name=\"twitter:label2\" content=\"Tiempo de lectura\" \/>\n\t<meta name=\"twitter:data2\" content=\"2 minutos\" \/>\n<script type=\"application\/ld+json\" class=\"yoast-schema-graph\">{\"@context\":\"https:\/\/schema.org\",\"@graph\":[{\"@type\":\"WebPage\",\"@id\":\"https:\/\/bocaparatodoelmundo.com.ar\/?p=642\",\"url\":\"https:\/\/bocaparatodoelmundo.com.ar\/?p=642\",\"name\":\"Con el animo bien arriba pero sin Varela ni Benedetto, Boca ya piensa en Lan\u00fas - BOCA PARA TODO EL MUNDO\",\"isPartOf\":{\"@id\":\"https:\/\/bocaparatodoelmundo.com.ar\/#website\"},\"datePublished\":\"2022-09-13T23:40:41+00:00\",\"dateModified\":\"2022-09-13T23:41:47+00:00\",\"author\":{\"@id\":\"https:\/\/bocaparatodoelmundo.com.ar\/#\/schema\/person\/cc56d27ea9d37f4cea3636086a1847c5\"},\"breadcrumb\":{\"@id\":\"https:\/\/bocaparatodoelmundo.com.ar\/?p=642#breadcrumb\"},\"inLanguage\":\"es-AR\",\"potentialAction\":[{\"@type\":\"ReadAction\",\"target\":[\"https:\/\/bocaparatodoelmundo.com.ar\/?p=642\"]}]},{\"@type\":\"BreadcrumbList\",\"@id\":\"https:\/\/bocaparatodoelmundo.com.ar\/?p=642#breadcrumb\",\"itemListElement\":[{\"@type\":\"ListItem\",\"position\":1,\"name\":\"Inicio\",\"item\":\"https:\/\/bocaparatodoelmundo.com.ar\/\"},{\"@type\":\"ListItem\",\"position\":2,\"name\":\"Con el animo bien arriba pero sin Varela ni Benedetto, Boca ya piensa en Lan\u00fas\"}]},{\"@type\":\"WebSite\",\"@id\":\"https:\/\/bocaparatodoelmundo.com.ar\/#website\",\"url\":\"https:\/\/bocaparatodoelmundo.com.ar\/\",\"name\":\"BOCA PARA TODO EL MUNDO\",\"description\":\"Toda la historia y actualidad del club atletico boca junios esta aqui\",\"potentialAction\":[{\"@type\":\"SearchAction\",\"target\":{\"@type\":\"EntryPoint\",\"urlTemplate\":\"https:\/\/bocaparatodoelmundo.com.ar\/?s={search_term_string}\"},\"query-input\":\"required name=search_term_string\"}],\"inLanguage\":\"es-AR\"},{\"@type\":\"Person\",\"@id\":\"https:\/\/bocaparatodoelmundo.com.ar\/#\/schema\/person\/cc56d27ea9d37f4cea3636086a1847c5\",\"name\":\"Redaccion BPTM\",\"image\":{\"@type\":\"ImageObject\",\"inLanguage\":\"es-AR\",\"@id\":\"https:\/\/bocaparatodoelmundo.com.ar\/#\/schema\/person\/image\/\",\"url\":\"https:\/\/secure.gravatar.com\/avatar\/3b62665b8c08843736974a055cc2398ba6bb7fd2fe787285105d666c418a7d13?s=96&d=mm&r=g\",\"contentUrl\":\"https:\/\/secure.gravatar.com\/avatar\/3b62665b8c08843736974a055cc2398ba6bb7fd2fe787285105d666c418a7d13?s=96&d=mm&r=g\",\"caption\":\"Redaccion BPTM\"},\"sameAs\":[\"http:\/\/bocaparatodoelmundo.com.ar\"],\"url\":\"https:\/\/bocaparatodoelmundo.com.ar\/?author=3\"}]}<\/script>\n<!-- \/ Yoast SEO plugin. -->","yoast_head_json":{"title":"Con el animo bien arriba pero sin Varela ni Benedetto, Boca ya piensa en Lan\u00fas - BOCA PARA TODO EL MUNDO","robots":{"index":"index","follow":"follow","max-snippet":"max-snippet:-1","max-image-preview":"max-image-preview:large","max-video-preview":"max-video-preview:-1"},"canonical":"https:\/\/bocaparatodoelmundo.com.ar\/?p=642","og_locale":"es_ES","og_type":"article","og_title":"Con el animo bien arriba pero sin Varela ni Benedetto, Boca ya piensa en Lan\u00fas - BOCA PARA TODO EL MUNDO","og_description":"Cuarto a tan solo dos puntos del l\u00edder Atl\u00e9tico Tucum\u00e1n, el Xeneize llega envalentonado a...","og_url":"https:\/\/bocaparatodoelmundo.com.ar\/?p=642","og_site_name":"BOCA PARA TODO EL MUNDO","article_published_time":"2022-09-13T23:40:41+00:00","article_modified_time":"2022-09-13T23:41:47+00:00","og_image":[{"width":862,"height":485,"url":"https:\/\/bocaparatodoelmundo.com.ar\/wp-content\/uploads\/2022\/09\/varela_w862.webp","type":"image\/webp"}],"author":"Redaccion BPTM","twitter_card":"summary_large_image","twitter_misc":{"Escrito por":"Redaccion BPTM","Tiempo de lectura":"2 minutos"},"schema":{"@context":"https:\/\/schema.org","@graph":[{"@type":"WebPage","@id":"https:\/\/bocaparatodoelmundo.com.ar\/?p=642","url":"https:\/\/bocaparatodoelmundo.com.ar\/?p=642","name":"Con el animo bien arriba pero sin Varela ni Benedetto, Boca ya piensa en Lan\u00fas - BOCA PARA TODO EL MUNDO","isPartOf":{"@id":"https:\/\/bocaparatodoelmundo.com.ar\/#website"},"datePublished":"2022-09-13T23:40:41+00:00","dateModified":"2022-09-13T23:41:47+00:00","author":{"@id":"https:\/\/bocaparatodoelmundo.com.ar\/#\/schema\/person\/cc56d27ea9d37f4cea3636086a1847c5"},"breadcrumb":{"@id":"https:\/\/bocaparatodoelmundo.com.ar\/?p=642#breadcrumb"},"inLanguage":"es-AR","potentialAction":[{"@type":"ReadAction","target":["https:\/\/bocaparatodoelmundo.com.ar\/?p=642"]}]},{"@type":"BreadcrumbList","@id":"https:\/\/bocaparatodoelmundo.com.ar\/?p=642#breadcrumb","itemListElement":[{"@type":"ListItem","position":1,"name":"Inicio","item":"https:\/\/bocaparatodoelmundo.com.ar\/"},{"@type":"ListItem","position":2,"name":"Con el animo bien arriba pero sin Varela ni Benedetto, Boca ya piensa en Lan\u00fas"}]},{"@type":"WebSite","@id":"https:\/\/bocaparatodoelmundo.com.ar\/#website","url":"https:\/\/bocaparatodoelmundo.com.ar\/","name":"BOCA PARA TODO EL MUNDO","description":"Toda la historia y actualidad del club atletico boca junios esta aqui","potentialAction":[{"@type":"SearchAction","target":{"@type":"EntryPoint","urlTemplate":"https:\/\/bocaparatodoelmundo.com.ar\/?s={search_term_string}"},"query-input":"required name=search_term_string"}],"inLanguage":"es-AR"},{"@type":"Person","@id":"https:\/\/bocaparatodoelmundo.com.ar\/#\/schema\/person\/cc56d27ea9d37f4cea3636086a1847c5","name":"Redaccion BPTM","image":{"@type":"ImageObject","inLanguage":"es-AR","@id":"https:\/\/bocaparatodoelmundo.com.ar\/#\/schema\/person\/image\/","url":"https:\/\/secure.gravatar.com\/avatar\/3b62665b8c08843736974a055cc2398ba6bb7fd2fe787285105d666c418a7d13?s=96&d=mm&r=g","contentUrl":"https:\/\/secure.gravatar.com\/avatar\/3b62665b8c08843736974a055cc2398ba6bb7fd2fe787285105d666c418a7d13?s=96&d=mm&r=g","caption":"Redaccion BPTM"},"sameAs":["http:\/\/bocaparatodoelmundo.com.ar"],"url":"https:\/\/bocaparatodoelmundo.com.ar\/?author=3"}]}},"_links":{"self":[{"href":"https:\/\/bocaparatodoelmundo.com.ar\/index.php?rest_route=\/wp\/v2\/posts\/642","targetHints":{"allow":["GET"]}}],"collection":[{"href":"https:\/\/bocaparatodoelmundo.com.ar\/index.php?rest_route=\/wp\/v2\/posts"}],"about":[{"href":"https:\/\/bocaparatodoelmundo.com.ar\/index.php?rest_route=\/wp\/v2\/types\/post"}],"author":[{"embeddable":true,"href":"https:\/\/bocaparatodoelmundo.com.ar\/index.php?rest_route=\/wp\/v2\/users\/3"}],"replies":[{"embeddable":true,"href":"https:\/\/bocaparatodoelmundo.com.ar\/index.php?rest_route=%2Fwp%2Fv2%2Fcomments&post=642"}],"version-history":[{"count":1,"href":"https:\/\/bocaparatodoelmundo.com.ar\/index.php?rest_route=\/wp\/v2\/posts\/642\/revisions"}],"predecessor-version":[{"id":643,"href":"https:\/\/bocaparatodoelmundo.com.ar\/index.php?rest_route=\/wp\/v2\/posts\/642\/revisions\/643"}],"wp:featuredmedia":[{"embeddable":true,"href":"https:\/\/bocaparatodoelmundo.com.ar\/index.php?rest_route=\/wp\/v2\/media\/644"}],"wp:attachment":[{"href":"https:\/\/bocaparatodoelmundo.com.ar\/index.php?rest_route=%2Fwp%2Fv2%2Fmedia&parent=642"}],"wp:term":[{"taxonomy":"category","embeddable":true,"href":"https:\/\/bocaparatodoelmundo.com.ar\/index.php?rest_route=%2Fwp%2Fv2%2Fcategories&post=642"},{"taxonomy":"post_tag","embeddable":true,"href":"https:\/\/bocaparatodoelmundo.com.ar\/index.php?rest_route=%2Fwp%2Fv2%2Ftags&post=642"}],"curies":[{"name":"wp","href":"https:\/\/api.w.org\/{rel}","templated":true}]}}