{"id":619,"date":"2022-09-11T08:47:24","date_gmt":"2022-09-11T11:47:24","guid":{"rendered":"https:\/\/www.bocaparatodoelmundo.com.ar\/?p=619"},"modified":"2022-09-11T08:47:25","modified_gmt":"2022-09-11T11:47:25","slug":"dario-herrera-el-elegido","status":"publish","type":"post","link":"https:\/\/bocaparatodoelmundo.com.ar\/?p=619","title":{"rendered":"Dar\u00edo Herrera, el elegido"},"content":{"rendered":"\n<p>El \u00e1rbitro\u00a0<strong>Dar\u00edo Herrera fue designado por la AFA para controlar el Supercl\u00e1sico de este domingo entre Boca Juniors y River Plate\u00a0<\/strong>en la Bombonera por la\u00a0<strong>fecha 18<\/strong>\u00a0de la\u00a0<strong>Liga Profesional\u00a0<\/strong>de F\u00fatbol de Primera Divisi\u00f3n.<br><br>El juez del Supercl\u00e1sico tendr\u00e1 como asistentes a\u00a0<strong>Juan Pablo Belatti<\/strong>\u00a0(1) y<strong>\u00a0Diego Bonfa\u00a0<\/strong>(2); los mismos que lo acompa\u00f1aron en el partido de la Copa de la Liga en el Monumental.\u00a0<\/p>\n\n\n\n<p><strong>Herrera dirigir\u00e1 su quinto Boca-River<\/strong>: el primero fue en la revancha de octavos de final de la<strong>\u00a0Copa Libertadores 2015\u00a0<\/strong>cuando el cl\u00e1sico fue suspendido en La Boca por el ataque de gas pimienta a los jugadores de River.<br><br>Luego estuvo en dos enfrentamientos por el campeonato local: en el\u00a0<strong>triunfo de Boca por 1 a 0, con gol de Nicol\u00e1s Lodeiro<\/strong>, del 13 de septiembre de 2015 en N\u00fa\u00f1ez; y en la<strong>\u00a0igualdad 0-0\u00a0en La Bombonera<\/strong>, expulsado\u00a0<strong>Pablo P\u00e9rez,<\/strong>\u00a0el 24 de abril de 2016. Este a\u00f1o dirigi\u00f3 la\u00a0<strong>victoria de Boca con el gol de Villa en el Monumental por la Copa de la Liga<\/strong>.\u00a0<\/p>\n\n\n\n<h2 class=\"wp-block-heading\">SUS N\u00daMEROS CON BOCA<\/h2>\n\n\n\n<p><strong>Partidos dirigidos:<\/strong>&nbsp;32<\/p>\n\n\n\n<p><strong>Victorias:&nbsp;<\/strong>16<\/p>\n\n\n\n<p><strong>Empates:&nbsp;<\/strong>12<\/p>\n\n\n\n<p><strong>Derrotas:<\/strong>&nbsp;4<\/p>\n\n\n\n<p><strong>Penales<\/strong>:&nbsp;Sancion\u00f3 3&nbsp;para Boca y 1&nbsp;para sus rivales<\/p>\n\n\n\n<p><strong>Expulsados:<\/strong>\u00a0 7\u00a0jugadores de Boca y 7\u00a0del rival.<\/p>\n\n\n\n<h2 class=\"wp-block-heading\">LOS CL\u00c1SICOS DE DAR\u00cdO HERRERA<\/h2>\n\n\n\n<p><strong>4 cl\u00e1sicos dirigidos:&nbsp;<\/strong>2&nbsp;victorias de Boca y 2 empates)<\/p>\n\n\n\n<p><strong>Una expulsi\u00f3n:<\/strong>&nbsp;Pablo P\u00e9rez en el 2016 en La Bombonera.&nbsp;<\/p>\n\n\n\n<p><strong>Dato:<\/strong>&nbsp;Fue el \u00e1rbitro del cl\u00e1sico del &#8220;gas pimienta&#8221; en cancha de Boca.&nbsp;<\/p>\n\n\n\n<h2 class=\"wp-block-heading\">14\/5\/2015<\/h2>\n\n\n\n<p>El jueves&nbsp;<strong>14 de mayo de 2015<\/strong>, por la vuelta de la&nbsp;<strong>Copa Libertadores 2015<\/strong>, en&nbsp;<strong>La Bombonera,<\/strong>&nbsp;empataban sin goles al t\u00e9rmino del primer tiempo.&nbsp;<strong>No se disput\u00f3 el segundo tiempo por la agresi\u00f3n sufrida por los jugadores de River.&nbsp;Boca fue descalificado<\/strong>, el partido se dio por finalizado 0-0<\/p>\n\n\n\n<p><strong>Boca Juniors<\/strong>: Agust\u00edn Ori\u00f3n; Gino Peruzzi, Daniel D\u00edaz, Guillermo Burdisso y Nicol\u00e1s Colazo; Marcelo Meli, Fernando Gago y Pablo P\u00e9rez; Cristian Pav\u00f3n, Daniel Osvaldo y Federico Carrizo. DT: Rodolfo Arruabarrena.<\/p>\n\n\n\n<p><strong>River Plate:&nbsp;<\/strong>Marcelo Barovero; Emanuel Mammana, Jonathan Maidana, Ramiro Funes Mori y Leonel Vangioni; Carlos S\u00e1nchez, Mat\u00edas Kranevitter, Leonardo Ponzio y Sebasti\u00e1n Driussi; Gonzalo Mart\u00ednez; Rodrigo Mora. DT: Marcelo Gallardo.<\/p>\n\n\n\n<p><strong>Amonestados:&nbsp;<\/strong>Osvaldo, Gago, P\u00e9rez y Pav\u00f3n (BJ). Mammana (RP).<\/p>\n\n\n\n<p><strong>Incidencia antes de comenzar el segundo tiempo:<\/strong>&nbsp;Partido suspendido por agresi\u00f3n a los jugadores de River en la manga de acceso al campo de juego con gas pimienta.<\/p>\n\n\n\n<p><strong>Estadio:<\/strong>&nbsp;Boca Juniors.<\/p>\n\n\n\n<p><strong>\u00c1rbitro:\u00a0<\/strong>Dar\u00edo Herrera.<\/p>\n\n\n\n<h2 class=\"wp-block-heading\">13\/09\/2015<\/h2>\n\n\n\n<p>El&nbsp;<strong>domingo 13 de septiembre de 2015<\/strong>, por la&nbsp;<strong>fecha 24 del Torneo de Primera Divisi\u00f3n<\/strong>&nbsp;en el Monumental,&nbsp;<strong>River 0-1 Boca.<\/strong><\/p>\n\n\n\n<p><strong>Gol en el primer tiempo<\/strong>: 18m Nicol\u00e1s Lodeiro con el pie adentro del \u00e1rea luego de un rebote en el arquero Barovero tras un remate de Carlos Tevez.<\/p>\n\n\n\n<p><strong>River Plate<\/strong>: Marcelo Barovero; Gabriel Mercado, Emanuel Mammana, Eder Alvarez Balanta, Milton Casco; Carlos S\u00e1nchez, Mat\u00edas Kranevitter, Leonardo Ponzio, Gonzalo Mart\u00ednez; Rodrigo Mora y Lucas Alario. Director t\u00e9cnico: Marcelo Gallardo.<\/p>\n\n\n\n<p><strong>Boca Juniors:&nbsp;<\/strong>Agust\u00edn Orion; Gino Peruzzi, Fernando Tobio, Daniel D\u00edaz, Fabi\u00e1n Monz\u00f3n; Marcelo Meli, Cristian Erbes, Fernando Gago, Rodrigo Bentancur; Sebasti\u00e1n Palacios y Carlos Tevez. Director t\u00e9cnico: Rodolfo Arruabarrena.&nbsp;<\/p>\n\n\n\n<p><strong>Cambios en el primer tiempo:<\/strong>&nbsp;3m Nicol\u00e1s Lodeiro por Gago (BJ); 35m Luis Gonz\u00e1lez por Ponzio (RP).<\/p>\n\n\n\n<p><strong>Cambios en el segundo tiempo:&nbsp;<\/strong>9m Tabar\u00e9 Viudez por Gonz\u00e1lez (RP); 22m Sebasti\u00e1n Driussi por Mart\u00ednez (RP); 23m Andr\u00e9s Chavez por Palacios (BJ); 47m Jos\u00e9 Pedro Fuenzalida por Meli (BJ).<\/p>\n\n\n\n<p><strong>Arbitro:&nbsp;<\/strong>Dar\u00edo Herrera.<\/p>\n\n\n\n<p><strong>Estadio:<\/strong>\u00a0Monumental.<\/p>\n\n\n\n<h2 class=\"wp-block-heading\">24\/04\/2016<\/h2>\n\n\n\n<p>El domingo&nbsp;<strong>24 de abril de 2016<\/strong>, por la&nbsp;<strong>fecha 12 del Torneo de Primera Divisi\u00f3n<\/strong>&nbsp;en La Bombonera,&nbsp;<strong>Boca 0-0 River.<\/strong><\/p>\n\n\n\n<p><strong>Boca:<\/strong>&nbsp;Agust\u00edn Orion; Gino Peruzzi, Fernando Tobio, Juan Manuel Insaurralde, Jonathan Silva; Leonardo Jara, Fernando Gago, Pablo P\u00e9rez; Cristian Pav\u00f3n, Carlos Tevez y Nicol\u00e1s Lodeiro. Director t\u00e9cnico: Guillermo Barros Schelotto.<\/p>\n\n\n\n<p><strong>River<\/strong>: Marcelo Barovero; Gabriel Mercado, Jonatan Maidana, Eder Alvarez Balanta, Milton Casco; Camilo Mayada, Nicol\u00e1s Domingo, Nicol\u00e1s Bertolo; Andr\u00e9s D&#8217;Alessandro; Rodrigo Mora y Lucas Alario. Director t\u00e9cnico: Marcelo Gallardo.&nbsp;<\/p>\n\n\n\n<p><strong>Cambios: en el primer tiempo,<\/strong>&nbsp;44m Marcelo Meli por Gago (B). Segundo tiempo: 15m Iv\u00e1n Alonso por Alario (R); 21m Sebasti\u00e1n Driussi por Mora (R); 28m Emanuel Mammana por Casco (R) y 40m Andr\u00e9s Ch\u00e1vez por Pav\u00f3n (B).<\/p>\n\n\n\n<p><strong>Expulsado: en el primer tiempo,<\/strong>&nbsp;11m Pablo P\u00e9rez roja directa por una patada sobre Eder \u00c1lvarez Balanta (B).&nbsp;<\/p>\n\n\n\n<p><strong>Arbitro:&nbsp;<\/strong>Dar\u00edo Herrera.<\/p>\n\n\n\n<p><strong>Asistente 1<\/strong>: Hern\u00e1n Maidana<\/p>\n\n\n\n<p><strong>Asistente 2:<\/strong>&nbsp;Gustavo Rossi<\/p>\n\n\n\n<p><strong>Cuarto \u00e1rbitro:<\/strong>&nbsp;Fernando Espinoza<\/p>\n\n\n\n<p><strong>Adicionales:&nbsp;<\/strong>Andr\u00e9s Merlos y Pedro Arga\u00f1araz<\/p>\n\n\n\n<p><strong>Estadio:\u00a0<\/strong>Boca.<\/p>\n\n\n\n<h2 class=\"wp-block-heading\">20\/3\/2022<\/h2>\n\n\n\n<p>El<strong>&nbsp;domingo 20 de marzo de 2022<\/strong>&nbsp;por la fecha 7 de la&nbsp;<strong>Copa de Liga Profesional 2022<\/strong>, en el Monumental,&nbsp;<strong>Rive<\/strong>r (Marcelo Gallardo)&nbsp;<strong>0-1 Boca&nbsp;<\/strong>(Sebasti\u00e1n Battaglia).&nbsp;<\/p>\n\n\n\n<p><strong>River Plate:<\/strong>&nbsp;Franco Armani; Robert Rojas, Paulo D\u00edaz, Leandro Gonz\u00e1lez P\u00edrez y Milton Casco; Enzo P\u00e9rez (CAPITAN); Santiago Sim\u00f3n, Enzo Fern\u00e1ndez, Nicol\u00e1s De la Cruz y Esequiel Barco; Juli\u00e1n \u00c1lvarez. DT: Marcelo Gallardo.<br><br><strong>Boca Juniors:&nbsp;<\/strong>Agust\u00edn Rossi; Luis Adv\u00edncula, Carlos Zambrano, Marcos Rojo (CAPITAN) y Frank Fabra; Cristian Medina, Guillermo &#8220;Pol&#8221; Fern\u00e1ndez y Juan Ram\u00edrez; Aaron Molinas; Sebasti\u00e1n Villa y Dar\u00edo Benedetto. DT: Sebasti\u00e1n Battaglia.<\/p>\n\n\n\n<p><strong>Gol en el segundo tiempo:&nbsp;<\/strong>53 Sebasti\u00e1n Villa con la derecha en el \u00e1rea grande, luego de un pase de Luis V\u00e1zquez y un error del defensor Leandro Gonz\u00e1lez Pirez y un quedo del arquero Franco Armani. La jugada inicia con un lateral de Frank Fabra (1-0 para Boca)<\/p>\n\n\n\n<p><strong>Cambios: en el segundo tiempo,&nbsp;<\/strong>antes del comienzo, Luis V\u00e1zquez por Benedetto y Nicol\u00e1s Figal por Adv\u00edncula (B); 13m. \u00d3scar Romero por Molinas (B); 15m. Juan Fernando Quintero por Sim\u00f3n y Braian Romero por Barco (R); 26m. Agust\u00edn Palavecino por De La Cruz y El\u00edas G\u00f3mez por Casco (R); 35m. Jorman Campuzano por Medina (B); 36m. Tom\u00e1s Pochettino por P\u00e9rez (R); 41m. Gast\u00f3n \u00c1vila por Rojo (B).<\/p>\n\n\n\n<p><strong>Amonestados en River<\/strong>: 27m Enzo P\u00e9rez&nbsp;<\/p>\n\n\n\n<p><strong>Amonestados en Boca:<\/strong>&nbsp;31m Luis Adv\u00edncula, 42m Juan Ram\u00edrez, 65m Carlos Zambrano, 79m Nicol\u00e1s Figal<\/p>\n\n\n\n<p><strong>\u00c1rbitro:&nbsp;<\/strong>Dar\u00edo Herrera<\/p>\n\n\n\n<p><strong>\u00c1rbitro asistente 1:<\/strong>&nbsp;Juan Pablo Belatti<\/p>\n\n\n\n<p><strong>\u00c1rbitro asistente 2<\/strong>: Diego Bonfa<\/p>\n\n\n\n<p><strong>Cuarto \u00e1rbitro:<\/strong>&nbsp;Facundo Tello<\/p>\n\n\n\n<p><strong>Estadio:&nbsp;<\/strong>Antonio V. Liberti<\/p>\n\n\n\n<p><strong>Hora de comienzo:<\/strong>&nbsp;19.01&nbsp;<\/p>\n","protected":false},"excerpt":{"rendered":"<p>El \u00e1rbitro\u00a0Dar\u00edo Herrera fue designado por la AFA para controlar el Supercl\u00e1sico de este domingo&#8230;<\/p>\n","protected":false},"author":3,"featured_media":620,"comment_status":"open","ping_status":"open","sticky":false,"template":"","format":"standard","meta":{"footnotes":""},"categories":[4],"tags":[],"class_list":["post-619","post","type-post","status-publish","format-standard","has-post-thumbnail","hentry","category-primera-division-masculina"],"yoast_head":"<!-- This site is optimized with the Yoast SEO plugin v21.4 - https:\/\/yoast.com\/wordpress\/plugins\/seo\/ -->\n<title>Dar\u00edo Herrera, el elegido - BOCA PARA TODO EL MUNDO<\/title>\n<meta name=\"robots\" content=\"index, follow, max-snippet:-1, max-image-preview:large, max-video-preview:-1\" \/>\n<link rel=\"canonical\" href=\"https:\/\/bocaparatodoelmundo.com.ar\/?p=619\" \/>\n<meta property=\"og:locale\" content=\"es_ES\" \/>\n<meta property=\"og:type\" content=\"article\" \/>\n<meta property=\"og:title\" content=\"Dar\u00edo Herrera, el elegido - BOCA PARA TODO EL MUNDO\" \/>\n<meta property=\"og:description\" content=\"El \u00e1rbitro\u00a0Dar\u00edo Herrera fue designado por la AFA para controlar el Supercl\u00e1sico de este domingo...\" \/>\n<meta property=\"og:url\" content=\"https:\/\/bocaparatodoelmundo.com.ar\/?p=619\" \/>\n<meta property=\"og:site_name\" content=\"BOCA PARA TODO EL MUNDO\" \/>\n<meta property=\"article:published_time\" content=\"2022-09-11T11:47:24+00:00\" \/>\n<meta property=\"article:modified_time\" content=\"2022-09-11T11:47:25+00:00\" \/>\n<meta property=\"og:image\" content=\"https:\/\/bocaparatodoelmundo.com.ar\/wp-content\/uploads\/2022\/09\/T57PVKJRRRBLZLPS3UIUT27XSI.jpg\" \/>\n\t<meta property=\"og:image:width\" content=\"480\" \/>\n\t<meta property=\"og:image:height\" content=\"282\" \/>\n\t<meta property=\"og:image:type\" content=\"image\/jpeg\" \/>\n<meta name=\"author\" content=\"Redaccion BPTM\" \/>\n<meta name=\"twitter:card\" content=\"summary_large_image\" \/>\n<meta name=\"twitter:label1\" content=\"Escrito por\" \/>\n\t<meta name=\"twitter:data1\" content=\"Redaccion BPTM\" \/>\n\t<meta name=\"twitter:label2\" content=\"Tiempo de lectura\" \/>\n\t<meta name=\"twitter:data2\" content=\"5 minutos\" \/>\n<script type=\"application\/ld+json\" class=\"yoast-schema-graph\">{\"@context\":\"https:\/\/schema.org\",\"@graph\":[{\"@type\":\"WebPage\",\"@id\":\"https:\/\/bocaparatodoelmundo.com.ar\/?p=619\",\"url\":\"https:\/\/bocaparatodoelmundo.com.ar\/?p=619\",\"name\":\"Dar\u00edo Herrera, el elegido - BOCA PARA TODO EL MUNDO\",\"isPartOf\":{\"@id\":\"https:\/\/bocaparatodoelmundo.com.ar\/#website\"},\"datePublished\":\"2022-09-11T11:47:24+00:00\",\"dateModified\":\"2022-09-11T11:47:25+00:00\",\"author\":{\"@id\":\"https:\/\/bocaparatodoelmundo.com.ar\/#\/schema\/person\/cc56d27ea9d37f4cea3636086a1847c5\"},\"breadcrumb\":{\"@id\":\"https:\/\/bocaparatodoelmundo.com.ar\/?p=619#breadcrumb\"},\"inLanguage\":\"es-AR\",\"potentialAction\":[{\"@type\":\"ReadAction\",\"target\":[\"https:\/\/bocaparatodoelmundo.com.ar\/?p=619\"]}]},{\"@type\":\"BreadcrumbList\",\"@id\":\"https:\/\/bocaparatodoelmundo.com.ar\/?p=619#breadcrumb\",\"itemListElement\":[{\"@type\":\"ListItem\",\"position\":1,\"name\":\"Inicio\",\"item\":\"https:\/\/bocaparatodoelmundo.com.ar\/\"},{\"@type\":\"ListItem\",\"position\":2,\"name\":\"Dar\u00edo Herrera, el elegido\"}]},{\"@type\":\"WebSite\",\"@id\":\"https:\/\/bocaparatodoelmundo.com.ar\/#website\",\"url\":\"https:\/\/bocaparatodoelmundo.com.ar\/\",\"name\":\"BOCA PARA TODO EL MUNDO\",\"description\":\"Toda la historia y actualidad del club atletico boca junios esta aqui\",\"potentialAction\":[{\"@type\":\"SearchAction\",\"target\":{\"@type\":\"EntryPoint\",\"urlTemplate\":\"https:\/\/bocaparatodoelmundo.com.ar\/?s={search_term_string}\"},\"query-input\":\"required name=search_term_string\"}],\"inLanguage\":\"es-AR\"},{\"@type\":\"Person\",\"@id\":\"https:\/\/bocaparatodoelmundo.com.ar\/#\/schema\/person\/cc56d27ea9d37f4cea3636086a1847c5\",\"name\":\"Redaccion BPTM\",\"image\":{\"@type\":\"ImageObject\",\"inLanguage\":\"es-AR\",\"@id\":\"https:\/\/bocaparatodoelmundo.com.ar\/#\/schema\/person\/image\/\",\"url\":\"https:\/\/secure.gravatar.com\/avatar\/3b62665b8c08843736974a055cc2398ba6bb7fd2fe787285105d666c418a7d13?s=96&d=mm&r=g\",\"contentUrl\":\"https:\/\/secure.gravatar.com\/avatar\/3b62665b8c08843736974a055cc2398ba6bb7fd2fe787285105d666c418a7d13?s=96&d=mm&r=g\",\"caption\":\"Redaccion BPTM\"},\"sameAs\":[\"http:\/\/bocaparatodoelmundo.com.ar\"],\"url\":\"https:\/\/bocaparatodoelmundo.com.ar\/?author=3\"}]}<\/script>\n<!-- \/ Yoast SEO plugin. -->","yoast_head_json":{"title":"Dar\u00edo Herrera, el elegido - BOCA PARA TODO EL MUNDO","robots":{"index":"index","follow":"follow","max-snippet":"max-snippet:-1","max-image-preview":"max-image-preview:large","max-video-preview":"max-video-preview:-1"},"canonical":"https:\/\/bocaparatodoelmundo.com.ar\/?p=619","og_locale":"es_ES","og_type":"article","og_title":"Dar\u00edo Herrera, el elegido - BOCA PARA TODO EL MUNDO","og_description":"El \u00e1rbitro\u00a0Dar\u00edo Herrera fue designado por la AFA para controlar el Supercl\u00e1sico de este domingo...","og_url":"https:\/\/bocaparatodoelmundo.com.ar\/?p=619","og_site_name":"BOCA PARA TODO EL MUNDO","article_published_time":"2022-09-11T11:47:24+00:00","article_modified_time":"2022-09-11T11:47:25+00:00","og_image":[{"width":480,"height":282,"url":"https:\/\/bocaparatodoelmundo.com.ar\/wp-content\/uploads\/2022\/09\/T57PVKJRRRBLZLPS3UIUT27XSI.jpg","type":"image\/jpeg"}],"author":"Redaccion BPTM","twitter_card":"summary_large_image","twitter_misc":{"Escrito por":"Redaccion BPTM","Tiempo de lectura":"5 minutos"},"schema":{"@context":"https:\/\/schema.org","@graph":[{"@type":"WebPage","@id":"https:\/\/bocaparatodoelmundo.com.ar\/?p=619","url":"https:\/\/bocaparatodoelmundo.com.ar\/?p=619","name":"Dar\u00edo Herrera, el elegido - BOCA PARA TODO EL MUNDO","isPartOf":{"@id":"https:\/\/bocaparatodoelmundo.com.ar\/#website"},"datePublished":"2022-09-11T11:47:24+00:00","dateModified":"2022-09-11T11:47:25+00:00","author":{"@id":"https:\/\/bocaparatodoelmundo.com.ar\/#\/schema\/person\/cc56d27ea9d37f4cea3636086a1847c5"},"breadcrumb":{"@id":"https:\/\/bocaparatodoelmundo.com.ar\/?p=619#breadcrumb"},"inLanguage":"es-AR","potentialAction":[{"@type":"ReadAction","target":["https:\/\/bocaparatodoelmundo.com.ar\/?p=619"]}]},{"@type":"BreadcrumbList","@id":"https:\/\/bocaparatodoelmundo.com.ar\/?p=619#breadcrumb","itemListElement":[{"@type":"ListItem","position":1,"name":"Inicio","item":"https:\/\/bocaparatodoelmundo.com.ar\/"},{"@type":"ListItem","position":2,"name":"Dar\u00edo Herrera, el elegido"}]},{"@type":"WebSite","@id":"https:\/\/bocaparatodoelmundo.com.ar\/#website","url":"https:\/\/bocaparatodoelmundo.com.ar\/","name":"BOCA PARA TODO EL MUNDO","description":"Toda la historia y actualidad del club atletico boca junios esta aqui","potentialAction":[{"@type":"SearchAction","target":{"@type":"EntryPoint","urlTemplate":"https:\/\/bocaparatodoelmundo.com.ar\/?s={search_term_string}"},"query-input":"required name=search_term_string"}],"inLanguage":"es-AR"},{"@type":"Person","@id":"https:\/\/bocaparatodoelmundo.com.ar\/#\/schema\/person\/cc56d27ea9d37f4cea3636086a1847c5","name":"Redaccion BPTM","image":{"@type":"ImageObject","inLanguage":"es-AR","@id":"https:\/\/bocaparatodoelmundo.com.ar\/#\/schema\/person\/image\/","url":"https:\/\/secure.gravatar.com\/avatar\/3b62665b8c08843736974a055cc2398ba6bb7fd2fe787285105d666c418a7d13?s=96&d=mm&r=g","contentUrl":"https:\/\/secure.gravatar.com\/avatar\/3b62665b8c08843736974a055cc2398ba6bb7fd2fe787285105d666c418a7d13?s=96&d=mm&r=g","caption":"Redaccion BPTM"},"sameAs":["http:\/\/bocaparatodoelmundo.com.ar"],"url":"https:\/\/bocaparatodoelmundo.com.ar\/?author=3"}]}},"_links":{"self":[{"href":"https:\/\/bocaparatodoelmundo.com.ar\/index.php?rest_route=\/wp\/v2\/posts\/619","targetHints":{"allow":["GET"]}}],"collection":[{"href":"https:\/\/bocaparatodoelmundo.com.ar\/index.php?rest_route=\/wp\/v2\/posts"}],"about":[{"href":"https:\/\/bocaparatodoelmundo.com.ar\/index.php?rest_route=\/wp\/v2\/types\/post"}],"author":[{"embeddable":true,"href":"https:\/\/bocaparatodoelmundo.com.ar\/index.php?rest_route=\/wp\/v2\/users\/3"}],"replies":[{"embeddable":true,"href":"https:\/\/bocaparatodoelmundo.com.ar\/index.php?rest_route=%2Fwp%2Fv2%2Fcomments&post=619"}],"version-history":[{"count":1,"href":"https:\/\/bocaparatodoelmundo.com.ar\/index.php?rest_route=\/wp\/v2\/posts\/619\/revisions"}],"predecessor-version":[{"id":621,"href":"https:\/\/bocaparatodoelmundo.com.ar\/index.php?rest_route=\/wp\/v2\/posts\/619\/revisions\/621"}],"wp:featuredmedia":[{"embeddable":true,"href":"https:\/\/bocaparatodoelmundo.com.ar\/index.php?rest_route=\/wp\/v2\/media\/620"}],"wp:attachment":[{"href":"https:\/\/bocaparatodoelmundo.com.ar\/index.php?rest_route=%2Fwp%2Fv2%2Fmedia&parent=619"}],"wp:term":[{"taxonomy":"category","embeddable":true,"href":"https:\/\/bocaparatodoelmundo.com.ar\/index.php?rest_route=%2Fwp%2Fv2%2Fcategories&post=619"},{"taxonomy":"post_tag","embeddable":true,"href":"https:\/\/bocaparatodoelmundo.com.ar\/index.php?rest_route=%2Fwp%2Fv2%2Ftags&post=619"}],"curies":[{"name":"wp","href":"https:\/\/api.w.org\/{rel}","templated":true}]}}