{"id":584,"date":"2022-09-09T10:32:36","date_gmt":"2022-09-09T13:32:36","guid":{"rendered":"https:\/\/www.bocaparatodoelmundo.com.ar\/?p=584"},"modified":"2022-09-09T10:49:08","modified_gmt":"2022-09-09T13:49:08","slug":"ibarra-vs-gallardo-el-historial-que-favorece-al-negro-de-el-colorado","status":"publish","type":"post","link":"https:\/\/bocaparatodoelmundo.com.ar\/?p=584","title":{"rendered":"IBARRA VS GALLARDO: El historial que favorece al Negro de El Colorado."},"content":{"rendered":"\n<p><strong>Hugo Benjam\u00edn Ibarra<\/strong>&nbsp;lleg\u00f3 a Boca en el mercado de pases de invierno de 1998, en el comienzo de la era dorada de Carlos Bianchi como entrenador. Para ese entonces,&nbsp;<strong>Marcelo Gallardo<\/strong>&nbsp;ya llevaba 6 temporadas en River&nbsp;gan\u00e1ndolo todo de la mano de Ram\u00f3n D\u00edaz.&nbsp;<\/p>\n\n\n\n<p>El historial como jugadores\u00a0entre los dos entrenadores que estar\u00e1n frente a frente en el Supercl\u00e1sico del domingo es de\u00a0<strong>6 partidos, de los cuales 4 fueron empate y los otros 2 restantes victoria para el Boca de Ibarra.<\/strong><\/p>\n\n\n<div class=\"wp-block-image\">\n<figure class=\"aligncenter size-full is-resized\"><img decoding=\"async\" src=\"https:\/\/www.bocaparatodoelmundo.com.ar\/wp-content\/uploads\/2022\/09\/E2NPAU1o-_720x0__1-1.webp\" alt=\"\" class=\"wp-image-591\" width=\"-157\" height=\"-172\" srcset=\"https:\/\/bocaparatodoelmundo.com.ar\/wp-content\/uploads\/2022\/09\/E2NPAU1o-_720x0__1-1.webp 720w, https:\/\/bocaparatodoelmundo.com.ar\/wp-content\/uploads\/2022\/09\/E2NPAU1o-_720x0__1-1-273x300.webp 273w\" sizes=\"(max-width: 720px) 100vw, 720px\" \/><figcaption><em style=\"\"><b>Hugo Ibarra <\/b><\/em><strong><em>grita su gol a River en el Clausura 2001.<\/em><\/strong><\/figcaption><\/figure>\n<\/div>\n\n\n<p>M\u00e1s all\u00e1 de que el historial en el mano a mano favorece al Negro, tambi\u00e9n hay un dato positivo para el entrenador de River:&nbsp;<strong>2 de los&nbsp;3 goles que hizo Gallardo en Supercl\u00e1sicos estaba Ibarra como rival.&nbsp;<\/strong><\/p>\n\n\n\n<p><strong>El primero tuvo a Gallardo como villano<\/strong>. El 25 de octubre de 1998, River y Boca empataron sin goles por el Torneo Apertura y el Mu\u00f1eco tuvo en los pies la posibilidad de abrir la cuenta por penal, pero el \u00d3scar C\u00f3rdoba se hizo gigante y le ahog\u00f3 el grito de gol.&nbsp;<\/p>\n\n\n\n<iframe loading=\"lazy\" width=\"560\" height=\"315\" src=\"https:\/\/www.youtube.com\/embed\/JAPRzk_v2y0\" title=\"YouTube video player\" frameborder=\"0\" allow=\"accelerometer; autoplay; clipboard-write; encrypted-media; gyroscope; picture-in-picture\" allowfullscreen=\"\"><\/iframe>\n\n\n\n<p><strong>l 9 de mayo de 1999 se vieron\u00a0las caras por segunda vez y all\u00ed Ibarra logr\u00f3\u00a0el primero de los triunfos contra Gallardo<\/strong>. Con un goles de Jorge Berm\u00fadez y Mart\u00edn Palermo, el Boca de Bianchi se impuso 2-1 en La Bombonera en el cl\u00e1sico que qued\u00f3 marcado por la aparici\u00f3n de Cristian Mu\u00f1oz, el inesperado reemplazante ante la lesi\u00f3n del Pato Abbondancieri (su apellido todav\u00eda no llevaba la letra Z).<\/p>\n\n\n\n<iframe loading=\"lazy\" width=\"512\" height=\"384\" src=\"https:\/\/www.youtube.com\/embed\/LaifELVmwZg\" title=\"Boca 2 River 1 Torneo Clausura 1999\" frameborder=\"0\" allow=\"accelerometer; autoplay; clipboard-write; encrypted-media; gyroscope; picture-in-picture\" allowfullscreen><\/iframe>\n\n\n\n<p>El domingo 8 de abril de 2001 ser\u00e1 recordado como el dia del Topo Giggio: despu\u00e9s de su gol de cabeza, Juan Rom\u00e1n Riquelme se planto frente al palco oficial a gritarle el gol a Mauricio Macri, que estaba en los palcos.<\/p>\n\n\n\n<p>Ese d\u00eda, Hugo Ibarra convirti\u00f3 uno de los mejores goles en la historia del S\u00faper. <\/p>\n\n\n\n<iframe loading=\"lazy\" width=\"683\" height=\"384\" src=\"https:\/\/www.youtube.com\/embed\/cHiS57GERtc\" title=\"TORNEO CLAUSURA 2001 - BOCA 3 RIVER 0 (Relatos Victor Hugo Morales)\" frameborder=\"0\" allow=\"accelerometer; autoplay; clipboard-write; encrypted-media; gyroscope; picture-in-picture\" allowfullscreen><\/iframe>\n\n\n\n<p><strong>El \u00faltimo de los 6 Supercl\u00e1sicos lo tuvo a Ibarra como ganador<\/strong>. Fue por el Torneo Apertura 2010 y Boca derrot\u00f3 2-0 a River en La Bombonera, con un doblete de Gary Medel. El partido se suspendi\u00f3 a los 9 minutos por el mal tiempo y a los pocos d\u00edas se reanud\u00f3.\u00a0<\/p>\n\n\n\n<iframe loading=\"lazy\" width=\"560\" height=\"315\" src=\"https:\/\/www.youtube.com\/embed\/H4aKJri-IQo\" title=\"YouTube video player\" frameborder=\"0\" allow=\"accelerometer; autoplay; clipboard-write; encrypted-media; gyroscope; picture-in-picture\" allowfullscreen=\"\"><\/iframe>\n\n\n\n<p><strong>Ibarra le puso fin a su carrera como futbolista en 2010, mientras que Gallardo al a\u00f1o siguiente se fue a Nacional<\/strong>, en donde se retir\u00f3 y comenz\u00f3 su carrera como entrenador. Como DT de River, el Mu\u00f1eco ya enfrent\u00f3 a Boca con Rodolfo Arruabarrena, Guillermo Barros Schelotto, Gustavo Alfaro, Miguel \u00c1ngel Russo y Sebasti\u00e1n Battaglia.&nbsp;<strong>El domingo uno m\u00e1s se suma a la lista.&nbsp;<\/strong><\/p>\n","protected":false},"excerpt":{"rendered":"<p>Hugo Benjam\u00edn Ibarra&nbsp;lleg\u00f3 a Boca en el mercado de pases de invierno de 1998, en&#8230;<\/p>\n","protected":false},"author":3,"featured_media":587,"comment_status":"open","ping_status":"open","sticky":false,"template":"","format":"standard","meta":{"footnotes":""},"categories":[24],"tags":[],"class_list":["post-584","post","type-post","status-publish","format-standard","has-post-thumbnail","hentry","category-historiales"],"yoast_head":"<!-- This site is optimized with the Yoast SEO plugin v21.4 - https:\/\/yoast.com\/wordpress\/plugins\/seo\/ -->\n<title>IBARRA VS GALLARDO: El historial que favorece al Negro de El Colorado. - BOCA PARA TODO EL MUNDO<\/title>\n<meta name=\"robots\" content=\"index, follow, max-snippet:-1, max-image-preview:large, max-video-preview:-1\" \/>\n<link rel=\"canonical\" href=\"https:\/\/bocaparatodoelmundo.com.ar\/?p=584\" \/>\n<meta property=\"og:locale\" content=\"es_ES\" \/>\n<meta property=\"og:type\" content=\"article\" \/>\n<meta property=\"og:title\" content=\"IBARRA VS GALLARDO: El historial que favorece al Negro de El Colorado. - BOCA PARA TODO EL MUNDO\" \/>\n<meta property=\"og:description\" content=\"Hugo Benjam\u00edn Ibarra&nbsp;lleg\u00f3 a Boca en el mercado de pases de invierno de 1998, en...\" \/>\n<meta property=\"og:url\" content=\"https:\/\/bocaparatodoelmundo.com.ar\/?p=584\" \/>\n<meta property=\"og:site_name\" content=\"BOCA PARA TODO EL MUNDO\" \/>\n<meta property=\"article:published_time\" content=\"2022-09-09T13:32:36+00:00\" \/>\n<meta property=\"article:modified_time\" content=\"2022-09-09T13:49:08+00:00\" \/>\n<meta property=\"og:image\" content=\"https:\/\/bocaparatodoelmundo.com.ar\/wp-content\/uploads\/2022\/09\/FE7BIJA6XJDYREZKBC3MV3GRNY.jpg\" \/>\n\t<meta property=\"og:image:width\" content=\"309\" \/>\n\t<meta property=\"og:image:height\" content=\"206\" \/>\n\t<meta property=\"og:image:type\" content=\"image\/jpeg\" \/>\n<meta name=\"author\" content=\"Redaccion BPTM\" \/>\n<meta name=\"twitter:card\" content=\"summary_large_image\" \/>\n<meta name=\"twitter:label1\" content=\"Escrito por\" \/>\n\t<meta name=\"twitter:data1\" content=\"Redaccion BPTM\" \/>\n\t<meta name=\"twitter:label2\" content=\"Tiempo de lectura\" \/>\n\t<meta name=\"twitter:data2\" content=\"3 minutos\" \/>\n<script type=\"application\/ld+json\" class=\"yoast-schema-graph\">{\"@context\":\"https:\/\/schema.org\",\"@graph\":[{\"@type\":\"WebPage\",\"@id\":\"https:\/\/bocaparatodoelmundo.com.ar\/?p=584\",\"url\":\"https:\/\/bocaparatodoelmundo.com.ar\/?p=584\",\"name\":\"IBARRA VS GALLARDO: El historial que favorece al Negro de El Colorado. - BOCA PARA TODO EL MUNDO\",\"isPartOf\":{\"@id\":\"https:\/\/bocaparatodoelmundo.com.ar\/#website\"},\"datePublished\":\"2022-09-09T13:32:36+00:00\",\"dateModified\":\"2022-09-09T13:49:08+00:00\",\"author\":{\"@id\":\"https:\/\/bocaparatodoelmundo.com.ar\/#\/schema\/person\/cc56d27ea9d37f4cea3636086a1847c5\"},\"breadcrumb\":{\"@id\":\"https:\/\/bocaparatodoelmundo.com.ar\/?p=584#breadcrumb\"},\"inLanguage\":\"es-AR\",\"potentialAction\":[{\"@type\":\"ReadAction\",\"target\":[\"https:\/\/bocaparatodoelmundo.com.ar\/?p=584\"]}]},{\"@type\":\"BreadcrumbList\",\"@id\":\"https:\/\/bocaparatodoelmundo.com.ar\/?p=584#breadcrumb\",\"itemListElement\":[{\"@type\":\"ListItem\",\"position\":1,\"name\":\"Inicio\",\"item\":\"https:\/\/bocaparatodoelmundo.com.ar\/\"},{\"@type\":\"ListItem\",\"position\":2,\"name\":\"IBARRA VS GALLARDO: El historial que favorece al Negro de El Colorado.\"}]},{\"@type\":\"WebSite\",\"@id\":\"https:\/\/bocaparatodoelmundo.com.ar\/#website\",\"url\":\"https:\/\/bocaparatodoelmundo.com.ar\/\",\"name\":\"BOCA PARA TODO EL MUNDO\",\"description\":\"Toda la historia y actualidad del club atletico boca junios esta aqui\",\"potentialAction\":[{\"@type\":\"SearchAction\",\"target\":{\"@type\":\"EntryPoint\",\"urlTemplate\":\"https:\/\/bocaparatodoelmundo.com.ar\/?s={search_term_string}\"},\"query-input\":\"required name=search_term_string\"}],\"inLanguage\":\"es-AR\"},{\"@type\":\"Person\",\"@id\":\"https:\/\/bocaparatodoelmundo.com.ar\/#\/schema\/person\/cc56d27ea9d37f4cea3636086a1847c5\",\"name\":\"Redaccion BPTM\",\"image\":{\"@type\":\"ImageObject\",\"inLanguage\":\"es-AR\",\"@id\":\"https:\/\/bocaparatodoelmundo.com.ar\/#\/schema\/person\/image\/\",\"url\":\"https:\/\/secure.gravatar.com\/avatar\/3b62665b8c08843736974a055cc2398ba6bb7fd2fe787285105d666c418a7d13?s=96&d=mm&r=g\",\"contentUrl\":\"https:\/\/secure.gravatar.com\/avatar\/3b62665b8c08843736974a055cc2398ba6bb7fd2fe787285105d666c418a7d13?s=96&d=mm&r=g\",\"caption\":\"Redaccion BPTM\"},\"sameAs\":[\"http:\/\/bocaparatodoelmundo.com.ar\"],\"url\":\"https:\/\/bocaparatodoelmundo.com.ar\/?author=3\"}]}<\/script>\n<!-- \/ Yoast SEO plugin. -->","yoast_head_json":{"title":"IBARRA VS GALLARDO: El historial que favorece al Negro de El Colorado. - BOCA PARA TODO EL MUNDO","robots":{"index":"index","follow":"follow","max-snippet":"max-snippet:-1","max-image-preview":"max-image-preview:large","max-video-preview":"max-video-preview:-1"},"canonical":"https:\/\/bocaparatodoelmundo.com.ar\/?p=584","og_locale":"es_ES","og_type":"article","og_title":"IBARRA VS GALLARDO: El historial que favorece al Negro de El Colorado. - BOCA PARA TODO EL MUNDO","og_description":"Hugo Benjam\u00edn Ibarra&nbsp;lleg\u00f3 a Boca en el mercado de pases de invierno de 1998, en...","og_url":"https:\/\/bocaparatodoelmundo.com.ar\/?p=584","og_site_name":"BOCA PARA TODO EL MUNDO","article_published_time":"2022-09-09T13:32:36+00:00","article_modified_time":"2022-09-09T13:49:08+00:00","og_image":[{"width":309,"height":206,"url":"https:\/\/bocaparatodoelmundo.com.ar\/wp-content\/uploads\/2022\/09\/FE7BIJA6XJDYREZKBC3MV3GRNY.jpg","type":"image\/jpeg"}],"author":"Redaccion BPTM","twitter_card":"summary_large_image","twitter_misc":{"Escrito por":"Redaccion BPTM","Tiempo de lectura":"3 minutos"},"schema":{"@context":"https:\/\/schema.org","@graph":[{"@type":"WebPage","@id":"https:\/\/bocaparatodoelmundo.com.ar\/?p=584","url":"https:\/\/bocaparatodoelmundo.com.ar\/?p=584","name":"IBARRA VS GALLARDO: El historial que favorece al Negro de El Colorado. - BOCA PARA TODO EL MUNDO","isPartOf":{"@id":"https:\/\/bocaparatodoelmundo.com.ar\/#website"},"datePublished":"2022-09-09T13:32:36+00:00","dateModified":"2022-09-09T13:49:08+00:00","author":{"@id":"https:\/\/bocaparatodoelmundo.com.ar\/#\/schema\/person\/cc56d27ea9d37f4cea3636086a1847c5"},"breadcrumb":{"@id":"https:\/\/bocaparatodoelmundo.com.ar\/?p=584#breadcrumb"},"inLanguage":"es-AR","potentialAction":[{"@type":"ReadAction","target":["https:\/\/bocaparatodoelmundo.com.ar\/?p=584"]}]},{"@type":"BreadcrumbList","@id":"https:\/\/bocaparatodoelmundo.com.ar\/?p=584#breadcrumb","itemListElement":[{"@type":"ListItem","position":1,"name":"Inicio","item":"https:\/\/bocaparatodoelmundo.com.ar\/"},{"@type":"ListItem","position":2,"name":"IBARRA VS GALLARDO: El historial que favorece al Negro de El Colorado."}]},{"@type":"WebSite","@id":"https:\/\/bocaparatodoelmundo.com.ar\/#website","url":"https:\/\/bocaparatodoelmundo.com.ar\/","name":"BOCA PARA TODO EL MUNDO","description":"Toda la historia y actualidad del club atletico boca junios esta aqui","potentialAction":[{"@type":"SearchAction","target":{"@type":"EntryPoint","urlTemplate":"https:\/\/bocaparatodoelmundo.com.ar\/?s={search_term_string}"},"query-input":"required name=search_term_string"}],"inLanguage":"es-AR"},{"@type":"Person","@id":"https:\/\/bocaparatodoelmundo.com.ar\/#\/schema\/person\/cc56d27ea9d37f4cea3636086a1847c5","name":"Redaccion BPTM","image":{"@type":"ImageObject","inLanguage":"es-AR","@id":"https:\/\/bocaparatodoelmundo.com.ar\/#\/schema\/person\/image\/","url":"https:\/\/secure.gravatar.com\/avatar\/3b62665b8c08843736974a055cc2398ba6bb7fd2fe787285105d666c418a7d13?s=96&d=mm&r=g","contentUrl":"https:\/\/secure.gravatar.com\/avatar\/3b62665b8c08843736974a055cc2398ba6bb7fd2fe787285105d666c418a7d13?s=96&d=mm&r=g","caption":"Redaccion BPTM"},"sameAs":["http:\/\/bocaparatodoelmundo.com.ar"],"url":"https:\/\/bocaparatodoelmundo.com.ar\/?author=3"}]}},"_links":{"self":[{"href":"https:\/\/bocaparatodoelmundo.com.ar\/index.php?rest_route=\/wp\/v2\/posts\/584","targetHints":{"allow":["GET"]}}],"collection":[{"href":"https:\/\/bocaparatodoelmundo.com.ar\/index.php?rest_route=\/wp\/v2\/posts"}],"about":[{"href":"https:\/\/bocaparatodoelmundo.com.ar\/index.php?rest_route=\/wp\/v2\/types\/post"}],"author":[{"embeddable":true,"href":"https:\/\/bocaparatodoelmundo.com.ar\/index.php?rest_route=\/wp\/v2\/users\/3"}],"replies":[{"embeddable":true,"href":"https:\/\/bocaparatodoelmundo.com.ar\/index.php?rest_route=%2Fwp%2Fv2%2Fcomments&post=584"}],"version-history":[{"count":4,"href":"https:\/\/bocaparatodoelmundo.com.ar\/index.php?rest_route=\/wp\/v2\/posts\/584\/revisions"}],"predecessor-version":[{"id":594,"href":"https:\/\/bocaparatodoelmundo.com.ar\/index.php?rest_route=\/wp\/v2\/posts\/584\/revisions\/594"}],"wp:featuredmedia":[{"embeddable":true,"href":"https:\/\/bocaparatodoelmundo.com.ar\/index.php?rest_route=\/wp\/v2\/media\/587"}],"wp:attachment":[{"href":"https:\/\/bocaparatodoelmundo.com.ar\/index.php?rest_route=%2Fwp%2Fv2%2Fmedia&parent=584"}],"wp:term":[{"taxonomy":"category","embeddable":true,"href":"https:\/\/bocaparatodoelmundo.com.ar\/index.php?rest_route=%2Fwp%2Fv2%2Fcategories&post=584"},{"taxonomy":"post_tag","embeddable":true,"href":"https:\/\/bocaparatodoelmundo.com.ar\/index.php?rest_route=%2Fwp%2Fv2%2Ftags&post=584"}],"curies":[{"name":"wp","href":"https:\/\/api.w.org\/{rel}","templated":true}]}}