{"id":464,"date":"2022-09-04T08:23:53","date_gmt":"2022-09-04T11:23:53","guid":{"rendered":"https:\/\/www.bocaparatodoelmundo.com.ar\/?p=464"},"modified":"2022-09-09T09:24:45","modified_gmt":"2022-09-09T12:24:45","slug":"ibarra-confirmo-la-formacion-de-boca-ante-colon-en-santa-fe","status":"publish","type":"post","link":"https:\/\/bocaparatodoelmundo.com.ar\/?p=464","title":{"rendered":"Ibarra confirmo la formacion de Boca ante Colon en Santa Fe"},"content":{"rendered":"\n<p>Despu\u00e9s del gran triunfo en La Bombonera ante Atl\u00e9tico Tucum\u00e1n que reaviv\u00f3 el sue\u00f1o de ir por el t\u00edtulo,\u00a0<strong>Boca visita a Col\u00f3n\u00a0<\/strong>este domingo, desde las 18, por la 17\u00ba fecha de la<strong>\u00a0Liga Profesional.\u00a0<\/strong>Con varias bajas por lesi\u00f3n y suspensi\u00f3n, Hugo Ibarra mover\u00e1 varias piezas en el equipo que intentar\u00e1 volver a sumar de a tres para prenderse en la pelea.<\/p>\n\n\n\n<p>Sin Luis Adv\u00edncula, Alan Varela y Pol Fern\u00e1ndez por haber llegado a las cinco amarillas, sumado a la ausencia de Sebasti\u00e1n Villa por la ruptura del menisco externo de la rodilla que lo alejar\u00e1 de las canchas por m\u00e1s de un mes y a la molestia muscular que sufri\u00f3 Juan Ram\u00edrez, el DT\u00a0<em>xeneize\u00a0<\/em>no tiene mucho margen de maniobra y modificar\u00e1 m\u00e1s de la mitad del once que viene de superar 2-1 al Decano.<\/p>\n\n\n<div class=\"wp-block-image\">\n<figure class=\"aligncenter size-full is-resized\"><img loading=\"lazy\" decoding=\"async\" src=\"https:\/\/www.bocaparatodoelmundo.com.ar\/wp-content\/uploads\/2022\/09\/boca-convocados-colon_416x555-1.webp\" alt=\"\" class=\"wp-image-466\" width=\"459\" height=\"610\"\/><figcaption><em style=\"\"><b>La lista de concentrados por Hugo Ibarra para enfrentar a <\/b><\/em><strong><em>Col\u00f3n, en Santa Fe<\/em><\/strong><\/figcaption><\/figure>\n<\/div>\n\n\n<p>De acuerdo a lo que ensay\u00f3 Ibarra en la semana, la defensa contar\u00e1 con los\u00a0<strong>regresos de Marcos Rojo y Facundo\u00a0Roncaglia\u00a0<\/strong>en la zaga, Frank Fabra por la banda izquierda y en principio<strong>\u00a0Jorge Figal en el lateral derecho, aunque no se descarta\u00a0que pueda aparecer Marcelo Weigandt.<\/strong><\/p>\n\n\n\n<p>Sin los habituales titulares, en el mediocampo de Boca<strong>&nbsp;tendr\u00e1n la chance Esteban Rol\u00f3n y Mart\u00edn Payero, mientras que \u00d3scar Romero retroceder\u00e1 unos metros<\/strong>&nbsp;para sumarse como tercer volante.<\/p>\n\n\n\n<p>El frente de ataque tambi\u00e9n lucir\u00e1 completamente renovado.<strong>\u00a0Dar\u00edo Benedetto recuperar\u00e1 la titularidad remplazando a Luis V\u00e1zquez y a sus costados estar\u00e1n Luca Langoni<\/strong>, el h\u00e9roe juvenil contra Atl\u00e9tico Tucum\u00e1n,<strong>\u00a0y Norberto Briasco<\/strong>, quien vuelve a disputar un encuentro oficial despu\u00e9s de m\u00e1s de nueve meses. El pibe se meter\u00e1 por el lesionado Villa y el ex-Hurac\u00e1n har\u00e1 lo propio por Ram\u00edrez.<\/p>\n\n\n\n<p>En concecuencia, Boca formara con Agust\u00edn\u00a0<strong>Rossi<\/strong>; Nicol\u00e1s\u00a0<strong>Figal<\/strong>, Facundo\u00a0<strong>Roncaglia<\/strong>, Marcos\u00a0<strong>Rojo<\/strong>, Frank\u00a0<strong>Fabra<\/strong>; Mart\u00edn\u00a0<strong>Payero<\/strong>, Esteban\u00a0<strong>Rol\u00f3n<\/strong>, \u00d3scar\u00a0<strong>Romero<\/strong>; Luca\u00a0<strong>Langoni<\/strong>, Dar\u00edo\u00a0<strong>Benedetto\u00a0<\/strong>y Norberto\u00a0<strong>Briasco<\/strong>.<\/p>\n","protected":false},"excerpt":{"rendered":"<p>Despu\u00e9s del gran triunfo en La Bombonera ante Atl\u00e9tico Tucum\u00e1n que reaviv\u00f3 el sue\u00f1o de&#8230;<\/p>\n","protected":false},"author":3,"featured_media":465,"comment_status":"open","ping_status":"open","sticky":false,"template":"","format":"standard","meta":{"footnotes":""},"categories":[4],"tags":[],"class_list":["post-464","post","type-post","status-publish","format-standard","has-post-thumbnail","hentry","category-primera-division-masculina"],"yoast_head":"<!-- This site is optimized with the Yoast SEO plugin v21.4 - https:\/\/yoast.com\/wordpress\/plugins\/seo\/ -->\n<title>Ibarra confirmo la formacion de Boca ante Colon en Santa Fe - BOCA PARA TODO EL MUNDO<\/title>\n<meta name=\"robots\" content=\"index, follow, max-snippet:-1, max-image-preview:large, max-video-preview:-1\" \/>\n<link rel=\"canonical\" href=\"https:\/\/bocaparatodoelmundo.com.ar\/?p=464\" \/>\n<meta property=\"og:locale\" content=\"es_ES\" \/>\n<meta property=\"og:type\" content=\"article\" \/>\n<meta property=\"og:title\" content=\"Ibarra confirmo la formacion de Boca ante Colon en Santa Fe - BOCA PARA TODO EL MUNDO\" \/>\n<meta property=\"og:description\" content=\"Despu\u00e9s del gran triunfo en La Bombonera ante Atl\u00e9tico Tucum\u00e1n que reaviv\u00f3 el sue\u00f1o de...\" \/>\n<meta property=\"og:url\" content=\"https:\/\/bocaparatodoelmundo.com.ar\/?p=464\" \/>\n<meta property=\"og:site_name\" content=\"BOCA PARA TODO EL MUNDO\" \/>\n<meta property=\"article:published_time\" content=\"2022-09-04T11:23:53+00:00\" \/>\n<meta property=\"article:modified_time\" content=\"2022-09-09T12:24:45+00:00\" \/>\n<meta property=\"og:image\" content=\"https:\/\/bocaparatodoelmundo.com.ar\/wp-content\/uploads\/2022\/09\/hugo-ibarra.jpg\" \/>\n\t<meta property=\"og:image:width\" content=\"929\" \/>\n\t<meta property=\"og:image:height\" content=\"523\" \/>\n\t<meta property=\"og:image:type\" content=\"image\/jpeg\" \/>\n<meta name=\"author\" content=\"Redaccion BPTM\" \/>\n<meta name=\"twitter:card\" content=\"summary_large_image\" \/>\n<meta name=\"twitter:label1\" content=\"Escrito por\" \/>\n\t<meta name=\"twitter:data1\" content=\"Redaccion BPTM\" \/>\n\t<meta name=\"twitter:label2\" content=\"Tiempo de lectura\" \/>\n\t<meta name=\"twitter:data2\" content=\"2 minutos\" \/>\n<script type=\"application\/ld+json\" class=\"yoast-schema-graph\">{\"@context\":\"https:\/\/schema.org\",\"@graph\":[{\"@type\":\"WebPage\",\"@id\":\"https:\/\/bocaparatodoelmundo.com.ar\/?p=464\",\"url\":\"https:\/\/bocaparatodoelmundo.com.ar\/?p=464\",\"name\":\"Ibarra confirmo la formacion de Boca ante Colon en Santa Fe - BOCA PARA TODO EL MUNDO\",\"isPartOf\":{\"@id\":\"https:\/\/bocaparatodoelmundo.com.ar\/#website\"},\"datePublished\":\"2022-09-04T11:23:53+00:00\",\"dateModified\":\"2022-09-09T12:24:45+00:00\",\"author\":{\"@id\":\"https:\/\/bocaparatodoelmundo.com.ar\/#\/schema\/person\/cc56d27ea9d37f4cea3636086a1847c5\"},\"breadcrumb\":{\"@id\":\"https:\/\/bocaparatodoelmundo.com.ar\/?p=464#breadcrumb\"},\"inLanguage\":\"es-AR\",\"potentialAction\":[{\"@type\":\"ReadAction\",\"target\":[\"https:\/\/bocaparatodoelmundo.com.ar\/?p=464\"]}]},{\"@type\":\"BreadcrumbList\",\"@id\":\"https:\/\/bocaparatodoelmundo.com.ar\/?p=464#breadcrumb\",\"itemListElement\":[{\"@type\":\"ListItem\",\"position\":1,\"name\":\"Inicio\",\"item\":\"https:\/\/bocaparatodoelmundo.com.ar\/\"},{\"@type\":\"ListItem\",\"position\":2,\"name\":\"Ibarra confirmo la formacion de Boca ante Colon en Santa Fe\"}]},{\"@type\":\"WebSite\",\"@id\":\"https:\/\/bocaparatodoelmundo.com.ar\/#website\",\"url\":\"https:\/\/bocaparatodoelmundo.com.ar\/\",\"name\":\"BOCA PARA TODO EL MUNDO\",\"description\":\"Toda la historia y actualidad del club atletico boca junios esta aqui\",\"potentialAction\":[{\"@type\":\"SearchAction\",\"target\":{\"@type\":\"EntryPoint\",\"urlTemplate\":\"https:\/\/bocaparatodoelmundo.com.ar\/?s={search_term_string}\"},\"query-input\":\"required name=search_term_string\"}],\"inLanguage\":\"es-AR\"},{\"@type\":\"Person\",\"@id\":\"https:\/\/bocaparatodoelmundo.com.ar\/#\/schema\/person\/cc56d27ea9d37f4cea3636086a1847c5\",\"name\":\"Redaccion BPTM\",\"image\":{\"@type\":\"ImageObject\",\"inLanguage\":\"es-AR\",\"@id\":\"https:\/\/bocaparatodoelmundo.com.ar\/#\/schema\/person\/image\/\",\"url\":\"https:\/\/secure.gravatar.com\/avatar\/3b62665b8c08843736974a055cc2398ba6bb7fd2fe787285105d666c418a7d13?s=96&d=mm&r=g\",\"contentUrl\":\"https:\/\/secure.gravatar.com\/avatar\/3b62665b8c08843736974a055cc2398ba6bb7fd2fe787285105d666c418a7d13?s=96&d=mm&r=g\",\"caption\":\"Redaccion BPTM\"},\"sameAs\":[\"http:\/\/bocaparatodoelmundo.com.ar\"],\"url\":\"https:\/\/bocaparatodoelmundo.com.ar\/?author=3\"}]}<\/script>\n<!-- \/ Yoast SEO plugin. -->","yoast_head_json":{"title":"Ibarra confirmo la formacion de Boca ante Colon en Santa Fe - BOCA PARA TODO EL MUNDO","robots":{"index":"index","follow":"follow","max-snippet":"max-snippet:-1","max-image-preview":"max-image-preview:large","max-video-preview":"max-video-preview:-1"},"canonical":"https:\/\/bocaparatodoelmundo.com.ar\/?p=464","og_locale":"es_ES","og_type":"article","og_title":"Ibarra confirmo la formacion de Boca ante Colon en Santa Fe - BOCA PARA TODO EL MUNDO","og_description":"Despu\u00e9s del gran triunfo en La Bombonera ante Atl\u00e9tico Tucum\u00e1n que reaviv\u00f3 el sue\u00f1o de...","og_url":"https:\/\/bocaparatodoelmundo.com.ar\/?p=464","og_site_name":"BOCA PARA TODO EL MUNDO","article_published_time":"2022-09-04T11:23:53+00:00","article_modified_time":"2022-09-09T12:24:45+00:00","og_image":[{"width":929,"height":523,"url":"https:\/\/bocaparatodoelmundo.com.ar\/wp-content\/uploads\/2022\/09\/hugo-ibarra.jpg","type":"image\/jpeg"}],"author":"Redaccion BPTM","twitter_card":"summary_large_image","twitter_misc":{"Escrito por":"Redaccion BPTM","Tiempo de lectura":"2 minutos"},"schema":{"@context":"https:\/\/schema.org","@graph":[{"@type":"WebPage","@id":"https:\/\/bocaparatodoelmundo.com.ar\/?p=464","url":"https:\/\/bocaparatodoelmundo.com.ar\/?p=464","name":"Ibarra confirmo la formacion de Boca ante Colon en Santa Fe - BOCA PARA TODO EL MUNDO","isPartOf":{"@id":"https:\/\/bocaparatodoelmundo.com.ar\/#website"},"datePublished":"2022-09-04T11:23:53+00:00","dateModified":"2022-09-09T12:24:45+00:00","author":{"@id":"https:\/\/bocaparatodoelmundo.com.ar\/#\/schema\/person\/cc56d27ea9d37f4cea3636086a1847c5"},"breadcrumb":{"@id":"https:\/\/bocaparatodoelmundo.com.ar\/?p=464#breadcrumb"},"inLanguage":"es-AR","potentialAction":[{"@type":"ReadAction","target":["https:\/\/bocaparatodoelmundo.com.ar\/?p=464"]}]},{"@type":"BreadcrumbList","@id":"https:\/\/bocaparatodoelmundo.com.ar\/?p=464#breadcrumb","itemListElement":[{"@type":"ListItem","position":1,"name":"Inicio","item":"https:\/\/bocaparatodoelmundo.com.ar\/"},{"@type":"ListItem","position":2,"name":"Ibarra confirmo la formacion de Boca ante Colon en Santa Fe"}]},{"@type":"WebSite","@id":"https:\/\/bocaparatodoelmundo.com.ar\/#website","url":"https:\/\/bocaparatodoelmundo.com.ar\/","name":"BOCA PARA TODO EL MUNDO","description":"Toda la historia y actualidad del club atletico boca junios esta aqui","potentialAction":[{"@type":"SearchAction","target":{"@type":"EntryPoint","urlTemplate":"https:\/\/bocaparatodoelmundo.com.ar\/?s={search_term_string}"},"query-input":"required name=search_term_string"}],"inLanguage":"es-AR"},{"@type":"Person","@id":"https:\/\/bocaparatodoelmundo.com.ar\/#\/schema\/person\/cc56d27ea9d37f4cea3636086a1847c5","name":"Redaccion BPTM","image":{"@type":"ImageObject","inLanguage":"es-AR","@id":"https:\/\/bocaparatodoelmundo.com.ar\/#\/schema\/person\/image\/","url":"https:\/\/secure.gravatar.com\/avatar\/3b62665b8c08843736974a055cc2398ba6bb7fd2fe787285105d666c418a7d13?s=96&d=mm&r=g","contentUrl":"https:\/\/secure.gravatar.com\/avatar\/3b62665b8c08843736974a055cc2398ba6bb7fd2fe787285105d666c418a7d13?s=96&d=mm&r=g","caption":"Redaccion BPTM"},"sameAs":["http:\/\/bocaparatodoelmundo.com.ar"],"url":"https:\/\/bocaparatodoelmundo.com.ar\/?author=3"}]}},"_links":{"self":[{"href":"https:\/\/bocaparatodoelmundo.com.ar\/index.php?rest_route=\/wp\/v2\/posts\/464","targetHints":{"allow":["GET"]}}],"collection":[{"href":"https:\/\/bocaparatodoelmundo.com.ar\/index.php?rest_route=\/wp\/v2\/posts"}],"about":[{"href":"https:\/\/bocaparatodoelmundo.com.ar\/index.php?rest_route=\/wp\/v2\/types\/post"}],"author":[{"embeddable":true,"href":"https:\/\/bocaparatodoelmundo.com.ar\/index.php?rest_route=\/wp\/v2\/users\/3"}],"replies":[{"embeddable":true,"href":"https:\/\/bocaparatodoelmundo.com.ar\/index.php?rest_route=%2Fwp%2Fv2%2Fcomments&post=464"}],"version-history":[{"count":1,"href":"https:\/\/bocaparatodoelmundo.com.ar\/index.php?rest_route=\/wp\/v2\/posts\/464\/revisions"}],"predecessor-version":[{"id":467,"href":"https:\/\/bocaparatodoelmundo.com.ar\/index.php?rest_route=\/wp\/v2\/posts\/464\/revisions\/467"}],"wp:featuredmedia":[{"embeddable":true,"href":"https:\/\/bocaparatodoelmundo.com.ar\/index.php?rest_route=\/wp\/v2\/media\/465"}],"wp:attachment":[{"href":"https:\/\/bocaparatodoelmundo.com.ar\/index.php?rest_route=%2Fwp%2Fv2%2Fmedia&parent=464"}],"wp:term":[{"taxonomy":"category","embeddable":true,"href":"https:\/\/bocaparatodoelmundo.com.ar\/index.php?rest_route=%2Fwp%2Fv2%2Fcategories&post=464"},{"taxonomy":"post_tag","embeddable":true,"href":"https:\/\/bocaparatodoelmundo.com.ar\/index.php?rest_route=%2Fwp%2Fv2%2Ftags&post=464"}],"curies":[{"name":"wp","href":"https:\/\/api.w.org\/{rel}","templated":true}]}}