{"id":445,"date":"2022-09-04T07:44:14","date_gmt":"2022-09-04T10:44:14","guid":{"rendered":"https:\/\/www.bocaparatodoelmundo.com.ar\/?p=445"},"modified":"2022-09-04T07:44:36","modified_gmt":"2022-09-04T10:44:36","slug":"aqui-esta-camiseta-que-estrenara-boca-ante-colon-de-santa-fe","status":"publish","type":"post","link":"https:\/\/bocaparatodoelmundo.com.ar\/?p=445","title":{"rendered":"Aqui esta la camiseta que estrenar\u00e1 Boca ante Col\u00f3n de Santa Fe"},"content":{"rendered":"\n<p><strong><em>En su visita al Cementerio de los Elefantes, el Xeneize lucir\u00e1 una indumentaria inspirada en un modelo de los 90.<\/em><\/strong><\/p>\n\n\n\n<p><\/p>\n\n\n\n<p><strong>Boca Juniors estrenar\u00e1 una nueva camiseta cuando visite a Col\u00f3n de Santa Fe por la Fecha 17 de la Liga Profesional.&nbsp;<\/strong>Ser\u00e1 la tercera casaca del Xeneize para la temporada 2022\/23, por detr\u00e1s de la tradicional azul y oro y la ic\u00f3nica amarilla con la que el conjunto de la Ribera gan\u00f3 el Supercl\u00e1sico en el Monumental el pasado 20 de marzo.&nbsp;<strong>La misma emular\u00e1 un modelo que se utiliz\u00f3 a fines de los 90, durante los inicios de Juan Rom\u00e1n Riquelme como futbolista.<\/strong><\/p>\n\n\n\n<figure class=\"wp-block-image size-full\"><img loading=\"lazy\" decoding=\"async\" width=\"770\" height=\"435\" src=\"https:\/\/www.bocaparatodoelmundo.com.ar\/wp-content\/uploads\/2022\/09\/casaca-bocajpg.webp\" alt=\"\" class=\"wp-image-447\" srcset=\"https:\/\/bocaparatodoelmundo.com.ar\/wp-content\/uploads\/2022\/09\/casaca-bocajpg.webp 770w, https:\/\/bocaparatodoelmundo.com.ar\/wp-content\/uploads\/2022\/09\/casaca-bocajpg-300x169.webp 300w, https:\/\/bocaparatodoelmundo.com.ar\/wp-content\/uploads\/2022\/09\/casaca-bocajpg-768x434.webp 768w\" sizes=\"auto, (max-width: 770px) 100vw, 770px\" \/><\/figure>\n\n\n\n<p>Seg\u00fan las im\u00e1genes que se filtraron en las redes sociales,\u00a0<strong>el lanzamiento de Adidas tendr\u00e1 fondo blanco, cuello redondo con los colores azul y amarillo<\/strong>\u00a0(tambi\u00e9n en sus pu\u00f1os) y\u00a0<strong>las tres tiras caracter\u00edsticas de la firma alemana en las mangas.<\/strong>\u00a0Tambi\u00e9n contar\u00e1 con\u00a0<strong>cuatro estrellitas amarillas con las siglas del club<\/strong>, similar a la tan recordada camiseta que utiliz\u00f3 Diego Armando Maradona durante el Campeonato Metropolitano 1981.<\/p>\n\n\n\n<p>Por su parte,\u00a0<strong>la franja horizontal ser\u00e1 de color azul y m\u00e1s ancha que lo habitual<\/strong>, ya que en la parte superior e inferior habr\u00e1n dos amarillas.\u00a0<\/p>\n","protected":false},"excerpt":{"rendered":"<p>En su visita al Cementerio de los Elefantes, el Xeneize lucir\u00e1 una indumentaria inspirada en&#8230;<\/p>\n","protected":false},"author":3,"featured_media":446,"comment_status":"open","ping_status":"open","sticky":false,"template":"","format":"standard","meta":{"footnotes":""},"categories":[4],"tags":[],"class_list":["post-445","post","type-post","status-publish","format-standard","has-post-thumbnail","hentry","category-primera-division-masculina"],"yoast_head":"<!-- This site is optimized with the Yoast SEO plugin v21.4 - https:\/\/yoast.com\/wordpress\/plugins\/seo\/ -->\n<title>Aqui esta la camiseta que estrenar\u00e1 Boca ante Col\u00f3n de Santa Fe - BOCA PARA TODO EL MUNDO<\/title>\n<meta name=\"robots\" content=\"index, follow, max-snippet:-1, max-image-preview:large, max-video-preview:-1\" \/>\n<link rel=\"canonical\" href=\"https:\/\/bocaparatodoelmundo.com.ar\/?p=445\" \/>\n<meta property=\"og:locale\" content=\"es_ES\" \/>\n<meta property=\"og:type\" content=\"article\" \/>\n<meta property=\"og:title\" content=\"Aqui esta la camiseta que estrenar\u00e1 Boca ante Col\u00f3n de Santa Fe - BOCA PARA TODO EL MUNDO\" \/>\n<meta property=\"og:description\" content=\"En su visita al Cementerio de los Elefantes, el Xeneize lucir\u00e1 una indumentaria inspirada en...\" \/>\n<meta property=\"og:url\" content=\"https:\/\/bocaparatodoelmundo.com.ar\/?p=445\" \/>\n<meta property=\"og:site_name\" content=\"BOCA PARA TODO EL MUNDO\" \/>\n<meta property=\"article:published_time\" content=\"2022-09-04T10:44:14+00:00\" \/>\n<meta property=\"article:modified_time\" content=\"2022-09-04T10:44:36+00:00\" \/>\n<meta property=\"og:image\" content=\"https:\/\/bocaparatodoelmundo.com.ar\/wp-content\/uploads\/2022\/09\/FbmmnDcX0AEdN5a.jpg\" \/>\n\t<meta property=\"og:image:width\" content=\"675\" \/>\n\t<meta property=\"og:image:height\" content=\"900\" \/>\n\t<meta property=\"og:image:type\" content=\"image\/jpeg\" \/>\n<meta name=\"author\" content=\"Redaccion BPTM\" \/>\n<meta name=\"twitter:card\" content=\"summary_large_image\" \/>\n<meta name=\"twitter:label1\" content=\"Escrito por\" \/>\n\t<meta name=\"twitter:data1\" content=\"Redaccion BPTM\" \/>\n\t<meta name=\"twitter:label2\" content=\"Tiempo de lectura\" \/>\n\t<meta name=\"twitter:data2\" content=\"2 minutos\" \/>\n<script type=\"application\/ld+json\" class=\"yoast-schema-graph\">{\"@context\":\"https:\/\/schema.org\",\"@graph\":[{\"@type\":\"WebPage\",\"@id\":\"https:\/\/bocaparatodoelmundo.com.ar\/?p=445\",\"url\":\"https:\/\/bocaparatodoelmundo.com.ar\/?p=445\",\"name\":\"Aqui esta la camiseta que estrenar\u00e1 Boca ante Col\u00f3n de Santa Fe - BOCA PARA TODO EL MUNDO\",\"isPartOf\":{\"@id\":\"https:\/\/bocaparatodoelmundo.com.ar\/#website\"},\"datePublished\":\"2022-09-04T10:44:14+00:00\",\"dateModified\":\"2022-09-04T10:44:36+00:00\",\"author\":{\"@id\":\"https:\/\/bocaparatodoelmundo.com.ar\/#\/schema\/person\/cc56d27ea9d37f4cea3636086a1847c5\"},\"breadcrumb\":{\"@id\":\"https:\/\/bocaparatodoelmundo.com.ar\/?p=445#breadcrumb\"},\"inLanguage\":\"es-AR\",\"potentialAction\":[{\"@type\":\"ReadAction\",\"target\":[\"https:\/\/bocaparatodoelmundo.com.ar\/?p=445\"]}]},{\"@type\":\"BreadcrumbList\",\"@id\":\"https:\/\/bocaparatodoelmundo.com.ar\/?p=445#breadcrumb\",\"itemListElement\":[{\"@type\":\"ListItem\",\"position\":1,\"name\":\"Inicio\",\"item\":\"https:\/\/bocaparatodoelmundo.com.ar\/\"},{\"@type\":\"ListItem\",\"position\":2,\"name\":\"Aqui esta la camiseta que estrenar\u00e1 Boca ante Col\u00f3n de Santa Fe\"}]},{\"@type\":\"WebSite\",\"@id\":\"https:\/\/bocaparatodoelmundo.com.ar\/#website\",\"url\":\"https:\/\/bocaparatodoelmundo.com.ar\/\",\"name\":\"BOCA PARA TODO EL MUNDO\",\"description\":\"Toda la historia y actualidad del club atletico boca junios esta aqui\",\"potentialAction\":[{\"@type\":\"SearchAction\",\"target\":{\"@type\":\"EntryPoint\",\"urlTemplate\":\"https:\/\/bocaparatodoelmundo.com.ar\/?s={search_term_string}\"},\"query-input\":\"required name=search_term_string\"}],\"inLanguage\":\"es-AR\"},{\"@type\":\"Person\",\"@id\":\"https:\/\/bocaparatodoelmundo.com.ar\/#\/schema\/person\/cc56d27ea9d37f4cea3636086a1847c5\",\"name\":\"Redaccion BPTM\",\"image\":{\"@type\":\"ImageObject\",\"inLanguage\":\"es-AR\",\"@id\":\"https:\/\/bocaparatodoelmundo.com.ar\/#\/schema\/person\/image\/\",\"url\":\"https:\/\/secure.gravatar.com\/avatar\/3b62665b8c08843736974a055cc2398ba6bb7fd2fe787285105d666c418a7d13?s=96&d=mm&r=g\",\"contentUrl\":\"https:\/\/secure.gravatar.com\/avatar\/3b62665b8c08843736974a055cc2398ba6bb7fd2fe787285105d666c418a7d13?s=96&d=mm&r=g\",\"caption\":\"Redaccion BPTM\"},\"sameAs\":[\"http:\/\/bocaparatodoelmundo.com.ar\"],\"url\":\"https:\/\/bocaparatodoelmundo.com.ar\/?author=3\"}]}<\/script>\n<!-- \/ Yoast SEO plugin. -->","yoast_head_json":{"title":"Aqui esta la camiseta que estrenar\u00e1 Boca ante Col\u00f3n de Santa Fe - BOCA PARA TODO EL MUNDO","robots":{"index":"index","follow":"follow","max-snippet":"max-snippet:-1","max-image-preview":"max-image-preview:large","max-video-preview":"max-video-preview:-1"},"canonical":"https:\/\/bocaparatodoelmundo.com.ar\/?p=445","og_locale":"es_ES","og_type":"article","og_title":"Aqui esta la camiseta que estrenar\u00e1 Boca ante Col\u00f3n de Santa Fe - BOCA PARA TODO EL MUNDO","og_description":"En su visita al Cementerio de los Elefantes, el Xeneize lucir\u00e1 una indumentaria inspirada en...","og_url":"https:\/\/bocaparatodoelmundo.com.ar\/?p=445","og_site_name":"BOCA PARA TODO EL MUNDO","article_published_time":"2022-09-04T10:44:14+00:00","article_modified_time":"2022-09-04T10:44:36+00:00","og_image":[{"width":675,"height":900,"url":"https:\/\/bocaparatodoelmundo.com.ar\/wp-content\/uploads\/2022\/09\/FbmmnDcX0AEdN5a.jpg","type":"image\/jpeg"}],"author":"Redaccion BPTM","twitter_card":"summary_large_image","twitter_misc":{"Escrito por":"Redaccion BPTM","Tiempo de lectura":"2 minutos"},"schema":{"@context":"https:\/\/schema.org","@graph":[{"@type":"WebPage","@id":"https:\/\/bocaparatodoelmundo.com.ar\/?p=445","url":"https:\/\/bocaparatodoelmundo.com.ar\/?p=445","name":"Aqui esta la camiseta que estrenar\u00e1 Boca ante Col\u00f3n de Santa Fe - BOCA PARA TODO EL MUNDO","isPartOf":{"@id":"https:\/\/bocaparatodoelmundo.com.ar\/#website"},"datePublished":"2022-09-04T10:44:14+00:00","dateModified":"2022-09-04T10:44:36+00:00","author":{"@id":"https:\/\/bocaparatodoelmundo.com.ar\/#\/schema\/person\/cc56d27ea9d37f4cea3636086a1847c5"},"breadcrumb":{"@id":"https:\/\/bocaparatodoelmundo.com.ar\/?p=445#breadcrumb"},"inLanguage":"es-AR","potentialAction":[{"@type":"ReadAction","target":["https:\/\/bocaparatodoelmundo.com.ar\/?p=445"]}]},{"@type":"BreadcrumbList","@id":"https:\/\/bocaparatodoelmundo.com.ar\/?p=445#breadcrumb","itemListElement":[{"@type":"ListItem","position":1,"name":"Inicio","item":"https:\/\/bocaparatodoelmundo.com.ar\/"},{"@type":"ListItem","position":2,"name":"Aqui esta la camiseta que estrenar\u00e1 Boca ante Col\u00f3n de Santa Fe"}]},{"@type":"WebSite","@id":"https:\/\/bocaparatodoelmundo.com.ar\/#website","url":"https:\/\/bocaparatodoelmundo.com.ar\/","name":"BOCA PARA TODO EL MUNDO","description":"Toda la historia y actualidad del club atletico boca junios esta aqui","potentialAction":[{"@type":"SearchAction","target":{"@type":"EntryPoint","urlTemplate":"https:\/\/bocaparatodoelmundo.com.ar\/?s={search_term_string}"},"query-input":"required name=search_term_string"}],"inLanguage":"es-AR"},{"@type":"Person","@id":"https:\/\/bocaparatodoelmundo.com.ar\/#\/schema\/person\/cc56d27ea9d37f4cea3636086a1847c5","name":"Redaccion BPTM","image":{"@type":"ImageObject","inLanguage":"es-AR","@id":"https:\/\/bocaparatodoelmundo.com.ar\/#\/schema\/person\/image\/","url":"https:\/\/secure.gravatar.com\/avatar\/3b62665b8c08843736974a055cc2398ba6bb7fd2fe787285105d666c418a7d13?s=96&d=mm&r=g","contentUrl":"https:\/\/secure.gravatar.com\/avatar\/3b62665b8c08843736974a055cc2398ba6bb7fd2fe787285105d666c418a7d13?s=96&d=mm&r=g","caption":"Redaccion BPTM"},"sameAs":["http:\/\/bocaparatodoelmundo.com.ar"],"url":"https:\/\/bocaparatodoelmundo.com.ar\/?author=3"}]}},"_links":{"self":[{"href":"https:\/\/bocaparatodoelmundo.com.ar\/index.php?rest_route=\/wp\/v2\/posts\/445","targetHints":{"allow":["GET"]}}],"collection":[{"href":"https:\/\/bocaparatodoelmundo.com.ar\/index.php?rest_route=\/wp\/v2\/posts"}],"about":[{"href":"https:\/\/bocaparatodoelmundo.com.ar\/index.php?rest_route=\/wp\/v2\/types\/post"}],"author":[{"embeddable":true,"href":"https:\/\/bocaparatodoelmundo.com.ar\/index.php?rest_route=\/wp\/v2\/users\/3"}],"replies":[{"embeddable":true,"href":"https:\/\/bocaparatodoelmundo.com.ar\/index.php?rest_route=%2Fwp%2Fv2%2Fcomments&post=445"}],"version-history":[{"count":2,"href":"https:\/\/bocaparatodoelmundo.com.ar\/index.php?rest_route=\/wp\/v2\/posts\/445\/revisions"}],"predecessor-version":[{"id":449,"href":"https:\/\/bocaparatodoelmundo.com.ar\/index.php?rest_route=\/wp\/v2\/posts\/445\/revisions\/449"}],"wp:featuredmedia":[{"embeddable":true,"href":"https:\/\/bocaparatodoelmundo.com.ar\/index.php?rest_route=\/wp\/v2\/media\/446"}],"wp:attachment":[{"href":"https:\/\/bocaparatodoelmundo.com.ar\/index.php?rest_route=%2Fwp%2Fv2%2Fmedia&parent=445"}],"wp:term":[{"taxonomy":"category","embeddable":true,"href":"https:\/\/bocaparatodoelmundo.com.ar\/index.php?rest_route=%2Fwp%2Fv2%2Fcategories&post=445"},{"taxonomy":"post_tag","embeddable":true,"href":"https:\/\/bocaparatodoelmundo.com.ar\/index.php?rest_route=%2Fwp%2Fv2%2Ftags&post=445"}],"curies":[{"name":"wp","href":"https:\/\/api.w.org\/{rel}","templated":true}]}}