{"id":3704,"date":"2026-01-27T23:28:48","date_gmt":"2026-01-28T02:28:48","guid":{"rendered":"https:\/\/bocaparatodoelmundo.com.ar\/?p=3704"},"modified":"2026-01-27T23:28:49","modified_gmt":"2026-01-28T02:28:49","slug":"ascacibar-y-romero-las-nuevas-caras-de-boca","status":"publish","type":"post","link":"https:\/\/bocaparatodoelmundo.com.ar\/?p=3704","title":{"rendered":"Ascacibar y Romero, las nuevas caras de Boca"},"content":{"rendered":"\n<h4 class=\"wp-block-heading\">Santiago Ascac\u00edbar y \u00c1ngel Romero fueron presentados como nuevos refuerzos para el equipo que conduce Claudio \u00dabeda. Todos los detalles.<\/h4>\n\n\n\n<p>Con una demora de casi dos horas respecto del horario anunciado, Boca present\u00f3 a sus dos flamantes refuerzos: el paraguayo&nbsp;<strong>\u00c1ngel Romero<\/strong>&nbsp;(33 a\u00f1os, libre de Corinthians, de Brasil) y&nbsp;<strong>Santiago Ascacibar&nbsp;<\/strong>(28, el equipo xeneize le compr\u00f3 el 80% del pase a Estudiantes de La Plata). Los dorsales de ambos empezar\u00e1n con el dos: el delantero guaran\u00ed llevar\u00e1 el 29, mientras que el Ruso usar\u00e1 la 25. Las dos fueron gestiones que se activaron en las \u00faltimas horas y ambos futbolistas&nbsp;<strong>vivieron a ritmo de videoclip<\/strong>&nbsp;su primer d\u00eda como jugadores de Boca: revisi\u00f3n m\u00e9dica, firma de contrato -un a\u00f1o con opci\u00f3n a otra para el guaran\u00ed; cuatro temporadas para el argentino- y primer entrenamiento a las \u00f3rdenes de&nbsp;<strong>Claudio \u00dabeda<\/strong>.<\/p>\n\n\n\n<p>\u201cEstamos muy contentos de estar ac\u00e1. Siempre que tenemos la suerte de presentar a jugadores nuevos que llegan a nuestro club&nbsp;<strong>nos da mucha felicidad<\/strong>. S\u00f3lo desearle much\u00edsima suerte a \u00c1ngel&#8230; que lo pases bien, como lo ha hecho tu hermano. A Santi, desearle mucha suerte.&nbsp;<strong>Creo que la familia est\u00e1 contenta. Eso me parece muy importante<\/strong>. Y desearte que disfrutes mucho tambi\u00e9n\u201d, los introdujo el presidente,&nbsp;<strong>Juan Rom\u00e1n Riquelme<\/strong>. Al paraguayo, m\u00e1s cercano por la relaci\u00f3n con \u00d3scar, quien visti\u00f3 la camiseta azul y oro entre 2022 y 2023, le acarici\u00f3 la cabeza. Luego, ambos dieron sus primeras impresiones como futbolistas xeneizes.<\/p>\n\n\n\n<iframe loading=\"lazy\" width=\"640\" height=\"360\" src=\"https:\/\/www.youtube.com\/embed\/kvhGP-5cjdY\" title=\"PRESENTACI\u00d3N de ASCACIBAR y ROMERO EN VIVO desde BOCA PREDIO | EL CANAL DE BOCA\" frameborder=\"0\" allow=\"accelerometer; autoplay; clipboard-write; encrypted-media; gyroscope; picture-in-picture; web-share\" referrerpolicy=\"strict-origin-when-cross-origin\" allowfullscreen><\/iframe>\n\n\n\n<p>Para\u00a0<strong>\u00c1ngel Romero<\/strong>, la Bombonera es tierra conocida. Estuvo en\u00a0<strong>Casa Amarilla<\/strong>\u00a0de adolescente, pura ilusi\u00f3n. Hizo una prueba y qued\u00f3 junto a su hermano \u00d3scar, inseparable -\u201cHablo con \u00e9l m\u00e1s que con mi mujer\u201d, cont\u00f3 entre risas-. Fue alcanzapelotas y pis\u00f3 el estadio, pero no pudo quedarse porque su madre ten\u00eda un trabajo en Paraguay y no pod\u00eda vivir en Buenos Aires junto a sus hijos. De alguna manera, \u00c1ngel se jurament\u00f3 cumplir su sue\u00f1o.\u00a0<strong>Y le lleg\u00f3 el d\u00eda.<\/strong><\/p>\n\n\n\n<p>\u201cEs un sue\u00f1o hecho realidad. \u00d3scar ya lo hizo hace poquitos a\u00f1os. Me faltaba a m\u00ed poder vivir y disfrutar este momento. [Aquello] fue en 2007. Vinimos a probarnos. Pasamos, pudimos quedar, pero no pudimos fichar. Mi madre no pod\u00eda venir a vivir con nosotros en Argentina.&nbsp;<strong>Fue una l\u00e1stima porque ten\u00eda muchas ganas<\/strong>. Era el a\u00f1o en el que Boca sali\u00f3 campe\u00f3n de la Libertadores. Fuimos pasapelotas, conocimos y quer\u00edamos vivir esa experiencia. Me toca de grande, espero poder disfrutarlo. \u00d3scar me coment\u00f3 lo que es el mundo Boca.&nbsp;<strong>Hoy comienza mi historia y tratar\u00e9 de hacerlo de la mejor manera<\/strong>\u201d, confes\u00f3 el paraguayo, m\u00e1s acostumbrado a jugar de mediapunta o de falso nueve en los \u00faltimos a\u00f1os y con la camiseta de&nbsp;<strong>Corinthians<\/strong>.<\/p>\n\n\n\n\n\n<p>Para Ascacibar la historia es diferente. Luego de ganarlo todo a nivel local con&nbsp;<strong>Estudiantes de La Plata<\/strong>, el club que lo form\u00f3, decidi\u00f3 desafiarse a otro nivel. Son\u00f3 en&nbsp;<strong>River<\/strong>, pero termin\u00f3 en Boca. Y \u00e9l mismo cont\u00f3 por qu\u00e9: \u201cQuer\u00eda venir. Me llena de felicidad.<strong>&nbsp;A River no quer\u00eda ir<\/strong>. Fue lo que le plante\u00e9 a mis agentes. Quer\u00eda jugar en Boca\u201d, asegur\u00f3. Su hermano, fan\u00e1tico xeneize, lo llamaba todos los d\u00edas para ver si la historia se resolv\u00eda. \u201cEstaba todos los d\u00edas mand\u00e1ndome mensajes. Falt\u00f3 al trabajo. Ama a este club. Ahora tambi\u00e9n es jugar por ellos\u201d, cont\u00f3 el Ruso, que visti\u00f3 las camisetas de los alemanes&nbsp;<strong>Stuttgart<\/strong>&nbsp;y&nbsp;<strong>Hertha Berlin<\/strong>.<\/p>\n\n\n\n<p>Romero mencion\u00f3 varias veces la palabra \u201cdesaf\u00edo\u201d. Y admiti\u00f3 que charl\u00f3 con&nbsp;<strong>Gustavo Alfaro<\/strong>&nbsp;-ex DT de Boca, actual entrenador de la selecci\u00f3n paraguaya- sobre su nuevo club. En 2026, a\u00f1o mundialista, un buen nivel a las \u00f3rdenes de&nbsp;<strong>Claudio \u00dabeda<\/strong>&nbsp;podr\u00eda catapultarlo a la pr\u00f3xima Copa del Mundo. El Mellizo lo sabe: \u201c<strong>Jugar en Boca es vidriera pura<\/strong>. Es estar en la boca de todos. Fue una decisi\u00f3n venir ac\u00e1, para poder estar en este mundo, exigirme, estar al 100 en lo f\u00edsico, en lo mental. Ac\u00e1 uno tiene que estar bien mentalmente. No es f\u00e1cil jugar ac\u00e1 en Boca. Es muy grande. Me gustan los desaf\u00edos y tratar de estar a la altura de esta instituci\u00f3n y ganar cosas\u201d, se ilusion\u00f3.<\/p>\n\n\n\n<figure class=\"wp-block-image\"><img decoding=\"async\" src=\"https:\/\/s.yimg.com\/ny\/api\/res\/1.2\/lmEZrQU37yQsAJ8nPkXdPA--\/YXBwaWQ9aGlnaGxhbmRlcjt3PTk2MDtoPTEyODA7Y2Y9d2VicA--\/https:\/\/media.zenfs.com\/es\/lanacion.com.ar\/20db7d00e36cc0e99900e3fb8a81f4c5\" alt=\"Los jugadores de Boca le dan la bienvenida a Santiago Ascacibar, nuevo refuerzo xeneize\"\/><figcaption class=\"wp-element-caption\">Los jugadores de Boca le dan la bienvenida a Santiago Ascacibar, nuevo refuerzo xeneize<\/figcaption><\/figure>\n\n\n\n<p>Ascacibar, en cambio, rechaz\u00f3 hablar del pr\u00f3ximo Mundial. El excapit\u00e1n&nbsp;<em>pincharrata<\/em>&nbsp;va paso a paso. \u201c<strong>La verdad que hablar del Mundial es hablar muy a futuro<\/strong>. Tengo la cabeza puesta en lo que le puedo dar al equipo\u201d, respondi\u00f3 Ascacibar. Y elogi\u00f3 a&nbsp;<strong>Paredes<\/strong>, el referente de la sala de m\u00e1quinas de Boca: \u201cTodos saben lo que es Leo. Tener a un compa\u00f1ero as\u00ed lo hace mejorar y mejorar\u201d.<\/p>\n","protected":false},"excerpt":{"rendered":"<p>Santiago Ascac\u00edbar y \u00c1ngel Romero fueron presentados como nuevos refuerzos para el equipo que conduce&#8230;<\/p>\n","protected":false},"author":3,"featured_media":3705,"comment_status":"open","ping_status":"open","sticky":false,"template":"","format":"standard","meta":{"footnotes":""},"categories":[4],"tags":[],"class_list":["post-3704","post","type-post","status-publish","format-standard","has-post-thumbnail","hentry","category-primera-division-masculina"],"yoast_head":"<!-- This site is optimized with the Yoast SEO plugin v21.4 - https:\/\/yoast.com\/wordpress\/plugins\/seo\/ -->\n<title>Ascacibar y Romero, las nuevas caras de Boca - BOCA PARA TODO EL MUNDO<\/title>\n<meta name=\"robots\" content=\"index, follow, max-snippet:-1, max-image-preview:large, max-video-preview:-1\" \/>\n<link rel=\"canonical\" href=\"https:\/\/bocaparatodoelmundo.com.ar\/?p=3704\" \/>\n<meta property=\"og:locale\" content=\"es_ES\" \/>\n<meta property=\"og:type\" content=\"article\" \/>\n<meta property=\"og:title\" content=\"Ascacibar y Romero, las nuevas caras de Boca - BOCA PARA TODO EL MUNDO\" \/>\n<meta property=\"og:description\" content=\"Santiago Ascac\u00edbar y \u00c1ngel Romero fueron presentados como nuevos refuerzos para el equipo que conduce...\" \/>\n<meta property=\"og:url\" content=\"https:\/\/bocaparatodoelmundo.com.ar\/?p=3704\" \/>\n<meta property=\"og:site_name\" content=\"BOCA PARA TODO EL MUNDO\" \/>\n<meta property=\"article:published_time\" content=\"2026-01-28T02:28:48+00:00\" \/>\n<meta property=\"article:modified_time\" content=\"2026-01-28T02:28:49+00:00\" \/>\n<meta property=\"og:image\" content=\"https:\/\/bocaparatodoelmundo.com.ar\/wp-content\/uploads\/2026\/01\/fe35985bda96c02b1d25a57ebd29af58.webp\" \/>\n\t<meta property=\"og:image:width\" content=\"768\" \/>\n\t<meta property=\"og:image:height\" content=\"521\" \/>\n\t<meta property=\"og:image:type\" content=\"image\/webp\" \/>\n<meta name=\"author\" content=\"Redaccion BPTM\" \/>\n<meta name=\"twitter:card\" content=\"summary_large_image\" \/>\n<meta name=\"twitter:label1\" content=\"Escrito por\" \/>\n\t<meta name=\"twitter:data1\" content=\"Redaccion BPTM\" \/>\n\t<meta name=\"twitter:label2\" content=\"Tiempo de lectura\" \/>\n\t<meta name=\"twitter:data2\" content=\"4 minutos\" \/>\n<script type=\"application\/ld+json\" class=\"yoast-schema-graph\">{\"@context\":\"https:\/\/schema.org\",\"@graph\":[{\"@type\":\"WebPage\",\"@id\":\"https:\/\/bocaparatodoelmundo.com.ar\/?p=3704\",\"url\":\"https:\/\/bocaparatodoelmundo.com.ar\/?p=3704\",\"name\":\"Ascacibar y Romero, las nuevas caras de Boca - BOCA PARA TODO EL MUNDO\",\"isPartOf\":{\"@id\":\"https:\/\/bocaparatodoelmundo.com.ar\/#website\"},\"datePublished\":\"2026-01-28T02:28:48+00:00\",\"dateModified\":\"2026-01-28T02:28:49+00:00\",\"author\":{\"@id\":\"https:\/\/bocaparatodoelmundo.com.ar\/#\/schema\/person\/cc56d27ea9d37f4cea3636086a1847c5\"},\"breadcrumb\":{\"@id\":\"https:\/\/bocaparatodoelmundo.com.ar\/?p=3704#breadcrumb\"},\"inLanguage\":\"es-AR\",\"potentialAction\":[{\"@type\":\"ReadAction\",\"target\":[\"https:\/\/bocaparatodoelmundo.com.ar\/?p=3704\"]}]},{\"@type\":\"BreadcrumbList\",\"@id\":\"https:\/\/bocaparatodoelmundo.com.ar\/?p=3704#breadcrumb\",\"itemListElement\":[{\"@type\":\"ListItem\",\"position\":1,\"name\":\"Inicio\",\"item\":\"https:\/\/bocaparatodoelmundo.com.ar\/\"},{\"@type\":\"ListItem\",\"position\":2,\"name\":\"Ascacibar y Romero, las nuevas caras de Boca\"}]},{\"@type\":\"WebSite\",\"@id\":\"https:\/\/bocaparatodoelmundo.com.ar\/#website\",\"url\":\"https:\/\/bocaparatodoelmundo.com.ar\/\",\"name\":\"BOCA PARA TODO EL MUNDO\",\"description\":\"Toda la historia y actualidad del club atletico boca junios esta aqui\",\"potentialAction\":[{\"@type\":\"SearchAction\",\"target\":{\"@type\":\"EntryPoint\",\"urlTemplate\":\"https:\/\/bocaparatodoelmundo.com.ar\/?s={search_term_string}\"},\"query-input\":\"required name=search_term_string\"}],\"inLanguage\":\"es-AR\"},{\"@type\":\"Person\",\"@id\":\"https:\/\/bocaparatodoelmundo.com.ar\/#\/schema\/person\/cc56d27ea9d37f4cea3636086a1847c5\",\"name\":\"Redaccion BPTM\",\"image\":{\"@type\":\"ImageObject\",\"inLanguage\":\"es-AR\",\"@id\":\"https:\/\/bocaparatodoelmundo.com.ar\/#\/schema\/person\/image\/\",\"url\":\"https:\/\/secure.gravatar.com\/avatar\/3b62665b8c08843736974a055cc2398ba6bb7fd2fe787285105d666c418a7d13?s=96&d=mm&r=g\",\"contentUrl\":\"https:\/\/secure.gravatar.com\/avatar\/3b62665b8c08843736974a055cc2398ba6bb7fd2fe787285105d666c418a7d13?s=96&d=mm&r=g\",\"caption\":\"Redaccion BPTM\"},\"sameAs\":[\"http:\/\/bocaparatodoelmundo.com.ar\"],\"url\":\"https:\/\/bocaparatodoelmundo.com.ar\/?author=3\"}]}<\/script>\n<!-- \/ Yoast SEO plugin. -->","yoast_head_json":{"title":"Ascacibar y Romero, las nuevas caras de Boca - BOCA PARA TODO EL MUNDO","robots":{"index":"index","follow":"follow","max-snippet":"max-snippet:-1","max-image-preview":"max-image-preview:large","max-video-preview":"max-video-preview:-1"},"canonical":"https:\/\/bocaparatodoelmundo.com.ar\/?p=3704","og_locale":"es_ES","og_type":"article","og_title":"Ascacibar y Romero, las nuevas caras de Boca - BOCA PARA TODO EL MUNDO","og_description":"Santiago Ascac\u00edbar y \u00c1ngel Romero fueron presentados como nuevos refuerzos para el equipo que conduce...","og_url":"https:\/\/bocaparatodoelmundo.com.ar\/?p=3704","og_site_name":"BOCA PARA TODO EL MUNDO","article_published_time":"2026-01-28T02:28:48+00:00","article_modified_time":"2026-01-28T02:28:49+00:00","og_image":[{"width":768,"height":521,"url":"https:\/\/bocaparatodoelmundo.com.ar\/wp-content\/uploads\/2026\/01\/fe35985bda96c02b1d25a57ebd29af58.webp","type":"image\/webp"}],"author":"Redaccion BPTM","twitter_card":"summary_large_image","twitter_misc":{"Escrito por":"Redaccion BPTM","Tiempo de lectura":"4 minutos"},"schema":{"@context":"https:\/\/schema.org","@graph":[{"@type":"WebPage","@id":"https:\/\/bocaparatodoelmundo.com.ar\/?p=3704","url":"https:\/\/bocaparatodoelmundo.com.ar\/?p=3704","name":"Ascacibar y Romero, las nuevas caras de Boca - BOCA PARA TODO EL MUNDO","isPartOf":{"@id":"https:\/\/bocaparatodoelmundo.com.ar\/#website"},"datePublished":"2026-01-28T02:28:48+00:00","dateModified":"2026-01-28T02:28:49+00:00","author":{"@id":"https:\/\/bocaparatodoelmundo.com.ar\/#\/schema\/person\/cc56d27ea9d37f4cea3636086a1847c5"},"breadcrumb":{"@id":"https:\/\/bocaparatodoelmundo.com.ar\/?p=3704#breadcrumb"},"inLanguage":"es-AR","potentialAction":[{"@type":"ReadAction","target":["https:\/\/bocaparatodoelmundo.com.ar\/?p=3704"]}]},{"@type":"BreadcrumbList","@id":"https:\/\/bocaparatodoelmundo.com.ar\/?p=3704#breadcrumb","itemListElement":[{"@type":"ListItem","position":1,"name":"Inicio","item":"https:\/\/bocaparatodoelmundo.com.ar\/"},{"@type":"ListItem","position":2,"name":"Ascacibar y Romero, las nuevas caras de Boca"}]},{"@type":"WebSite","@id":"https:\/\/bocaparatodoelmundo.com.ar\/#website","url":"https:\/\/bocaparatodoelmundo.com.ar\/","name":"BOCA PARA TODO EL MUNDO","description":"Toda la historia y actualidad del club atletico boca junios esta aqui","potentialAction":[{"@type":"SearchAction","target":{"@type":"EntryPoint","urlTemplate":"https:\/\/bocaparatodoelmundo.com.ar\/?s={search_term_string}"},"query-input":"required name=search_term_string"}],"inLanguage":"es-AR"},{"@type":"Person","@id":"https:\/\/bocaparatodoelmundo.com.ar\/#\/schema\/person\/cc56d27ea9d37f4cea3636086a1847c5","name":"Redaccion BPTM","image":{"@type":"ImageObject","inLanguage":"es-AR","@id":"https:\/\/bocaparatodoelmundo.com.ar\/#\/schema\/person\/image\/","url":"https:\/\/secure.gravatar.com\/avatar\/3b62665b8c08843736974a055cc2398ba6bb7fd2fe787285105d666c418a7d13?s=96&d=mm&r=g","contentUrl":"https:\/\/secure.gravatar.com\/avatar\/3b62665b8c08843736974a055cc2398ba6bb7fd2fe787285105d666c418a7d13?s=96&d=mm&r=g","caption":"Redaccion BPTM"},"sameAs":["http:\/\/bocaparatodoelmundo.com.ar"],"url":"https:\/\/bocaparatodoelmundo.com.ar\/?author=3"}]}},"_links":{"self":[{"href":"https:\/\/bocaparatodoelmundo.com.ar\/index.php?rest_route=\/wp\/v2\/posts\/3704","targetHints":{"allow":["GET"]}}],"collection":[{"href":"https:\/\/bocaparatodoelmundo.com.ar\/index.php?rest_route=\/wp\/v2\/posts"}],"about":[{"href":"https:\/\/bocaparatodoelmundo.com.ar\/index.php?rest_route=\/wp\/v2\/types\/post"}],"author":[{"embeddable":true,"href":"https:\/\/bocaparatodoelmundo.com.ar\/index.php?rest_route=\/wp\/v2\/users\/3"}],"replies":[{"embeddable":true,"href":"https:\/\/bocaparatodoelmundo.com.ar\/index.php?rest_route=%2Fwp%2Fv2%2Fcomments&post=3704"}],"version-history":[{"count":1,"href":"https:\/\/bocaparatodoelmundo.com.ar\/index.php?rest_route=\/wp\/v2\/posts\/3704\/revisions"}],"predecessor-version":[{"id":3706,"href":"https:\/\/bocaparatodoelmundo.com.ar\/index.php?rest_route=\/wp\/v2\/posts\/3704\/revisions\/3706"}],"wp:featuredmedia":[{"embeddable":true,"href":"https:\/\/bocaparatodoelmundo.com.ar\/index.php?rest_route=\/wp\/v2\/media\/3705"}],"wp:attachment":[{"href":"https:\/\/bocaparatodoelmundo.com.ar\/index.php?rest_route=%2Fwp%2Fv2%2Fmedia&parent=3704"}],"wp:term":[{"taxonomy":"category","embeddable":true,"href":"https:\/\/bocaparatodoelmundo.com.ar\/index.php?rest_route=%2Fwp%2Fv2%2Fcategories&post=3704"},{"taxonomy":"post_tag","embeddable":true,"href":"https:\/\/bocaparatodoelmundo.com.ar\/index.php?rest_route=%2Fwp%2Fv2%2Ftags&post=3704"}],"curies":[{"name":"wp","href":"https:\/\/api.w.org\/{rel}","templated":true}]}}