{"id":3625,"date":"2025-07-24T10:04:28","date_gmt":"2025-07-24T13:04:28","guid":{"rendered":"https:\/\/bocaparatodoelmundo.com.ar\/?p=3625"},"modified":"2025-07-24T10:04:31","modified_gmt":"2025-07-24T13:04:31","slug":"primera-manifestacion-popular-contra-la-gestion-de-riquelme-en-boca","status":"publish","type":"post","link":"https:\/\/bocaparatodoelmundo.com.ar\/?p=3625","title":{"rendered":"Primera manifestaci\u00f3n popular contra la gesti\u00f3n de Riquelme en Boca"},"content":{"rendered":"\n<h4 class=\"wp-block-heading\"><strong>La eliminaci\u00f3n de Boca Juniors ante Atl\u00e9tico Tucum\u00e1n en los 16avos de final de la Copa Argentina encendi\u00f3 todas las alarmas en el mundo Xeneize.\u00a0<\/strong><\/h4>\n\n\n\n<p><strong>Y la reacci\u00f3n lleg\u00f3 r\u00e1pido: un grupo de hinchas lanz\u00f3 una convocatoria para este jueves 24 de julio, a las 19, frente a La Bombonera, para exigir la renuncia de Juan Rom\u00e1n Riquelme como presidente y la disoluci\u00f3n del Consejo de F\u00fatbol, integrado por Marcelo Delgado, Chicho Serna y Alfredo Cascini.<\/strong><br>El banderazo, promovido a trav\u00e9s de redes sociales, se viraliz\u00f3 en cuesti\u00f3n de horas y se convirti\u00f3 en tendencia nacional, acompa\u00f1ado por el hashtag #AndateRiquelme.\u00a0<br><\/p>\n\n\n\n<p>Los organizadores llaman a concentrarse en Brandsen 805, la m\u00edtica sede de Boca, aunque saben que el presidente rara vez pisa ese lugar: Riquelme trabaja habitualmente en el Boca Predio de Ezeiza.<br>La eliminaci\u00f3n de anoche no fue una m\u00e1s: adem\u00e1s de ser un nuevo golpe futbol\u00edstico, dej\u00f3 a Boca casi sin chances de clasificar a la Copa Libertadores 2026. La Copa Argentina era una de las v\u00edas m\u00e1s accesibles para llegar al m\u00e1ximo torneo continental, y con este traspi\u00e9 el equipo se encamina a quedar afuera por tercer a\u00f1o consecutivo, algo que no suced\u00eda desde hace d\u00e9cadas.<\/p>\n\n\n\n<p>El equipo, dirigido actualmente por Miguel \u00c1ngel Russo, mostr\u00f3 una imagen preocupante y termin\u00f3&nbsp;<a href=\"https:\/\/www.eltribuno.com\/deportes\/2025-7-24-7-21-0-boca-navega-sin-rumbo-hinchas-preparan-banderazo-para-pedirle-la-renuncia-a-riquelme\">cayendo&nbsp;<\/a>ante el Decano tucumano dejano una pobr\u00edsima imagen. Para muchos hinchas, la eliminaci\u00f3n es la gota que rebals\u00f3 el vaso en una gesti\u00f3n que, aseguran, se ha caracterizado por improvisaci\u00f3n, favoritismos y una alarmante falta de resultados deportivos.<\/p>\n\n\n\n<p>\u201cQueremos que se vayan todos, est\u00e1n destruyendo el club\u201d, escribieron algunos usuarios en X (ex Twitter). Aunque la protesta no cuenta con apoyo de agrupaciones ni barras, el mensaje comienza a encontrar eco en las tribunas, donde el clima empieza a cambiar de respaldo incondicional a cr\u00edtica abierta.<\/p>\n\n\n\n<p>Desde el oficialismo, por ahora, no hay declaraciones p\u00fablicas. Sin embargo, fuentes cercanas a la conducci\u00f3n minimizaron el alcance del banderazo y aseguran que la base de socios sigue respaldando a Riquelme, pese a los recientes fracasos.<\/p>\n\n\n\n<p>En paralelo, el Consejo de F\u00fatbol -una de las estructuras m\u00e1s resistidas por los hinchas- est\u00e1 en el centro del debate. Acusado de manejar el club como un vestuario cerrado, con decisiones poco transparentes y una gesti\u00f3n deportiva que no da resultados, el Consejo hoy representa, para muchos, el principal obst\u00e1culo para el resurgir futbol\u00edstico del Xeneize.<\/p>\n\n\n\n<p>Queda por ver si este banderazo se traduce en una verdadera se\u00f1al de ruptura o si queda solo en el terreno virtual. Lo concreto es que, tras otro papel\u00f3n deportivo, Boca navega sin rumbo y con cada vez m\u00e1s voces pidiendo cambios profundos.&nbsp;<a href=\"https:\/\/www.eltribuno.com\/deportes\/2025-7-24-7-21-0-boca-navega-sin-rumbo-hinchas-preparan-banderazo-para-pedirle-la-renuncia-a-riquelme\">&nbsp;\/El Tribuno&nbsp; &nbsp; &nbsp;<\/a><\/p>\n","protected":false},"excerpt":{"rendered":"<p>La eliminaci\u00f3n de Boca Juniors ante Atl\u00e9tico Tucum\u00e1n en los 16avos de final de la&#8230;<\/p>\n","protected":false},"author":3,"featured_media":3626,"comment_status":"open","ping_status":"open","sticky":false,"template":"","format":"standard","meta":{"footnotes":""},"categories":[22],"tags":[],"class_list":["post-3625","post","type-post","status-publish","format-standard","has-post-thumbnail","hentry","category-noticias-del-club"],"yoast_head":"<!-- This site is optimized with the Yoast SEO plugin v21.4 - https:\/\/yoast.com\/wordpress\/plugins\/seo\/ -->\n<title>Primera manifestaci\u00f3n popular contra la gesti\u00f3n de Riquelme en Boca - BOCA PARA TODO EL MUNDO<\/title>\n<meta name=\"robots\" content=\"index, follow, max-snippet:-1, max-image-preview:large, max-video-preview:-1\" \/>\n<link rel=\"canonical\" href=\"https:\/\/bocaparatodoelmundo.com.ar\/?p=3625\" \/>\n<meta property=\"og:locale\" content=\"es_ES\" \/>\n<meta property=\"og:type\" content=\"article\" \/>\n<meta property=\"og:title\" content=\"Primera manifestaci\u00f3n popular contra la gesti\u00f3n de Riquelme en Boca - BOCA PARA TODO EL MUNDO\" \/>\n<meta property=\"og:description\" content=\"La eliminaci\u00f3n de Boca Juniors ante Atl\u00e9tico Tucum\u00e1n en los 16avos de final de la...\" \/>\n<meta property=\"og:url\" content=\"https:\/\/bocaparatodoelmundo.com.ar\/?p=3625\" \/>\n<meta property=\"og:site_name\" content=\"BOCA PARA TODO EL MUNDO\" \/>\n<meta property=\"article:published_time\" content=\"2025-07-24T13:04:28+00:00\" \/>\n<meta property=\"article:modified_time\" content=\"2025-07-24T13:04:31+00:00\" \/>\n<meta property=\"og:image\" content=\"https:\/\/bocaparatodoelmundo.com.ar\/wp-content\/uploads\/2025\/07\/riquelme-preocupado-jpg.jpg\" \/>\n\t<meta property=\"og:image:width\" content=\"600\" \/>\n\t<meta property=\"og:image:height\" content=\"365\" \/>\n\t<meta property=\"og:image:type\" content=\"image\/jpeg\" \/>\n<meta name=\"author\" content=\"Redaccion BPTM\" \/>\n<meta name=\"twitter:card\" content=\"summary_large_image\" \/>\n<meta name=\"twitter:label1\" content=\"Escrito por\" \/>\n\t<meta name=\"twitter:data1\" content=\"Redaccion BPTM\" \/>\n\t<meta name=\"twitter:label2\" content=\"Tiempo de lectura\" \/>\n\t<meta name=\"twitter:data2\" content=\"3 minutos\" \/>\n<script type=\"application\/ld+json\" class=\"yoast-schema-graph\">{\"@context\":\"https:\/\/schema.org\",\"@graph\":[{\"@type\":\"WebPage\",\"@id\":\"https:\/\/bocaparatodoelmundo.com.ar\/?p=3625\",\"url\":\"https:\/\/bocaparatodoelmundo.com.ar\/?p=3625\",\"name\":\"Primera manifestaci\u00f3n popular contra la gesti\u00f3n de Riquelme en Boca - BOCA PARA TODO EL MUNDO\",\"isPartOf\":{\"@id\":\"https:\/\/bocaparatodoelmundo.com.ar\/#website\"},\"datePublished\":\"2025-07-24T13:04:28+00:00\",\"dateModified\":\"2025-07-24T13:04:31+00:00\",\"author\":{\"@id\":\"https:\/\/bocaparatodoelmundo.com.ar\/#\/schema\/person\/cc56d27ea9d37f4cea3636086a1847c5\"},\"breadcrumb\":{\"@id\":\"https:\/\/bocaparatodoelmundo.com.ar\/?p=3625#breadcrumb\"},\"inLanguage\":\"es-AR\",\"potentialAction\":[{\"@type\":\"ReadAction\",\"target\":[\"https:\/\/bocaparatodoelmundo.com.ar\/?p=3625\"]}]},{\"@type\":\"BreadcrumbList\",\"@id\":\"https:\/\/bocaparatodoelmundo.com.ar\/?p=3625#breadcrumb\",\"itemListElement\":[{\"@type\":\"ListItem\",\"position\":1,\"name\":\"Inicio\",\"item\":\"https:\/\/bocaparatodoelmundo.com.ar\/\"},{\"@type\":\"ListItem\",\"position\":2,\"name\":\"Primera manifestaci\u00f3n popular contra la gesti\u00f3n de Riquelme en Boca\"}]},{\"@type\":\"WebSite\",\"@id\":\"https:\/\/bocaparatodoelmundo.com.ar\/#website\",\"url\":\"https:\/\/bocaparatodoelmundo.com.ar\/\",\"name\":\"BOCA PARA TODO EL MUNDO\",\"description\":\"Toda la historia y actualidad del club atletico boca junios esta aqui\",\"potentialAction\":[{\"@type\":\"SearchAction\",\"target\":{\"@type\":\"EntryPoint\",\"urlTemplate\":\"https:\/\/bocaparatodoelmundo.com.ar\/?s={search_term_string}\"},\"query-input\":\"required name=search_term_string\"}],\"inLanguage\":\"es-AR\"},{\"@type\":\"Person\",\"@id\":\"https:\/\/bocaparatodoelmundo.com.ar\/#\/schema\/person\/cc56d27ea9d37f4cea3636086a1847c5\",\"name\":\"Redaccion BPTM\",\"image\":{\"@type\":\"ImageObject\",\"inLanguage\":\"es-AR\",\"@id\":\"https:\/\/bocaparatodoelmundo.com.ar\/#\/schema\/person\/image\/\",\"url\":\"https:\/\/secure.gravatar.com\/avatar\/3b62665b8c08843736974a055cc2398ba6bb7fd2fe787285105d666c418a7d13?s=96&d=mm&r=g\",\"contentUrl\":\"https:\/\/secure.gravatar.com\/avatar\/3b62665b8c08843736974a055cc2398ba6bb7fd2fe787285105d666c418a7d13?s=96&d=mm&r=g\",\"caption\":\"Redaccion BPTM\"},\"sameAs\":[\"http:\/\/bocaparatodoelmundo.com.ar\"],\"url\":\"https:\/\/bocaparatodoelmundo.com.ar\/?author=3\"}]}<\/script>\n<!-- \/ Yoast SEO plugin. -->","yoast_head_json":{"title":"Primera manifestaci\u00f3n popular contra la gesti\u00f3n de Riquelme en Boca - BOCA PARA TODO EL MUNDO","robots":{"index":"index","follow":"follow","max-snippet":"max-snippet:-1","max-image-preview":"max-image-preview:large","max-video-preview":"max-video-preview:-1"},"canonical":"https:\/\/bocaparatodoelmundo.com.ar\/?p=3625","og_locale":"es_ES","og_type":"article","og_title":"Primera manifestaci\u00f3n popular contra la gesti\u00f3n de Riquelme en Boca - BOCA PARA TODO EL MUNDO","og_description":"La eliminaci\u00f3n de Boca Juniors ante Atl\u00e9tico Tucum\u00e1n en los 16avos de final de la...","og_url":"https:\/\/bocaparatodoelmundo.com.ar\/?p=3625","og_site_name":"BOCA PARA TODO EL MUNDO","article_published_time":"2025-07-24T13:04:28+00:00","article_modified_time":"2025-07-24T13:04:31+00:00","og_image":[{"width":600,"height":365,"url":"https:\/\/bocaparatodoelmundo.com.ar\/wp-content\/uploads\/2025\/07\/riquelme-preocupado-jpg.jpg","type":"image\/jpeg"}],"author":"Redaccion BPTM","twitter_card":"summary_large_image","twitter_misc":{"Escrito por":"Redaccion BPTM","Tiempo de lectura":"3 minutos"},"schema":{"@context":"https:\/\/schema.org","@graph":[{"@type":"WebPage","@id":"https:\/\/bocaparatodoelmundo.com.ar\/?p=3625","url":"https:\/\/bocaparatodoelmundo.com.ar\/?p=3625","name":"Primera manifestaci\u00f3n popular contra la gesti\u00f3n de Riquelme en Boca - BOCA PARA TODO EL MUNDO","isPartOf":{"@id":"https:\/\/bocaparatodoelmundo.com.ar\/#website"},"datePublished":"2025-07-24T13:04:28+00:00","dateModified":"2025-07-24T13:04:31+00:00","author":{"@id":"https:\/\/bocaparatodoelmundo.com.ar\/#\/schema\/person\/cc56d27ea9d37f4cea3636086a1847c5"},"breadcrumb":{"@id":"https:\/\/bocaparatodoelmundo.com.ar\/?p=3625#breadcrumb"},"inLanguage":"es-AR","potentialAction":[{"@type":"ReadAction","target":["https:\/\/bocaparatodoelmundo.com.ar\/?p=3625"]}]},{"@type":"BreadcrumbList","@id":"https:\/\/bocaparatodoelmundo.com.ar\/?p=3625#breadcrumb","itemListElement":[{"@type":"ListItem","position":1,"name":"Inicio","item":"https:\/\/bocaparatodoelmundo.com.ar\/"},{"@type":"ListItem","position":2,"name":"Primera manifestaci\u00f3n popular contra la gesti\u00f3n de Riquelme en Boca"}]},{"@type":"WebSite","@id":"https:\/\/bocaparatodoelmundo.com.ar\/#website","url":"https:\/\/bocaparatodoelmundo.com.ar\/","name":"BOCA PARA TODO EL MUNDO","description":"Toda la historia y actualidad del club atletico boca junios esta aqui","potentialAction":[{"@type":"SearchAction","target":{"@type":"EntryPoint","urlTemplate":"https:\/\/bocaparatodoelmundo.com.ar\/?s={search_term_string}"},"query-input":"required name=search_term_string"}],"inLanguage":"es-AR"},{"@type":"Person","@id":"https:\/\/bocaparatodoelmundo.com.ar\/#\/schema\/person\/cc56d27ea9d37f4cea3636086a1847c5","name":"Redaccion BPTM","image":{"@type":"ImageObject","inLanguage":"es-AR","@id":"https:\/\/bocaparatodoelmundo.com.ar\/#\/schema\/person\/image\/","url":"https:\/\/secure.gravatar.com\/avatar\/3b62665b8c08843736974a055cc2398ba6bb7fd2fe787285105d666c418a7d13?s=96&d=mm&r=g","contentUrl":"https:\/\/secure.gravatar.com\/avatar\/3b62665b8c08843736974a055cc2398ba6bb7fd2fe787285105d666c418a7d13?s=96&d=mm&r=g","caption":"Redaccion BPTM"},"sameAs":["http:\/\/bocaparatodoelmundo.com.ar"],"url":"https:\/\/bocaparatodoelmundo.com.ar\/?author=3"}]}},"_links":{"self":[{"href":"https:\/\/bocaparatodoelmundo.com.ar\/index.php?rest_route=\/wp\/v2\/posts\/3625","targetHints":{"allow":["GET"]}}],"collection":[{"href":"https:\/\/bocaparatodoelmundo.com.ar\/index.php?rest_route=\/wp\/v2\/posts"}],"about":[{"href":"https:\/\/bocaparatodoelmundo.com.ar\/index.php?rest_route=\/wp\/v2\/types\/post"}],"author":[{"embeddable":true,"href":"https:\/\/bocaparatodoelmundo.com.ar\/index.php?rest_route=\/wp\/v2\/users\/3"}],"replies":[{"embeddable":true,"href":"https:\/\/bocaparatodoelmundo.com.ar\/index.php?rest_route=%2Fwp%2Fv2%2Fcomments&post=3625"}],"version-history":[{"count":1,"href":"https:\/\/bocaparatodoelmundo.com.ar\/index.php?rest_route=\/wp\/v2\/posts\/3625\/revisions"}],"predecessor-version":[{"id":3627,"href":"https:\/\/bocaparatodoelmundo.com.ar\/index.php?rest_route=\/wp\/v2\/posts\/3625\/revisions\/3627"}],"wp:featuredmedia":[{"embeddable":true,"href":"https:\/\/bocaparatodoelmundo.com.ar\/index.php?rest_route=\/wp\/v2\/media\/3626"}],"wp:attachment":[{"href":"https:\/\/bocaparatodoelmundo.com.ar\/index.php?rest_route=%2Fwp%2Fv2%2Fmedia&parent=3625"}],"wp:term":[{"taxonomy":"category","embeddable":true,"href":"https:\/\/bocaparatodoelmundo.com.ar\/index.php?rest_route=%2Fwp%2Fv2%2Fcategories&post=3625"},{"taxonomy":"post_tag","embeddable":true,"href":"https:\/\/bocaparatodoelmundo.com.ar\/index.php?rest_route=%2Fwp%2Fv2%2Ftags&post=3625"}],"curies":[{"name":"wp","href":"https:\/\/api.w.org\/{rel}","templated":true}]}}