{"id":3594,"date":"2025-07-11T12:09:25","date_gmt":"2025-07-11T15:09:25","guid":{"rendered":"https:\/\/bocaparatodoelmundo.com.ar\/?p=3594"},"modified":"2025-07-13T16:35:06","modified_gmt":"2025-07-13T19:35:06","slug":"paredes-lleno-la-cancha-en-su-regreso-a-boca","status":"publish","type":"post","link":"https:\/\/bocaparatodoelmundo.com.ar\/?p=3594","title":{"rendered":"Paredes llen\u00f3 la cancha en su regreso a Boca"},"content":{"rendered":"\n<h4 class=\"wp-block-heading\"><strong>Leandro Paredes<\/strong>&nbsp;tuvo su noche so\u00f1ada en la Bombonera, donde fue presentado oficialmente como&nbsp;<strong>nuevo refuerzo de Boca<\/strong>, ante&nbsp;<strong>m\u00e1s de 45 mil hinchas<\/strong>, en algo que no se ve\u00eda en la Argentina desde el regreso de otro jugador xeneize, Carlos Tevez. El mediocampista campe\u00f3n del mundo, surgido de las divisiones inferiores del club, regres\u00f3 tras m\u00e1s de una d\u00e9cada en el f\u00fatbol europeo.<\/h4>\n\n\n\n<p>El evento comenz\u00f3 pasadas las 18, con una conferencia de prensa junto al presidente&nbsp;<strong>Juan Rom\u00e1n Riquelme<\/strong>, quien destac\u00f3 el valor emocional del regreso:<strong>&nbsp;\u201cTe quiero much\u00edsimo, gracias por volver\u201d<\/strong>, expres\u00f3. Luego, Paredes tom\u00f3 la palabra y afirm\u00f3:&nbsp;<strong>\u201cVolver a casa es mi sue\u00f1o desde el primer d\u00eda que me fui<\/strong>. Me muevo por sentimientos, por amor, y por eso estoy ac\u00e1\u201d.<\/p>\n\n\n\n<figure class=\"wp-block-image\"><img decoding=\"async\" src=\"https:\/\/s.yimg.com\/ny\/api\/res\/1.2\/hsNCeZ0jGCdb.TKA0DFdcA--\/YXBwaWQ9aGlnaGxhbmRlcjt3PTk2MDtoPTY0MDtjZj13ZWJw\/https:\/\/media.zenfs.com\/es\/lanacion.com.ar\/f8eea5bb9bc5eeefb4c3ff6d000ebce9\" alt=\"Leandro Paredes junto a Juan Rom&#xe1;n Riquelme, presenta su camiseta\"\/><figcaption class=\"wp-element-caption\">Leandro Paredes junto a Juan Rom\u00e1n Riquelme, presenta su camiseta &#8211; Cr\u00e9ditos: @Manuel Cortina<\/figcaption><\/figure>\n\n\n\n<p>Paredes estuvo rodeado de afectos, se mostr\u00f3 distendido, habl\u00f3 del crecimiento del club en su ausencia y valor\u00f3 el nivel de Boca en los recientes partidos internacionales en el Mundial de Clubes. \u201cEncontr\u00e9 el club muy cambiado, ha mejorado much\u00edsimo.<strong>&nbsp;Boca jug\u00f3 dos partidos incre\u00edbles ante Benfica y Bayern<\/strong>\u201d, se\u00f1al\u00f3 en referencia al empate 2-2 con el conjunto portugu\u00e9s y la derrota por 2-1 cerca del final ante el conjunto alem\u00e1n. Adem\u00e1s, revel\u00f3 un gesto de&nbsp;<strong>Rodrigo Battaglia<\/strong>, quien le cedi\u00f3 el&nbsp;<strong>dorsal n\u00famero 5<\/strong>, y dej\u00f3 abierta la posibilidad de ser capit\u00e1n: \u201cObvio que me encantar\u00eda\u201d.<\/p>\n\n\n\n<p>Respecto a su estado f\u00edsico, admiti\u00f3 que necesitar\u00e1 adaptarse tras sus vacaciones, y elogi\u00f3 el profesionalismo del cuerpo t\u00e9cnico. Tambi\u00e9n comparti\u00f3 que hab\u00eda dialogado con&nbsp;<strong>Lionel Scaloni,&nbsp;<\/strong>entrenador de la selecci\u00f3n argentina, antes de concretar su retorno:&nbsp;<strong>\u201cFue muy claro conmigo: lo importante es que juegue y est\u00e9 bien\u201d.&nbsp;<\/strong>Claro, la referencia est\u00e1 tambi\u00e9n puesta en el pr\u00f3ximo Mundial, que se desarrollar\u00e1 a mediados de 2026 en los Estados Unidos, M\u00e9xico y Canad\u00e1.<\/p>\n\n\n\n<p>Tras la presentaci\u00f3n formal, el volante sali\u00f3 al c\u00e9sped acompa\u00f1ado por su familia, su mujer y sus tres hijos, incluso el bebe en brazos estaba presente para la ovaci\u00f3n masiva y salud\u00f3 a los hinchas All\u00ed, luego de emocionarse ante el c\u00e1ntico de los hinchas que lo coreaban, reconoci\u00f3:&nbsp;<strong>\u201cSiempre so\u00f1\u00e9 con esto, pero super\u00f3 mis expectativas. No pens\u00e9 que iba a ser as\u00ed. Estoy m\u00e1s que agradecido\u201d<\/strong>.<\/p>\n\n\n\n<p>Tambi\u00e9n, luego de un recorrido por el campo de juego con toda su familia mientras regalaba pelotas firmadas, manifest\u00f3 su deseo de aportar al equipo:&nbsp;<strong>\u201cIntentar\u00e9 devolver todo este cari\u00f1o con muchos t\u00edtulos, que es la ilusi\u00f3n y lo que todos esperamos\u201d.<\/strong><\/p>\n\n\n\n<iframe loading=\"lazy\" width=\"560\" height=\"315\" src=\"https:\/\/www.youtube.com\/embed\/fMzi6voeI58?si=CRh9sM_7d7kQLuTG\" title=\"YouTube video player\" frameborder=\"0\" allow=\"accelerometer; autoplay; clipboard-write; encrypted-media; gyroscope; picture-in-picture; web-share\" referrerpolicy=\"strict-origin-when-cross-origin\" allowfullscreen><\/iframe>\n\n\n\n<p>La jornada concluy\u00f3 con un mensaje final a los hinchas desde el centro del campo:&nbsp;<strong>\u201cGracias por todo el amor de siempre\u201d<\/strong>, dijo antes de retirarse del estadio con su esposa e hijos. As\u00ed, Boca cerr\u00f3 una presentaci\u00f3n multitudinaria, cargada de emociones y con un fuerte sentido de pertenencia, en la que Paredes dej\u00f3 en claro que su vuelta va m\u00e1s all\u00e1 del f\u00fatbol: es una historia de afecto, ra\u00edces y convicciones.<\/p>\n\n\n\n<figure class=\"wp-block-image\"><img decoding=\"async\" src=\"https:\/\/s.yimg.com\/ny\/api\/res\/1.2\/R1gmc8d4AOEUrFLr7sw26g--\/YXBwaWQ9aGlnaGxhbmRlcjt3PTk2MDtoPTY0MDtjZj13ZWJw\/https:\/\/media.zenfs.com\/es\/lanacion.com.ar\/1c772ac60ab8725e11f52770180a2b20\" alt=\"La presentaci&#xf3;n de Leandro Paredes en el estadio de Boca Juniors\"\/><figcaption class=\"wp-element-caption\">La presentaci\u00f3n de Leandro Paredes en el estadio de Boca Juniors &#8211; Cr\u00e9ditos: @Manuel Cortina<\/figcaption><\/figure>\n\n\n\n<h1 class=\"wp-block-heading\">19.43 Se despidi\u00f3 de la gente y se retira de la cancha<\/h1>\n\n\n\n<p>Antes de retirarse del campo de juego, Leandro Paredes volvi\u00f3 a tomar el micr\u00f3fono para despedirse de los hinchas con una declaraci\u00f3n de principios: \u201cGracias por todo el amor de siempre. Intentar\u00e9 devolver todo este cari\u00f1o con muchos t\u00edtulos, que es la ilusi\u00f3n, la intenci\u00f3n y lo que todos esperamos\u201d. Luego, se retir\u00f3 junto con su mujer y sus tres hijos, ante el aplauso de m\u00e1s de 45 mil hinchas presentes.<\/p>\n\n\n\n<figure class=\"wp-block-image\"><img decoding=\"async\" src=\"https:\/\/s.yimg.com\/ny\/api\/res\/1.2\/B8f.e.yeCy_PvYyF2dTzuA--\/YXBwaWQ9aGlnaGxhbmRlcjt3PTk2MDtoPTY0MDtjZj13ZWJw\/https:\/\/media.zenfs.com\/es\/lanacion.com.ar\/7159b4e12f094a9b8218a6f846f62a35\" alt=\"La presentaci&#xf3;n de Leandro Paredes en Boca Juniors\"\/><figcaption class=\"wp-element-caption\">La presentaci\u00f3n de Leandro Paredes en Boca Juniors &#8211; Cr\u00e9ditos: @Manuel Cortina<\/figcaption><\/figure>\n\n\n\n<blockquote class=\"twitter-tweet\"><p lang=\"es\" dir=\"ltr\">\u00a1Bienvenido a tu casa, Leandro! \ud83d\udc99\ud83d\udc9b\ud83d\udc99 <a href=\"https:\/\/t.co\/0Pt6qvXtJZ\">pic.twitter.com\/0Pt6qvXtJZ<\/a><\/p>&mdash; Boca Juniors (@BocaJrsOficial) <a href=\"https:\/\/twitter.com\/BocaJrsOficial\/status\/1943430157710283006?ref_src=twsrc%5Etfw\">July 10, 2025<\/a><\/blockquote> <script async src=\"https:\/\/platform.twitter.com\/widgets.js\" charset=\"utf-8\"><\/script>\n","protected":false},"excerpt":{"rendered":"<p>Leandro Paredes&nbsp;tuvo su noche so\u00f1ada en la Bombonera, donde fue presentado oficialmente como&nbsp;nuevo refuerzo de&#8230;<\/p>\n","protected":false},"author":3,"featured_media":3595,"comment_status":"open","ping_status":"open","sticky":false,"template":"","format":"standard","meta":{"footnotes":""},"categories":[4],"tags":[],"class_list":["post-3594","post","type-post","status-publish","format-standard","has-post-thumbnail","hentry","category-primera-division-masculina"],"yoast_head":"<!-- This site is optimized with the Yoast SEO plugin v21.4 - https:\/\/yoast.com\/wordpress\/plugins\/seo\/ -->\n<title>Paredes llen\u00f3 la cancha en su regreso a Boca - BOCA PARA TODO EL MUNDO<\/title>\n<meta name=\"robots\" content=\"index, follow, max-snippet:-1, max-image-preview:large, max-video-preview:-1\" \/>\n<link rel=\"canonical\" href=\"https:\/\/bocaparatodoelmundo.com.ar\/?p=3594\" \/>\n<meta property=\"og:locale\" content=\"es_ES\" \/>\n<meta property=\"og:type\" content=\"article\" \/>\n<meta property=\"og:title\" content=\"Paredes llen\u00f3 la cancha en su regreso a Boca - BOCA PARA TODO EL MUNDO\" \/>\n<meta property=\"og:description\" content=\"Leandro Paredes&nbsp;tuvo su noche so\u00f1ada en la Bombonera, donde fue presentado oficialmente como&nbsp;nuevo refuerzo de...\" \/>\n<meta property=\"og:url\" content=\"https:\/\/bocaparatodoelmundo.com.ar\/?p=3594\" \/>\n<meta property=\"og:site_name\" content=\"BOCA PARA TODO EL MUNDO\" \/>\n<meta property=\"article:published_time\" content=\"2025-07-11T15:09:25+00:00\" \/>\n<meta property=\"article:modified_time\" content=\"2025-07-13T19:35:06+00:00\" \/>\n<meta property=\"og:image\" content=\"https:\/\/bocaparatodoelmundo.com.ar\/wp-content\/uploads\/2025\/07\/WhatsApp-Image-2025-07-11-at-12.05.58.jpeg\" \/>\n\t<meta property=\"og:image:width\" content=\"720\" \/>\n\t<meta property=\"og:image:height\" content=\"480\" \/>\n\t<meta property=\"og:image:type\" content=\"image\/jpeg\" \/>\n<meta name=\"author\" content=\"Redaccion BPTM\" \/>\n<meta name=\"twitter:card\" content=\"summary_large_image\" \/>\n<meta name=\"twitter:label1\" content=\"Escrito por\" \/>\n\t<meta name=\"twitter:data1\" content=\"Redaccion BPTM\" \/>\n\t<meta name=\"twitter:label2\" content=\"Tiempo de lectura\" \/>\n\t<meta name=\"twitter:data2\" content=\"4 minutos\" \/>\n<script type=\"application\/ld+json\" class=\"yoast-schema-graph\">{\"@context\":\"https:\/\/schema.org\",\"@graph\":[{\"@type\":\"WebPage\",\"@id\":\"https:\/\/bocaparatodoelmundo.com.ar\/?p=3594\",\"url\":\"https:\/\/bocaparatodoelmundo.com.ar\/?p=3594\",\"name\":\"Paredes llen\u00f3 la cancha en su regreso a Boca - BOCA PARA TODO EL MUNDO\",\"isPartOf\":{\"@id\":\"https:\/\/bocaparatodoelmundo.com.ar\/#website\"},\"datePublished\":\"2025-07-11T15:09:25+00:00\",\"dateModified\":\"2025-07-13T19:35:06+00:00\",\"author\":{\"@id\":\"https:\/\/bocaparatodoelmundo.com.ar\/#\/schema\/person\/cc56d27ea9d37f4cea3636086a1847c5\"},\"breadcrumb\":{\"@id\":\"https:\/\/bocaparatodoelmundo.com.ar\/?p=3594#breadcrumb\"},\"inLanguage\":\"es-AR\",\"potentialAction\":[{\"@type\":\"ReadAction\",\"target\":[\"https:\/\/bocaparatodoelmundo.com.ar\/?p=3594\"]}]},{\"@type\":\"BreadcrumbList\",\"@id\":\"https:\/\/bocaparatodoelmundo.com.ar\/?p=3594#breadcrumb\",\"itemListElement\":[{\"@type\":\"ListItem\",\"position\":1,\"name\":\"Inicio\",\"item\":\"https:\/\/bocaparatodoelmundo.com.ar\/\"},{\"@type\":\"ListItem\",\"position\":2,\"name\":\"Paredes llen\u00f3 la cancha en su regreso a Boca\"}]},{\"@type\":\"WebSite\",\"@id\":\"https:\/\/bocaparatodoelmundo.com.ar\/#website\",\"url\":\"https:\/\/bocaparatodoelmundo.com.ar\/\",\"name\":\"BOCA PARA TODO EL MUNDO\",\"description\":\"Toda la historia y actualidad del club atletico boca junios esta aqui\",\"potentialAction\":[{\"@type\":\"SearchAction\",\"target\":{\"@type\":\"EntryPoint\",\"urlTemplate\":\"https:\/\/bocaparatodoelmundo.com.ar\/?s={search_term_string}\"},\"query-input\":\"required name=search_term_string\"}],\"inLanguage\":\"es-AR\"},{\"@type\":\"Person\",\"@id\":\"https:\/\/bocaparatodoelmundo.com.ar\/#\/schema\/person\/cc56d27ea9d37f4cea3636086a1847c5\",\"name\":\"Redaccion BPTM\",\"image\":{\"@type\":\"ImageObject\",\"inLanguage\":\"es-AR\",\"@id\":\"https:\/\/bocaparatodoelmundo.com.ar\/#\/schema\/person\/image\/\",\"url\":\"https:\/\/secure.gravatar.com\/avatar\/3b62665b8c08843736974a055cc2398ba6bb7fd2fe787285105d666c418a7d13?s=96&d=mm&r=g\",\"contentUrl\":\"https:\/\/secure.gravatar.com\/avatar\/3b62665b8c08843736974a055cc2398ba6bb7fd2fe787285105d666c418a7d13?s=96&d=mm&r=g\",\"caption\":\"Redaccion BPTM\"},\"sameAs\":[\"http:\/\/bocaparatodoelmundo.com.ar\"],\"url\":\"https:\/\/bocaparatodoelmundo.com.ar\/?author=3\"}]}<\/script>\n<!-- \/ Yoast SEO plugin. -->","yoast_head_json":{"title":"Paredes llen\u00f3 la cancha en su regreso a Boca - BOCA PARA TODO EL MUNDO","robots":{"index":"index","follow":"follow","max-snippet":"max-snippet:-1","max-image-preview":"max-image-preview:large","max-video-preview":"max-video-preview:-1"},"canonical":"https:\/\/bocaparatodoelmundo.com.ar\/?p=3594","og_locale":"es_ES","og_type":"article","og_title":"Paredes llen\u00f3 la cancha en su regreso a Boca - BOCA PARA TODO EL MUNDO","og_description":"Leandro Paredes&nbsp;tuvo su noche so\u00f1ada en la Bombonera, donde fue presentado oficialmente como&nbsp;nuevo refuerzo de...","og_url":"https:\/\/bocaparatodoelmundo.com.ar\/?p=3594","og_site_name":"BOCA PARA TODO EL MUNDO","article_published_time":"2025-07-11T15:09:25+00:00","article_modified_time":"2025-07-13T19:35:06+00:00","og_image":[{"width":720,"height":480,"url":"https:\/\/bocaparatodoelmundo.com.ar\/wp-content\/uploads\/2025\/07\/WhatsApp-Image-2025-07-11-at-12.05.58.jpeg","type":"image\/jpeg"}],"author":"Redaccion BPTM","twitter_card":"summary_large_image","twitter_misc":{"Escrito por":"Redaccion BPTM","Tiempo de lectura":"4 minutos"},"schema":{"@context":"https:\/\/schema.org","@graph":[{"@type":"WebPage","@id":"https:\/\/bocaparatodoelmundo.com.ar\/?p=3594","url":"https:\/\/bocaparatodoelmundo.com.ar\/?p=3594","name":"Paredes llen\u00f3 la cancha en su regreso a Boca - BOCA PARA TODO EL MUNDO","isPartOf":{"@id":"https:\/\/bocaparatodoelmundo.com.ar\/#website"},"datePublished":"2025-07-11T15:09:25+00:00","dateModified":"2025-07-13T19:35:06+00:00","author":{"@id":"https:\/\/bocaparatodoelmundo.com.ar\/#\/schema\/person\/cc56d27ea9d37f4cea3636086a1847c5"},"breadcrumb":{"@id":"https:\/\/bocaparatodoelmundo.com.ar\/?p=3594#breadcrumb"},"inLanguage":"es-AR","potentialAction":[{"@type":"ReadAction","target":["https:\/\/bocaparatodoelmundo.com.ar\/?p=3594"]}]},{"@type":"BreadcrumbList","@id":"https:\/\/bocaparatodoelmundo.com.ar\/?p=3594#breadcrumb","itemListElement":[{"@type":"ListItem","position":1,"name":"Inicio","item":"https:\/\/bocaparatodoelmundo.com.ar\/"},{"@type":"ListItem","position":2,"name":"Paredes llen\u00f3 la cancha en su regreso a Boca"}]},{"@type":"WebSite","@id":"https:\/\/bocaparatodoelmundo.com.ar\/#website","url":"https:\/\/bocaparatodoelmundo.com.ar\/","name":"BOCA PARA TODO EL MUNDO","description":"Toda la historia y actualidad del club atletico boca junios esta aqui","potentialAction":[{"@type":"SearchAction","target":{"@type":"EntryPoint","urlTemplate":"https:\/\/bocaparatodoelmundo.com.ar\/?s={search_term_string}"},"query-input":"required name=search_term_string"}],"inLanguage":"es-AR"},{"@type":"Person","@id":"https:\/\/bocaparatodoelmundo.com.ar\/#\/schema\/person\/cc56d27ea9d37f4cea3636086a1847c5","name":"Redaccion BPTM","image":{"@type":"ImageObject","inLanguage":"es-AR","@id":"https:\/\/bocaparatodoelmundo.com.ar\/#\/schema\/person\/image\/","url":"https:\/\/secure.gravatar.com\/avatar\/3b62665b8c08843736974a055cc2398ba6bb7fd2fe787285105d666c418a7d13?s=96&d=mm&r=g","contentUrl":"https:\/\/secure.gravatar.com\/avatar\/3b62665b8c08843736974a055cc2398ba6bb7fd2fe787285105d666c418a7d13?s=96&d=mm&r=g","caption":"Redaccion BPTM"},"sameAs":["http:\/\/bocaparatodoelmundo.com.ar"],"url":"https:\/\/bocaparatodoelmundo.com.ar\/?author=3"}]}},"_links":{"self":[{"href":"https:\/\/bocaparatodoelmundo.com.ar\/index.php?rest_route=\/wp\/v2\/posts\/3594","targetHints":{"allow":["GET"]}}],"collection":[{"href":"https:\/\/bocaparatodoelmundo.com.ar\/index.php?rest_route=\/wp\/v2\/posts"}],"about":[{"href":"https:\/\/bocaparatodoelmundo.com.ar\/index.php?rest_route=\/wp\/v2\/types\/post"}],"author":[{"embeddable":true,"href":"https:\/\/bocaparatodoelmundo.com.ar\/index.php?rest_route=\/wp\/v2\/users\/3"}],"replies":[{"embeddable":true,"href":"https:\/\/bocaparatodoelmundo.com.ar\/index.php?rest_route=%2Fwp%2Fv2%2Fcomments&post=3594"}],"version-history":[{"count":1,"href":"https:\/\/bocaparatodoelmundo.com.ar\/index.php?rest_route=\/wp\/v2\/posts\/3594\/revisions"}],"predecessor-version":[{"id":3596,"href":"https:\/\/bocaparatodoelmundo.com.ar\/index.php?rest_route=\/wp\/v2\/posts\/3594\/revisions\/3596"}],"wp:featuredmedia":[{"embeddable":true,"href":"https:\/\/bocaparatodoelmundo.com.ar\/index.php?rest_route=\/wp\/v2\/media\/3595"}],"wp:attachment":[{"href":"https:\/\/bocaparatodoelmundo.com.ar\/index.php?rest_route=%2Fwp%2Fv2%2Fmedia&parent=3594"}],"wp:term":[{"taxonomy":"category","embeddable":true,"href":"https:\/\/bocaparatodoelmundo.com.ar\/index.php?rest_route=%2Fwp%2Fv2%2Fcategories&post=3594"},{"taxonomy":"post_tag","embeddable":true,"href":"https:\/\/bocaparatodoelmundo.com.ar\/index.php?rest_route=%2Fwp%2Fv2%2Ftags&post=3594"}],"curies":[{"name":"wp","href":"https:\/\/api.w.org\/{rel}","templated":true}]}}