{"id":3591,"date":"2025-06-16T10:37:00","date_gmt":"2025-06-16T13:37:00","guid":{"rendered":"https:\/\/bocaparatodoelmundo.com.ar\/?p=3591"},"modified":"2025-06-16T10:37:00","modified_gmt":"2025-06-16T13:37:00","slug":"boca-juniors-benfica-solo-amistosos","status":"publish","type":"post","link":"https:\/\/bocaparatodoelmundo.com.ar\/?p=3591","title":{"rendered":"BOCA JUNIORS \u2013 BENFICA: S\u00f3lo amistosos"},"content":{"rendered":"\n<p>El primer encuentro que protagonizaron el Club Atl\u00e9tico Boca Juniors de la Rep\u00fablica Argentina y el Sport Lisboa e Benfica de la Rep\u00fablica Portuguesa del cual hay registros fehacientes, tuvo lugar el domingo 27 de diciembre de 1953 en el Estadio Nacional de Portugal. Fue parte de la gira europea que por aquel entonces estaba realizando el conjunto Xeneize, que se impuso 1-0. A los 6\u2019 del segundo tiempo, el puntero derecho Juan Carlos Navarro convirti\u00f3 el \u00fanico tanto del partido.<br><\/p>\n\n\n\n<p>En agosto de 1967 la escuadra argentina estaba realizando una nueva gira. Esta vez, por Am\u00e9rica. Dentro de ese marco, se vieron dos veces las caras en Estados Unidos. El 23 de agosto culminaron 1-1 en el Kezzar Stadium de San Francisco. A los 32\u00b4 de la etapa complementaria Nicol\u00e1s Novello, que hab\u00eda reemplazado a Alfredo Hugo Rojas, puso en ventaja a Boca. Eus\u00e9bio da Silva Ferreira cerr\u00f3 el tanteador cuando se cumpl\u00edan 38\u00b4. El d\u00eda 26 del mismo mes se enfrentaron en el Memorial Coliseum de Los \u00c1ngeles, donde repitieron el 1-1. A los 35\u2019 de la primera etapa abri\u00f3 el marcador Marcos Hugo Zarich. A los 4\u00b4 del segundo per\u00edodo, Eus\u00e9bio da Silva Ferreira puso cifras definitivas al juego a trav\u00e9s de un tiro libre.<br><\/p>\n\n\n\n<p>Durante agosto de 1968 se disput\u00f3 la Copa Ciudad de Buenos Aires (no oficial). Todos los pleitos se desarrollaron en La Bombonera. El domingo 11 abrieron la competencia el Xeneize y el Glorioso. Rub\u00e9n Jos\u00e9 Su\u00f1\u00e9, de penal, abri\u00f3 la cuenta a favor del due\u00f1o de casa en el minuto 72. A los 76\u2019, tambi\u00e9n de penal, Jacinto Jos\u00e9 Martins Godinho Santos sentenci\u00f3 el 1-1 final. Tambi\u00e9n participaron de este torneo River Plate, Nacional de Uruguay y Santos de Brasil, que fue el campe\u00f3n.<br><\/p>\n\n\n\n<p>Jugaron por \u00faltima vez el viernes 4 de agosto de 1995. Lo hicieron en Giants Stadium de New Jersey, Estados Unidos, por una de la semifinales de la Copa Parmalat (no oficial). Tal como hab\u00eda sucedido en los \u00faltimos tres juegos, las acciones finalizaron 1-1 en tiempo reglamentario. A los 16\u2019 del primer tiempo el brasile\u00f1o Valdo C\u00e2ndido de Oliveira Filho, de penal, puso en ventaja a la escuadra europea. A los 30\u2019 del complemento, un cabezazo de Luis Adri\u00e1n Medero sentenci\u00f3 el 1-1 final. Vale agregar que a los 40\u00b4de la primera etapa hab\u00eda sido expulsado el atacante marroqu\u00ed de Los Encarnados Hassan Nader. Dada la paridad, hubo que recurrir a la definici\u00f3n por tiros desde el punto del penal, instancia en la cual los argentinos se impusieron 3-2. A continuaci\u00f3n, el detalle de las ejecuciones, donde el primero en patear fue el cuadro de Portugal: Marino Rodrigues Cristov\u00e3o H\u00e9lder (gol) 1-0; Sergio Daniel Mart\u00ednez (gol) 1-1; N\u00e9lson Alexandre da Silva Ver\u00edssimo (desviado) 1-1; Cristian Alberto Gonz\u00e1lez (desviado) 1-1; Paulo Jorge Gomes Bento (gol) 2-1; Julio C\u00e9sar Salda\u00f1a (gol) 2-2; Marcelo dos Santos Cipriano (atajado por Carlos Fernando Navarro Montoya) 2-2; Dar\u00edo Oscar Scotto (gol) 2-3; Valdo C\u00e2ndido de Oliveira Filho (desviado) 2-3. A posteriori, La Selecci\u00f3n de Estados Unidos venci\u00f3 2-1 al Benfica por el tercer puesto, y el Parma de Italia hizo lo propio por 3-1 ante Boca en la final.<br><\/p>\n\n\n\n<p>Tal cual lo antedicho, Boca Juniors y Benfica se vieron las caras en 5 oportunidades, todas de manera no oficial. Los argentinos vencieron 1 vez y convirtieron 5 goles. Los portugueses no ganaron y se\u00f1alaron 4 tantos. Empataron en 4 ocasiones. Donde hubo que definir por tiros desde el punto del penal, se considera el resultado final del tiempo reglamentario.<br><\/p>\n\n\n\n<p>Algunos de los futbolistas que vistieron ambas camisetas son \u00d3scar Junior Ben\u00edtez, Jorge Hern\u00e1n Berm\u00fadez, Claudio Paul Caniggia, Osvaldo Nicol\u00e1s Fabi\u00e1n Gait\u00e1n, Cristian Franco Lema, Lisandro Ezequiel L\u00f3pez, Eduardo Antonio Salvio. Por otra parte, el chileno Fernando Jos\u00e9 Riera Bauz\u00e1 fue entrenador de ambos equipos.<\/p>\n\n\n\n<p>Mariano A. Reverdito<\/p>\n\n\n\n<p>Instagram: @mariano_reverdito<br>X: @MAReverdito<br>Facebook: Mariano Alejandro Reverdito<\/p>\n","protected":false},"excerpt":{"rendered":"<p>El primer encuentro que protagonizaron el Club Atl\u00e9tico Boca Juniors de la Rep\u00fablica Argentina y&#8230;<\/p>\n","protected":false},"author":4,"featured_media":3592,"comment_status":"open","ping_status":"open","sticky":false,"template":"","format":"standard","meta":{"footnotes":""},"categories":[24],"tags":[],"class_list":["post-3591","post","type-post","status-publish","format-standard","has-post-thumbnail","hentry","category-historiales"],"yoast_head":"<!-- This site is optimized with the Yoast SEO plugin v21.4 - https:\/\/yoast.com\/wordpress\/plugins\/seo\/ -->\n<title>BOCA JUNIORS \u2013 BENFICA: S\u00f3lo amistosos - BOCA PARA TODO EL MUNDO<\/title>\n<meta name=\"robots\" content=\"index, follow, max-snippet:-1, max-image-preview:large, max-video-preview:-1\" \/>\n<link rel=\"canonical\" href=\"https:\/\/bocaparatodoelmundo.com.ar\/?p=3591\" \/>\n<meta property=\"og:locale\" content=\"es_ES\" \/>\n<meta property=\"og:type\" content=\"article\" \/>\n<meta property=\"og:title\" content=\"BOCA JUNIORS \u2013 BENFICA: S\u00f3lo amistosos - BOCA PARA TODO EL MUNDO\" \/>\n<meta property=\"og:description\" content=\"El primer encuentro que protagonizaron el Club Atl\u00e9tico Boca Juniors de la Rep\u00fablica Argentina y...\" \/>\n<meta property=\"og:url\" content=\"https:\/\/bocaparatodoelmundo.com.ar\/?p=3591\" \/>\n<meta property=\"og:site_name\" content=\"BOCA PARA TODO EL MUNDO\" \/>\n<meta property=\"article:published_time\" content=\"2025-06-16T13:37:00+00:00\" \/>\n<meta property=\"og:image\" content=\"https:\/\/bocaparatodoelmundo.com.ar\/wp-content\/uploads\/2025\/06\/HISTORIAL-VS-BENFICA-L.jpg\" \/>\n\t<meta property=\"og:image:width\" content=\"1920\" \/>\n\t<meta property=\"og:image:height\" content=\"1080\" \/>\n\t<meta property=\"og:image:type\" content=\"image\/jpeg\" \/>\n<meta name=\"author\" content=\"Mariano Alejandro Reverdito\" \/>\n<meta name=\"twitter:card\" content=\"summary_large_image\" \/>\n<meta name=\"twitter:label1\" content=\"Escrito por\" \/>\n\t<meta name=\"twitter:data1\" content=\"Mariano Alejandro Reverdito\" \/>\n\t<meta name=\"twitter:label2\" content=\"Tiempo de lectura\" \/>\n\t<meta name=\"twitter:data2\" content=\"3 minutos\" \/>\n<script type=\"application\/ld+json\" class=\"yoast-schema-graph\">{\"@context\":\"https:\/\/schema.org\",\"@graph\":[{\"@type\":\"WebPage\",\"@id\":\"https:\/\/bocaparatodoelmundo.com.ar\/?p=3591\",\"url\":\"https:\/\/bocaparatodoelmundo.com.ar\/?p=3591\",\"name\":\"BOCA JUNIORS \u2013 BENFICA: S\u00f3lo amistosos - BOCA PARA TODO EL MUNDO\",\"isPartOf\":{\"@id\":\"https:\/\/bocaparatodoelmundo.com.ar\/#website\"},\"datePublished\":\"2025-06-16T13:37:00+00:00\",\"dateModified\":\"2025-06-16T13:37:00+00:00\",\"author\":{\"@id\":\"https:\/\/bocaparatodoelmundo.com.ar\/#\/schema\/person\/e510f0548819cdd34d2743a7f368b5ee\"},\"breadcrumb\":{\"@id\":\"https:\/\/bocaparatodoelmundo.com.ar\/?p=3591#breadcrumb\"},\"inLanguage\":\"es-AR\",\"potentialAction\":[{\"@type\":\"ReadAction\",\"target\":[\"https:\/\/bocaparatodoelmundo.com.ar\/?p=3591\"]}]},{\"@type\":\"BreadcrumbList\",\"@id\":\"https:\/\/bocaparatodoelmundo.com.ar\/?p=3591#breadcrumb\",\"itemListElement\":[{\"@type\":\"ListItem\",\"position\":1,\"name\":\"Inicio\",\"item\":\"https:\/\/bocaparatodoelmundo.com.ar\/\"},{\"@type\":\"ListItem\",\"position\":2,\"name\":\"BOCA JUNIORS \u2013 BENFICA: S\u00f3lo amistosos\"}]},{\"@type\":\"WebSite\",\"@id\":\"https:\/\/bocaparatodoelmundo.com.ar\/#website\",\"url\":\"https:\/\/bocaparatodoelmundo.com.ar\/\",\"name\":\"BOCA PARA TODO EL MUNDO\",\"description\":\"Toda la historia y actualidad del club atletico boca junios esta aqui\",\"potentialAction\":[{\"@type\":\"SearchAction\",\"target\":{\"@type\":\"EntryPoint\",\"urlTemplate\":\"https:\/\/bocaparatodoelmundo.com.ar\/?s={search_term_string}\"},\"query-input\":\"required name=search_term_string\"}],\"inLanguage\":\"es-AR\"},{\"@type\":\"Person\",\"@id\":\"https:\/\/bocaparatodoelmundo.com.ar\/#\/schema\/person\/e510f0548819cdd34d2743a7f368b5ee\",\"name\":\"Mariano Alejandro Reverdito\",\"image\":{\"@type\":\"ImageObject\",\"inLanguage\":\"es-AR\",\"@id\":\"https:\/\/bocaparatodoelmundo.com.ar\/#\/schema\/person\/image\/\",\"url\":\"https:\/\/secure.gravatar.com\/avatar\/49111d1ef6575eb7785b5b285bf9bf13bb3e85bda156354fc6ef85c3384f7113?s=96&d=mm&r=g\",\"contentUrl\":\"https:\/\/secure.gravatar.com\/avatar\/49111d1ef6575eb7785b5b285bf9bf13bb3e85bda156354fc6ef85c3384f7113?s=96&d=mm&r=g\",\"caption\":\"Mariano Alejandro Reverdito\"},\"url\":\"https:\/\/bocaparatodoelmundo.com.ar\/?author=4\"}]}<\/script>\n<!-- \/ Yoast SEO plugin. -->","yoast_head_json":{"title":"BOCA JUNIORS \u2013 BENFICA: S\u00f3lo amistosos - BOCA PARA TODO EL MUNDO","robots":{"index":"index","follow":"follow","max-snippet":"max-snippet:-1","max-image-preview":"max-image-preview:large","max-video-preview":"max-video-preview:-1"},"canonical":"https:\/\/bocaparatodoelmundo.com.ar\/?p=3591","og_locale":"es_ES","og_type":"article","og_title":"BOCA JUNIORS \u2013 BENFICA: S\u00f3lo amistosos - BOCA PARA TODO EL MUNDO","og_description":"El primer encuentro que protagonizaron el Club Atl\u00e9tico Boca Juniors de la Rep\u00fablica Argentina y...","og_url":"https:\/\/bocaparatodoelmundo.com.ar\/?p=3591","og_site_name":"BOCA PARA TODO EL MUNDO","article_published_time":"2025-06-16T13:37:00+00:00","og_image":[{"width":1920,"height":1080,"url":"https:\/\/bocaparatodoelmundo.com.ar\/wp-content\/uploads\/2025\/06\/HISTORIAL-VS-BENFICA-L.jpg","type":"image\/jpeg"}],"author":"Mariano Alejandro Reverdito","twitter_card":"summary_large_image","twitter_misc":{"Escrito por":"Mariano Alejandro Reverdito","Tiempo de lectura":"3 minutos"},"schema":{"@context":"https:\/\/schema.org","@graph":[{"@type":"WebPage","@id":"https:\/\/bocaparatodoelmundo.com.ar\/?p=3591","url":"https:\/\/bocaparatodoelmundo.com.ar\/?p=3591","name":"BOCA JUNIORS \u2013 BENFICA: S\u00f3lo amistosos - BOCA PARA TODO EL MUNDO","isPartOf":{"@id":"https:\/\/bocaparatodoelmundo.com.ar\/#website"},"datePublished":"2025-06-16T13:37:00+00:00","dateModified":"2025-06-16T13:37:00+00:00","author":{"@id":"https:\/\/bocaparatodoelmundo.com.ar\/#\/schema\/person\/e510f0548819cdd34d2743a7f368b5ee"},"breadcrumb":{"@id":"https:\/\/bocaparatodoelmundo.com.ar\/?p=3591#breadcrumb"},"inLanguage":"es-AR","potentialAction":[{"@type":"ReadAction","target":["https:\/\/bocaparatodoelmundo.com.ar\/?p=3591"]}]},{"@type":"BreadcrumbList","@id":"https:\/\/bocaparatodoelmundo.com.ar\/?p=3591#breadcrumb","itemListElement":[{"@type":"ListItem","position":1,"name":"Inicio","item":"https:\/\/bocaparatodoelmundo.com.ar\/"},{"@type":"ListItem","position":2,"name":"BOCA JUNIORS \u2013 BENFICA: S\u00f3lo amistosos"}]},{"@type":"WebSite","@id":"https:\/\/bocaparatodoelmundo.com.ar\/#website","url":"https:\/\/bocaparatodoelmundo.com.ar\/","name":"BOCA PARA TODO EL MUNDO","description":"Toda la historia y actualidad del club atletico boca junios esta aqui","potentialAction":[{"@type":"SearchAction","target":{"@type":"EntryPoint","urlTemplate":"https:\/\/bocaparatodoelmundo.com.ar\/?s={search_term_string}"},"query-input":"required name=search_term_string"}],"inLanguage":"es-AR"},{"@type":"Person","@id":"https:\/\/bocaparatodoelmundo.com.ar\/#\/schema\/person\/e510f0548819cdd34d2743a7f368b5ee","name":"Mariano Alejandro Reverdito","image":{"@type":"ImageObject","inLanguage":"es-AR","@id":"https:\/\/bocaparatodoelmundo.com.ar\/#\/schema\/person\/image\/","url":"https:\/\/secure.gravatar.com\/avatar\/49111d1ef6575eb7785b5b285bf9bf13bb3e85bda156354fc6ef85c3384f7113?s=96&d=mm&r=g","contentUrl":"https:\/\/secure.gravatar.com\/avatar\/49111d1ef6575eb7785b5b285bf9bf13bb3e85bda156354fc6ef85c3384f7113?s=96&d=mm&r=g","caption":"Mariano Alejandro Reverdito"},"url":"https:\/\/bocaparatodoelmundo.com.ar\/?author=4"}]}},"_links":{"self":[{"href":"https:\/\/bocaparatodoelmundo.com.ar\/index.php?rest_route=\/wp\/v2\/posts\/3591","targetHints":{"allow":["GET"]}}],"collection":[{"href":"https:\/\/bocaparatodoelmundo.com.ar\/index.php?rest_route=\/wp\/v2\/posts"}],"about":[{"href":"https:\/\/bocaparatodoelmundo.com.ar\/index.php?rest_route=\/wp\/v2\/types\/post"}],"author":[{"embeddable":true,"href":"https:\/\/bocaparatodoelmundo.com.ar\/index.php?rest_route=\/wp\/v2\/users\/4"}],"replies":[{"embeddable":true,"href":"https:\/\/bocaparatodoelmundo.com.ar\/index.php?rest_route=%2Fwp%2Fv2%2Fcomments&post=3591"}],"version-history":[{"count":1,"href":"https:\/\/bocaparatodoelmundo.com.ar\/index.php?rest_route=\/wp\/v2\/posts\/3591\/revisions"}],"predecessor-version":[{"id":3593,"href":"https:\/\/bocaparatodoelmundo.com.ar\/index.php?rest_route=\/wp\/v2\/posts\/3591\/revisions\/3593"}],"wp:featuredmedia":[{"embeddable":true,"href":"https:\/\/bocaparatodoelmundo.com.ar\/index.php?rest_route=\/wp\/v2\/media\/3592"}],"wp:attachment":[{"href":"https:\/\/bocaparatodoelmundo.com.ar\/index.php?rest_route=%2Fwp%2Fv2%2Fmedia&parent=3591"}],"wp:term":[{"taxonomy":"category","embeddable":true,"href":"https:\/\/bocaparatodoelmundo.com.ar\/index.php?rest_route=%2Fwp%2Fv2%2Fcategories&post=3591"},{"taxonomy":"post_tag","embeddable":true,"href":"https:\/\/bocaparatodoelmundo.com.ar\/index.php?rest_route=%2Fwp%2Fv2%2Ftags&post=3591"}],"curies":[{"name":"wp","href":"https:\/\/api.w.org\/{rel}","templated":true}]}}