{"id":3524,"date":"2025-04-06T13:33:11","date_gmt":"2025-04-06T16:33:11","guid":{"rendered":"https:\/\/bocaparatodoelmundo.com.ar\/?p=3524"},"modified":"2025-04-06T13:33:12","modified_gmt":"2025-04-06T16:33:12","slug":"boca-juniors-barracas-central-pocos-juegos-oficiales","status":"publish","type":"post","link":"https:\/\/bocaparatodoelmundo.com.ar\/?p=3524","title":{"rendered":"BOCA JUNIORS &#8211; BARRACAS CENTRAL: pocos juegos oficiales"},"content":{"rendered":"\n<p>Son apenas nueve los encuentros oficiales que protagonizaron Barracas Central y Boca Juniors. Siete por torneos de liga y los dos restantes, por copas nacionales. Los ocho primeros fueron triunfos boquenses: 4-0 (Esteban Kuko, Domingo Alberto Tarasconi x 2, Andr\u00e9s Craviotto) en condici\u00f3n de local el 7 de agosto de 1927 por la 20\u00aa jornada; 6-0 (Antonio Carri en contra, Manuel Agust\u00edn Fleitas Solich, Domingo Alberto Tarasconi x 2, Donato Alberto Penella, Esteban Kuko) en Hurac\u00e1n el 4 de noviembre de 1928 por la 20\u00aa fecha; 5-1 (Donato Alberto Penella, Manuel Agust\u00edn Fleitas Solich, Marino \u201cMario\u201d Evaristo, Roberto Eugenio Cherro x 2 \/ Prudencio Lamazou) en La Boca el 12 de enero de 1930 en un compromiso por la 2\u00aa jornada del Campeonato Est\u00edmulo de 1929 que hab\u00eda sido oportunamente postergado; 2-0 (Antonio Am\u00e9rico Alberino, Ricardo Cancio Sarco) en Parque de los Patricios el 23 de noviembre de 1930 por la 25\u00aa fecha. Tras este \u00faltimo juego, pasaron casi 92 a\u00f1os para volver a verse las caras de manera oficial. Ello ocurri\u00f3 a partir de 2022. Desde entonces, continu\u00f3 la supremac\u00eda Xeneize: 2-0 (Dar\u00edo Ismael Benedetto x 2) el 30 abril de 2022 en Brandsen 805 por la 13\u00aa fecha correspondiente a la fase inicial de la Copa Liga Profesional; 3-1 (Sebasti\u00e1n Villa, Guillermo Mat\u00edas Fern\u00e1ndez, Oscar Exequiel Zeballos \/ Neri Ricardo Bandiera) en All Boys el 19 de junio de 2022 por la 4\u00aa jornada de la Liga Profesional; 3-0 (Agust\u00edn Nicol\u00e1s D\u00e1ttola en contra, Luca Daniel Langoni, Guillermo Mat\u00edas Fern\u00e1ndez) el 1\u00ba de abril de 2023 en Luna 1211 por la 9\u00aa fecha de la Liga Profesional.; y 2-1 Cristian Nicol\u00e1s Medina, Miguel \u00c1ngel Merentiel \/ Maximiliano Andr\u00e9s Puig) el 20 de julio de 2023 por los 16avos de final de la Copa Argentina en el Estadio \u00danico Madre de Ciudades.<\/p>\n\n\n\n<p><br>Jugaron por \u00faltima vez el 4 de agosto de 2024 en la cancha de Boca por la 9\u00aa jornada de la mencionada Liga Profesional. Maximiliano Ezequiel Zalazar puso en ventaja a la visita cuando se cumpl\u00edan 7\u00b4 de la etapa inicial. A los 37\u00b4del mismo per\u00edodo, Milton Gim\u00e9nez estableci\u00f3 el definitivo 1-1.<br>Al cabo de estos nueve compromisos, la escuadra de La Boca marc\u00f3 28 tantos y el conjunto barraque\u00f1o convirti\u00f3 4 goles.<\/p>\n\n\n\n<p><br>Esta breve historia tambi\u00e9n cuenta con un partido amistoso comprobado que, obviamente, no entra dentro de la estad\u00edstica oficial. Fue el 1\u00ba de noviembre de 1938, oportunidad en la que Boca Juniors, actuando como local en la cancha de Ferro Carril Oeste, se impuso 8-2 gracias a las conversiones de Daniel Cornelio Sabio x 4, Benito Matas x 2, Luis Antonio Carniglia y Alfredo Santiago G\u00e1spari de penal. Juan Antonio Lorenzo y Otello Sussi descontaron a favor de Barracas Central.<\/p>\n\n\n\n<p><br>Un posible equipo formado con jugadores que vistieron ambas camisetas podr\u00eda estar integrado por Pablo Alejandro Migliore; Pedro Agust\u00edn Velurtas, Marcos Gonzalo Go\u00f1i, Sebasti\u00e1n Fabiano, Clemente Juan Rodr\u00edguez; Antonio Cerroti, Eugenio Cacopardo, Claudio Gerardo Angarola; Ra\u00fal Enrique Est\u00e9vez, Ram\u00f3n Dar\u00edo \u00c1bila, Adri\u00e1n Ricardo Centuri\u00f3n. DT: Emilio Baldonedo. Otros hombres que pasaron por las dos instituciones son Severiano Seraf\u00edn \u00c1lvarez, Pedro Agostini, Federico Aguirre, Fidel \u00c1lvarez, Arturo Jos\u00e9 Begh\u00e9, Lucas Emanuel Brochero (no jug\u00f3 en la Primera de Boca), Edilio Jean Cardoso de Oliveira, Vicente H\u00e9ctor Cusatti, Leonardo Fabiano, Felipe Gal\u00edndez, Federico Mat\u00edas Le\u00f3n, Isidoro Lorenzo, Pedro Miranda, Gonzalo Javier Morales, Pablo Nicol\u00e1s Mouche, Fernando Adri\u00e1n Pasquinelli, Manuel H\u00e9ctor Penas, Carlos Dami\u00e1n Randazzo, Eduardo Ra\u00fal Sen\u00e9s, Fernando Omar Tobio y Maximiliano Ezequiel Zalazar. Por otra parte, los ex entrenadores de Barracas Central Alfredo Jes\u00fas Berti, Blas Armando Giunta y \u00c1ngel Segundo M\u00e9dici, anteriormente se hab\u00edan desempe\u00f1ado como futbolistas en Boca Juniors.<\/p>\n\n\n\n<p>Mariano A. Reverdito<\/p>\n\n\n\n<p>Instagram: @mariano_reverdito<br>X: @MAReverdito<br>Facebook: Mariano Alejandro Reverdito<\/p>\n","protected":false},"excerpt":{"rendered":"<p>Son apenas nueve los encuentros oficiales que protagonizaron Barracas Central y Boca Juniors. Siete por&#8230;<\/p>\n","protected":false},"author":4,"featured_media":3525,"comment_status":"open","ping_status":"open","sticky":false,"template":"","format":"standard","meta":{"footnotes":""},"categories":[24],"tags":[],"class_list":["post-3524","post","type-post","status-publish","format-standard","has-post-thumbnail","hentry","category-historiales"],"yoast_head":"<!-- This site is optimized with the Yoast SEO plugin v21.4 - https:\/\/yoast.com\/wordpress\/plugins\/seo\/ -->\n<title>BOCA JUNIORS - BARRACAS CENTRAL: pocos juegos oficiales - BOCA PARA TODO EL MUNDO<\/title>\n<meta name=\"robots\" content=\"index, follow, max-snippet:-1, max-image-preview:large, max-video-preview:-1\" \/>\n<link rel=\"canonical\" href=\"https:\/\/bocaparatodoelmundo.com.ar\/?p=3524\" \/>\n<meta property=\"og:locale\" content=\"es_ES\" \/>\n<meta property=\"og:type\" content=\"article\" \/>\n<meta property=\"og:title\" content=\"BOCA JUNIORS - BARRACAS CENTRAL: pocos juegos oficiales - BOCA PARA TODO EL MUNDO\" \/>\n<meta property=\"og:description\" content=\"Son apenas nueve los encuentros oficiales que protagonizaron Barracas Central y Boca Juniors. Siete por...\" \/>\n<meta property=\"og:url\" content=\"https:\/\/bocaparatodoelmundo.com.ar\/?p=3524\" \/>\n<meta property=\"og:site_name\" content=\"BOCA PARA TODO EL MUNDO\" \/>\n<meta property=\"article:published_time\" content=\"2025-04-06T16:33:11+00:00\" \/>\n<meta property=\"article:modified_time\" content=\"2025-04-06T16:33:12+00:00\" \/>\n<meta property=\"og:image\" content=\"https:\/\/bocaparatodoelmundo.com.ar\/wp-content\/uploads\/2025\/04\/HISTORIAL-VS-BARRACAS-L.jpg\" \/>\n\t<meta property=\"og:image:width\" content=\"1920\" \/>\n\t<meta property=\"og:image:height\" content=\"1080\" \/>\n\t<meta property=\"og:image:type\" content=\"image\/jpeg\" \/>\n<meta name=\"author\" content=\"Mariano Alejandro Reverdito\" \/>\n<meta name=\"twitter:card\" content=\"summary_large_image\" \/>\n<meta name=\"twitter:label1\" content=\"Escrito por\" \/>\n\t<meta name=\"twitter:data1\" content=\"Mariano Alejandro Reverdito\" \/>\n\t<meta name=\"twitter:label2\" content=\"Tiempo de lectura\" \/>\n\t<meta name=\"twitter:data2\" content=\"3 minutos\" \/>\n<script type=\"application\/ld+json\" class=\"yoast-schema-graph\">{\"@context\":\"https:\/\/schema.org\",\"@graph\":[{\"@type\":\"WebPage\",\"@id\":\"https:\/\/bocaparatodoelmundo.com.ar\/?p=3524\",\"url\":\"https:\/\/bocaparatodoelmundo.com.ar\/?p=3524\",\"name\":\"BOCA JUNIORS - BARRACAS CENTRAL: pocos juegos oficiales - BOCA PARA TODO EL MUNDO\",\"isPartOf\":{\"@id\":\"https:\/\/bocaparatodoelmundo.com.ar\/#website\"},\"datePublished\":\"2025-04-06T16:33:11+00:00\",\"dateModified\":\"2025-04-06T16:33:12+00:00\",\"author\":{\"@id\":\"https:\/\/bocaparatodoelmundo.com.ar\/#\/schema\/person\/e510f0548819cdd34d2743a7f368b5ee\"},\"breadcrumb\":{\"@id\":\"https:\/\/bocaparatodoelmundo.com.ar\/?p=3524#breadcrumb\"},\"inLanguage\":\"es-AR\",\"potentialAction\":[{\"@type\":\"ReadAction\",\"target\":[\"https:\/\/bocaparatodoelmundo.com.ar\/?p=3524\"]}]},{\"@type\":\"BreadcrumbList\",\"@id\":\"https:\/\/bocaparatodoelmundo.com.ar\/?p=3524#breadcrumb\",\"itemListElement\":[{\"@type\":\"ListItem\",\"position\":1,\"name\":\"Inicio\",\"item\":\"https:\/\/bocaparatodoelmundo.com.ar\/\"},{\"@type\":\"ListItem\",\"position\":2,\"name\":\"BOCA JUNIORS &#8211; BARRACAS CENTRAL: pocos juegos oficiales\"}]},{\"@type\":\"WebSite\",\"@id\":\"https:\/\/bocaparatodoelmundo.com.ar\/#website\",\"url\":\"https:\/\/bocaparatodoelmundo.com.ar\/\",\"name\":\"BOCA PARA TODO EL MUNDO\",\"description\":\"Toda la historia y actualidad del club atletico boca junios esta aqui\",\"potentialAction\":[{\"@type\":\"SearchAction\",\"target\":{\"@type\":\"EntryPoint\",\"urlTemplate\":\"https:\/\/bocaparatodoelmundo.com.ar\/?s={search_term_string}\"},\"query-input\":\"required name=search_term_string\"}],\"inLanguage\":\"es-AR\"},{\"@type\":\"Person\",\"@id\":\"https:\/\/bocaparatodoelmundo.com.ar\/#\/schema\/person\/e510f0548819cdd34d2743a7f368b5ee\",\"name\":\"Mariano Alejandro Reverdito\",\"image\":{\"@type\":\"ImageObject\",\"inLanguage\":\"es-AR\",\"@id\":\"https:\/\/bocaparatodoelmundo.com.ar\/#\/schema\/person\/image\/\",\"url\":\"https:\/\/secure.gravatar.com\/avatar\/49111d1ef6575eb7785b5b285bf9bf13bb3e85bda156354fc6ef85c3384f7113?s=96&d=mm&r=g\",\"contentUrl\":\"https:\/\/secure.gravatar.com\/avatar\/49111d1ef6575eb7785b5b285bf9bf13bb3e85bda156354fc6ef85c3384f7113?s=96&d=mm&r=g\",\"caption\":\"Mariano Alejandro Reverdito\"},\"url\":\"https:\/\/bocaparatodoelmundo.com.ar\/?author=4\"}]}<\/script>\n<!-- \/ Yoast SEO plugin. -->","yoast_head_json":{"title":"BOCA JUNIORS - BARRACAS CENTRAL: pocos juegos oficiales - BOCA PARA TODO EL MUNDO","robots":{"index":"index","follow":"follow","max-snippet":"max-snippet:-1","max-image-preview":"max-image-preview:large","max-video-preview":"max-video-preview:-1"},"canonical":"https:\/\/bocaparatodoelmundo.com.ar\/?p=3524","og_locale":"es_ES","og_type":"article","og_title":"BOCA JUNIORS - BARRACAS CENTRAL: pocos juegos oficiales - BOCA PARA TODO EL MUNDO","og_description":"Son apenas nueve los encuentros oficiales que protagonizaron Barracas Central y Boca Juniors. Siete por...","og_url":"https:\/\/bocaparatodoelmundo.com.ar\/?p=3524","og_site_name":"BOCA PARA TODO EL MUNDO","article_published_time":"2025-04-06T16:33:11+00:00","article_modified_time":"2025-04-06T16:33:12+00:00","og_image":[{"width":1920,"height":1080,"url":"https:\/\/bocaparatodoelmundo.com.ar\/wp-content\/uploads\/2025\/04\/HISTORIAL-VS-BARRACAS-L.jpg","type":"image\/jpeg"}],"author":"Mariano Alejandro Reverdito","twitter_card":"summary_large_image","twitter_misc":{"Escrito por":"Mariano Alejandro Reverdito","Tiempo de lectura":"3 minutos"},"schema":{"@context":"https:\/\/schema.org","@graph":[{"@type":"WebPage","@id":"https:\/\/bocaparatodoelmundo.com.ar\/?p=3524","url":"https:\/\/bocaparatodoelmundo.com.ar\/?p=3524","name":"BOCA JUNIORS - BARRACAS CENTRAL: pocos juegos oficiales - BOCA PARA TODO EL MUNDO","isPartOf":{"@id":"https:\/\/bocaparatodoelmundo.com.ar\/#website"},"datePublished":"2025-04-06T16:33:11+00:00","dateModified":"2025-04-06T16:33:12+00:00","author":{"@id":"https:\/\/bocaparatodoelmundo.com.ar\/#\/schema\/person\/e510f0548819cdd34d2743a7f368b5ee"},"breadcrumb":{"@id":"https:\/\/bocaparatodoelmundo.com.ar\/?p=3524#breadcrumb"},"inLanguage":"es-AR","potentialAction":[{"@type":"ReadAction","target":["https:\/\/bocaparatodoelmundo.com.ar\/?p=3524"]}]},{"@type":"BreadcrumbList","@id":"https:\/\/bocaparatodoelmundo.com.ar\/?p=3524#breadcrumb","itemListElement":[{"@type":"ListItem","position":1,"name":"Inicio","item":"https:\/\/bocaparatodoelmundo.com.ar\/"},{"@type":"ListItem","position":2,"name":"BOCA JUNIORS &#8211; BARRACAS CENTRAL: pocos juegos oficiales"}]},{"@type":"WebSite","@id":"https:\/\/bocaparatodoelmundo.com.ar\/#website","url":"https:\/\/bocaparatodoelmundo.com.ar\/","name":"BOCA PARA TODO EL MUNDO","description":"Toda la historia y actualidad del club atletico boca junios esta aqui","potentialAction":[{"@type":"SearchAction","target":{"@type":"EntryPoint","urlTemplate":"https:\/\/bocaparatodoelmundo.com.ar\/?s={search_term_string}"},"query-input":"required name=search_term_string"}],"inLanguage":"es-AR"},{"@type":"Person","@id":"https:\/\/bocaparatodoelmundo.com.ar\/#\/schema\/person\/e510f0548819cdd34d2743a7f368b5ee","name":"Mariano Alejandro Reverdito","image":{"@type":"ImageObject","inLanguage":"es-AR","@id":"https:\/\/bocaparatodoelmundo.com.ar\/#\/schema\/person\/image\/","url":"https:\/\/secure.gravatar.com\/avatar\/49111d1ef6575eb7785b5b285bf9bf13bb3e85bda156354fc6ef85c3384f7113?s=96&d=mm&r=g","contentUrl":"https:\/\/secure.gravatar.com\/avatar\/49111d1ef6575eb7785b5b285bf9bf13bb3e85bda156354fc6ef85c3384f7113?s=96&d=mm&r=g","caption":"Mariano Alejandro Reverdito"},"url":"https:\/\/bocaparatodoelmundo.com.ar\/?author=4"}]}},"_links":{"self":[{"href":"https:\/\/bocaparatodoelmundo.com.ar\/index.php?rest_route=\/wp\/v2\/posts\/3524","targetHints":{"allow":["GET"]}}],"collection":[{"href":"https:\/\/bocaparatodoelmundo.com.ar\/index.php?rest_route=\/wp\/v2\/posts"}],"about":[{"href":"https:\/\/bocaparatodoelmundo.com.ar\/index.php?rest_route=\/wp\/v2\/types\/post"}],"author":[{"embeddable":true,"href":"https:\/\/bocaparatodoelmundo.com.ar\/index.php?rest_route=\/wp\/v2\/users\/4"}],"replies":[{"embeddable":true,"href":"https:\/\/bocaparatodoelmundo.com.ar\/index.php?rest_route=%2Fwp%2Fv2%2Fcomments&post=3524"}],"version-history":[{"count":1,"href":"https:\/\/bocaparatodoelmundo.com.ar\/index.php?rest_route=\/wp\/v2\/posts\/3524\/revisions"}],"predecessor-version":[{"id":3526,"href":"https:\/\/bocaparatodoelmundo.com.ar\/index.php?rest_route=\/wp\/v2\/posts\/3524\/revisions\/3526"}],"wp:featuredmedia":[{"embeddable":true,"href":"https:\/\/bocaparatodoelmundo.com.ar\/index.php?rest_route=\/wp\/v2\/media\/3525"}],"wp:attachment":[{"href":"https:\/\/bocaparatodoelmundo.com.ar\/index.php?rest_route=%2Fwp%2Fv2%2Fmedia&parent=3524"}],"wp:term":[{"taxonomy":"category","embeddable":true,"href":"https:\/\/bocaparatodoelmundo.com.ar\/index.php?rest_route=%2Fwp%2Fv2%2Fcategories&post=3524"},{"taxonomy":"post_tag","embeddable":true,"href":"https:\/\/bocaparatodoelmundo.com.ar\/index.php?rest_route=%2Fwp%2Fv2%2Ftags&post=3524"}],"curies":[{"name":"wp","href":"https:\/\/api.w.org\/{rel}","templated":true}]}}