{"id":3515,"date":"2025-03-16T15:11:22","date_gmt":"2025-03-16T18:11:22","guid":{"rendered":"https:\/\/bocaparatodoelmundo.com.ar\/?p=3515"},"modified":"2025-03-16T15:11:23","modified_gmt":"2025-03-16T18:11:23","slug":"boca-juniors-defensa-y-justicia-torneos-de-liga-y-copas-nacionales","status":"publish","type":"post","link":"https:\/\/bocaparatodoelmundo.com.ar\/?p=3515","title":{"rendered":"BOCA JUNIORS &#8211; DEFENSA Y JUSTICIA: Torneos de Liga y Copas Nacionales"},"content":{"rendered":"\n<p>La historia de diecis\u00e9is partidos que protagonizan el Halc\u00f3n y el Xeneize tiene una particularidad. Siete de los once juegos por torneos de liga se disputaron en La Bombonera y cuatro en el Estadio Norberto Tomaghello. Hubo otros cinco encuentros por copas nacionales: uno en el Mario Alberto Kempes, dos en el Alberto Jos\u00e9 Armando, uno en Florencio Varela y otro en La Boca.<\/p>\n\n\n\n<p>El Club Social y Deportivo Defensa y Justicia y el Club Atl\u00e9tico Boca Juniors jugaron por primera vez de manera oficial el 26 de octubre de 2014, por la 13\u00aa fecha del Torneo Transici\u00f3n 2014. Gan\u00f3 2-0 la escuadra azul y oro. Ambas conquistas fueron se\u00f1aladas por Juan Manuel Mart\u00ednez en el per\u00edodo inicial: a los 9\u2019 y a los 40\u2019 respectivamente.<\/p>\n\n\n\n<p>Se vieron otra vez las caras el 14 de marzo de 2015, por la 5\u00aa jornada del Campeonato 2015. Volvi\u00f3 a imponerse el conjunto de la ribera. Esta vez fue 2-1 gracias a las conversiones de Daniel Alberto D\u00edaz y Pablo Daniel Osvaldo. Para los de Florencio Varela anot\u00f3 Juan Ignacio S\u00e1nchez Sotelo. Ese mismo a\u00f1o tambi\u00e9n cruzaron por los Cuartos de Final de la Copa Argentina. El 23 de septiembre, en el estadio mundialista de la provincia de C\u00f3rdoba, se repiti\u00f3 el 2-1 para Boca. Carlos Alberto Tevez y Adri\u00e1n Andr\u00e9s Cubas anotaron para el vencedor, mientras que Miguel Nicol\u00e1s Bertochi hab\u00eda marcado la moment\u00e1nea igualdad.<\/p>\n\n\n\n<p>Los tres compromisos posteriores tuvieron lugar en Brandsen 805. Hubo una paridad y un triunfo para cada uno. El 22 de mayo de 2016, por la 16\u00aa y \u00faltima fecha del Torneo 2016, finalizaron 0-0. El 1\u00b0 de abril de 2017, por la 18\u00aa jornada del Campeonato 2016\/2017, el conjunto Xeneize se impuso 1-0 con gol de Dar\u00edo Ismael Benedetto a los 26\u2019 del segundo tiempo. El 7 de abril de 2018, por la 22\u00aa fecha de la Superliga 2017\/2018, el Halc\u00f3n venci\u00f3 2-1 con un doblete de Fernando Andr\u00e9s M\u00e1rquez y el descuento de Walter Ariel Bou.<br><\/p>\n\n\n\n<p>Se enfrentaron dos veces en 2019. Ambos compromisos se llevaron a cabo en la cancha de Defensa y Justicia. El 24 de febrero, por la 20\u00aa jornada de la Superliga 2018\/2019, los boquenses se impusieron 1-0 con gol de Carlos Alberto Tevez a los 4\u2019 del complemento. Y el 6 de octubre, por la 9\u00aa fecha de la Superliga 2019\/2020, volvi\u00f3 a celebrar el cuadro visitante. Fue nuevamente 1-0 con tanto de Agust\u00edn Ezequiel Almendra a los 19&#8242; de la primera etapa.<br>Tal como hab\u00eda sucedido en 2019, durante 2021 tambi\u00e9n se cruzaron en dos ocasiones. El 3 de abril, por la 8\u00aa jornada de la Copa Liga Profesional, Boca gan\u00f3 2-1 en territorio propio gracias a las conversiones de Carlos Alberto Tevez y Mauro Mat\u00edas Z\u00e1rate. Walter Ariel Bou hab\u00eda marcado la ventaja transitoria a favor de la visita. Y el 14 de septiembre, por la 11\u00aa fecha del Campeonato 2021, culminaron 0-0 en el mismo escenario.<br><\/p>\n\n\n\n<p>El 10 de mayo de 2022, por los Cuartos de Final de la Copa Liga Profesional, el elenco boquense venci\u00f3 2-0 en condici\u00f3n de local con goles de Sebasti\u00e1n Villa y Juan Edgardo Ram\u00edrez a los 41\u2019 del per\u00edodo inicial y a los 33\u2019 del complemento respectivamente. El 21 de agosto del mismo a\u00f1o, por la 15\u00aa jornada de la Liga Profesional, el cuadro de La Boca volvi\u00f3 a festejar tras imponerse 1-0 en condici\u00f3n de visitante merced a la conquista de Luis Ismael V\u00e1zquez poco antes de que se cumplan los 90\u2019 reglamentarios.<br>La escuadra de Florencio Varela lleva cuatro encuentros sin perder (tres de ellos sin recibir goles) ante el elenco de La Boca. El 6 de marzo de 2023, por la 6\u00aa fecha de la Liga Profesional, terminaron 0-0 en La Bombonera. El 15 de septiembre de 2023, por la 4\u00aa jornada de la Copa Liga Profesional, Nicol\u00e1s Emanuel Fern\u00e1ndez fue el responsable del 1-0 favorable al Halc\u00f3n en territorio propio. El 10 de febrero de 2024, por la 4\u00aa fecha de la nombrada Copa Liga Profesional, repitieron el 0-0 en Brandsen 805. Y el 21 de julio de 2024, por la 6\u00aa jornada de la nombrada Liga Profesional, finalizaron 2-2 en Florencio Varela. Santiago Ramos Mingo y Aar\u00f3n Nicol\u00e1s Molinas convirtieron a favor del anfitri\u00f3n, mientras que Miguel \u00c1ngel Merentiel y Kevin Facundo Guti\u00e9rrez, en contra, hicieron lo propio para la visita.<br><\/p>\n\n\n\n<p>Tal cual lo antedicho, entre torneos de liga (11) y copas nacionales (5) Boca Juniors y Defensa y Justicia disputaron un total de 16 partidos oficiales. Boca gan\u00f3 9 y se\u00f1al\u00f3 17 goles. Defensa venci\u00f3 en 2 oportunidades y marc\u00f3 8 tantos. Empataron 5 veces.<br>P\u00e1rrafo aparte para los juegos amistosos comprobados. A principios de 1978 ambos clubes viv\u00edan situaciones totalmente antag\u00f3nicas. Por un lado, el cuadro de Florencio Varela, dirigido por Jorge Garc\u00eda, se preparaba para debutar en el certamen de Primera D. Y por el otro, el Boca Juniors de Juan Carlos Lorenzo ultimaba detalles para afrontar el a\u00f1o en el que iba a ganar su segunda Copa Libertadores y su primera Intercontinental. El 26 de febrero del nombrado a\u00f1o 1978, Defensa y Justicia inaugur\u00f3 su actual estadio bajo el nombre de \u201cGeneral San Mart\u00edn\u201d. Y lo hizo con partido amistoso ante la Tercera de Boca Juniors, que se impuso 2-0 con un doblete de Armando Mario Husillos. Para afrontar este compromiso, ambos equipos salieron juntos al campo de juego transportando una bandera argentina. Defensa us\u00f3 una camiseta blanca con vivos azules, pantal\u00f3n y medias azules, mientras que Boca visti\u00f3 su tradicional casaca azul con la franja amarilla horizontal, pantal\u00f3n azul con vivos amarillos y medias amarillas. El cuadro anfitri\u00f3n form\u00f3 con \u00c1ngel Luque (Ram\u00f3n Correa); Ricardo Rogosz (Benito L\u00f3pez), Roberto Lucarini, Ra\u00fal Bustos, Alberto Cort\u00e9s; C\u00e9sar Echeverri (Horacio Rosselli), Jorge Giache (Pedro Campos), Ra\u00fal Candia, \u00c1ngel Barrientos; Luis Briega y Oscar Bruno. Bajo la direcci\u00f3n t\u00e9cnica de Carlos Alberto Rom\u00e1n, la visita hizo lo propio con Carlos Alberto Brizuela; Alfredo Oscar M\u00e1rquez, Luis Alberto S\u00e1nchez Sotelo, Ricardo Jos\u00e9 Franceschini, Carlos H\u00e9ctor C\u00f3rdoba; Marcelo Alfredo Silva, Roque Ram\u00f3n Ag\u00fcero, Ricardo Alberto Gareca; Jos\u00e9 Luis \u00c1lvarez, Armando Mario Husillos y Rub\u00e9n Fabrizio. En el banco de suplentes estuvieron V\u00edctor Damiano, \u00c1ngel Retamozo, Walter Diana, Guillermo Eduardo Pagnotta, Orlando Antonio Carrazana, Julio Enrique Barrera y Carlos Dami\u00e1n Randazzo.<br><\/p>\n\n\n\n<p>Al a\u00f1o siguiente la Tercera de Boca volvi\u00f3 a presentarse en Florencio Varela para disputar otro amistoso. Esta vez, el motivo fue la inauguraci\u00f3n de la primera iluminaci\u00f3n que tuvo la cancha de Defensa y Justicia. El 23 de noviembre de 1979 el cuadro Xeneize se impuso 3-2 con dos goles de Guillermo Eduardo Pagnotta (uno de penal), y otro de Conte. El due\u00f1o de casa achic\u00f3 la diferencia con un doblete de Roberto Maidana (uno de penal).<br>A\u00f1os m\u00e1s tarde, la cancha del Halc\u00f3n pas\u00f3 a llamarse Norberto Tomaghello, presidente de la instituci\u00f3n el d\u00eda de la inauguraci\u00f3n.<br>El otro pleito no oficial es un encuentro informal de pr\u00e1ctica que se jug\u00f3 a puertas cerradas en La Bombonera el 29 de julio de 2016 y que finaliz\u00f3 con victoria Xeneize 4-1 con un tanto de Dar\u00edo Ismael Benedetto, otro de Carlos Alberto Tevez y dos de Cristian David Pav\u00f3n. Para la visita convirti\u00f3 Fernando Gast\u00f3n Elizari.<br><\/p>\n\n\n\n<p>Con algunos de los futbolistas que vistieron ambas camisetas, se podr\u00eda armar el siguiente equipo: Agust\u00edn Daniel Rossi; C\u00e9sar Claudio Lahorca, Nahuel Molina, Lisandro Magall\u00e1n, Hugo C\u00e9sar Alves; Eduardo Domingo Sisca, Adri\u00e1n Andr\u00e9s Cubas, Ra\u00fal Alfredo Maradona; Horacio Ignacio Matuszyczk, Dar\u00edo Ismael Benedetto y Agust\u00edn Bouzat. Tambi\u00e9n pasaron ambas instituciones el marcador central Santiago Ramos Mingo (en la Primera de Boca s\u00f3lo jug\u00f3 dos amistosos), los volantes Neri Ra\u00fal Cardozo, Gonzalo Pablo Castellani, Franco Sebasti\u00e1n Cristaldo, Aar\u00f3n Nicol\u00e1s Molinas, Rub\u00e9n Osvaldo Palavecino y Tom\u00e1s Pochettino; y los delanteros Miguel \u00c1ngel Merentiel, Lucas David Pratto, Carlos Dami\u00e1n Randazzo y Sergio Germ\u00e1n S\u00e1nchez. El atacante Walter Ariel Bou, adem\u00e1s de haber defendido las dos casacas, hizo un gol con cada una de ellas. Jorge Francisco Almir\u00f3n, Carlos Alberto Rom\u00e1n y Roberto Marcos Saporiti dirigieron a los dos equipos. Marcos Hugo Zarich, Nelson David Vivas y Jorge Hern\u00e1n Berm\u00fadez se desempe\u00f1aron como futbolistas en Boca Juniors y fueron entrenadores de Defensa y Justicia.<\/p>\n\n\n\n<p>Mariano A. Reverdito<\/p>\n\n\n\n<p>Instagram: @mariano_reverdito<br>X: @MAReverdito<br>Facebook: Mariano Alejandro Reverdito<\/p>\n","protected":false},"excerpt":{"rendered":"<p>La historia de diecis\u00e9is partidos que protagonizan el Halc\u00f3n y el Xeneize tiene una particularidad&#8230;.<\/p>\n","protected":false},"author":4,"featured_media":3516,"comment_status":"open","ping_status":"open","sticky":false,"template":"","format":"standard","meta":{"footnotes":""},"categories":[24],"tags":[],"class_list":["post-3515","post","type-post","status-publish","format-standard","has-post-thumbnail","hentry","category-historiales"],"yoast_head":"<!-- This site is optimized with the Yoast SEO plugin v21.4 - https:\/\/yoast.com\/wordpress\/plugins\/seo\/ -->\n<title>BOCA JUNIORS - DEFENSA Y JUSTICIA: Torneos de Liga y Copas Nacionales - BOCA PARA TODO EL MUNDO<\/title>\n<meta name=\"robots\" content=\"index, follow, max-snippet:-1, max-image-preview:large, max-video-preview:-1\" \/>\n<link rel=\"canonical\" href=\"https:\/\/bocaparatodoelmundo.com.ar\/?p=3515\" \/>\n<meta property=\"og:locale\" content=\"es_ES\" \/>\n<meta property=\"og:type\" content=\"article\" \/>\n<meta property=\"og:title\" content=\"BOCA JUNIORS - DEFENSA Y JUSTICIA: Torneos de Liga y Copas Nacionales - BOCA PARA TODO EL MUNDO\" \/>\n<meta property=\"og:description\" content=\"La historia de diecis\u00e9is partidos que protagonizan el Halc\u00f3n y el Xeneize tiene una particularidad....\" \/>\n<meta property=\"og:url\" content=\"https:\/\/bocaparatodoelmundo.com.ar\/?p=3515\" \/>\n<meta property=\"og:site_name\" content=\"BOCA PARA TODO EL MUNDO\" \/>\n<meta property=\"article:published_time\" content=\"2025-03-16T18:11:22+00:00\" \/>\n<meta property=\"article:modified_time\" content=\"2025-03-16T18:11:23+00:00\" \/>\n<meta property=\"og:image\" content=\"https:\/\/bocaparatodoelmundo.com.ar\/wp-content\/uploads\/2025\/03\/HISTORIA-VS-DYJ-L.jpg\" \/>\n\t<meta property=\"og:image:width\" content=\"1920\" \/>\n\t<meta property=\"og:image:height\" content=\"1080\" \/>\n\t<meta property=\"og:image:type\" content=\"image\/jpeg\" \/>\n<meta name=\"author\" content=\"Mariano Alejandro Reverdito\" \/>\n<meta name=\"twitter:card\" content=\"summary_large_image\" \/>\n<meta name=\"twitter:label1\" content=\"Escrito por\" \/>\n\t<meta name=\"twitter:data1\" content=\"Mariano Alejandro Reverdito\" \/>\n\t<meta name=\"twitter:label2\" content=\"Tiempo de lectura\" \/>\n\t<meta name=\"twitter:data2\" content=\"7 minutos\" \/>\n<script type=\"application\/ld+json\" class=\"yoast-schema-graph\">{\"@context\":\"https:\/\/schema.org\",\"@graph\":[{\"@type\":\"WebPage\",\"@id\":\"https:\/\/bocaparatodoelmundo.com.ar\/?p=3515\",\"url\":\"https:\/\/bocaparatodoelmundo.com.ar\/?p=3515\",\"name\":\"BOCA JUNIORS - DEFENSA Y JUSTICIA: Torneos de Liga y Copas Nacionales - BOCA PARA TODO EL MUNDO\",\"isPartOf\":{\"@id\":\"https:\/\/bocaparatodoelmundo.com.ar\/#website\"},\"datePublished\":\"2025-03-16T18:11:22+00:00\",\"dateModified\":\"2025-03-16T18:11:23+00:00\",\"author\":{\"@id\":\"https:\/\/bocaparatodoelmundo.com.ar\/#\/schema\/person\/e510f0548819cdd34d2743a7f368b5ee\"},\"breadcrumb\":{\"@id\":\"https:\/\/bocaparatodoelmundo.com.ar\/?p=3515#breadcrumb\"},\"inLanguage\":\"es-AR\",\"potentialAction\":[{\"@type\":\"ReadAction\",\"target\":[\"https:\/\/bocaparatodoelmundo.com.ar\/?p=3515\"]}]},{\"@type\":\"BreadcrumbList\",\"@id\":\"https:\/\/bocaparatodoelmundo.com.ar\/?p=3515#breadcrumb\",\"itemListElement\":[{\"@type\":\"ListItem\",\"position\":1,\"name\":\"Inicio\",\"item\":\"https:\/\/bocaparatodoelmundo.com.ar\/\"},{\"@type\":\"ListItem\",\"position\":2,\"name\":\"BOCA JUNIORS &#8211; DEFENSA Y JUSTICIA: Torneos de Liga y Copas Nacionales\"}]},{\"@type\":\"WebSite\",\"@id\":\"https:\/\/bocaparatodoelmundo.com.ar\/#website\",\"url\":\"https:\/\/bocaparatodoelmundo.com.ar\/\",\"name\":\"BOCA PARA TODO EL MUNDO\",\"description\":\"Toda la historia y actualidad del club atletico boca junios esta aqui\",\"potentialAction\":[{\"@type\":\"SearchAction\",\"target\":{\"@type\":\"EntryPoint\",\"urlTemplate\":\"https:\/\/bocaparatodoelmundo.com.ar\/?s={search_term_string}\"},\"query-input\":\"required name=search_term_string\"}],\"inLanguage\":\"es-AR\"},{\"@type\":\"Person\",\"@id\":\"https:\/\/bocaparatodoelmundo.com.ar\/#\/schema\/person\/e510f0548819cdd34d2743a7f368b5ee\",\"name\":\"Mariano Alejandro Reverdito\",\"image\":{\"@type\":\"ImageObject\",\"inLanguage\":\"es-AR\",\"@id\":\"https:\/\/bocaparatodoelmundo.com.ar\/#\/schema\/person\/image\/\",\"url\":\"https:\/\/secure.gravatar.com\/avatar\/49111d1ef6575eb7785b5b285bf9bf13bb3e85bda156354fc6ef85c3384f7113?s=96&d=mm&r=g\",\"contentUrl\":\"https:\/\/secure.gravatar.com\/avatar\/49111d1ef6575eb7785b5b285bf9bf13bb3e85bda156354fc6ef85c3384f7113?s=96&d=mm&r=g\",\"caption\":\"Mariano Alejandro Reverdito\"},\"url\":\"https:\/\/bocaparatodoelmundo.com.ar\/?author=4\"}]}<\/script>\n<!-- \/ Yoast SEO plugin. -->","yoast_head_json":{"title":"BOCA JUNIORS - DEFENSA Y JUSTICIA: Torneos de Liga y Copas Nacionales - BOCA PARA TODO EL MUNDO","robots":{"index":"index","follow":"follow","max-snippet":"max-snippet:-1","max-image-preview":"max-image-preview:large","max-video-preview":"max-video-preview:-1"},"canonical":"https:\/\/bocaparatodoelmundo.com.ar\/?p=3515","og_locale":"es_ES","og_type":"article","og_title":"BOCA JUNIORS - DEFENSA Y JUSTICIA: Torneos de Liga y Copas Nacionales - BOCA PARA TODO EL MUNDO","og_description":"La historia de diecis\u00e9is partidos que protagonizan el Halc\u00f3n y el Xeneize tiene una particularidad....","og_url":"https:\/\/bocaparatodoelmundo.com.ar\/?p=3515","og_site_name":"BOCA PARA TODO EL MUNDO","article_published_time":"2025-03-16T18:11:22+00:00","article_modified_time":"2025-03-16T18:11:23+00:00","og_image":[{"width":1920,"height":1080,"url":"https:\/\/bocaparatodoelmundo.com.ar\/wp-content\/uploads\/2025\/03\/HISTORIA-VS-DYJ-L.jpg","type":"image\/jpeg"}],"author":"Mariano Alejandro Reverdito","twitter_card":"summary_large_image","twitter_misc":{"Escrito por":"Mariano Alejandro Reverdito","Tiempo de lectura":"7 minutos"},"schema":{"@context":"https:\/\/schema.org","@graph":[{"@type":"WebPage","@id":"https:\/\/bocaparatodoelmundo.com.ar\/?p=3515","url":"https:\/\/bocaparatodoelmundo.com.ar\/?p=3515","name":"BOCA JUNIORS - DEFENSA Y JUSTICIA: Torneos de Liga y Copas Nacionales - BOCA PARA TODO EL MUNDO","isPartOf":{"@id":"https:\/\/bocaparatodoelmundo.com.ar\/#website"},"datePublished":"2025-03-16T18:11:22+00:00","dateModified":"2025-03-16T18:11:23+00:00","author":{"@id":"https:\/\/bocaparatodoelmundo.com.ar\/#\/schema\/person\/e510f0548819cdd34d2743a7f368b5ee"},"breadcrumb":{"@id":"https:\/\/bocaparatodoelmundo.com.ar\/?p=3515#breadcrumb"},"inLanguage":"es-AR","potentialAction":[{"@type":"ReadAction","target":["https:\/\/bocaparatodoelmundo.com.ar\/?p=3515"]}]},{"@type":"BreadcrumbList","@id":"https:\/\/bocaparatodoelmundo.com.ar\/?p=3515#breadcrumb","itemListElement":[{"@type":"ListItem","position":1,"name":"Inicio","item":"https:\/\/bocaparatodoelmundo.com.ar\/"},{"@type":"ListItem","position":2,"name":"BOCA JUNIORS &#8211; DEFENSA Y JUSTICIA: Torneos de Liga y Copas Nacionales"}]},{"@type":"WebSite","@id":"https:\/\/bocaparatodoelmundo.com.ar\/#website","url":"https:\/\/bocaparatodoelmundo.com.ar\/","name":"BOCA PARA TODO EL MUNDO","description":"Toda la historia y actualidad del club atletico boca junios esta aqui","potentialAction":[{"@type":"SearchAction","target":{"@type":"EntryPoint","urlTemplate":"https:\/\/bocaparatodoelmundo.com.ar\/?s={search_term_string}"},"query-input":"required name=search_term_string"}],"inLanguage":"es-AR"},{"@type":"Person","@id":"https:\/\/bocaparatodoelmundo.com.ar\/#\/schema\/person\/e510f0548819cdd34d2743a7f368b5ee","name":"Mariano Alejandro Reverdito","image":{"@type":"ImageObject","inLanguage":"es-AR","@id":"https:\/\/bocaparatodoelmundo.com.ar\/#\/schema\/person\/image\/","url":"https:\/\/secure.gravatar.com\/avatar\/49111d1ef6575eb7785b5b285bf9bf13bb3e85bda156354fc6ef85c3384f7113?s=96&d=mm&r=g","contentUrl":"https:\/\/secure.gravatar.com\/avatar\/49111d1ef6575eb7785b5b285bf9bf13bb3e85bda156354fc6ef85c3384f7113?s=96&d=mm&r=g","caption":"Mariano Alejandro Reverdito"},"url":"https:\/\/bocaparatodoelmundo.com.ar\/?author=4"}]}},"_links":{"self":[{"href":"https:\/\/bocaparatodoelmundo.com.ar\/index.php?rest_route=\/wp\/v2\/posts\/3515","targetHints":{"allow":["GET"]}}],"collection":[{"href":"https:\/\/bocaparatodoelmundo.com.ar\/index.php?rest_route=\/wp\/v2\/posts"}],"about":[{"href":"https:\/\/bocaparatodoelmundo.com.ar\/index.php?rest_route=\/wp\/v2\/types\/post"}],"author":[{"embeddable":true,"href":"https:\/\/bocaparatodoelmundo.com.ar\/index.php?rest_route=\/wp\/v2\/users\/4"}],"replies":[{"embeddable":true,"href":"https:\/\/bocaparatodoelmundo.com.ar\/index.php?rest_route=%2Fwp%2Fv2%2Fcomments&post=3515"}],"version-history":[{"count":1,"href":"https:\/\/bocaparatodoelmundo.com.ar\/index.php?rest_route=\/wp\/v2\/posts\/3515\/revisions"}],"predecessor-version":[{"id":3517,"href":"https:\/\/bocaparatodoelmundo.com.ar\/index.php?rest_route=\/wp\/v2\/posts\/3515\/revisions\/3517"}],"wp:featuredmedia":[{"embeddable":true,"href":"https:\/\/bocaparatodoelmundo.com.ar\/index.php?rest_route=\/wp\/v2\/media\/3516"}],"wp:attachment":[{"href":"https:\/\/bocaparatodoelmundo.com.ar\/index.php?rest_route=%2Fwp%2Fv2%2Fmedia&parent=3515"}],"wp:term":[{"taxonomy":"category","embeddable":true,"href":"https:\/\/bocaparatodoelmundo.com.ar\/index.php?rest_route=%2Fwp%2Fv2%2Fcategories&post=3515"},{"taxonomy":"post_tag","embeddable":true,"href":"https:\/\/bocaparatodoelmundo.com.ar\/index.php?rest_route=%2Fwp%2Fv2%2Ftags&post=3515"}],"curies":[{"name":"wp","href":"https:\/\/api.w.org\/{rel}","templated":true}]}}