{"id":3508,"date":"2025-03-14T11:36:17","date_gmt":"2025-03-14T14:36:17","guid":{"rendered":"https:\/\/bocaparatodoelmundo.com.ar\/?p=3508"},"modified":"2025-03-14T11:36:19","modified_gmt":"2025-03-14T14:36:19","slug":"20-anos-del-retiro-del-batigol","status":"publish","type":"post","link":"https:\/\/bocaparatodoelmundo.com.ar\/?p=3508","title":{"rendered":"20 a\u00f1os del retiro del Batigol"},"content":{"rendered":"\n<h4 class=\"wp-block-heading\">Hoy se cumplen dos decadas del retiro formal de Gabriel Omar Batistuta como futbolista profesional. <\/h4>\n\n\n\n<p>Gabriel Omar Batistuta antes de convertirse en leyenda de la Serie A, sell\u00f3 una gran temporada en Boca Juniors formando una dupla demoledora con Diego Latorre. Un solo ejercicio brillando en La Bombonera, con 19 goles (13 en torneos locales y 6 en copas internacionales) en 47 partidos (34 y 13, respectivamente), le vali\u00f3 para llamar la atenci\u00f3n de los principales clubes europeos, como el FC Barcelona, y de la propia selecci\u00f3n argentina.<\/p>\n\n\n\n<h4 class=\"wp-block-heading\">Su pase de River a Boca<\/h4>\n\n\n<div class=\"wp-block-image\">\n<figure class=\"aligncenter size-full is-resized\"><img loading=\"lazy\" decoding=\"async\" width=\"534\" height=\"522\" src=\"https:\/\/bocaparatodoelmundo.com.ar\/wp-content\/uploads\/2025\/03\/batistuta.jpg\" alt=\"\" class=\"wp-image-3509\" style=\"width:773px;height:auto\" srcset=\"https:\/\/bocaparatodoelmundo.com.ar\/wp-content\/uploads\/2025\/03\/batistuta.jpg 534w, https:\/\/bocaparatodoelmundo.com.ar\/wp-content\/uploads\/2025\/03\/batistuta-300x293.jpg 300w\" sizes=\"auto, (max-width: 534px) 100vw, 534px\" \/><\/figure>\n<\/div>\n\n\n<p><strong>Gabriel Omar Batistuta<\/strong>\u00a0fue uno de los extraordinarios delanteros que tuvo el f\u00fatbol argentino. A su vez, es uno de los jugadores que vistieron las dos camisetas m\u00e1s importantes del f\u00fatbol argentino:\u00a0<strong>River y Boca<\/strong>. Pero, detr\u00e1s del pase del exdelantero del Millonario al Xeneize,<strong>\u00a0Daniel Alberto Passarella fue uno de los protagonistas<\/strong>\u00a0para que se concrete.<\/p>\n\n\n\n<p>Gabriel Batistuta se inici\u00f3 futbol\u00edsticamente en&nbsp;<strong>Newell&#8217;s<\/strong>&nbsp;y r\u00e1pidamente despert\u00f3 el inter\u00e9s de&nbsp;<strong>River&nbsp;<\/strong>que, por decisi\u00f3n de<strong>&nbsp;Reinaldo Merlo<\/strong>, decidi\u00f3 ficharlo.&nbsp;<em>&#8220;Cuando llegu\u00e9 a River no hab\u00eda cumplido 20 a\u00f1os. Merlo me vio y me fue a buscar a Newell\u2019s. Me quiso y me hizo jugar todos los partidos de ese campeonato largo&#8221;<\/em>, record\u00f3&nbsp;<strong>el Bati&nbsp;<\/strong>en<em>&nbsp;Sin Anestesia<\/em>&nbsp;sobre c\u00f3mo se dio su llegada al Monumental.<\/p>\n\n\n\n<p>Sin embargo, tambi\u00e9n narr\u00f3 cu\u00e1l fue el quiebre para que, m\u00e1s adelante, no sea tenido en cuenta en&nbsp;<strong>River<\/strong>:&nbsp;<em>&nbsp;&#8220;Cuando se va el presidente, cambia todo. Cuando llega Passarella, nunca me vio.&nbsp;<strong>Estuve seis meses parado<\/strong>&nbsp;y no jugu\u00e9 m\u00e1s. Ah\u00ed es cuando Aimar me lleva a Boca.&nbsp;<strong>Evidentemente el Cai vio algo que Passarella no ve\u00eda<\/strong>&#8220;.<\/em><\/p>\n\n\n\n<p>Con la llegada del Kaisera River, el delantero no era uno de sus jugadores preferidos. M\u00e1s all\u00e1 de eso, el DT ten\u00eda cierto temor de que se vaya a jugar a un grande del pa\u00eds, se destacara, y que la responsabilidad de haberlo dejado ir caiga sobre sus hombros.&nbsp;<\/p>\n\n\n\n<p>Era agosto de 1990 y luego de haber estado 8 meses al mando de la Primera Divisi\u00f3n de River,&nbsp;<strong>Daniel Alberto Passarella<\/strong>&nbsp;mantuvo una charla con&nbsp;<strong>Settimio Aloisio<\/strong>, empresario de la \u00e9poca, en la que le preguntaba si estaba todo cerrado para que vuelva a<strong>&nbsp;Newell&#8217;s<\/strong>&nbsp;y no sea un rival directo al que estar\u00edan reforzando con la llegada de&nbsp;<strong>Batistuta<\/strong>.<\/p>\n\n\n\n<p><strong>Aloisio&nbsp;<\/strong>le asegur\u00f3 a&nbsp;<strong>Passarella&nbsp;<\/strong>que<strong>&nbsp;Gabriel Batistuta<\/strong>&nbsp;iba a ser dirigido por&nbsp;<strong>Marcelo Bielsa<\/strong>&nbsp;en&nbsp;<strong>Newell&#8217;s.<\/strong>&nbsp;Sin embargo, en el medio todo cambi\u00f3 y el exdelantero no se puso la camiseta de La Lepra.&nbsp;<\/p>\n\n\n\n<p>Cuando Batigol&nbsp;<strong>rescindi\u00f3 su contrato con River,<\/strong>&nbsp;<strong>que era due\u00f1o de la mitad de su pase<\/strong>, en sociedad con don&nbsp;<strong>Settimio<\/strong>,&nbsp;<strong>Boca&nbsp;<\/strong>realiz\u00f3 una oferta por el delantero.&nbsp;<em>&#8220;Me quedan recuerdos buenos y malos. Lo lindo pas\u00f3 en la primera etapa del campeonato, dirigido por Merlo. Y anduve bien, como que le met\u00ed el gol decisivo a San Lorenzo para ganar la Liguilla y clasificar a River para la Copa Libertadores. Pero cuando lleg\u00f3 Passarella, se termin\u00f3 mi ciclo. No tuve posibilidades, no tuve nada&#8230; La tranquilidad que me queda es que yo no fracas\u00e9, en todo caso no me dejaron triunfar. Las veces que entr\u00e9 a jugar, Passarella me puso por diez minutos y porque faltaban otros jugadores. Era como estar de relleno y yo no estoy para eso a los 21 a\u00f1os&#8221;<\/em>, declar\u00f3 Batistuta cuando se marcho de N\u00fa\u00f1ez.<\/p>\n\n\n\n<p>El Kaiser no se qued\u00f3 en silencio y respondi\u00f3 a las expresiones del futbolista:<em>&nbsp;&#8220;Es mentira que yo lo haya echado a Batistuta. Sucedi\u00f3 que surgi\u00f3 una buena posibilidad econ\u00f3mica para River, que estaba muy apremiado en aquel entonces, y como yo ten\u00eda como titulares, en alto nivel de rendimiento, a Medina Bello y el Polillita Da Silva, di el okey para que lo negociaran. Pero nunca lo descalifiqu\u00e9 como futbolista&#8221;<\/em>.<\/p>\n\n\n\n<p><strong>Batistuta dej\u00f3 el Millonario y se convirti\u00f3 en refuerzo de Boca, en donde estuvo 11 meses y fue dirigido por Carlos Aimar.<\/strong>\u00a0Con la camiseta azul y oro disput\u00f3\u00a0<strong>47 partidos y anot\u00f3 19 goles<\/strong>, lo que le vali\u00f3 la convocatoria a la\u00a0<strong>Selecci\u00f3n Argentina\u00a0<\/strong>por decisi\u00f3n de<strong>\u00a0Alfio Basile, quien era el entrenador<\/strong>\u00a0en aquel entonces. Adem\u00e1s, peg\u00f3 el salto hacia Europa<strong>\u00a0luego de ser fichado por la Fiorentina de Italia, en donde se convirti\u00f3 en \u00eddolo del club.<\/strong><\/p>\n\n\n\n<h4 class=\"wp-block-heading\">Su estadia en Boca: Aimar y Tabarez.<\/h4>\n\n\n\n<p>Batistuta consegu\u00eda as\u00ed por fin su sue\u00f1o de vestir la camiseta de Boca Juniors, equipo del que siempre ha sido hincha confeso. Debut\u00f3 en Boca, con 21 a\u00f1os, el 30 de septiembre de 1990 frente a Rosario Central, con una derrota por 2-1 en La Bombonera, de la mano de Carlos Aimar como director t\u00e9cnico. Sus inicios en La Boca no fueron nada f\u00e1ciles, al haber jugado en River la temporada anterior, los hinchas xeneizes tuvieron cierta reticencia con su fichaje, adem\u00e1s no se terminaba de afianzar en el equipo jugando en una posici\u00f3n m\u00e1s escorada a la banda. Con la llegada del uruguayo Oscar Washington Tab\u00e1rez a la direcci\u00f3n t\u00e9cnica de Boca a principios de 1991 todo cambi\u00f3, incluso su posici\u00f3n en el campo, y \u00abBatigol\u00bb se adue\u00f1\u00f3 del 9 con su esfuerzo y talento.<\/p>\n\n\n<div class=\"wp-block-image\">\n<figure class=\"aligncenter\"><img decoding=\"async\" src=\"https:\/\/www.kodromagazine.com\/wp-content\/uploads\/2022\/01\/BW5MLDBXCBDWPKQDAVL3FIB3BI.jpg\" alt=\"\" class=\"wp-image-14174\"\/><\/figure>\n<\/div>\n\n\n<p>La perseverancia y la potencia de Batistuta para ir a luchar todos los balones, marcando las diagonales (preferentemente de afuera hacia adentro) eran ideales para Diego, que necesitaba registrar los movimientos del 9 para hacer el pase-gol, y a \u00e9l le ven\u00edan al anillo esos pases que sus movimientos fomentaban. \u00abYo jugaba para \u00e9l, y \u00e9l, para m\u00ed. No compet\u00edamos entre nosotros; contrariamente, estar juntos hac\u00eda que surgiera lo mejor de cada uno. Coincidimos hasta en la edad, en esa complicidad que se genera cuando se est\u00e1 viviendo pr\u00e1cticamente lo mismo\u00bb, aseguraba en una entrevista Latorre.<\/p>\n\n\n<div class=\"wp-block-image\">\n<figure class=\"aligncenter\"><img decoding=\"async\" src=\"https:\/\/www.kodromagazine.com\/wp-content\/uploads\/2022\/01\/escanear0005-Batro-@-twb22.blogspot.com-6-e1642791574315.jpg\" alt=\"\" class=\"wp-image-14169\"\/><\/figure>\n<\/div>\n\n\n<p>Por otra parte, la vida privada del delantero tambi\u00e9n iba viento en popa, el astro argentino coron\u00f3 una historia de amor de anta\u00f1o al casarse con su novia Irina en la iglesia de San Roque el 28 de diciembre de 1990.<\/p>\n\n\n\n<p>El a\u00f1o termin\u00f3 de la mejor manera con un doblete en la Copa Libertadores en el Monumental contra su antiguo equipo, River. Despu\u00e9s de cada gol, \u00abBati\u00bb pas\u00f3 por delante del banquillo contrario, mirando fijamente a los ojos a su \u00abenemigo\u00bb Passarella. Era sin duda una dulce venganza.<\/p>\n\n\n\n<p>Con Boca concluy\u00f3 el Torneo Clausura \u00b491 de manera invicta, pero no fue suficiente para que salieran campeones, ya que perdieron la final contra Newell\u2019s por penales, que hab\u00eda ganado el Apertura 90 (en esa \u00e9poca se jugaba una final para dictaminar al campe\u00f3n de la temporada). Batistuta no jug\u00f3 el partido definitorio por estar con la Selecci\u00f3n Argentina en v\u00edsperas de disputar la Copa Am\u00e9rica de Chile. El \u00abBati\u00bb a pesar de todo ello fue el goleador del Clausura \u00b491: hizo 11 goles en 19 partidos.<\/p>\n\n\n<div class=\"wp-block-image\">\n<figure class=\"aligncenter size-full is-resized\"><img loading=\"lazy\" decoding=\"async\" width=\"284\" height=\"177\" src=\"https:\/\/bocaparatodoelmundo.com.ar\/wp-content\/uploads\/2025\/03\/images-10.jpg\" alt=\"\" class=\"wp-image-3511\" style=\"width:478px;height:auto\"\/><\/figure>\n<\/div>\n\n\n<p>Su participaci\u00f3n con Boca en la Copa Libertadores del \u00b491 fue clave,&nbsp;<a href=\"https:\/\/www.kodromagazine.com\/la-batalla-de-santiago-colo-colo-y-boca-juniors-en-la-copa-libertadores-de-1991\">llegando a semifinales, instancia en la que fue eliminado por Colo Colo en Chile tras \u00abLa Batalla de Santiago\u00bb, partido recordado por la actuaci\u00f3n de la polic\u00eda y los perros que mordieron a algunos jugadores del equipo argentino<\/a>&nbsp;(a Carlos Navarro Montoya, entre otros, arquero de Boca en ese entonces). El delantero nacido en Reconquista jug\u00f3 12 partidos e hizo seis goles en esa copa, de los cuales dos de los m\u00e1s recordados fueron precisamente ante River, su exclub (le convirti\u00f3 en el Monumental en la victoria por 2-0 en la fase de grupos).<\/p>\n\n\n\n<p>El \u00faltimo partido en el Xeneize fue el 11 de agosto de 1991 frente a San Lorenzo de local, con una derrota por 1-0, y parti\u00f3 hacia la Fiorentina de Italia, donde es \u00eddolo indiscutible. Le falt\u00f3, si se quiere, dar la vuelta ol\u00edmpica en Boca, pero, en tan solo un a\u00f1o, se meti\u00f3 a los hinchas en el bolsillo y ser\u00e1 recordado para siempre.<\/p>\n\n\n<div class=\"wp-block-image\">\n<figure class=\"aligncenter\"><img decoding=\"async\" src=\"https:\/\/www.kodromagazine.com\/wp-content\/uploads\/2022\/01\/dc81222f5b73792ccab00a0f37f3cf7ebfd3ecb6.jpg\" alt=\"\" class=\"wp-image-14181\"\/><\/figure>\n<\/div>\n\n\n<h4 class=\"wp-block-heading\">Un retorno que no se lleg\u00f3 a dar<\/h4>\n\n\n\n<p>El delantero argentino Gabriel Batistuta rechaz\u00f3 por primera vez su retorno a Boca Juniors el julio de 2003 tras recibir una oferta para jugar en la liga argentina y la Copa Intercontinental contra el AC Milan, seg\u00fan inform\u00f3 su representante, Settimio Aloisio.<\/p>\n\n\n\n<p>Batistuta, de 34 a\u00f1os por aquel entonces, estudiaba una oferta del Al-Arabi de Qatar, que acabar\u00eda aceptando. El delantero hab\u00eda terminado contrato con la Roma, aunque en los \u00faltimos seis meses jug\u00f3 cedido en el Inter de Mil\u00e1n y ganaba unos 15.000 d\u00f3lares por d\u00eda, mientras que en Argentina eran pocos los jugadores que cobraban esa suma por mes.<\/p>\n\n\n<div class=\"wp-block-image\">\n<figure class=\"aligncenter\"><img decoding=\"async\" src=\"https:\/\/www.kodromagazine.com\/wp-content\/uploads\/2022\/01\/d61dd19312ec5ee4e07c6fb51bf7f6e3.jpg\" alt=\"\" class=\"wp-image-14173\"\/><\/figure>\n<\/div>\n\n\n<p>La intenci\u00f3n de Boca Juniors de fichar a Batistuta se conoci\u00f3 a partir de su visita a Argentina, donde pasaba unas vacaciones en la provincia de San Fe con su familia, pero el delantero no esper\u00f3 a reunirse con Macri para anunciar el rechazo a la propuesta y el agradecimiento a los dirigentes por haber pensado en \u00e9l.<\/p>\n\n\n\n<p>En diciembre de 2004, volvi\u00f3 a estar cerca de volver a Argentina, ya que dispon\u00eda de ofertas de San Lorenzo, y de Boca Juniors, donde deseaba jugar la \u00faltima temporada como profesional. Sin embargo, las cr\u00f3nicas lesiones en los tobillos y el gran momento del goleador hist\u00f3rico de Boca Juniors, Mart\u00edn Palermo, hicieron que ese deseo no prosperara. Otras de las razones fueron los secuestros que ten\u00edan en vilo a toda Argentina, y que habr\u00edan atemorizado a la familia Batistuta, quien tambi\u00e9n evalu\u00f3 el atraso de un a\u00f1o en la educaci\u00f3n de sus hijos por el cambio de pa\u00eds. El propio goleador termin\u00f3 retir\u00e1ndose en marzo de 2005 de la actividad profesional agobiado por las lesiones en sus tobillos. Finalmente, anunci\u00f3 el retiro como futbolista profesional en marzo de 2005.<\/p>\n","protected":false},"excerpt":{"rendered":"<p>Hoy se cumplen dos decadas del retiro formal de Gabriel Omar Batistuta como futbolista profesional&#8230;.<\/p>\n","protected":false},"author":2,"featured_media":3513,"comment_status":"open","ping_status":"open","sticky":false,"template":"","format":"standard","meta":{"footnotes":""},"categories":[48],"tags":[],"class_list":["post-3508","post","type-post","status-publish","format-standard","has-post-thumbnail","hentry","category-idolos-xeneizes"],"yoast_head":"<!-- This site is optimized with the Yoast SEO plugin v21.4 - https:\/\/yoast.com\/wordpress\/plugins\/seo\/ -->\n<title>20 a\u00f1os del retiro del Batigol - BOCA PARA TODO EL MUNDO<\/title>\n<meta name=\"robots\" content=\"index, follow, max-snippet:-1, max-image-preview:large, max-video-preview:-1\" \/>\n<link rel=\"canonical\" href=\"https:\/\/bocaparatodoelmundo.com.ar\/?p=3508\" \/>\n<meta property=\"og:locale\" content=\"es_ES\" \/>\n<meta property=\"og:type\" content=\"article\" \/>\n<meta property=\"og:title\" content=\"20 a\u00f1os del retiro del Batigol - BOCA PARA TODO EL MUNDO\" \/>\n<meta property=\"og:description\" content=\"Hoy se cumplen dos decadas del retiro formal de Gabriel Omar Batistuta como futbolista profesional....\" \/>\n<meta property=\"og:url\" content=\"https:\/\/bocaparatodoelmundo.com.ar\/?p=3508\" \/>\n<meta property=\"og:site_name\" content=\"BOCA PARA TODO EL MUNDO\" \/>\n<meta property=\"article:published_time\" content=\"2025-03-14T14:36:17+00:00\" \/>\n<meta property=\"article:modified_time\" content=\"2025-03-14T14:36:19+00:00\" \/>\n<meta property=\"og:image\" content=\"https:\/\/bocaparatodoelmundo.com.ar\/wp-content\/uploads\/2025\/03\/bati-6772068724-1.jpg\" \/>\n\t<meta property=\"og:image:width\" content=\"610\" \/>\n\t<meta property=\"og:image:height\" content=\"368\" \/>\n\t<meta property=\"og:image:type\" content=\"image\/jpeg\" \/>\n<meta name=\"author\" content=\"Mart\u00edn Ripari\" \/>\n<meta name=\"twitter:card\" content=\"summary_large_image\" \/>\n<meta name=\"twitter:label1\" content=\"Escrito por\" \/>\n\t<meta name=\"twitter:data1\" content=\"Mart\u00edn Ripari\" \/>\n\t<meta name=\"twitter:label2\" content=\"Tiempo de lectura\" \/>\n\t<meta name=\"twitter:data2\" content=\"9 minutos\" \/>\n<script type=\"application\/ld+json\" class=\"yoast-schema-graph\">{\"@context\":\"https:\/\/schema.org\",\"@graph\":[{\"@type\":\"WebPage\",\"@id\":\"https:\/\/bocaparatodoelmundo.com.ar\/?p=3508\",\"url\":\"https:\/\/bocaparatodoelmundo.com.ar\/?p=3508\",\"name\":\"20 a\u00f1os del retiro del Batigol - BOCA PARA TODO EL MUNDO\",\"isPartOf\":{\"@id\":\"https:\/\/bocaparatodoelmundo.com.ar\/#website\"},\"datePublished\":\"2025-03-14T14:36:17+00:00\",\"dateModified\":\"2025-03-14T14:36:19+00:00\",\"author\":{\"@id\":\"https:\/\/bocaparatodoelmundo.com.ar\/#\/schema\/person\/c7c150fa1e2772333c5e6c002e15afaf\"},\"breadcrumb\":{\"@id\":\"https:\/\/bocaparatodoelmundo.com.ar\/?p=3508#breadcrumb\"},\"inLanguage\":\"es-AR\",\"potentialAction\":[{\"@type\":\"ReadAction\",\"target\":[\"https:\/\/bocaparatodoelmundo.com.ar\/?p=3508\"]}]},{\"@type\":\"BreadcrumbList\",\"@id\":\"https:\/\/bocaparatodoelmundo.com.ar\/?p=3508#breadcrumb\",\"itemListElement\":[{\"@type\":\"ListItem\",\"position\":1,\"name\":\"Inicio\",\"item\":\"https:\/\/bocaparatodoelmundo.com.ar\/\"},{\"@type\":\"ListItem\",\"position\":2,\"name\":\"20 a\u00f1os del retiro del Batigol\"}]},{\"@type\":\"WebSite\",\"@id\":\"https:\/\/bocaparatodoelmundo.com.ar\/#website\",\"url\":\"https:\/\/bocaparatodoelmundo.com.ar\/\",\"name\":\"BOCA PARA TODO EL MUNDO\",\"description\":\"Toda la historia y actualidad del club atletico boca junios esta aqui\",\"potentialAction\":[{\"@type\":\"SearchAction\",\"target\":{\"@type\":\"EntryPoint\",\"urlTemplate\":\"https:\/\/bocaparatodoelmundo.com.ar\/?s={search_term_string}\"},\"query-input\":\"required name=search_term_string\"}],\"inLanguage\":\"es-AR\"},{\"@type\":\"Person\",\"@id\":\"https:\/\/bocaparatodoelmundo.com.ar\/#\/schema\/person\/c7c150fa1e2772333c5e6c002e15afaf\",\"name\":\"Mart\u00edn Ripari\",\"image\":{\"@type\":\"ImageObject\",\"inLanguage\":\"es-AR\",\"@id\":\"https:\/\/bocaparatodoelmundo.com.ar\/#\/schema\/person\/image\/\",\"url\":\"https:\/\/secure.gravatar.com\/avatar\/0db7df26707fd8adc2b24ae87259322b0aea8d9eaf092366b1d208b0b180ee7e?s=96&d=mm&r=g\",\"contentUrl\":\"https:\/\/secure.gravatar.com\/avatar\/0db7df26707fd8adc2b24ae87259322b0aea8d9eaf092366b1d208b0b180ee7e?s=96&d=mm&r=g\",\"caption\":\"Mart\u00edn Ripari\"},\"url\":\"https:\/\/bocaparatodoelmundo.com.ar\/?author=2\"}]}<\/script>\n<!-- \/ Yoast SEO plugin. -->","yoast_head_json":{"title":"20 a\u00f1os del retiro del Batigol - BOCA PARA TODO EL MUNDO","robots":{"index":"index","follow":"follow","max-snippet":"max-snippet:-1","max-image-preview":"max-image-preview:large","max-video-preview":"max-video-preview:-1"},"canonical":"https:\/\/bocaparatodoelmundo.com.ar\/?p=3508","og_locale":"es_ES","og_type":"article","og_title":"20 a\u00f1os del retiro del Batigol - BOCA PARA TODO EL MUNDO","og_description":"Hoy se cumplen dos decadas del retiro formal de Gabriel Omar Batistuta como futbolista profesional....","og_url":"https:\/\/bocaparatodoelmundo.com.ar\/?p=3508","og_site_name":"BOCA PARA TODO EL MUNDO","article_published_time":"2025-03-14T14:36:17+00:00","article_modified_time":"2025-03-14T14:36:19+00:00","og_image":[{"width":610,"height":368,"url":"https:\/\/bocaparatodoelmundo.com.ar\/wp-content\/uploads\/2025\/03\/bati-6772068724-1.jpg","type":"image\/jpeg"}],"author":"Mart\u00edn Ripari","twitter_card":"summary_large_image","twitter_misc":{"Escrito por":"Mart\u00edn Ripari","Tiempo de lectura":"9 minutos"},"schema":{"@context":"https:\/\/schema.org","@graph":[{"@type":"WebPage","@id":"https:\/\/bocaparatodoelmundo.com.ar\/?p=3508","url":"https:\/\/bocaparatodoelmundo.com.ar\/?p=3508","name":"20 a\u00f1os del retiro del Batigol - BOCA PARA TODO EL MUNDO","isPartOf":{"@id":"https:\/\/bocaparatodoelmundo.com.ar\/#website"},"datePublished":"2025-03-14T14:36:17+00:00","dateModified":"2025-03-14T14:36:19+00:00","author":{"@id":"https:\/\/bocaparatodoelmundo.com.ar\/#\/schema\/person\/c7c150fa1e2772333c5e6c002e15afaf"},"breadcrumb":{"@id":"https:\/\/bocaparatodoelmundo.com.ar\/?p=3508#breadcrumb"},"inLanguage":"es-AR","potentialAction":[{"@type":"ReadAction","target":["https:\/\/bocaparatodoelmundo.com.ar\/?p=3508"]}]},{"@type":"BreadcrumbList","@id":"https:\/\/bocaparatodoelmundo.com.ar\/?p=3508#breadcrumb","itemListElement":[{"@type":"ListItem","position":1,"name":"Inicio","item":"https:\/\/bocaparatodoelmundo.com.ar\/"},{"@type":"ListItem","position":2,"name":"20 a\u00f1os del retiro del Batigol"}]},{"@type":"WebSite","@id":"https:\/\/bocaparatodoelmundo.com.ar\/#website","url":"https:\/\/bocaparatodoelmundo.com.ar\/","name":"BOCA PARA TODO EL MUNDO","description":"Toda la historia y actualidad del club atletico boca junios esta aqui","potentialAction":[{"@type":"SearchAction","target":{"@type":"EntryPoint","urlTemplate":"https:\/\/bocaparatodoelmundo.com.ar\/?s={search_term_string}"},"query-input":"required name=search_term_string"}],"inLanguage":"es-AR"},{"@type":"Person","@id":"https:\/\/bocaparatodoelmundo.com.ar\/#\/schema\/person\/c7c150fa1e2772333c5e6c002e15afaf","name":"Mart\u00edn Ripari","image":{"@type":"ImageObject","inLanguage":"es-AR","@id":"https:\/\/bocaparatodoelmundo.com.ar\/#\/schema\/person\/image\/","url":"https:\/\/secure.gravatar.com\/avatar\/0db7df26707fd8adc2b24ae87259322b0aea8d9eaf092366b1d208b0b180ee7e?s=96&d=mm&r=g","contentUrl":"https:\/\/secure.gravatar.com\/avatar\/0db7df26707fd8adc2b24ae87259322b0aea8d9eaf092366b1d208b0b180ee7e?s=96&d=mm&r=g","caption":"Mart\u00edn Ripari"},"url":"https:\/\/bocaparatodoelmundo.com.ar\/?author=2"}]}},"_links":{"self":[{"href":"https:\/\/bocaparatodoelmundo.com.ar\/index.php?rest_route=\/wp\/v2\/posts\/3508","targetHints":{"allow":["GET"]}}],"collection":[{"href":"https:\/\/bocaparatodoelmundo.com.ar\/index.php?rest_route=\/wp\/v2\/posts"}],"about":[{"href":"https:\/\/bocaparatodoelmundo.com.ar\/index.php?rest_route=\/wp\/v2\/types\/post"}],"author":[{"embeddable":true,"href":"https:\/\/bocaparatodoelmundo.com.ar\/index.php?rest_route=\/wp\/v2\/users\/2"}],"replies":[{"embeddable":true,"href":"https:\/\/bocaparatodoelmundo.com.ar\/index.php?rest_route=%2Fwp%2Fv2%2Fcomments&post=3508"}],"version-history":[{"count":1,"href":"https:\/\/bocaparatodoelmundo.com.ar\/index.php?rest_route=\/wp\/v2\/posts\/3508\/revisions"}],"predecessor-version":[{"id":3514,"href":"https:\/\/bocaparatodoelmundo.com.ar\/index.php?rest_route=\/wp\/v2\/posts\/3508\/revisions\/3514"}],"wp:featuredmedia":[{"embeddable":true,"href":"https:\/\/bocaparatodoelmundo.com.ar\/index.php?rest_route=\/wp\/v2\/media\/3513"}],"wp:attachment":[{"href":"https:\/\/bocaparatodoelmundo.com.ar\/index.php?rest_route=%2Fwp%2Fv2%2Fmedia&parent=3508"}],"wp:term":[{"taxonomy":"category","embeddable":true,"href":"https:\/\/bocaparatodoelmundo.com.ar\/index.php?rest_route=%2Fwp%2Fv2%2Fcategories&post=3508"},{"taxonomy":"post_tag","embeddable":true,"href":"https:\/\/bocaparatodoelmundo.com.ar\/index.php?rest_route=%2Fwp%2Fv2%2Ftags&post=3508"}],"curies":[{"name":"wp","href":"https:\/\/api.w.org\/{rel}","templated":true}]}}