{"id":3493,"date":"2025-03-13T09:41:55","date_gmt":"2025-03-13T12:41:55","guid":{"rendered":"https:\/\/bocaparatodoelmundo.com.ar\/?p=3493"},"modified":"2025-03-13T09:47:56","modified_gmt":"2025-03-13T12:47:56","slug":"rezamos-por-vos-loco","status":"publish","type":"post","link":"https:\/\/bocaparatodoelmundo.com.ar\/?p=3493","title":{"rendered":"Rezamos por vos, Loco"},"content":{"rendered":"\n<p><strong><a href=\"https:\/\/www.elgrafico.com.ar\/etiqueta\/hugo%20gatti\" target=\"_blank\" rel=\"noreferrer noopener\">HUGO ORLANDO GATTI<\/a>, uno de los arqueros m\u00e1s importantes de la historia de\u00a0<a href=\"https:\/\/www.elgrafico.com.ar\/etiqueta\/boca\" target=\"_blank\" rel=\"noreferrer noopener\">Boca<\/a>, se encuentra internado en terapia intensiva<\/strong>\u00a0luego de que<strong>\u00a0se agravara el postoperatorio<\/strong>\u00a0por una\u00a0<strong>cirug\u00eda de cadera<\/strong>\u00a0y derivara en una\u00a0<strong>neumon\u00eda<\/strong>. La intervenci\u00f3n se le realiz\u00f3 hace unos 25 d\u00edas por un accidente que sufri\u00f3 en la v\u00eda p\u00fablica mientras paseaba a su perro.<\/p>\n\n\n<div class=\"wp-block-image\">\n<figure class=\"aligncenter size-full\"><img loading=\"lazy\" decoding=\"async\" width=\"767\" height=\"853\" src=\"https:\/\/bocaparatodoelmundo.com.ar\/wp-content\/uploads\/2025\/03\/el-loco-gatti-con-la-camiseta-jet-iconica-por-ser-la-primera-que-un-jugador-argentino-utilizo-con-sponsor-foto-boca-juniors-63MBSUA7ILQKRSZXT7P5UFMOXE.avif\" alt=\"\" class=\"wp-image-3498\" srcset=\"https:\/\/bocaparatodoelmundo.com.ar\/wp-content\/uploads\/2025\/03\/el-loco-gatti-con-la-camiseta-jet-iconica-por-ser-la-primera-que-un-jugador-argentino-utilizo-con-sponsor-foto-boca-juniors-63MBSUA7ILQKRSZXT7P5UFMOXE.avif 767w, https:\/\/bocaparatodoelmundo.com.ar\/wp-content\/uploads\/2025\/03\/el-loco-gatti-con-la-camiseta-jet-iconica-por-ser-la-primera-que-un-jugador-argentino-utilizo-con-sponsor-foto-boca-juniors-63MBSUA7ILQKRSZXT7P5UFMOXE-270x300.avif 270w\" sizes=\"auto, (max-width: 767px) 100vw, 767px\" \/><figcaption class=\"wp-element-caption\">Junto a Diego Armando Maradona, el dia del debut en el Metro &#8217;81.<\/figcaption><\/figure>\n<\/div>\n\n\n<p><strong>Su situaci\u00f3n se complic\u00f3 por un virus<\/strong>&nbsp;que habr\u00eda ingresado por la cadera y termin\u00f3 por generar un&nbsp;<strong>cuadro respiratorio agudo<\/strong>&nbsp;que oblig\u00f3 a tomar la determinaci\u00f3n m\u00e9dica de pasarlo a cuidados especiales.<\/p>\n\n\n\n<p>El Loco, quien&nbsp;<strong>en junio pasado sufri\u00f3 la p\u00e9rdida de Nacha, su esposa desde hac\u00eda m\u00e1s de 50 a\u00f1os,<\/strong>&nbsp;se encuentra&nbsp;<strong>acompa\u00f1ado por su hijo Federico<\/strong>, que estaba en la Argentina, mientras que Lucas debi\u00f3 viajar al pa\u00eds porque se encontraba en el exterior.<\/p>\n\n\n<div class=\"wp-block-image\">\n<figure class=\"aligncenter size-full is-resized\"><img loading=\"lazy\" decoding=\"async\" width=\"273\" height=\"185\" src=\"https:\/\/bocaparatodoelmundo.com.ar\/wp-content\/uploads\/2025\/03\/images-7.jpg\" alt=\"\" class=\"wp-image-3500\" style=\"width:761px;height:auto\"\/><figcaption class=\"wp-element-caption\">Ribolzi, Su\u00f1\u00e9, S\u00e1, Gatti, Veglio y Mastr\u00e1ngelo, con una r\u00e9plica de la Copa Libertadores en 1977.<\/figcaption><\/figure>\n<\/div>\n\n\n<p>Creador de un&nbsp;<strong>estilo \u00fanico y pionero entre los arqueros que imitaron su estilo de jugar con los pies<\/strong>, el hombre nacido en la localidad bonaerense de Carlos Tejedor el 19 de agosto de 1944 debut\u00f3 en Atlanta en 1962. Luego ataj\u00f3 cuatro a\u00f1os en River y de all\u00ed pas\u00f3 a Gimnasia (5 temporadas) y a Uni\u00f3n, para recalar&nbsp;<strong>en Boca en 1976 y dejar su sello hasta 1989,&nbsp;<\/strong>convirti\u00e9ndose en<strong>&nbsp;\u00edcono indiscutido de la Azul y Oro.<\/strong><\/p>\n\n\n<div class=\"wp-block-image\">\n<figure class=\"aligncenter size-full is-resized\"><img loading=\"lazy\" decoding=\"async\" width=\"201\" height=\"251\" src=\"https:\/\/bocaparatodoelmundo.com.ar\/wp-content\/uploads\/2025\/03\/images-8.jpg\" alt=\"\" class=\"wp-image-3501\" style=\"width:511px;height:auto\"\/><figcaption class=\"wp-element-caption\">Junto a Ubaldo Fillol, antes del Boca 1 &#8211; Racing 0 de 1987. Fueron un gran contrapunto en los &#8217;70 como \u00edconos de Boca y River.<\/figcaption><\/figure>\n<\/div>\n\n\n<p>Con la insignia Xeneize obtuvo&nbsp;<strong>seis t\u00edtulos: tres nacionales, dos Copas Libertadores y la Intercontinental de 1977.<\/strong>&nbsp;De hecho,&nbsp;<strong>la primera de las seis estrellas sudamericanas<\/strong>&nbsp;de las que Boca se enorgullece fue la del &#8217;77,<strong>&nbsp;gracias al penal que Gatti le detuvo a Vanderley, de Cruzeiro<\/strong>, y que defini\u00f3 la serie que deriv\u00f3 en la vuelta ol\u00edmpica.<\/p>\n\n\n\n<p><strong>Ostenta el r\u00e9cord de mayor cantidad de partidos en Primera (765) y de penales atajados (26),<\/strong>\u00a0la misma cantidad que Ubaldo Fillol. En los \u00faltimos a\u00f1os se destac\u00f3 por sus declaraciones pol\u00e9micas sobre todo a trav\u00e9s de su partipaci\u00f3n como columnista en programas de la televisi\u00f3n espa\u00f1ola.<\/p>\n","protected":false},"excerpt":{"rendered":"<p>HUGO ORLANDO GATTI, uno de los arqueros m\u00e1s importantes de la historia de\u00a0Boca, se encuentra&#8230;<\/p>\n","protected":false},"author":3,"featured_media":3496,"comment_status":"open","ping_status":"open","sticky":false,"template":"","format":"standard","meta":{"footnotes":""},"categories":[48],"tags":[],"class_list":["post-3493","post","type-post","status-publish","format-standard","has-post-thumbnail","hentry","category-idolos-xeneizes"],"yoast_head":"<!-- This site is optimized with the Yoast SEO plugin v21.4 - https:\/\/yoast.com\/wordpress\/plugins\/seo\/ -->\n<title>Rezamos por vos, Loco - BOCA PARA TODO EL MUNDO<\/title>\n<meta name=\"robots\" content=\"index, follow, max-snippet:-1, max-image-preview:large, max-video-preview:-1\" \/>\n<link rel=\"canonical\" href=\"https:\/\/bocaparatodoelmundo.com.ar\/?p=3493\" \/>\n<meta property=\"og:locale\" content=\"es_ES\" \/>\n<meta property=\"og:type\" content=\"article\" \/>\n<meta property=\"og:title\" content=\"Rezamos por vos, Loco - BOCA PARA TODO EL MUNDO\" \/>\n<meta property=\"og:description\" content=\"HUGO ORLANDO GATTI, uno de los arqueros m\u00e1s importantes de la historia de\u00a0Boca, se encuentra...\" \/>\n<meta property=\"og:url\" content=\"https:\/\/bocaparatodoelmundo.com.ar\/?p=3493\" \/>\n<meta property=\"og:site_name\" content=\"BOCA PARA TODO EL MUNDO\" \/>\n<meta property=\"article:published_time\" content=\"2025-03-13T12:41:55+00:00\" \/>\n<meta property=\"article:modified_time\" content=\"2025-03-13T12:47:56+00:00\" \/>\n<meta property=\"og:image\" content=\"https:\/\/bocaparatodoelmundo.com.ar\/wp-content\/uploads\/2025\/03\/hugo-gatti-el-arquero-que-rompio-records-con-boca-6XCWNU7QFZGA3PBG2T4SRIPQZE.jpg\" \/>\n\t<meta property=\"og:image:width\" content=\"1023\" \/>\n\t<meta property=\"og:image:height\" content=\"631\" \/>\n\t<meta property=\"og:image:type\" content=\"image\/jpeg\" \/>\n<meta name=\"author\" content=\"Redaccion BPTM\" \/>\n<meta name=\"twitter:card\" content=\"summary_large_image\" \/>\n<meta name=\"twitter:label1\" content=\"Escrito por\" \/>\n\t<meta name=\"twitter:data1\" content=\"Redaccion BPTM\" \/>\n\t<meta name=\"twitter:label2\" content=\"Tiempo de lectura\" \/>\n\t<meta name=\"twitter:data2\" content=\"3 minutos\" \/>\n<script type=\"application\/ld+json\" class=\"yoast-schema-graph\">{\"@context\":\"https:\/\/schema.org\",\"@graph\":[{\"@type\":\"WebPage\",\"@id\":\"https:\/\/bocaparatodoelmundo.com.ar\/?p=3493\",\"url\":\"https:\/\/bocaparatodoelmundo.com.ar\/?p=3493\",\"name\":\"Rezamos por vos, Loco - BOCA PARA TODO EL MUNDO\",\"isPartOf\":{\"@id\":\"https:\/\/bocaparatodoelmundo.com.ar\/#website\"},\"datePublished\":\"2025-03-13T12:41:55+00:00\",\"dateModified\":\"2025-03-13T12:47:56+00:00\",\"author\":{\"@id\":\"https:\/\/bocaparatodoelmundo.com.ar\/#\/schema\/person\/cc56d27ea9d37f4cea3636086a1847c5\"},\"breadcrumb\":{\"@id\":\"https:\/\/bocaparatodoelmundo.com.ar\/?p=3493#breadcrumb\"},\"inLanguage\":\"es-AR\",\"potentialAction\":[{\"@type\":\"ReadAction\",\"target\":[\"https:\/\/bocaparatodoelmundo.com.ar\/?p=3493\"]}]},{\"@type\":\"BreadcrumbList\",\"@id\":\"https:\/\/bocaparatodoelmundo.com.ar\/?p=3493#breadcrumb\",\"itemListElement\":[{\"@type\":\"ListItem\",\"position\":1,\"name\":\"Inicio\",\"item\":\"https:\/\/bocaparatodoelmundo.com.ar\/\"},{\"@type\":\"ListItem\",\"position\":2,\"name\":\"Rezamos por vos, Loco\"}]},{\"@type\":\"WebSite\",\"@id\":\"https:\/\/bocaparatodoelmundo.com.ar\/#website\",\"url\":\"https:\/\/bocaparatodoelmundo.com.ar\/\",\"name\":\"BOCA PARA TODO EL MUNDO\",\"description\":\"Toda la historia y actualidad del club atletico boca junios esta aqui\",\"potentialAction\":[{\"@type\":\"SearchAction\",\"target\":{\"@type\":\"EntryPoint\",\"urlTemplate\":\"https:\/\/bocaparatodoelmundo.com.ar\/?s={search_term_string}\"},\"query-input\":\"required name=search_term_string\"}],\"inLanguage\":\"es-AR\"},{\"@type\":\"Person\",\"@id\":\"https:\/\/bocaparatodoelmundo.com.ar\/#\/schema\/person\/cc56d27ea9d37f4cea3636086a1847c5\",\"name\":\"Redaccion BPTM\",\"image\":{\"@type\":\"ImageObject\",\"inLanguage\":\"es-AR\",\"@id\":\"https:\/\/bocaparatodoelmundo.com.ar\/#\/schema\/person\/image\/\",\"url\":\"https:\/\/secure.gravatar.com\/avatar\/3b62665b8c08843736974a055cc2398ba6bb7fd2fe787285105d666c418a7d13?s=96&d=mm&r=g\",\"contentUrl\":\"https:\/\/secure.gravatar.com\/avatar\/3b62665b8c08843736974a055cc2398ba6bb7fd2fe787285105d666c418a7d13?s=96&d=mm&r=g\",\"caption\":\"Redaccion BPTM\"},\"sameAs\":[\"http:\/\/bocaparatodoelmundo.com.ar\"],\"url\":\"https:\/\/bocaparatodoelmundo.com.ar\/?author=3\"}]}<\/script>\n<!-- \/ Yoast SEO plugin. -->","yoast_head_json":{"title":"Rezamos por vos, Loco - BOCA PARA TODO EL MUNDO","robots":{"index":"index","follow":"follow","max-snippet":"max-snippet:-1","max-image-preview":"max-image-preview:large","max-video-preview":"max-video-preview:-1"},"canonical":"https:\/\/bocaparatodoelmundo.com.ar\/?p=3493","og_locale":"es_ES","og_type":"article","og_title":"Rezamos por vos, Loco - BOCA PARA TODO EL MUNDO","og_description":"HUGO ORLANDO GATTI, uno de los arqueros m\u00e1s importantes de la historia de\u00a0Boca, se encuentra...","og_url":"https:\/\/bocaparatodoelmundo.com.ar\/?p=3493","og_site_name":"BOCA PARA TODO EL MUNDO","article_published_time":"2025-03-13T12:41:55+00:00","article_modified_time":"2025-03-13T12:47:56+00:00","og_image":[{"width":1023,"height":631,"url":"https:\/\/bocaparatodoelmundo.com.ar\/wp-content\/uploads\/2025\/03\/hugo-gatti-el-arquero-que-rompio-records-con-boca-6XCWNU7QFZGA3PBG2T4SRIPQZE.jpg","type":"image\/jpeg"}],"author":"Redaccion BPTM","twitter_card":"summary_large_image","twitter_misc":{"Escrito por":"Redaccion BPTM","Tiempo de lectura":"3 minutos"},"schema":{"@context":"https:\/\/schema.org","@graph":[{"@type":"WebPage","@id":"https:\/\/bocaparatodoelmundo.com.ar\/?p=3493","url":"https:\/\/bocaparatodoelmundo.com.ar\/?p=3493","name":"Rezamos por vos, Loco - BOCA PARA TODO EL MUNDO","isPartOf":{"@id":"https:\/\/bocaparatodoelmundo.com.ar\/#website"},"datePublished":"2025-03-13T12:41:55+00:00","dateModified":"2025-03-13T12:47:56+00:00","author":{"@id":"https:\/\/bocaparatodoelmundo.com.ar\/#\/schema\/person\/cc56d27ea9d37f4cea3636086a1847c5"},"breadcrumb":{"@id":"https:\/\/bocaparatodoelmundo.com.ar\/?p=3493#breadcrumb"},"inLanguage":"es-AR","potentialAction":[{"@type":"ReadAction","target":["https:\/\/bocaparatodoelmundo.com.ar\/?p=3493"]}]},{"@type":"BreadcrumbList","@id":"https:\/\/bocaparatodoelmundo.com.ar\/?p=3493#breadcrumb","itemListElement":[{"@type":"ListItem","position":1,"name":"Inicio","item":"https:\/\/bocaparatodoelmundo.com.ar\/"},{"@type":"ListItem","position":2,"name":"Rezamos por vos, Loco"}]},{"@type":"WebSite","@id":"https:\/\/bocaparatodoelmundo.com.ar\/#website","url":"https:\/\/bocaparatodoelmundo.com.ar\/","name":"BOCA PARA TODO EL MUNDO","description":"Toda la historia y actualidad del club atletico boca junios esta aqui","potentialAction":[{"@type":"SearchAction","target":{"@type":"EntryPoint","urlTemplate":"https:\/\/bocaparatodoelmundo.com.ar\/?s={search_term_string}"},"query-input":"required name=search_term_string"}],"inLanguage":"es-AR"},{"@type":"Person","@id":"https:\/\/bocaparatodoelmundo.com.ar\/#\/schema\/person\/cc56d27ea9d37f4cea3636086a1847c5","name":"Redaccion BPTM","image":{"@type":"ImageObject","inLanguage":"es-AR","@id":"https:\/\/bocaparatodoelmundo.com.ar\/#\/schema\/person\/image\/","url":"https:\/\/secure.gravatar.com\/avatar\/3b62665b8c08843736974a055cc2398ba6bb7fd2fe787285105d666c418a7d13?s=96&d=mm&r=g","contentUrl":"https:\/\/secure.gravatar.com\/avatar\/3b62665b8c08843736974a055cc2398ba6bb7fd2fe787285105d666c418a7d13?s=96&d=mm&r=g","caption":"Redaccion BPTM"},"sameAs":["http:\/\/bocaparatodoelmundo.com.ar"],"url":"https:\/\/bocaparatodoelmundo.com.ar\/?author=3"}]}},"_links":{"self":[{"href":"https:\/\/bocaparatodoelmundo.com.ar\/index.php?rest_route=\/wp\/v2\/posts\/3493","targetHints":{"allow":["GET"]}}],"collection":[{"href":"https:\/\/bocaparatodoelmundo.com.ar\/index.php?rest_route=\/wp\/v2\/posts"}],"about":[{"href":"https:\/\/bocaparatodoelmundo.com.ar\/index.php?rest_route=\/wp\/v2\/types\/post"}],"author":[{"embeddable":true,"href":"https:\/\/bocaparatodoelmundo.com.ar\/index.php?rest_route=\/wp\/v2\/users\/3"}],"replies":[{"embeddable":true,"href":"https:\/\/bocaparatodoelmundo.com.ar\/index.php?rest_route=%2Fwp%2Fv2%2Fcomments&post=3493"}],"version-history":[{"count":2,"href":"https:\/\/bocaparatodoelmundo.com.ar\/index.php?rest_route=\/wp\/v2\/posts\/3493\/revisions"}],"predecessor-version":[{"id":3502,"href":"https:\/\/bocaparatodoelmundo.com.ar\/index.php?rest_route=\/wp\/v2\/posts\/3493\/revisions\/3502"}],"wp:featuredmedia":[{"embeddable":true,"href":"https:\/\/bocaparatodoelmundo.com.ar\/index.php?rest_route=\/wp\/v2\/media\/3496"}],"wp:attachment":[{"href":"https:\/\/bocaparatodoelmundo.com.ar\/index.php?rest_route=%2Fwp%2Fv2%2Fmedia&parent=3493"}],"wp:term":[{"taxonomy":"category","embeddable":true,"href":"https:\/\/bocaparatodoelmundo.com.ar\/index.php?rest_route=%2Fwp%2Fv2%2Fcategories&post=3493"},{"taxonomy":"post_tag","embeddable":true,"href":"https:\/\/bocaparatodoelmundo.com.ar\/index.php?rest_route=%2Fwp%2Fv2%2Ftags&post=3493"}],"curies":[{"name":"wp","href":"https:\/\/api.w.org\/{rel}","templated":true}]}}