{"id":3447,"date":"2025-02-14T23:49:00","date_gmt":"2025-02-15T02:49:00","guid":{"rendered":"https:\/\/bocaparatodoelmundo.com.ar\/?p=3447"},"modified":"2025-02-18T17:01:05","modified_gmt":"2025-02-18T20:01:05","slug":"por-una-cabeza-boca","status":"publish","type":"post","link":"https:\/\/bocaparatodoelmundo.com.ar\/?p=3447","title":{"rendered":"\u00a1Por una cabeza, Boca!"},"content":{"rendered":"\n<h4 class=\"wp-block-heading\">En el Florencio Sola, el equipo de Fernando Gago sac\u00f3 adelante un partido que pintaba para 0-0 aburrido. El gol del triunfo fue de Lautaro Di Lollo.<\/h4>\n\n\n\n<p>Reci\u00e9n en el ep\u00edlogo,<strong>&nbsp;un Boca sin muchas luces pudo doblegar a Banfield&nbsp;<\/strong>y se impuso por 1 a 0, como visitante, en un partido correspondiente a la sexta fecha de la Liga Profesional, jugado esta noche en el sur bonaerense.<\/p>\n\n\n\n<p>El juvenil zaguero&nbsp;<strong>Lautaro Di Lollo&nbsp;<\/strong>marc\u00f3 el primer gol de su carrera, a los 41 minutos del segundo tiempo, y le dio la victoria a Boca.&nbsp;<\/p>\n\n\n\n<p>Poco despu\u00e9s, a los 44, el equipo auriazul se qued\u00f3 con diez hombres por la expulsi\u00f3n de&nbsp;<strong>Ayrton Costa.<\/strong><\/p>\n\n\n\n<p>Con este triunfo&nbsp;<strong>Boca alcanz\u00f3 la punta de la Zona A junto a Estudiantes y Argentinos,<\/strong>&nbsp;aunque con un partido m\u00e1s, y a pocos d\u00edas de su presentaci\u00f3n contra Alianza Lima de Per\u00fa, por la<strong>&nbsp;fase previa de la Copa Libertadores.<\/strong><\/p>\n\n\n\n<p>Durante la primera mitad del encuentro, el \u201cXeneize\u201d realiz\u00f3 un buen trabajo en el aspecto ofensivo, con jugadas amplias que generaron una gran expectativa para concretar oportunidades de gol. &nbsp;<\/p>\n\n\n\n<figure class=\"wp-block-image size-full is-resized\"><img loading=\"lazy\" decoding=\"async\" width=\"420\" height=\"280\" src=\"https:\/\/bocaparatodoelmundo.com.ar\/wp-content\/uploads\/2025\/02\/marchesin-fue-la-figura-de-boca-salvo-el-empate-OFMNQR4325EGPNQA7X2DVO3WEY.avif\" alt=\"\" class=\"wp-image-3449\" style=\"width:831px;height:auto\" srcset=\"https:\/\/bocaparatodoelmundo.com.ar\/wp-content\/uploads\/2025\/02\/marchesin-fue-la-figura-de-boca-salvo-el-empate-OFMNQR4325EGPNQA7X2DVO3WEY.avif 420w, https:\/\/bocaparatodoelmundo.com.ar\/wp-content\/uploads\/2025\/02\/marchesin-fue-la-figura-de-boca-salvo-el-empate-OFMNQR4325EGPNQA7X2DVO3WEY-300x200.avif 300w\" sizes=\"auto, (max-width: 420px) 100vw, 420px\" \/><figcaption class=\"wp-element-caption\">Marchesin tapa un tiro libre que se le metia por detras del cuerpo. Decisiva labor del ex Lanus.<\/figcaption><\/figure>\n\n\n\n<p>Sin embargo, las malas definiciones y la marca intensa del local cerraron la igualdad 0-0 en el marcador. &nbsp;<\/p>\n\n\n\n<p>Adem\u00e1s, en los \u00faltimos minutos, el elenco comandado por &nbsp;Fernando Gago no despleg\u00f3 un ataque preciso e inteligente. Por este motivo, Banfield tuvo la pelota e intent\u00f3 crear oportunidades para adelantarse en el marcador y sorprender a Boca. Pero, la falta de frialdad en los tiros al arco sentenci\u00f3 la ilusi\u00f3n del plantel dirigido por Ariel Broggi. &nbsp;<\/p>\n\n\n\n<figure class=\"wp-block-image size-full\"><img loading=\"lazy\" decoding=\"async\" width=\"860\" height=\"575\" src=\"https:\/\/bocaparatodoelmundo.com.ar\/wp-content\/uploads\/2025\/02\/v0E4ZCXG3_860x575__1.jpg\" alt=\"\" class=\"wp-image-3450\" srcset=\"https:\/\/bocaparatodoelmundo.com.ar\/wp-content\/uploads\/2025\/02\/v0E4ZCXG3_860x575__1.jpg 860w, https:\/\/bocaparatodoelmundo.com.ar\/wp-content\/uploads\/2025\/02\/v0E4ZCXG3_860x575__1-300x201.jpg 300w, https:\/\/bocaparatodoelmundo.com.ar\/wp-content\/uploads\/2025\/02\/v0E4ZCXG3_860x575__1-768x513.jpg 768w\" sizes=\"auto, (max-width: 860px) 100vw, 860px\" \/><figcaption class=\"wp-element-caption\">Maldonado cierra a Gimenez, acompa\u00f1ado por Pombo. Milton no tuvo participaci\u00f3n en el juego.<\/figcaption><\/figure>\n\n\n\n<p>En el complemento del duelo, el conjunto local encerr\u00f3 con su defensa intensa al elenco de Capital Federal y domin\u00f3 en el ataque pero sin precisi\u00f3n ni punter\u00eda. &nbsp;<\/p>\n\n\n\n<figure class=\"wp-block-image size-full\"><img loading=\"lazy\" decoding=\"async\" width=\"720\" height=\"475\" src=\"https:\/\/bocaparatodoelmundo.com.ar\/wp-content\/uploads\/2025\/02\/L0bo5tXcl_720x0__1.jpg\" alt=\"\" class=\"wp-image-3451\" srcset=\"https:\/\/bocaparatodoelmundo.com.ar\/wp-content\/uploads\/2025\/02\/L0bo5tXcl_720x0__1.jpg 720w, https:\/\/bocaparatodoelmundo.com.ar\/wp-content\/uploads\/2025\/02\/L0bo5tXcl_720x0__1-300x198.jpg 300w\" sizes=\"auto, (max-width: 720px) 100vw, 720px\" \/><figcaption class=\"wp-element-caption\">Zeballos busca superar a Leonel Rios. El santiague\u00f1o ingres\u00f3 en el segundo tiempo.<\/figcaption><\/figure>\n\n\n\n<p>Sin embargo, Boca se despert\u00f3 en los \u00faltimos minutos del partido y gener\u00f3 diversas jugadas claras para anotar: en el minuto 41, el marcador central&nbsp;<strong>Lautaro Di Lollo&nbsp;<\/strong>meti\u00f3 un cabezazo preciso dentro del \u00e1rea chica y abri\u00f3 el marcador.<\/p>\n\n\n\n<figure class=\"wp-block-image size-full\"><img loading=\"lazy\" decoding=\"async\" width=\"720\" height=\"480\" src=\"https:\/\/bocaparatodoelmundo.com.ar\/wp-content\/uploads\/2025\/02\/2T7fyzv8Y_720x0__1.jpg\" alt=\"\" class=\"wp-image-3452\" srcset=\"https:\/\/bocaparatodoelmundo.com.ar\/wp-content\/uploads\/2025\/02\/2T7fyzv8Y_720x0__1.jpg 720w, https:\/\/bocaparatodoelmundo.com.ar\/wp-content\/uploads\/2025\/02\/2T7fyzv8Y_720x0__1-300x200.jpg 300w\" sizes=\"auto, (max-width: 720px) 100vw, 720px\" \/><figcaption class=\"wp-element-caption\">Grita Di Lollo; acompa\u00f1a Costa en el festejo. Es el gol de Boca, sobre el final del partido<\/figcaption><\/figure>\n\n\n\n<p>Y casi en tiempo de descuento<strong>&nbsp;Marches\u00edn&nbsp;<\/strong>asegur\u00f3 el triunfo de Boca con una buena tapada tras un remate de Bisanz.<\/p>\n\n\n\n<figure class=\"wp-block-image size-full\"><img loading=\"lazy\" decoding=\"async\" width=\"720\" height=\"431\" src=\"https:\/\/bocaparatodoelmundo.com.ar\/wp-content\/uploads\/2025\/02\/2iIypxav4_720x0__1.jpg\" alt=\"\" class=\"wp-image-3453\" srcset=\"https:\/\/bocaparatodoelmundo.com.ar\/wp-content\/uploads\/2025\/02\/2iIypxav4_720x0__1.jpg 720w, https:\/\/bocaparatodoelmundo.com.ar\/wp-content\/uploads\/2025\/02\/2iIypxav4_720x0__1-300x180.jpg 300w\" sizes=\"auto, (max-width: 720px) 100vw, 720px\" \/><figcaption class=\"wp-element-caption\">Marchesin festeja el triunfo consumado. El ex Lanus no fue bien recibido por la gente de Banfield.<br><br><\/figcaption><\/figure>\n\n\n\n<h2 class=\"wp-block-heading\">S\u00edntesis del partido &nbsp;<\/h2>\n\n\n\n<p><strong>Banfield 0 &#8211; Boca 1 &nbsp;<\/strong><\/p>\n\n\n\n<p><strong>Estadio: Florencio Sola&nbsp;<\/strong><\/p>\n\n\n\n<p><strong>\u00c1rbitro: Pablo D\u00f3valo&nbsp;<\/strong><\/p>\n\n\n\n<p><strong>Banfield:&nbsp;<\/strong>Facundo Sanguinetti; Brandon Zacarias Oviedo, Alexis Maldonado, Joaqu\u00edn Pombo, Mathias De Ritis; Santiago L\u00f3pez Garc\u00eda, Mart\u00edn R\u00edo, Lautaro Nicol\u00e1s R\u00edos, Gonzalo R\u00edos; Juan Bisanz y Agust\u00edn Alaniz. DT: Ariel Broggi.&nbsp;<\/p>\n\n\n\n<p><strong>Boca:&nbsp;<\/strong>Agust\u00edn Marches\u00edn; Luis Adv\u00edncula, Lautaro Di Lollo, Ayrton Costa, Lautaro Blanco; Ignacio Miram\u00f3n, Camilo Rey Domenech, Kevin Zen\u00f3n; Exequiel Zeballos, Milton Gimenez, Alan Velasco. DT: Fernando Gago.&nbsp;<\/p>\n\n\n\n<p><strong>Gol en el segundo tiempo:<\/strong>&nbsp;41m. Di Lollo (Boc).<\/p>\n\n\n\n<p><strong>Cambios en el segundo tiempo:<\/strong>&nbsp;17m. Carlos Palacios por Kevin Zen\u00f3n (Boc); 17m Brian Aguirre por Alan Velasco (Boc); 25m. Santiago L\u00f3pez por Juan Bisanz (Ban); 28m. Lucas Janson por Exequiel Zeballos (Boc); 28m. Williams Alarc\u00f3n por Ignacio Miram\u00f3n (Boc); 32m. Tom\u00e1s Adory\u00e1n por Ger\u00f3nimo Rivera (Ban); 32m. Leonel Miranda por Lautaro R\u00edos (Ban); 34m. Miguel Merentiel por Milton Gim\u00e9nez (Boc); 45m. Marcos Arturia por Alexis Maldonado (Ban). &nbsp;<\/p>\n\n\n\n<p>Incidencias en el segundo tiempo: 44m. expulsado Ayrton Costa (Boc). &nbsp;<\/p>\n","protected":false},"excerpt":{"rendered":"<p>En el Florencio Sola, el equipo de Fernando Gago sac\u00f3 adelante un partido que pintaba&#8230;<\/p>\n","protected":false},"author":3,"featured_media":3448,"comment_status":"open","ping_status":"open","sticky":false,"template":"","format":"standard","meta":{"footnotes":""},"categories":[4],"tags":[],"class_list":["post-3447","post","type-post","status-publish","format-standard","has-post-thumbnail","hentry","category-primera-division-masculina"],"yoast_head":"<!-- This site is optimized with the Yoast SEO plugin v21.4 - https:\/\/yoast.com\/wordpress\/plugins\/seo\/ -->\n<title>\u00a1Por una cabeza, Boca! - BOCA PARA TODO EL MUNDO<\/title>\n<meta name=\"robots\" content=\"index, follow, max-snippet:-1, max-image-preview:large, max-video-preview:-1\" \/>\n<link rel=\"canonical\" href=\"https:\/\/bocaparatodoelmundo.com.ar\/?p=3447\" \/>\n<meta property=\"og:locale\" content=\"es_ES\" \/>\n<meta property=\"og:type\" content=\"article\" \/>\n<meta property=\"og:title\" content=\"\u00a1Por una cabeza, Boca! - BOCA PARA TODO EL MUNDO\" \/>\n<meta property=\"og:description\" content=\"En el Florencio Sola, el equipo de Fernando Gago sac\u00f3 adelante un partido que pintaba...\" \/>\n<meta property=\"og:url\" content=\"https:\/\/bocaparatodoelmundo.com.ar\/?p=3447\" \/>\n<meta property=\"og:site_name\" content=\"BOCA PARA TODO EL MUNDO\" \/>\n<meta property=\"article:published_time\" content=\"2025-02-15T02:49:00+00:00\" \/>\n<meta property=\"article:modified_time\" content=\"2025-02-18T20:01:05+00:00\" \/>\n<meta property=\"og:image\" content=\"https:\/\/bocaparatodoelmundo.com.ar\/wp-content\/uploads\/2025\/02\/5rlUIgEWD_1290x760__2.jpg\" \/>\n\t<meta property=\"og:image:width\" content=\"1290\" \/>\n\t<meta property=\"og:image:height\" content=\"759\" \/>\n\t<meta property=\"og:image:type\" content=\"image\/jpeg\" \/>\n<meta name=\"author\" content=\"Redaccion BPTM\" \/>\n<meta name=\"twitter:card\" content=\"summary_large_image\" \/>\n<meta name=\"twitter:label1\" content=\"Escrito por\" \/>\n\t<meta name=\"twitter:data1\" content=\"Redaccion BPTM\" \/>\n\t<meta name=\"twitter:label2\" content=\"Tiempo de lectura\" \/>\n\t<meta name=\"twitter:data2\" content=\"4 minutos\" \/>\n<script type=\"application\/ld+json\" class=\"yoast-schema-graph\">{\"@context\":\"https:\/\/schema.org\",\"@graph\":[{\"@type\":\"WebPage\",\"@id\":\"https:\/\/bocaparatodoelmundo.com.ar\/?p=3447\",\"url\":\"https:\/\/bocaparatodoelmundo.com.ar\/?p=3447\",\"name\":\"\u00a1Por una cabeza, Boca! - BOCA PARA TODO EL MUNDO\",\"isPartOf\":{\"@id\":\"https:\/\/bocaparatodoelmundo.com.ar\/#website\"},\"datePublished\":\"2025-02-15T02:49:00+00:00\",\"dateModified\":\"2025-02-18T20:01:05+00:00\",\"author\":{\"@id\":\"https:\/\/bocaparatodoelmundo.com.ar\/#\/schema\/person\/cc56d27ea9d37f4cea3636086a1847c5\"},\"breadcrumb\":{\"@id\":\"https:\/\/bocaparatodoelmundo.com.ar\/?p=3447#breadcrumb\"},\"inLanguage\":\"es-AR\",\"potentialAction\":[{\"@type\":\"ReadAction\",\"target\":[\"https:\/\/bocaparatodoelmundo.com.ar\/?p=3447\"]}]},{\"@type\":\"BreadcrumbList\",\"@id\":\"https:\/\/bocaparatodoelmundo.com.ar\/?p=3447#breadcrumb\",\"itemListElement\":[{\"@type\":\"ListItem\",\"position\":1,\"name\":\"Inicio\",\"item\":\"https:\/\/bocaparatodoelmundo.com.ar\/\"},{\"@type\":\"ListItem\",\"position\":2,\"name\":\"\u00a1Por una cabeza, Boca!\"}]},{\"@type\":\"WebSite\",\"@id\":\"https:\/\/bocaparatodoelmundo.com.ar\/#website\",\"url\":\"https:\/\/bocaparatodoelmundo.com.ar\/\",\"name\":\"BOCA PARA TODO EL MUNDO\",\"description\":\"Toda la historia y actualidad del club atletico boca junios esta aqui\",\"potentialAction\":[{\"@type\":\"SearchAction\",\"target\":{\"@type\":\"EntryPoint\",\"urlTemplate\":\"https:\/\/bocaparatodoelmundo.com.ar\/?s={search_term_string}\"},\"query-input\":\"required name=search_term_string\"}],\"inLanguage\":\"es-AR\"},{\"@type\":\"Person\",\"@id\":\"https:\/\/bocaparatodoelmundo.com.ar\/#\/schema\/person\/cc56d27ea9d37f4cea3636086a1847c5\",\"name\":\"Redaccion BPTM\",\"image\":{\"@type\":\"ImageObject\",\"inLanguage\":\"es-AR\",\"@id\":\"https:\/\/bocaparatodoelmundo.com.ar\/#\/schema\/person\/image\/\",\"url\":\"https:\/\/secure.gravatar.com\/avatar\/3b62665b8c08843736974a055cc2398ba6bb7fd2fe787285105d666c418a7d13?s=96&d=mm&r=g\",\"contentUrl\":\"https:\/\/secure.gravatar.com\/avatar\/3b62665b8c08843736974a055cc2398ba6bb7fd2fe787285105d666c418a7d13?s=96&d=mm&r=g\",\"caption\":\"Redaccion BPTM\"},\"sameAs\":[\"http:\/\/bocaparatodoelmundo.com.ar\"],\"url\":\"https:\/\/bocaparatodoelmundo.com.ar\/?author=3\"}]}<\/script>\n<!-- \/ Yoast SEO plugin. -->","yoast_head_json":{"title":"\u00a1Por una cabeza, Boca! - BOCA PARA TODO EL MUNDO","robots":{"index":"index","follow":"follow","max-snippet":"max-snippet:-1","max-image-preview":"max-image-preview:large","max-video-preview":"max-video-preview:-1"},"canonical":"https:\/\/bocaparatodoelmundo.com.ar\/?p=3447","og_locale":"es_ES","og_type":"article","og_title":"\u00a1Por una cabeza, Boca! - BOCA PARA TODO EL MUNDO","og_description":"En el Florencio Sola, el equipo de Fernando Gago sac\u00f3 adelante un partido que pintaba...","og_url":"https:\/\/bocaparatodoelmundo.com.ar\/?p=3447","og_site_name":"BOCA PARA TODO EL MUNDO","article_published_time":"2025-02-15T02:49:00+00:00","article_modified_time":"2025-02-18T20:01:05+00:00","og_image":[{"width":1290,"height":759,"url":"https:\/\/bocaparatodoelmundo.com.ar\/wp-content\/uploads\/2025\/02\/5rlUIgEWD_1290x760__2.jpg","type":"image\/jpeg"}],"author":"Redaccion BPTM","twitter_card":"summary_large_image","twitter_misc":{"Escrito por":"Redaccion BPTM","Tiempo de lectura":"4 minutos"},"schema":{"@context":"https:\/\/schema.org","@graph":[{"@type":"WebPage","@id":"https:\/\/bocaparatodoelmundo.com.ar\/?p=3447","url":"https:\/\/bocaparatodoelmundo.com.ar\/?p=3447","name":"\u00a1Por una cabeza, Boca! - BOCA PARA TODO EL MUNDO","isPartOf":{"@id":"https:\/\/bocaparatodoelmundo.com.ar\/#website"},"datePublished":"2025-02-15T02:49:00+00:00","dateModified":"2025-02-18T20:01:05+00:00","author":{"@id":"https:\/\/bocaparatodoelmundo.com.ar\/#\/schema\/person\/cc56d27ea9d37f4cea3636086a1847c5"},"breadcrumb":{"@id":"https:\/\/bocaparatodoelmundo.com.ar\/?p=3447#breadcrumb"},"inLanguage":"es-AR","potentialAction":[{"@type":"ReadAction","target":["https:\/\/bocaparatodoelmundo.com.ar\/?p=3447"]}]},{"@type":"BreadcrumbList","@id":"https:\/\/bocaparatodoelmundo.com.ar\/?p=3447#breadcrumb","itemListElement":[{"@type":"ListItem","position":1,"name":"Inicio","item":"https:\/\/bocaparatodoelmundo.com.ar\/"},{"@type":"ListItem","position":2,"name":"\u00a1Por una cabeza, Boca!"}]},{"@type":"WebSite","@id":"https:\/\/bocaparatodoelmundo.com.ar\/#website","url":"https:\/\/bocaparatodoelmundo.com.ar\/","name":"BOCA PARA TODO EL MUNDO","description":"Toda la historia y actualidad del club atletico boca junios esta aqui","potentialAction":[{"@type":"SearchAction","target":{"@type":"EntryPoint","urlTemplate":"https:\/\/bocaparatodoelmundo.com.ar\/?s={search_term_string}"},"query-input":"required name=search_term_string"}],"inLanguage":"es-AR"},{"@type":"Person","@id":"https:\/\/bocaparatodoelmundo.com.ar\/#\/schema\/person\/cc56d27ea9d37f4cea3636086a1847c5","name":"Redaccion BPTM","image":{"@type":"ImageObject","inLanguage":"es-AR","@id":"https:\/\/bocaparatodoelmundo.com.ar\/#\/schema\/person\/image\/","url":"https:\/\/secure.gravatar.com\/avatar\/3b62665b8c08843736974a055cc2398ba6bb7fd2fe787285105d666c418a7d13?s=96&d=mm&r=g","contentUrl":"https:\/\/secure.gravatar.com\/avatar\/3b62665b8c08843736974a055cc2398ba6bb7fd2fe787285105d666c418a7d13?s=96&d=mm&r=g","caption":"Redaccion BPTM"},"sameAs":["http:\/\/bocaparatodoelmundo.com.ar"],"url":"https:\/\/bocaparatodoelmundo.com.ar\/?author=3"}]}},"_links":{"self":[{"href":"https:\/\/bocaparatodoelmundo.com.ar\/index.php?rest_route=\/wp\/v2\/posts\/3447","targetHints":{"allow":["GET"]}}],"collection":[{"href":"https:\/\/bocaparatodoelmundo.com.ar\/index.php?rest_route=\/wp\/v2\/posts"}],"about":[{"href":"https:\/\/bocaparatodoelmundo.com.ar\/index.php?rest_route=\/wp\/v2\/types\/post"}],"author":[{"embeddable":true,"href":"https:\/\/bocaparatodoelmundo.com.ar\/index.php?rest_route=\/wp\/v2\/users\/3"}],"replies":[{"embeddable":true,"href":"https:\/\/bocaparatodoelmundo.com.ar\/index.php?rest_route=%2Fwp%2Fv2%2Fcomments&post=3447"}],"version-history":[{"count":1,"href":"https:\/\/bocaparatodoelmundo.com.ar\/index.php?rest_route=\/wp\/v2\/posts\/3447\/revisions"}],"predecessor-version":[{"id":3454,"href":"https:\/\/bocaparatodoelmundo.com.ar\/index.php?rest_route=\/wp\/v2\/posts\/3447\/revisions\/3454"}],"wp:featuredmedia":[{"embeddable":true,"href":"https:\/\/bocaparatodoelmundo.com.ar\/index.php?rest_route=\/wp\/v2\/media\/3448"}],"wp:attachment":[{"href":"https:\/\/bocaparatodoelmundo.com.ar\/index.php?rest_route=%2Fwp%2Fv2%2Fmedia&parent=3447"}],"wp:term":[{"taxonomy":"category","embeddable":true,"href":"https:\/\/bocaparatodoelmundo.com.ar\/index.php?rest_route=%2Fwp%2Fv2%2Fcategories&post=3447"},{"taxonomy":"post_tag","embeddable":true,"href":"https:\/\/bocaparatodoelmundo.com.ar\/index.php?rest_route=%2Fwp%2Fv2%2Ftags&post=3447"}],"curies":[{"name":"wp","href":"https:\/\/api.w.org\/{rel}","templated":true}]}}