{"id":3209,"date":"2024-10-03T21:27:58","date_gmt":"2024-10-04T00:27:58","guid":{"rendered":"https:\/\/bocaparatodoelmundo.com.ar\/?p=3209"},"modified":"2024-10-03T21:27:59","modified_gmt":"2024-10-04T00:27:59","slug":"se-retira-en-boca","status":"publish","type":"post","link":"https:\/\/bocaparatodoelmundo.com.ar\/?p=3209","title":{"rendered":"Se retira en Boca"},"content":{"rendered":"\n<p>El uruguayo de Salto acord\u00f3 extender su vinculo con el club hasta diciembre de 2025, mes en el que le pondr\u00eda fin a su carrera como futbolista profesional.<\/p>\n\n\n\n<p><a href=\"https:\/\/planetabj.com\/tema\/edinson-cavani\/\" target=\"_blank\" rel=\"noreferrer noopener\">Edinson Cavani<\/a>&nbsp;es una de las grandes figuras de Boca en la actualidad. Y en las \u00faltimas semanas, empez\u00f3 a surgir&nbsp;<a href=\"https:\/\/planetabj.com\/boca-juniors\/boca-quiere-seducir-a-edinson-cavani-para-que-renueve-su-contrato-con-un-detalle\/\" target=\"_blank\" rel=\"noreferrer noopener\">la preocupaci\u00f3n de si el Matador renovar\u00eda o no su contrato con Boca<\/a>.<\/p>\n\n\n\n<p>El uruguayo lleg\u00f3 al Xeneize a mediados del 2023 y firm\u00f3 contrato hasta finales del 2024. Y ahora, a tan solo meses de que se termine su v\u00ednculo,&nbsp;<strong>se pudo confirmar qu\u00e9 ser\u00e1 de su futuro.<\/strong><\/p>\n\n\n\n<p>eg\u00fan revel\u00f3 el periodista\u00a0<strong>Gast\u00f3n Edul<\/strong>,\u00a0<strong>Edinson Cavani decidi\u00f3 renovar su contrato con Boca hasta finales del 2025<\/strong>. Y firmar\u00e1 entre hoy jueves y ma\u00f1ana viernes la extensi\u00f3n de su v\u00ednculo.<\/p>\n\n\n\n<h2 class=\"wp-block-heading\">El 2025 que le espera a Edinson Cavani en Boca<\/h2>\n\n\n\n<p>Con esta renovaci\u00f3n, Edinson Cavani jugar\u00e1 un a\u00f1o m\u00e1s como m\u00ednimo en Boca. Y por ende, el Xeneize se asegura a su gran figura para lo que ser\u00e1 el&nbsp;<strong><a href=\"https:\/\/planetabj.com\/tema\/mundial-de-clubes\/\" target=\"_blank\" rel=\"noreferrer noopener\">Mundial de Clubes de la FIFA en 2025.<\/a><\/strong><\/p>\n\n\n\n<p>A su vez, el Matador ir\u00e1 en b\u00fasqueda de su primer t\u00edtulo con el equipo de la Ribera (pudiendo todav\u00eda coronarse en este 2024 en la Liga Profesional Argentina y en la Copa Argentina).<\/p>\n\n\n\n<p>Por otro lado, tambi\u00e9n tendr\u00e1 la posibilidad de jugar otra&nbsp;<strong>Copa Libertadores<\/strong>&nbsp;con Boca como en 2023. Eso s\u00ed, si el Xeneize logr\u00e1 finalmente clasificarse a partir de la tabla anual o de su participaci\u00f3n en la&nbsp;<strong>Copa Argentina<\/strong>.<\/p>\n","protected":false},"excerpt":{"rendered":"<p>El uruguayo de Salto acord\u00f3 extender su vinculo con el club hasta diciembre de 2025,&#8230;<\/p>\n","protected":false},"author":3,"featured_media":3210,"comment_status":"open","ping_status":"open","sticky":false,"template":"","format":"standard","meta":{"footnotes":""},"categories":[4],"tags":[],"class_list":["post-3209","post","type-post","status-publish","format-standard","has-post-thumbnail","hentry","category-primera-division-masculina"],"yoast_head":"<!-- This site is optimized with the Yoast SEO plugin v21.4 - https:\/\/yoast.com\/wordpress\/plugins\/seo\/ -->\n<title>Se retira en Boca - BOCA PARA TODO EL MUNDO<\/title>\n<meta name=\"robots\" content=\"index, follow, max-snippet:-1, max-image-preview:large, max-video-preview:-1\" \/>\n<link rel=\"canonical\" href=\"https:\/\/bocaparatodoelmundo.com.ar\/?p=3209\" \/>\n<meta property=\"og:locale\" content=\"es_ES\" \/>\n<meta property=\"og:type\" content=\"article\" \/>\n<meta property=\"og:title\" content=\"Se retira en Boca - BOCA PARA TODO EL MUNDO\" \/>\n<meta property=\"og:description\" content=\"El uruguayo de Salto acord\u00f3 extender su vinculo con el club hasta diciembre de 2025,...\" \/>\n<meta property=\"og:url\" content=\"https:\/\/bocaparatodoelmundo.com.ar\/?p=3209\" \/>\n<meta property=\"og:site_name\" content=\"BOCA PARA TODO EL MUNDO\" \/>\n<meta property=\"article:published_time\" content=\"2024-10-04T00:27:58+00:00\" \/>\n<meta property=\"article:modified_time\" content=\"2024-10-04T00:27:59+00:00\" \/>\n<meta property=\"og:image\" content=\"https:\/\/bocaparatodoelmundo.com.ar\/wp-content\/uploads\/2024\/10\/images-2.jpg\" \/>\n\t<meta property=\"og:image:width\" content=\"299\" \/>\n\t<meta property=\"og:image:height\" content=\"168\" \/>\n\t<meta property=\"og:image:type\" content=\"image\/jpeg\" \/>\n<meta name=\"author\" content=\"Redaccion BPTM\" \/>\n<meta name=\"twitter:card\" content=\"summary_large_image\" \/>\n<meta name=\"twitter:label1\" content=\"Escrito por\" \/>\n\t<meta name=\"twitter:data1\" content=\"Redaccion BPTM\" \/>\n\t<meta name=\"twitter:label2\" content=\"Tiempo de lectura\" \/>\n\t<meta name=\"twitter:data2\" content=\"2 minutos\" \/>\n<script type=\"application\/ld+json\" class=\"yoast-schema-graph\">{\"@context\":\"https:\/\/schema.org\",\"@graph\":[{\"@type\":\"WebPage\",\"@id\":\"https:\/\/bocaparatodoelmundo.com.ar\/?p=3209\",\"url\":\"https:\/\/bocaparatodoelmundo.com.ar\/?p=3209\",\"name\":\"Se retira en Boca - BOCA PARA TODO EL MUNDO\",\"isPartOf\":{\"@id\":\"https:\/\/bocaparatodoelmundo.com.ar\/#website\"},\"datePublished\":\"2024-10-04T00:27:58+00:00\",\"dateModified\":\"2024-10-04T00:27:59+00:00\",\"author\":{\"@id\":\"https:\/\/bocaparatodoelmundo.com.ar\/#\/schema\/person\/cc56d27ea9d37f4cea3636086a1847c5\"},\"breadcrumb\":{\"@id\":\"https:\/\/bocaparatodoelmundo.com.ar\/?p=3209#breadcrumb\"},\"inLanguage\":\"es-AR\",\"potentialAction\":[{\"@type\":\"ReadAction\",\"target\":[\"https:\/\/bocaparatodoelmundo.com.ar\/?p=3209\"]}]},{\"@type\":\"BreadcrumbList\",\"@id\":\"https:\/\/bocaparatodoelmundo.com.ar\/?p=3209#breadcrumb\",\"itemListElement\":[{\"@type\":\"ListItem\",\"position\":1,\"name\":\"Inicio\",\"item\":\"https:\/\/bocaparatodoelmundo.com.ar\/\"},{\"@type\":\"ListItem\",\"position\":2,\"name\":\"Se retira en Boca\"}]},{\"@type\":\"WebSite\",\"@id\":\"https:\/\/bocaparatodoelmundo.com.ar\/#website\",\"url\":\"https:\/\/bocaparatodoelmundo.com.ar\/\",\"name\":\"BOCA PARA TODO EL MUNDO\",\"description\":\"Toda la historia y actualidad del club atletico boca junios esta aqui\",\"potentialAction\":[{\"@type\":\"SearchAction\",\"target\":{\"@type\":\"EntryPoint\",\"urlTemplate\":\"https:\/\/bocaparatodoelmundo.com.ar\/?s={search_term_string}\"},\"query-input\":\"required name=search_term_string\"}],\"inLanguage\":\"es-AR\"},{\"@type\":\"Person\",\"@id\":\"https:\/\/bocaparatodoelmundo.com.ar\/#\/schema\/person\/cc56d27ea9d37f4cea3636086a1847c5\",\"name\":\"Redaccion BPTM\",\"image\":{\"@type\":\"ImageObject\",\"inLanguage\":\"es-AR\",\"@id\":\"https:\/\/bocaparatodoelmundo.com.ar\/#\/schema\/person\/image\/\",\"url\":\"https:\/\/secure.gravatar.com\/avatar\/3b62665b8c08843736974a055cc2398ba6bb7fd2fe787285105d666c418a7d13?s=96&d=mm&r=g\",\"contentUrl\":\"https:\/\/secure.gravatar.com\/avatar\/3b62665b8c08843736974a055cc2398ba6bb7fd2fe787285105d666c418a7d13?s=96&d=mm&r=g\",\"caption\":\"Redaccion BPTM\"},\"sameAs\":[\"http:\/\/bocaparatodoelmundo.com.ar\"],\"url\":\"https:\/\/bocaparatodoelmundo.com.ar\/?author=3\"}]}<\/script>\n<!-- \/ Yoast SEO plugin. -->","yoast_head_json":{"title":"Se retira en Boca - BOCA PARA TODO EL MUNDO","robots":{"index":"index","follow":"follow","max-snippet":"max-snippet:-1","max-image-preview":"max-image-preview:large","max-video-preview":"max-video-preview:-1"},"canonical":"https:\/\/bocaparatodoelmundo.com.ar\/?p=3209","og_locale":"es_ES","og_type":"article","og_title":"Se retira en Boca - BOCA PARA TODO EL MUNDO","og_description":"El uruguayo de Salto acord\u00f3 extender su vinculo con el club hasta diciembre de 2025,...","og_url":"https:\/\/bocaparatodoelmundo.com.ar\/?p=3209","og_site_name":"BOCA PARA TODO EL MUNDO","article_published_time":"2024-10-04T00:27:58+00:00","article_modified_time":"2024-10-04T00:27:59+00:00","og_image":[{"width":299,"height":168,"url":"https:\/\/bocaparatodoelmundo.com.ar\/wp-content\/uploads\/2024\/10\/images-2.jpg","type":"image\/jpeg"}],"author":"Redaccion BPTM","twitter_card":"summary_large_image","twitter_misc":{"Escrito por":"Redaccion BPTM","Tiempo de lectura":"2 minutos"},"schema":{"@context":"https:\/\/schema.org","@graph":[{"@type":"WebPage","@id":"https:\/\/bocaparatodoelmundo.com.ar\/?p=3209","url":"https:\/\/bocaparatodoelmundo.com.ar\/?p=3209","name":"Se retira en Boca - BOCA PARA TODO EL MUNDO","isPartOf":{"@id":"https:\/\/bocaparatodoelmundo.com.ar\/#website"},"datePublished":"2024-10-04T00:27:58+00:00","dateModified":"2024-10-04T00:27:59+00:00","author":{"@id":"https:\/\/bocaparatodoelmundo.com.ar\/#\/schema\/person\/cc56d27ea9d37f4cea3636086a1847c5"},"breadcrumb":{"@id":"https:\/\/bocaparatodoelmundo.com.ar\/?p=3209#breadcrumb"},"inLanguage":"es-AR","potentialAction":[{"@type":"ReadAction","target":["https:\/\/bocaparatodoelmundo.com.ar\/?p=3209"]}]},{"@type":"BreadcrumbList","@id":"https:\/\/bocaparatodoelmundo.com.ar\/?p=3209#breadcrumb","itemListElement":[{"@type":"ListItem","position":1,"name":"Inicio","item":"https:\/\/bocaparatodoelmundo.com.ar\/"},{"@type":"ListItem","position":2,"name":"Se retira en Boca"}]},{"@type":"WebSite","@id":"https:\/\/bocaparatodoelmundo.com.ar\/#website","url":"https:\/\/bocaparatodoelmundo.com.ar\/","name":"BOCA PARA TODO EL MUNDO","description":"Toda la historia y actualidad del club atletico boca junios esta aqui","potentialAction":[{"@type":"SearchAction","target":{"@type":"EntryPoint","urlTemplate":"https:\/\/bocaparatodoelmundo.com.ar\/?s={search_term_string}"},"query-input":"required name=search_term_string"}],"inLanguage":"es-AR"},{"@type":"Person","@id":"https:\/\/bocaparatodoelmundo.com.ar\/#\/schema\/person\/cc56d27ea9d37f4cea3636086a1847c5","name":"Redaccion BPTM","image":{"@type":"ImageObject","inLanguage":"es-AR","@id":"https:\/\/bocaparatodoelmundo.com.ar\/#\/schema\/person\/image\/","url":"https:\/\/secure.gravatar.com\/avatar\/3b62665b8c08843736974a055cc2398ba6bb7fd2fe787285105d666c418a7d13?s=96&d=mm&r=g","contentUrl":"https:\/\/secure.gravatar.com\/avatar\/3b62665b8c08843736974a055cc2398ba6bb7fd2fe787285105d666c418a7d13?s=96&d=mm&r=g","caption":"Redaccion BPTM"},"sameAs":["http:\/\/bocaparatodoelmundo.com.ar"],"url":"https:\/\/bocaparatodoelmundo.com.ar\/?author=3"}]}},"_links":{"self":[{"href":"https:\/\/bocaparatodoelmundo.com.ar\/index.php?rest_route=\/wp\/v2\/posts\/3209","targetHints":{"allow":["GET"]}}],"collection":[{"href":"https:\/\/bocaparatodoelmundo.com.ar\/index.php?rest_route=\/wp\/v2\/posts"}],"about":[{"href":"https:\/\/bocaparatodoelmundo.com.ar\/index.php?rest_route=\/wp\/v2\/types\/post"}],"author":[{"embeddable":true,"href":"https:\/\/bocaparatodoelmundo.com.ar\/index.php?rest_route=\/wp\/v2\/users\/3"}],"replies":[{"embeddable":true,"href":"https:\/\/bocaparatodoelmundo.com.ar\/index.php?rest_route=%2Fwp%2Fv2%2Fcomments&post=3209"}],"version-history":[{"count":1,"href":"https:\/\/bocaparatodoelmundo.com.ar\/index.php?rest_route=\/wp\/v2\/posts\/3209\/revisions"}],"predecessor-version":[{"id":3211,"href":"https:\/\/bocaparatodoelmundo.com.ar\/index.php?rest_route=\/wp\/v2\/posts\/3209\/revisions\/3211"}],"wp:featuredmedia":[{"embeddable":true,"href":"https:\/\/bocaparatodoelmundo.com.ar\/index.php?rest_route=\/wp\/v2\/media\/3210"}],"wp:attachment":[{"href":"https:\/\/bocaparatodoelmundo.com.ar\/index.php?rest_route=%2Fwp%2Fv2%2Fmedia&parent=3209"}],"wp:term":[{"taxonomy":"category","embeddable":true,"href":"https:\/\/bocaparatodoelmundo.com.ar\/index.php?rest_route=%2Fwp%2Fv2%2Fcategories&post=3209"},{"taxonomy":"post_tag","embeddable":true,"href":"https:\/\/bocaparatodoelmundo.com.ar\/index.php?rest_route=%2Fwp%2Fv2%2Ftags&post=3209"}],"curies":[{"name":"wp","href":"https:\/\/api.w.org\/{rel}","templated":true}]}}