{"id":3132,"date":"2024-09-18T16:18:31","date_gmt":"2024-09-18T19:18:31","guid":{"rendered":"https:\/\/bocaparatodoelmundo.com.ar\/?p=3132"},"modified":"2024-09-18T16:22:38","modified_gmt":"2024-09-18T19:22:38","slug":"calentando-motores-hacia-el-super-clasico","status":"publish","type":"post","link":"https:\/\/bocaparatodoelmundo.com.ar\/?p=3132","title":{"rendered":"Calentando motores hacia el Super Cl\u00e1sico"},"content":{"rendered":"\n<h4 class=\"wp-block-heading\">Boca <strong>sum\u00f3 un d\u00eda m\u00e1s de trabajo en su semana Supercl\u00e1sica<\/strong>, con miras al choque trascendental del\u00a0<strong>s\u00e1bado ante River en la Bombonera<\/strong>.<br><\/h4>\n\n\n\n<p>Con Nicol\u00e1s Ram\u00edrez como \u00e1rbitro confirmado y el m\u00e1ximo rival cansado tras su batalla copera, el Xeneize intentar\u00e1 dar un golpe sobre la mesa y acomodarse en la Liga Profesional.<\/p>\n\n\n\n<p>Diego Mart\u00ednez le prende velas a la recuperaci\u00f3n de Edinson Cavani, que no juega desde hace un mes pero llegar\u00e1 en condiciones al choque ante River.<\/p>\n\n\n\n<p>El DT deber\u00e1 decidir si apuesta por el uruguayo de entrada o, debido a su lesi\u00f3n, lo guarda para el segundo tiempo.<\/p>\n\n\n\n<p><strong>Luis Adv\u00edncula es otro que se recuper\u00f3 de su molestia en el tend\u00f3n de aquiles y dir\u00e1 presente el s\u00e1bado en la Bombonera<\/strong>\u00a0en lugar de Juan Barinaga, el lateral que lleg\u00f3 desde Belgrano y entr\u00f3 r\u00e1pidamente a la cancha.<a href=\"https:\/\/twitter.com\/BocaJrsOficial\/status\/1836178067749806397\"><\/a><\/p>\n\n\n\n<p><strong>Diego Mart\u00ednez analiza volver a apostar por la l\u00ednea de 5, con el alta m\u00e9dica de Marcos Rojo<\/strong>. El ex defensor de la Selecci\u00f3n Argentina podr\u00eda jugar junto a Cristian Lema y Aaron Anselmino, quiene ser\u00edan los guardianes de Sergio Romero en el arco.<\/p>\n\n\n\n<p>Con Adv\u00edncula y Blanco como carrileros, el medio estar\u00eda conformado por Pol Fern\u00e1ndez, Zen\u00f3n y Medina, para arriba contar con Miguel Merentiel y Milton Gim\u00e9nez o Edinson Cavani.<\/p>\n\n\n\n<p>El DT trabajar\u00e1 durante hoy y ma\u00f1ana en f\u00fatbol t\u00e1ctico, para el viernes hacer un entrenamiento m\u00e1s liviano con preparaci\u00f3n en la pelota parada y quedar concentrado de cara al trascendental duelo del s\u00e1bado a las 16 en la Bombonera, v\u00e1lido por la fecha 15 de la Liga Profesional.<\/p>\n\n\n\n<blockquote class=\"twitter-tweet\"><p lang=\"qme\" dir=\"ltr\">\u26a1\ufe0f\ud83e\udd29 <a href=\"https:\/\/t.co\/HnZhmfBDC1\">pic.twitter.com\/HnZhmfBDC1<\/a><\/p>&mdash; Boca Juniors (@BocaJrsOficial) <a href=\"https:\/\/twitter.com\/BocaJrsOficial\/status\/1836178067749806397?ref_src=twsrc%5Etfw\">September 17, 2024<\/a><\/blockquote> <script async src=\"https:\/\/platform.twitter.com\/widgets.js\" charset=\"utf-8\"><\/script>\n","protected":false},"excerpt":{"rendered":"<p>Boca sum\u00f3 un d\u00eda m\u00e1s de trabajo en su semana Supercl\u00e1sica, con miras al choque&#8230;<\/p>\n","protected":false},"author":3,"featured_media":3139,"comment_status":"open","ping_status":"open","sticky":false,"template":"","format":"standard","meta":{"footnotes":""},"categories":[5,4],"tags":[],"class_list":["post-3132","post","type-post","status-publish","format-standard","has-post-thumbnail","hentry","category-masculina","category-primera-division-masculina"],"yoast_head":"<!-- This site is optimized with the Yoast SEO plugin v21.4 - https:\/\/yoast.com\/wordpress\/plugins\/seo\/ -->\n<title>Calentando motores hacia el Super Cl\u00e1sico - BOCA PARA TODO EL MUNDO<\/title>\n<meta name=\"robots\" content=\"index, follow, max-snippet:-1, max-image-preview:large, max-video-preview:-1\" \/>\n<link rel=\"canonical\" href=\"https:\/\/bocaparatodoelmundo.com.ar\/?p=3132\" \/>\n<meta property=\"og:locale\" content=\"es_ES\" \/>\n<meta property=\"og:type\" content=\"article\" \/>\n<meta property=\"og:title\" content=\"Calentando motores hacia el Super Cl\u00e1sico - BOCA PARA TODO EL MUNDO\" \/>\n<meta property=\"og:description\" content=\"Boca sum\u00f3 un d\u00eda m\u00e1s de trabajo en su semana Supercl\u00e1sica, con miras al choque...\" \/>\n<meta property=\"og:url\" content=\"https:\/\/bocaparatodoelmundo.com.ar\/?p=3132\" \/>\n<meta property=\"og:site_name\" content=\"BOCA PARA TODO EL MUNDO\" \/>\n<meta property=\"article:published_time\" content=\"2024-09-18T19:18:31+00:00\" \/>\n<meta property=\"article:modified_time\" content=\"2024-09-18T19:22:38+00:00\" \/>\n<meta property=\"og:image\" content=\"https:\/\/bocaparatodoelmundo.com.ar\/wp-content\/uploads\/2024\/09\/images-16-1.jpg\" \/>\n\t<meta property=\"og:image:width\" content=\"300\" \/>\n\t<meta property=\"og:image:height\" content=\"168\" \/>\n\t<meta property=\"og:image:type\" content=\"image\/jpeg\" \/>\n<meta name=\"author\" content=\"Redaccion BPTM\" \/>\n<meta name=\"twitter:card\" content=\"summary_large_image\" \/>\n<meta name=\"twitter:label1\" content=\"Escrito por\" \/>\n\t<meta name=\"twitter:data1\" content=\"Redaccion BPTM\" \/>\n\t<meta name=\"twitter:label2\" content=\"Tiempo de lectura\" \/>\n\t<meta name=\"twitter:data2\" content=\"2 minutos\" \/>\n<script type=\"application\/ld+json\" class=\"yoast-schema-graph\">{\"@context\":\"https:\/\/schema.org\",\"@graph\":[{\"@type\":\"WebPage\",\"@id\":\"https:\/\/bocaparatodoelmundo.com.ar\/?p=3132\",\"url\":\"https:\/\/bocaparatodoelmundo.com.ar\/?p=3132\",\"name\":\"Calentando motores hacia el Super Cl\u00e1sico - BOCA PARA TODO EL MUNDO\",\"isPartOf\":{\"@id\":\"https:\/\/bocaparatodoelmundo.com.ar\/#website\"},\"datePublished\":\"2024-09-18T19:18:31+00:00\",\"dateModified\":\"2024-09-18T19:22:38+00:00\",\"author\":{\"@id\":\"https:\/\/bocaparatodoelmundo.com.ar\/#\/schema\/person\/cc56d27ea9d37f4cea3636086a1847c5\"},\"breadcrumb\":{\"@id\":\"https:\/\/bocaparatodoelmundo.com.ar\/?p=3132#breadcrumb\"},\"inLanguage\":\"es-AR\",\"potentialAction\":[{\"@type\":\"ReadAction\",\"target\":[\"https:\/\/bocaparatodoelmundo.com.ar\/?p=3132\"]}]},{\"@type\":\"BreadcrumbList\",\"@id\":\"https:\/\/bocaparatodoelmundo.com.ar\/?p=3132#breadcrumb\",\"itemListElement\":[{\"@type\":\"ListItem\",\"position\":1,\"name\":\"Inicio\",\"item\":\"https:\/\/bocaparatodoelmundo.com.ar\/\"},{\"@type\":\"ListItem\",\"position\":2,\"name\":\"Calentando motores hacia el Super Cl\u00e1sico\"}]},{\"@type\":\"WebSite\",\"@id\":\"https:\/\/bocaparatodoelmundo.com.ar\/#website\",\"url\":\"https:\/\/bocaparatodoelmundo.com.ar\/\",\"name\":\"BOCA PARA TODO EL MUNDO\",\"description\":\"Toda la historia y actualidad del club atletico boca junios esta aqui\",\"potentialAction\":[{\"@type\":\"SearchAction\",\"target\":{\"@type\":\"EntryPoint\",\"urlTemplate\":\"https:\/\/bocaparatodoelmundo.com.ar\/?s={search_term_string}\"},\"query-input\":\"required name=search_term_string\"}],\"inLanguage\":\"es-AR\"},{\"@type\":\"Person\",\"@id\":\"https:\/\/bocaparatodoelmundo.com.ar\/#\/schema\/person\/cc56d27ea9d37f4cea3636086a1847c5\",\"name\":\"Redaccion BPTM\",\"image\":{\"@type\":\"ImageObject\",\"inLanguage\":\"es-AR\",\"@id\":\"https:\/\/bocaparatodoelmundo.com.ar\/#\/schema\/person\/image\/\",\"url\":\"https:\/\/secure.gravatar.com\/avatar\/3b62665b8c08843736974a055cc2398ba6bb7fd2fe787285105d666c418a7d13?s=96&d=mm&r=g\",\"contentUrl\":\"https:\/\/secure.gravatar.com\/avatar\/3b62665b8c08843736974a055cc2398ba6bb7fd2fe787285105d666c418a7d13?s=96&d=mm&r=g\",\"caption\":\"Redaccion BPTM\"},\"sameAs\":[\"http:\/\/bocaparatodoelmundo.com.ar\"],\"url\":\"https:\/\/bocaparatodoelmundo.com.ar\/?author=3\"}]}<\/script>\n<!-- \/ Yoast SEO plugin. -->","yoast_head_json":{"title":"Calentando motores hacia el Super Cl\u00e1sico - BOCA PARA TODO EL MUNDO","robots":{"index":"index","follow":"follow","max-snippet":"max-snippet:-1","max-image-preview":"max-image-preview:large","max-video-preview":"max-video-preview:-1"},"canonical":"https:\/\/bocaparatodoelmundo.com.ar\/?p=3132","og_locale":"es_ES","og_type":"article","og_title":"Calentando motores hacia el Super Cl\u00e1sico - BOCA PARA TODO EL MUNDO","og_description":"Boca sum\u00f3 un d\u00eda m\u00e1s de trabajo en su semana Supercl\u00e1sica, con miras al choque...","og_url":"https:\/\/bocaparatodoelmundo.com.ar\/?p=3132","og_site_name":"BOCA PARA TODO EL MUNDO","article_published_time":"2024-09-18T19:18:31+00:00","article_modified_time":"2024-09-18T19:22:38+00:00","og_image":[{"width":300,"height":168,"url":"https:\/\/bocaparatodoelmundo.com.ar\/wp-content\/uploads\/2024\/09\/images-16-1.jpg","type":"image\/jpeg"}],"author":"Redaccion BPTM","twitter_card":"summary_large_image","twitter_misc":{"Escrito por":"Redaccion BPTM","Tiempo de lectura":"2 minutos"},"schema":{"@context":"https:\/\/schema.org","@graph":[{"@type":"WebPage","@id":"https:\/\/bocaparatodoelmundo.com.ar\/?p=3132","url":"https:\/\/bocaparatodoelmundo.com.ar\/?p=3132","name":"Calentando motores hacia el Super Cl\u00e1sico - BOCA PARA TODO EL MUNDO","isPartOf":{"@id":"https:\/\/bocaparatodoelmundo.com.ar\/#website"},"datePublished":"2024-09-18T19:18:31+00:00","dateModified":"2024-09-18T19:22:38+00:00","author":{"@id":"https:\/\/bocaparatodoelmundo.com.ar\/#\/schema\/person\/cc56d27ea9d37f4cea3636086a1847c5"},"breadcrumb":{"@id":"https:\/\/bocaparatodoelmundo.com.ar\/?p=3132#breadcrumb"},"inLanguage":"es-AR","potentialAction":[{"@type":"ReadAction","target":["https:\/\/bocaparatodoelmundo.com.ar\/?p=3132"]}]},{"@type":"BreadcrumbList","@id":"https:\/\/bocaparatodoelmundo.com.ar\/?p=3132#breadcrumb","itemListElement":[{"@type":"ListItem","position":1,"name":"Inicio","item":"https:\/\/bocaparatodoelmundo.com.ar\/"},{"@type":"ListItem","position":2,"name":"Calentando motores hacia el Super Cl\u00e1sico"}]},{"@type":"WebSite","@id":"https:\/\/bocaparatodoelmundo.com.ar\/#website","url":"https:\/\/bocaparatodoelmundo.com.ar\/","name":"BOCA PARA TODO EL MUNDO","description":"Toda la historia y actualidad del club atletico boca junios esta aqui","potentialAction":[{"@type":"SearchAction","target":{"@type":"EntryPoint","urlTemplate":"https:\/\/bocaparatodoelmundo.com.ar\/?s={search_term_string}"},"query-input":"required name=search_term_string"}],"inLanguage":"es-AR"},{"@type":"Person","@id":"https:\/\/bocaparatodoelmundo.com.ar\/#\/schema\/person\/cc56d27ea9d37f4cea3636086a1847c5","name":"Redaccion BPTM","image":{"@type":"ImageObject","inLanguage":"es-AR","@id":"https:\/\/bocaparatodoelmundo.com.ar\/#\/schema\/person\/image\/","url":"https:\/\/secure.gravatar.com\/avatar\/3b62665b8c08843736974a055cc2398ba6bb7fd2fe787285105d666c418a7d13?s=96&d=mm&r=g","contentUrl":"https:\/\/secure.gravatar.com\/avatar\/3b62665b8c08843736974a055cc2398ba6bb7fd2fe787285105d666c418a7d13?s=96&d=mm&r=g","caption":"Redaccion BPTM"},"sameAs":["http:\/\/bocaparatodoelmundo.com.ar"],"url":"https:\/\/bocaparatodoelmundo.com.ar\/?author=3"}]}},"_links":{"self":[{"href":"https:\/\/bocaparatodoelmundo.com.ar\/index.php?rest_route=\/wp\/v2\/posts\/3132","targetHints":{"allow":["GET"]}}],"collection":[{"href":"https:\/\/bocaparatodoelmundo.com.ar\/index.php?rest_route=\/wp\/v2\/posts"}],"about":[{"href":"https:\/\/bocaparatodoelmundo.com.ar\/index.php?rest_route=\/wp\/v2\/types\/post"}],"author":[{"embeddable":true,"href":"https:\/\/bocaparatodoelmundo.com.ar\/index.php?rest_route=\/wp\/v2\/users\/3"}],"replies":[{"embeddable":true,"href":"https:\/\/bocaparatodoelmundo.com.ar\/index.php?rest_route=%2Fwp%2Fv2%2Fcomments&post=3132"}],"version-history":[{"count":2,"href":"https:\/\/bocaparatodoelmundo.com.ar\/index.php?rest_route=\/wp\/v2\/posts\/3132\/revisions"}],"predecessor-version":[{"id":3136,"href":"https:\/\/bocaparatodoelmundo.com.ar\/index.php?rest_route=\/wp\/v2\/posts\/3132\/revisions\/3136"}],"wp:featuredmedia":[{"embeddable":true,"href":"https:\/\/bocaparatodoelmundo.com.ar\/index.php?rest_route=\/wp\/v2\/media\/3139"}],"wp:attachment":[{"href":"https:\/\/bocaparatodoelmundo.com.ar\/index.php?rest_route=%2Fwp%2Fv2%2Fmedia&parent=3132"}],"wp:term":[{"taxonomy":"category","embeddable":true,"href":"https:\/\/bocaparatodoelmundo.com.ar\/index.php?rest_route=%2Fwp%2Fv2%2Fcategories&post=3132"},{"taxonomy":"post_tag","embeddable":true,"href":"https:\/\/bocaparatodoelmundo.com.ar\/index.php?rest_route=%2Fwp%2Fv2%2Ftags&post=3132"}],"curies":[{"name":"wp","href":"https:\/\/api.w.org\/{rel}","templated":true}]}}