{"id":3129,"date":"2024-09-18T14:36:07","date_gmt":"2024-09-18T17:36:07","guid":{"rendered":"https:\/\/bocaparatodoelmundo.com.ar\/?p=3129"},"modified":"2024-09-18T14:36:08","modified_gmt":"2024-09-18T17:36:08","slug":"el-vice-presidente","status":"publish","type":"post","link":"https:\/\/bocaparatodoelmundo.com.ar\/?p=3129","title":{"rendered":"El Vice Presidente"},"content":{"rendered":"\n<h4 class=\"wp-block-heading\">Juan Rom\u00e1n Riquelme fue elegido como parte de los vice presidentes de la nueva Comision Directiva de la Asociaci\u00f3n del F\u00fatbol Argentino. Ocupara el cargo de Vice primero durante los pr\u00f3ximos cuatro a\u00f1os.<\/h4>\n\n\n\n<p><strong>Claudio Tapia<\/strong>, quien asumi\u00f3 por primera vez en 2017,\u00a0<a href=\"https:\/\/www.ambito.com\/deportes\/elecciones-la-afa-vencido-el-plazo-solo-se-presento-la-lista-delchiquitapia-n6060538\" target=\"_blank\" rel=\"noreferrer noopener\">tendr\u00e1 su tercer mandato como m\u00e1ximo dirigente<\/a>\u00a0de la\u00a0<strong>Asociaci\u00f3n de F\u00fatbol Argentino<\/strong>\u00a0hasta diciembre del\u00a0<strong>2028<\/strong>.<\/p>\n\n\n\n<p>Ante esta situaci\u00f3n, el principal referente de la entidad que rige el f\u00fatbol en&nbsp;<strong>Argentina<\/strong>, expres\u00f3:<strong>&nbsp;&#8220;Esta lista est\u00e1 conformada por los mejores dirigentes del f\u00fatbol argentino. Los nuevos integrantes tienen un gran compromiso de trabajo para que tengamos un f\u00fatbol mejor. El agradecimiento es total&#8221;.<\/strong><\/p>\n\n\n\n<p>Asimismo, la escribana&nbsp;<strong>Paula Macadar<\/strong>, agreg\u00f3,&nbsp;<strong>&#8220;Constato que solo una lista fue presentada&#8221;.<\/strong><\/p>\n\n\n\n<p>Por otro lado, el actual presidente de&nbsp;<strong>Boca<\/strong>,&nbsp;<strong>Juan Rom\u00e1n Riquelme<\/strong>, ser\u00e1 uno de los nuevos integrantes que mencionaba el &#8220;Chiqui&#8221;, y sin dudas,&nbsp;<strong>gener\u00f3 revuelo tanto en redes sociales como en los propios dirigentes<\/strong>&nbsp;de los distintos clubes, ya que&nbsp;<strong>ser\u00e1 el vicepresidente<\/strong>.<\/p>\n\n\n\n<p>No obstante, es una decisi\u00f3n pol\u00edtica para en medio de la lucha de la&nbsp;<strong>AFA&nbsp;<\/strong>contra la idea del&nbsp;<strong>Gobierno<\/strong>&nbsp;de instalar las&nbsp;<strong>Sociedades An\u00f3nimas Deportivas&nbsp;<\/strong>en nuestro f\u00fatbol.<\/p>\n\n\n\n<p>Para quienes deseaban presentarse como candidatos a presidente del organismo que rige al&nbsp;<strong>f\u00fatbol argentino<\/strong>, el plazo para presentar sus listas era hasta las 18:00hs de este lunes y los requisitos inclu\u00edan ser argentino nativo o naturalizado, residir en el pa\u00eds y haber ocupado un cargo de presidente o vicepresidente en un club o liga durante al menos tres de los \u00faltimos siete a\u00f1os.<\/p>\n\n\n\n<p>Adem\u00e1s, tanto los candidatos a presidente como los dem\u00e1s integrantes del&nbsp;<strong>Comit\u00e9 Ejecutivo&nbsp;<\/strong>deb\u00edan contar con un historial limpio, sin condenas penales firmes.<\/p>\n\n\n\n<p>El pr\u00f3ximo 17 de octubre, se har\u00eda la&nbsp;<strong>Asamblea General Ordinaria<\/strong>, donde se llevar\u00eda a cabo la elecci\u00f3n y con&nbsp;<strong>Tapia&nbsp;<\/strong>como \u00fanico candidato oficial, ser\u00e1 nuevamente reelecto.<\/p>\n\n\n\n<h2 class=\"wp-block-heading\">La nueva lista de integrantes del Comit\u00e9 Ejecutivo de la AFA<\/h2>\n\n\n\n<ul class=\"wp-block-list\">\n<li><strong>Presidente:<\/strong>\u00a0Claudio Fabi\u00e1n Tapia.<\/li>\n\n\n\n<li><strong>Vicepresidentes:<\/strong>\u00a0Juan Rom\u00e1n Riquelme (Boca), Ignacio Villarroel (River), David Luis Garz\u00f3n (Hurac\u00e1n), Carlos R. O. Monta\u00f1a (Independiente), Gabriel Mariano Greco (Atlanta) y Javier Treuque (Liga de Chubut).<\/li>\n\n\n\n<li><strong>Secretario General:<\/strong>\u00a0V\u00edctor Blanco Rodr\u00edguez (Racing).<\/li>\n\n\n\n<li><strong>Prosecretario General:\u00a0<\/strong>Luciano Nakis (Deportivo Armenio).<\/li>\n\n\n\n<li><strong>Secretario Ejecutivo:<\/strong>\u00a0Luis Mar\u00eda Chebel (Lan\u00fas).<\/li>\n\n\n\n<li><strong>Prosecretario Ejecutivo:<\/strong>\u00a0Maximiliano Levy (almirante Brown).<\/li>\n\n\n\n<li><strong>Tesorero:<\/strong>\u00a0Pablo Ariel Toviggino (Consejo Federal).<\/li>\n\n\n\n<li><strong>Protesorero:<\/strong>\u00a0Jorge Luis Barrios (Estudiantes de Buenos Aires).<\/li>\n\n\n\n<li><strong>Vocales:\u00a0<\/strong>Mariano Hern\u00e1n Cowen (Gimnasia La Plata), Luis Fabi\u00e1n Berlanga (V\u00e9lez), Gonzalo Luis Belloso (Rosario Central), Cristian Ariel Malaspina (Argentinos), Marcelo Luis \u00c1ngel Moretti (San Lorenzo), Francisco Javier Mar\u00edn (Acassuso), Marcelo Rodolfo Achile (Defensores de Belgrano), Guillermo Eduardo Raed (Mitre de Santiago del Estero), Mar\u00eda Sylvia Jim\u00e9nez (Liga Catamarque\u00f1a) y Cristian Brian Prendes (Consejo Federal).<\/li>\n<\/ul>\n\n\n\n<h3 class=\"wp-block-heading\">Miembros Suplentes<\/h3>\n\n\n\n<p><strong>Vocales:&nbsp;<\/strong>Eduardo Juan Spinosa 8Banfield), Juan Manuel Cavagliatto (Instituto), Ignacio Enrique Astore (Newell`s), Luis Fabi\u00e1n Artime (Belgrano), Dante Walter Majori (F\u00fatbol Infantil), Jorge Ernesto Miadosqui (San Mart\u00edn de San Juan), Javier H. M\u00e9ndez Cartier (Excursionistas), Jos\u00e9 Luis Coutinho (Deportivo Merlo), Carlos Daniel Pandolfi (Ferro) y Mario Javier Echeverr\u00eda (Consejo Federal).<\/p>\n","protected":false},"excerpt":{"rendered":"<p>Juan Rom\u00e1n Riquelme fue elegido como parte de los vice presidentes de la nueva Comision&#8230;<\/p>\n","protected":false},"author":3,"featured_media":3130,"comment_status":"open","ping_status":"open","sticky":false,"template":"","format":"standard","meta":{"footnotes":""},"categories":[47],"tags":[],"class_list":["post-3129","post","type-post","status-publish","format-standard","has-post-thumbnail","hentry","category-roman"],"yoast_head":"<!-- This site is optimized with the Yoast SEO plugin v21.4 - https:\/\/yoast.com\/wordpress\/plugins\/seo\/ -->\n<title>El Vice Presidente - BOCA PARA TODO EL MUNDO<\/title>\n<meta name=\"robots\" content=\"index, follow, max-snippet:-1, max-image-preview:large, max-video-preview:-1\" \/>\n<link rel=\"canonical\" href=\"https:\/\/bocaparatodoelmundo.com.ar\/?p=3129\" \/>\n<meta property=\"og:locale\" content=\"es_ES\" \/>\n<meta property=\"og:type\" content=\"article\" \/>\n<meta property=\"og:title\" content=\"El Vice Presidente - BOCA PARA TODO EL MUNDO\" \/>\n<meta property=\"og:description\" content=\"Juan Rom\u00e1n Riquelme fue elegido como parte de los vice presidentes de la nueva Comision...\" \/>\n<meta property=\"og:url\" content=\"https:\/\/bocaparatodoelmundo.com.ar\/?p=3129\" \/>\n<meta property=\"og:site_name\" content=\"BOCA PARA TODO EL MUNDO\" \/>\n<meta property=\"article:published_time\" content=\"2024-09-18T17:36:07+00:00\" \/>\n<meta property=\"article:modified_time\" content=\"2024-09-18T17:36:08+00:00\" \/>\n<meta property=\"og:image\" content=\"https:\/\/bocaparatodoelmundo.com.ar\/wp-content\/uploads\/2024\/09\/images-12.jpg\" \/>\n\t<meta property=\"og:image:width\" content=\"275\" \/>\n\t<meta property=\"og:image:height\" content=\"183\" \/>\n\t<meta property=\"og:image:type\" content=\"image\/jpeg\" \/>\n<meta name=\"author\" content=\"Redaccion BPTM\" \/>\n<meta name=\"twitter:card\" content=\"summary_large_image\" \/>\n<meta name=\"twitter:label1\" content=\"Escrito por\" \/>\n\t<meta name=\"twitter:data1\" content=\"Redaccion BPTM\" \/>\n\t<meta name=\"twitter:label2\" content=\"Tiempo de lectura\" \/>\n\t<meta name=\"twitter:data2\" content=\"3 minutos\" \/>\n<script type=\"application\/ld+json\" class=\"yoast-schema-graph\">{\"@context\":\"https:\/\/schema.org\",\"@graph\":[{\"@type\":\"WebPage\",\"@id\":\"https:\/\/bocaparatodoelmundo.com.ar\/?p=3129\",\"url\":\"https:\/\/bocaparatodoelmundo.com.ar\/?p=3129\",\"name\":\"El Vice Presidente - BOCA PARA TODO EL MUNDO\",\"isPartOf\":{\"@id\":\"https:\/\/bocaparatodoelmundo.com.ar\/#website\"},\"datePublished\":\"2024-09-18T17:36:07+00:00\",\"dateModified\":\"2024-09-18T17:36:08+00:00\",\"author\":{\"@id\":\"https:\/\/bocaparatodoelmundo.com.ar\/#\/schema\/person\/cc56d27ea9d37f4cea3636086a1847c5\"},\"breadcrumb\":{\"@id\":\"https:\/\/bocaparatodoelmundo.com.ar\/?p=3129#breadcrumb\"},\"inLanguage\":\"es-AR\",\"potentialAction\":[{\"@type\":\"ReadAction\",\"target\":[\"https:\/\/bocaparatodoelmundo.com.ar\/?p=3129\"]}]},{\"@type\":\"BreadcrumbList\",\"@id\":\"https:\/\/bocaparatodoelmundo.com.ar\/?p=3129#breadcrumb\",\"itemListElement\":[{\"@type\":\"ListItem\",\"position\":1,\"name\":\"Inicio\",\"item\":\"https:\/\/bocaparatodoelmundo.com.ar\/\"},{\"@type\":\"ListItem\",\"position\":2,\"name\":\"El Vice Presidente\"}]},{\"@type\":\"WebSite\",\"@id\":\"https:\/\/bocaparatodoelmundo.com.ar\/#website\",\"url\":\"https:\/\/bocaparatodoelmundo.com.ar\/\",\"name\":\"BOCA PARA TODO EL MUNDO\",\"description\":\"Toda la historia y actualidad del club atletico boca junios esta aqui\",\"potentialAction\":[{\"@type\":\"SearchAction\",\"target\":{\"@type\":\"EntryPoint\",\"urlTemplate\":\"https:\/\/bocaparatodoelmundo.com.ar\/?s={search_term_string}\"},\"query-input\":\"required name=search_term_string\"}],\"inLanguage\":\"es-AR\"},{\"@type\":\"Person\",\"@id\":\"https:\/\/bocaparatodoelmundo.com.ar\/#\/schema\/person\/cc56d27ea9d37f4cea3636086a1847c5\",\"name\":\"Redaccion BPTM\",\"image\":{\"@type\":\"ImageObject\",\"inLanguage\":\"es-AR\",\"@id\":\"https:\/\/bocaparatodoelmundo.com.ar\/#\/schema\/person\/image\/\",\"url\":\"https:\/\/secure.gravatar.com\/avatar\/3b62665b8c08843736974a055cc2398ba6bb7fd2fe787285105d666c418a7d13?s=96&d=mm&r=g\",\"contentUrl\":\"https:\/\/secure.gravatar.com\/avatar\/3b62665b8c08843736974a055cc2398ba6bb7fd2fe787285105d666c418a7d13?s=96&d=mm&r=g\",\"caption\":\"Redaccion BPTM\"},\"sameAs\":[\"http:\/\/bocaparatodoelmundo.com.ar\"],\"url\":\"https:\/\/bocaparatodoelmundo.com.ar\/?author=3\"}]}<\/script>\n<!-- \/ Yoast SEO plugin. -->","yoast_head_json":{"title":"El Vice Presidente - BOCA PARA TODO EL MUNDO","robots":{"index":"index","follow":"follow","max-snippet":"max-snippet:-1","max-image-preview":"max-image-preview:large","max-video-preview":"max-video-preview:-1"},"canonical":"https:\/\/bocaparatodoelmundo.com.ar\/?p=3129","og_locale":"es_ES","og_type":"article","og_title":"El Vice Presidente - BOCA PARA TODO EL MUNDO","og_description":"Juan Rom\u00e1n Riquelme fue elegido como parte de los vice presidentes de la nueva Comision...","og_url":"https:\/\/bocaparatodoelmundo.com.ar\/?p=3129","og_site_name":"BOCA PARA TODO EL MUNDO","article_published_time":"2024-09-18T17:36:07+00:00","article_modified_time":"2024-09-18T17:36:08+00:00","og_image":[{"width":275,"height":183,"url":"https:\/\/bocaparatodoelmundo.com.ar\/wp-content\/uploads\/2024\/09\/images-12.jpg","type":"image\/jpeg"}],"author":"Redaccion BPTM","twitter_card":"summary_large_image","twitter_misc":{"Escrito por":"Redaccion BPTM","Tiempo de lectura":"3 minutos"},"schema":{"@context":"https:\/\/schema.org","@graph":[{"@type":"WebPage","@id":"https:\/\/bocaparatodoelmundo.com.ar\/?p=3129","url":"https:\/\/bocaparatodoelmundo.com.ar\/?p=3129","name":"El Vice Presidente - BOCA PARA TODO EL MUNDO","isPartOf":{"@id":"https:\/\/bocaparatodoelmundo.com.ar\/#website"},"datePublished":"2024-09-18T17:36:07+00:00","dateModified":"2024-09-18T17:36:08+00:00","author":{"@id":"https:\/\/bocaparatodoelmundo.com.ar\/#\/schema\/person\/cc56d27ea9d37f4cea3636086a1847c5"},"breadcrumb":{"@id":"https:\/\/bocaparatodoelmundo.com.ar\/?p=3129#breadcrumb"},"inLanguage":"es-AR","potentialAction":[{"@type":"ReadAction","target":["https:\/\/bocaparatodoelmundo.com.ar\/?p=3129"]}]},{"@type":"BreadcrumbList","@id":"https:\/\/bocaparatodoelmundo.com.ar\/?p=3129#breadcrumb","itemListElement":[{"@type":"ListItem","position":1,"name":"Inicio","item":"https:\/\/bocaparatodoelmundo.com.ar\/"},{"@type":"ListItem","position":2,"name":"El Vice Presidente"}]},{"@type":"WebSite","@id":"https:\/\/bocaparatodoelmundo.com.ar\/#website","url":"https:\/\/bocaparatodoelmundo.com.ar\/","name":"BOCA PARA TODO EL MUNDO","description":"Toda la historia y actualidad del club atletico boca junios esta aqui","potentialAction":[{"@type":"SearchAction","target":{"@type":"EntryPoint","urlTemplate":"https:\/\/bocaparatodoelmundo.com.ar\/?s={search_term_string}"},"query-input":"required name=search_term_string"}],"inLanguage":"es-AR"},{"@type":"Person","@id":"https:\/\/bocaparatodoelmundo.com.ar\/#\/schema\/person\/cc56d27ea9d37f4cea3636086a1847c5","name":"Redaccion BPTM","image":{"@type":"ImageObject","inLanguage":"es-AR","@id":"https:\/\/bocaparatodoelmundo.com.ar\/#\/schema\/person\/image\/","url":"https:\/\/secure.gravatar.com\/avatar\/3b62665b8c08843736974a055cc2398ba6bb7fd2fe787285105d666c418a7d13?s=96&d=mm&r=g","contentUrl":"https:\/\/secure.gravatar.com\/avatar\/3b62665b8c08843736974a055cc2398ba6bb7fd2fe787285105d666c418a7d13?s=96&d=mm&r=g","caption":"Redaccion BPTM"},"sameAs":["http:\/\/bocaparatodoelmundo.com.ar"],"url":"https:\/\/bocaparatodoelmundo.com.ar\/?author=3"}]}},"_links":{"self":[{"href":"https:\/\/bocaparatodoelmundo.com.ar\/index.php?rest_route=\/wp\/v2\/posts\/3129","targetHints":{"allow":["GET"]}}],"collection":[{"href":"https:\/\/bocaparatodoelmundo.com.ar\/index.php?rest_route=\/wp\/v2\/posts"}],"about":[{"href":"https:\/\/bocaparatodoelmundo.com.ar\/index.php?rest_route=\/wp\/v2\/types\/post"}],"author":[{"embeddable":true,"href":"https:\/\/bocaparatodoelmundo.com.ar\/index.php?rest_route=\/wp\/v2\/users\/3"}],"replies":[{"embeddable":true,"href":"https:\/\/bocaparatodoelmundo.com.ar\/index.php?rest_route=%2Fwp%2Fv2%2Fcomments&post=3129"}],"version-history":[{"count":1,"href":"https:\/\/bocaparatodoelmundo.com.ar\/index.php?rest_route=\/wp\/v2\/posts\/3129\/revisions"}],"predecessor-version":[{"id":3131,"href":"https:\/\/bocaparatodoelmundo.com.ar\/index.php?rest_route=\/wp\/v2\/posts\/3129\/revisions\/3131"}],"wp:featuredmedia":[{"embeddable":true,"href":"https:\/\/bocaparatodoelmundo.com.ar\/index.php?rest_route=\/wp\/v2\/media\/3130"}],"wp:attachment":[{"href":"https:\/\/bocaparatodoelmundo.com.ar\/index.php?rest_route=%2Fwp%2Fv2%2Fmedia&parent=3129"}],"wp:term":[{"taxonomy":"category","embeddable":true,"href":"https:\/\/bocaparatodoelmundo.com.ar\/index.php?rest_route=%2Fwp%2Fv2%2Fcategories&post=3129"},{"taxonomy":"post_tag","embeddable":true,"href":"https:\/\/bocaparatodoelmundo.com.ar\/index.php?rest_route=%2Fwp%2Fv2%2Ftags&post=3129"}],"curies":[{"name":"wp","href":"https:\/\/api.w.org\/{rel}","templated":true}]}}