{"id":290,"date":"2022-08-26T15:59:21","date_gmt":"2022-08-26T18:59:21","guid":{"rendered":"https:\/\/www.bocaparatodoelmundo.com.ar\/?p=290"},"modified":"2022-08-26T15:59:22","modified_gmt":"2022-08-26T18:59:22","slug":"ibarra-confirmo-tres-cambios-para-enfrentar-a-atletico-tucuman","status":"publish","type":"post","link":"https:\/\/bocaparatodoelmundo.com.ar\/?p=290","title":{"rendered":"Ibarra confirm\u00f3 tres cambios para enfrentar a Atletico Tucuman"},"content":{"rendered":"\n<p><strong>Zambrano por Roncaglia, Fabra por Sandez y O. Romero por Cristian Medina son las variantes que dispondr\u00e1 el entrenador xeneize para el encuentro del pr\u00f3ximo domingo ante el puntero del campeonato.<\/strong><\/p>\n\n\n\n<figure class=\"wp-block-image size-large\"><img loading=\"lazy\" decoding=\"async\" width=\"1024\" height=\"699\" src=\"https:\/\/www.bocaparatodoelmundo.com.ar\/wp-content\/uploads\/2022\/08\/image-1-1024x699.png\" alt=\"\" class=\"wp-image-291\" srcset=\"https:\/\/bocaparatodoelmundo.com.ar\/wp-content\/uploads\/2022\/08\/image-1-1024x699.png 1024w, https:\/\/bocaparatodoelmundo.com.ar\/wp-content\/uploads\/2022\/08\/image-1-300x205.png 300w, https:\/\/bocaparatodoelmundo.com.ar\/wp-content\/uploads\/2022\/08\/image-1-768x524.png 768w, https:\/\/bocaparatodoelmundo.com.ar\/wp-content\/uploads\/2022\/08\/image-1-1536x1049.png 1536w, https:\/\/bocaparatodoelmundo.com.ar\/wp-content\/uploads\/2022\/08\/image-1-2048x1399.png 2048w\" sizes=\"auto, (max-width: 1024px) 100vw, 1024px\" \/><\/figure>\n\n\n\n<p>El entrenador&nbsp;Hugo&nbsp;<strong>Ibarra&nbsp;prob\u00f3 en el fondo con Carlos Zambrano<\/strong>, quien ya cumpli\u00f3 la sanci\u00f3n interna<strong>&nbsp;tras la pelea con Dar\u00edo Benedetto<\/strong>,&nbsp;<strong>por Facundo Roncaglia<\/strong>&nbsp;y tambi\u00e9n coloc\u00f3 al lateral izquierdo colombiano&nbsp;<strong>Frank Fabra<\/strong>&nbsp;-no estuvo por las cinco amarillas-&nbsp;<strong>por el juvenil Agust\u00edn S\u00e1ndez<\/strong>.<\/p>\n\n\n\n<p>Adem\u00e1s, en la zona del mediocampo reapareci\u00f3 el paraguayo\u00a0<strong>\u00d3scar Romero en lugar de Cristian Medina<\/strong>, que padece unas molestias f\u00edsicas.<\/p>\n\n\n\n<figure class=\"wp-block-image size-large\"><img loading=\"lazy\" decoding=\"async\" width=\"1024\" height=\"678\" src=\"https:\/\/www.bocaparatodoelmundo.com.ar\/wp-content\/uploads\/2022\/08\/image-2-1024x678.png\" alt=\"\" class=\"wp-image-292\" srcset=\"https:\/\/bocaparatodoelmundo.com.ar\/wp-content\/uploads\/2022\/08\/image-2-1024x678.png 1024w, https:\/\/bocaparatodoelmundo.com.ar\/wp-content\/uploads\/2022\/08\/image-2-300x199.png 300w, https:\/\/bocaparatodoelmundo.com.ar\/wp-content\/uploads\/2022\/08\/image-2-768x509.png 768w, https:\/\/bocaparatodoelmundo.com.ar\/wp-content\/uploads\/2022\/08\/image-2-1536x1017.png 1536w, https:\/\/bocaparatodoelmundo.com.ar\/wp-content\/uploads\/2022\/08\/image-2-2048x1357.png 2048w\" sizes=\"auto, (max-width: 1024px) 100vw, 1024px\" \/><\/figure>\n\n\n\n<p>A su vez, llam\u00f3 la atenci\u00f3n que Benedetto no estuvo entre los potenciales iniciales y su puesto<strong>&nbsp;lo mantiene por el momento Luis V\u00e1zquez<\/strong>, autor del gol de la victoria en Florencio Varela.<\/p>\n\n\n\n<p>El posible equipo es\u00a0<strong>Agust\u00edn Rossi; Luis Adv\u00edncula, Zambrano, Nicol\u00e1s Figal y Fabra; Guillermo &#8220;Pol&#8221; Fern\u00e1ndez, Alan Varela y Luis Ram\u00edrez; \u00d3scar Romero, Luis V\u00e1zquez y Sebasti\u00e1n Villa<\/strong>.<\/p>\n\n\n\n<figure class=\"wp-block-image size-large\"><img loading=\"lazy\" decoding=\"async\" width=\"1024\" height=\"689\" src=\"https:\/\/www.bocaparatodoelmundo.com.ar\/wp-content\/uploads\/2022\/08\/image-3-1024x689.png\" alt=\"\" class=\"wp-image-293\" srcset=\"https:\/\/bocaparatodoelmundo.com.ar\/wp-content\/uploads\/2022\/08\/image-3-1024x689.png 1024w, https:\/\/bocaparatodoelmundo.com.ar\/wp-content\/uploads\/2022\/08\/image-3-300x202.png 300w, https:\/\/bocaparatodoelmundo.com.ar\/wp-content\/uploads\/2022\/08\/image-3-768x517.png 768w, https:\/\/bocaparatodoelmundo.com.ar\/wp-content\/uploads\/2022\/08\/image-3-1536x1034.png 1536w, https:\/\/bocaparatodoelmundo.com.ar\/wp-content\/uploads\/2022\/08\/image-3-2048x1378.png 2048w\" sizes=\"auto, (max-width: 1024px) 100vw, 1024px\" \/><\/figure>\n\n\n\n<p><strong>Boca (23) se jugar\u00e1 su \u00faltima chance para subirse en la pelea por el t\u00edtulo<\/strong>&nbsp;de la Liga Profesional de F\u00fatbol, ya que desde las 18 del domingo tendr\u00e1 enfrente al l\u00edder&nbsp;<strong>Atl\u00e9tico Tucum\u00e1n (32)<\/strong>, que le lleva nueve puntos con 36 por jugarse.<\/p>\n","protected":false},"excerpt":{"rendered":"<p>Zambrano por Roncaglia, Fabra por Sandez y O. Romero por Cristian Medina son las variantes&#8230;<\/p>\n","protected":false},"author":3,"featured_media":295,"comment_status":"open","ping_status":"open","sticky":false,"template":"","format":"standard","meta":{"footnotes":""},"categories":[4],"tags":[],"class_list":["post-290","post","type-post","status-publish","format-standard","has-post-thumbnail","hentry","category-primera-division-masculina"],"yoast_head":"<!-- This site is optimized with the Yoast SEO plugin v21.4 - https:\/\/yoast.com\/wordpress\/plugins\/seo\/ -->\n<title>Ibarra confirm\u00f3 tres cambios para enfrentar a Atletico Tucuman - BOCA PARA TODO EL MUNDO<\/title>\n<meta name=\"robots\" content=\"index, follow, max-snippet:-1, max-image-preview:large, max-video-preview:-1\" \/>\n<link rel=\"canonical\" href=\"https:\/\/bocaparatodoelmundo.com.ar\/?p=290\" \/>\n<meta property=\"og:locale\" content=\"es_ES\" \/>\n<meta property=\"og:type\" content=\"article\" \/>\n<meta property=\"og:title\" content=\"Ibarra confirm\u00f3 tres cambios para enfrentar a Atletico Tucuman - BOCA PARA TODO EL MUNDO\" \/>\n<meta property=\"og:description\" content=\"Zambrano por Roncaglia, Fabra por Sandez y O. Romero por Cristian Medina son las variantes...\" \/>\n<meta property=\"og:url\" content=\"https:\/\/bocaparatodoelmundo.com.ar\/?p=290\" \/>\n<meta property=\"og:site_name\" content=\"BOCA PARA TODO EL MUNDO\" \/>\n<meta property=\"article:published_time\" content=\"2022-08-26T18:59:21+00:00\" \/>\n<meta property=\"article:modified_time\" content=\"2022-08-26T18:59:22+00:00\" \/>\n<meta property=\"og:image\" content=\"https:\/\/bocaparatodoelmundo.com.ar\/wp-content\/uploads\/2022\/08\/FbBZoJ-X0AACfq_-1-scaled.jpg\" \/>\n\t<meta property=\"og:image:width\" content=\"2560\" \/>\n\t<meta property=\"og:image:height\" content=\"1862\" \/>\n\t<meta property=\"og:image:type\" content=\"image\/jpeg\" \/>\n<meta name=\"author\" content=\"Redaccion BPTM\" \/>\n<meta name=\"twitter:card\" content=\"summary_large_image\" \/>\n<meta name=\"twitter:label1\" content=\"Escrito por\" \/>\n\t<meta name=\"twitter:data1\" content=\"Redaccion BPTM\" \/>\n\t<meta name=\"twitter:label2\" content=\"Tiempo de lectura\" \/>\n\t<meta name=\"twitter:data2\" content=\"2 minutos\" \/>\n<script type=\"application\/ld+json\" class=\"yoast-schema-graph\">{\"@context\":\"https:\/\/schema.org\",\"@graph\":[{\"@type\":\"WebPage\",\"@id\":\"https:\/\/bocaparatodoelmundo.com.ar\/?p=290\",\"url\":\"https:\/\/bocaparatodoelmundo.com.ar\/?p=290\",\"name\":\"Ibarra confirm\u00f3 tres cambios para enfrentar a Atletico Tucuman - BOCA PARA TODO EL MUNDO\",\"isPartOf\":{\"@id\":\"https:\/\/bocaparatodoelmundo.com.ar\/#website\"},\"datePublished\":\"2022-08-26T18:59:21+00:00\",\"dateModified\":\"2022-08-26T18:59:22+00:00\",\"author\":{\"@id\":\"https:\/\/bocaparatodoelmundo.com.ar\/#\/schema\/person\/cc56d27ea9d37f4cea3636086a1847c5\"},\"breadcrumb\":{\"@id\":\"https:\/\/bocaparatodoelmundo.com.ar\/?p=290#breadcrumb\"},\"inLanguage\":\"es-AR\",\"potentialAction\":[{\"@type\":\"ReadAction\",\"target\":[\"https:\/\/bocaparatodoelmundo.com.ar\/?p=290\"]}]},{\"@type\":\"BreadcrumbList\",\"@id\":\"https:\/\/bocaparatodoelmundo.com.ar\/?p=290#breadcrumb\",\"itemListElement\":[{\"@type\":\"ListItem\",\"position\":1,\"name\":\"Inicio\",\"item\":\"https:\/\/bocaparatodoelmundo.com.ar\/\"},{\"@type\":\"ListItem\",\"position\":2,\"name\":\"Ibarra confirm\u00f3 tres cambios para enfrentar a Atletico Tucuman\"}]},{\"@type\":\"WebSite\",\"@id\":\"https:\/\/bocaparatodoelmundo.com.ar\/#website\",\"url\":\"https:\/\/bocaparatodoelmundo.com.ar\/\",\"name\":\"BOCA PARA TODO EL MUNDO\",\"description\":\"Toda la historia y actualidad del club atletico boca junios esta aqui\",\"potentialAction\":[{\"@type\":\"SearchAction\",\"target\":{\"@type\":\"EntryPoint\",\"urlTemplate\":\"https:\/\/bocaparatodoelmundo.com.ar\/?s={search_term_string}\"},\"query-input\":\"required name=search_term_string\"}],\"inLanguage\":\"es-AR\"},{\"@type\":\"Person\",\"@id\":\"https:\/\/bocaparatodoelmundo.com.ar\/#\/schema\/person\/cc56d27ea9d37f4cea3636086a1847c5\",\"name\":\"Redaccion BPTM\",\"image\":{\"@type\":\"ImageObject\",\"inLanguage\":\"es-AR\",\"@id\":\"https:\/\/bocaparatodoelmundo.com.ar\/#\/schema\/person\/image\/\",\"url\":\"https:\/\/secure.gravatar.com\/avatar\/3b62665b8c08843736974a055cc2398ba6bb7fd2fe787285105d666c418a7d13?s=96&d=mm&r=g\",\"contentUrl\":\"https:\/\/secure.gravatar.com\/avatar\/3b62665b8c08843736974a055cc2398ba6bb7fd2fe787285105d666c418a7d13?s=96&d=mm&r=g\",\"caption\":\"Redaccion BPTM\"},\"sameAs\":[\"http:\/\/bocaparatodoelmundo.com.ar\"],\"url\":\"https:\/\/bocaparatodoelmundo.com.ar\/?author=3\"}]}<\/script>\n<!-- \/ Yoast SEO plugin. -->","yoast_head_json":{"title":"Ibarra confirm\u00f3 tres cambios para enfrentar a Atletico Tucuman - BOCA PARA TODO EL MUNDO","robots":{"index":"index","follow":"follow","max-snippet":"max-snippet:-1","max-image-preview":"max-image-preview:large","max-video-preview":"max-video-preview:-1"},"canonical":"https:\/\/bocaparatodoelmundo.com.ar\/?p=290","og_locale":"es_ES","og_type":"article","og_title":"Ibarra confirm\u00f3 tres cambios para enfrentar a Atletico Tucuman - BOCA PARA TODO EL MUNDO","og_description":"Zambrano por Roncaglia, Fabra por Sandez y O. Romero por Cristian Medina son las variantes...","og_url":"https:\/\/bocaparatodoelmundo.com.ar\/?p=290","og_site_name":"BOCA PARA TODO EL MUNDO","article_published_time":"2022-08-26T18:59:21+00:00","article_modified_time":"2022-08-26T18:59:22+00:00","og_image":[{"width":2560,"height":1862,"url":"https:\/\/bocaparatodoelmundo.com.ar\/wp-content\/uploads\/2022\/08\/FbBZoJ-X0AACfq_-1-scaled.jpg","type":"image\/jpeg"}],"author":"Redaccion BPTM","twitter_card":"summary_large_image","twitter_misc":{"Escrito por":"Redaccion BPTM","Tiempo de lectura":"2 minutos"},"schema":{"@context":"https:\/\/schema.org","@graph":[{"@type":"WebPage","@id":"https:\/\/bocaparatodoelmundo.com.ar\/?p=290","url":"https:\/\/bocaparatodoelmundo.com.ar\/?p=290","name":"Ibarra confirm\u00f3 tres cambios para enfrentar a Atletico Tucuman - BOCA PARA TODO EL MUNDO","isPartOf":{"@id":"https:\/\/bocaparatodoelmundo.com.ar\/#website"},"datePublished":"2022-08-26T18:59:21+00:00","dateModified":"2022-08-26T18:59:22+00:00","author":{"@id":"https:\/\/bocaparatodoelmundo.com.ar\/#\/schema\/person\/cc56d27ea9d37f4cea3636086a1847c5"},"breadcrumb":{"@id":"https:\/\/bocaparatodoelmundo.com.ar\/?p=290#breadcrumb"},"inLanguage":"es-AR","potentialAction":[{"@type":"ReadAction","target":["https:\/\/bocaparatodoelmundo.com.ar\/?p=290"]}]},{"@type":"BreadcrumbList","@id":"https:\/\/bocaparatodoelmundo.com.ar\/?p=290#breadcrumb","itemListElement":[{"@type":"ListItem","position":1,"name":"Inicio","item":"https:\/\/bocaparatodoelmundo.com.ar\/"},{"@type":"ListItem","position":2,"name":"Ibarra confirm\u00f3 tres cambios para enfrentar a Atletico Tucuman"}]},{"@type":"WebSite","@id":"https:\/\/bocaparatodoelmundo.com.ar\/#website","url":"https:\/\/bocaparatodoelmundo.com.ar\/","name":"BOCA PARA TODO EL MUNDO","description":"Toda la historia y actualidad del club atletico boca junios esta aqui","potentialAction":[{"@type":"SearchAction","target":{"@type":"EntryPoint","urlTemplate":"https:\/\/bocaparatodoelmundo.com.ar\/?s={search_term_string}"},"query-input":"required name=search_term_string"}],"inLanguage":"es-AR"},{"@type":"Person","@id":"https:\/\/bocaparatodoelmundo.com.ar\/#\/schema\/person\/cc56d27ea9d37f4cea3636086a1847c5","name":"Redaccion BPTM","image":{"@type":"ImageObject","inLanguage":"es-AR","@id":"https:\/\/bocaparatodoelmundo.com.ar\/#\/schema\/person\/image\/","url":"https:\/\/secure.gravatar.com\/avatar\/3b62665b8c08843736974a055cc2398ba6bb7fd2fe787285105d666c418a7d13?s=96&d=mm&r=g","contentUrl":"https:\/\/secure.gravatar.com\/avatar\/3b62665b8c08843736974a055cc2398ba6bb7fd2fe787285105d666c418a7d13?s=96&d=mm&r=g","caption":"Redaccion BPTM"},"sameAs":["http:\/\/bocaparatodoelmundo.com.ar"],"url":"https:\/\/bocaparatodoelmundo.com.ar\/?author=3"}]}},"_links":{"self":[{"href":"https:\/\/bocaparatodoelmundo.com.ar\/index.php?rest_route=\/wp\/v2\/posts\/290","targetHints":{"allow":["GET"]}}],"collection":[{"href":"https:\/\/bocaparatodoelmundo.com.ar\/index.php?rest_route=\/wp\/v2\/posts"}],"about":[{"href":"https:\/\/bocaparatodoelmundo.com.ar\/index.php?rest_route=\/wp\/v2\/types\/post"}],"author":[{"embeddable":true,"href":"https:\/\/bocaparatodoelmundo.com.ar\/index.php?rest_route=\/wp\/v2\/users\/3"}],"replies":[{"embeddable":true,"href":"https:\/\/bocaparatodoelmundo.com.ar\/index.php?rest_route=%2Fwp%2Fv2%2Fcomments&post=290"}],"version-history":[{"count":1,"href":"https:\/\/bocaparatodoelmundo.com.ar\/index.php?rest_route=\/wp\/v2\/posts\/290\/revisions"}],"predecessor-version":[{"id":296,"href":"https:\/\/bocaparatodoelmundo.com.ar\/index.php?rest_route=\/wp\/v2\/posts\/290\/revisions\/296"}],"wp:featuredmedia":[{"embeddable":true,"href":"https:\/\/bocaparatodoelmundo.com.ar\/index.php?rest_route=\/wp\/v2\/media\/295"}],"wp:attachment":[{"href":"https:\/\/bocaparatodoelmundo.com.ar\/index.php?rest_route=%2Fwp%2Fv2%2Fmedia&parent=290"}],"wp:term":[{"taxonomy":"category","embeddable":true,"href":"https:\/\/bocaparatodoelmundo.com.ar\/index.php?rest_route=%2Fwp%2Fv2%2Fcategories&post=290"},{"taxonomy":"post_tag","embeddable":true,"href":"https:\/\/bocaparatodoelmundo.com.ar\/index.php?rest_route=%2Fwp%2Fv2%2Ftags&post=290"}],"curies":[{"name":"wp","href":"https:\/\/api.w.org\/{rel}","templated":true}]}}