{"id":2840,"date":"2024-07-16T15:51:54","date_gmt":"2024-07-16T18:51:54","guid":{"rendered":"https:\/\/bocaparatodoelmundo.com.ar\/?p=2840"},"modified":"2024-07-16T15:52:30","modified_gmt":"2024-07-16T18:52:30","slug":"martinez-va-por-el-milagro","status":"publish","type":"post","link":"https:\/\/bocaparatodoelmundo.com.ar\/?p=2840","title":{"rendered":"Mart\u00ednez va por el milagro"},"content":{"rendered":"\n<p>El t\u00e9cnico de Boca arm\u00f3 la lista de concentrados para el partido ante Independiente del Valle, en Ecuador. A excepci\u00f3n de Romero, Rojo, Blanco, Advincula y Merentiel, el plantel est\u00e1 integrado por valores surgidos de las divisiones juveniles del Club.<\/p>\n\n\n\n<p>A a un d\u00eda de retomar la competencia oficial,&nbsp;<strong>Boca Juniors<\/strong>&nbsp;tuvo una ma\u00f1ana complicada y con malas noticias. Primero, lleg\u00f3 la advertencia de la Conmebol se\u00f1alando que los cuatro refuerzos no est\u00e1n habilitados para jugar ma\u00f1ana ante&nbsp;<strong>Independiente del Valle,<\/strong>&nbsp;en Quito, en la reanudaci\u00f3n de la Copa Sudamericana. Y poco despu\u00e9s,&nbsp;<strong>Edinson Cavani<\/strong>, su goleador, se qued\u00f3 afuera de la delegaci\u00f3n a consecuencia de una lesi\u00f3n.<\/p>\n\n\n\n<p>El motivo que no les permitir\u00e1 debutar a\u00a0<strong>Gary Medel, Tom\u00e1s Belmonte, Brian Aguirre<\/strong>\u00a0y\u00a0<strong>Milton Gim\u00e9nez<\/strong>\u00a0es que, ins\u00f3litamente,\u00a0<a href=\"https:\/\/onefootball.com\/es\/equipo\/boca-juniors-1696\">Boca Juniors<\/a>\u00a0mand\u00f3 la lista fuera del horario l\u00edmite establecido por la Conmebol.<\/p>\n\n\n\n<p><em>\u201cHubo un temita con el tema de horarios, est\u00e1bamos tranquilos de que pod\u00edamos presentar la lista a las 19 de Asunci\u00f3n, mandamos el mail 19.43 y al final no era as\u00ed. Era a las 19 nuestras y 18 de Paraguay. Conmebol ha sido muy estricta\u201d<\/em>, manifest\u00f3 Juan Rom\u00e1n Riquelme, presidente del Xeneixe.<\/p>\n\n\n\n<p><a href=\"https:\/\/twitter.com\/TyCSports\/status\/1813255966399279306?ref_src=twsrc%5Etfw\">&#8220;HUBO UN TEMITA CON EL TEMA DE LOS HORARIOS&#8221; Juan Rom\u00e1n Riquelme explic\u00f3 el error administrativo de Boca que no le permiti\u00f3 anotar a los refuerzos para la Copa Sudamericana.<\/a><\/p>\n\n\n\n<blockquote class=\"wp-block-quote is-layout-flow wp-block-quote-is-layout-flow\">\n<p>&nbsp;\u2013&nbsp;martes, 16 de julio de 2024<\/p>\n<\/blockquote>\n\n\n\n<p>Con respecto a&nbsp;<strong>Cavani<\/strong>, no pudo completar la pr\u00e1ctica matutina, previa al viaje, debido a que sufri\u00f3 una sobrecarga muscular. Tras ser atendido por el cuerpo m\u00e9dico se decidi\u00f3 que no viajase, a primera hora de la tarde, con sus compa\u00f1eros a&nbsp;<a href=\"https:\/\/onefootball.com\/es\/equipo\/ecuador-101\">Ecuador<\/a>.<\/p>\n\n\n\n<p>Adem\u00e1s estas ausencias, el t\u00e9cnico&nbsp;<strong>Diego Mart\u00ednez<\/strong>&nbsp;tampoco contar\u00e1 con&nbsp;<strong>Cristan Lema<\/strong>, lesionado,&nbsp;<strong>Guillermo<\/strong>&nbsp;Pol&nbsp;<strong>Fern\u00e1ndez<\/strong>, suspendido, y los seleccionados ol\u00edmpicos&nbsp;<strong>Leandro Brey<\/strong>,&nbsp;<strong>Ezequiel&nbsp;<em>Equi<\/em>&nbsp;Fern\u00e1ndez,<\/strong>&nbsp;<strong>Cristian Medina&nbsp;y&nbsp;Kevin Zen\u00f3n<\/strong>.<\/p>\n\n\n\n<p>Los futbolistas que viajaron a&nbsp;<a href=\"https:\/\/onefootball.com\/es\/equipo\/ecuador-101\">Ecuador<\/a>, para afrontar ma\u00f1ana, mi\u00e9rcoles, este partido ante Independiente del Valle por los treinta y dos avos de final de la Copa Sudamericana son:<\/p>\n\n\n\n<figure class=\"wp-block-image\"><img decoding=\"async\" src=\"https:\/\/image-service.onefootball.com\/transform?w=280&amp;h=157&amp;dpr=2&amp;image=https%3A%2F%2Fwww.iamnoticias.com.ar%2Fwp-content%2Fuploads%2F2024%2F07%2FGSnrV71XIAEpHH2.jpg\" alt=\"Imagen del art\u00edculo:Boca Juniors viaj\u00f3 a Ecuador sin sus refuerzos (por un ins\u00f3lito errror) ni Edinson Cavani (lesionado)\"\/><\/figure>\n\n\n\n<p>La probable formaci\u00f3n ser\u00eda:&nbsp;<strong>Sergio Romero; Luis Adv\u00edncula, Lautaro Di Lollo, Marcos Rojo, Lautaro Blanco; Jabes Saralegui, Mauricio Ben\u00edtez, Milton Delgado, Juli\u00e1n Ceballos; Miguel Merentiel<\/strong>&nbsp;y&nbsp;<strong>Lucas Janson<\/strong>&nbsp;\u00f3&nbsp;<strong>Luca Langoni.<\/strong><\/p>\n\n\n\n<p>Vale que recordar que adem\u00e1s de los mencionados ausentes, est\u00e1n separados del plantel ya que no son tenidos en cuenta por el t\u00e9cnico:&nbsp;<strong>Dar\u00edo Benedetto, Frank Fabra, Juan Ram\u00edrez<\/strong>&nbsp;y&nbsp;<strong>Norberto Briasco<\/strong>.<\/p>\n","protected":false},"excerpt":{"rendered":"<p>El t\u00e9cnico de Boca arm\u00f3 la lista de concentrados para el partido ante Independiente del&#8230;<\/p>\n","protected":false},"author":3,"featured_media":2841,"comment_status":"open","ping_status":"open","sticky":false,"template":"","format":"standard","meta":{"footnotes":""},"categories":[57],"tags":[],"class_list":["post-2840","post","type-post","status-publish","format-standard","has-post-thumbnail","hentry","category-copa-sudamericana"],"yoast_head":"<!-- This site is optimized with the Yoast SEO plugin v21.4 - https:\/\/yoast.com\/wordpress\/plugins\/seo\/ -->\n<title>Mart\u00ednez va por el milagro - BOCA PARA TODO EL MUNDO<\/title>\n<meta name=\"robots\" content=\"index, follow, max-snippet:-1, max-image-preview:large, max-video-preview:-1\" \/>\n<link rel=\"canonical\" href=\"https:\/\/bocaparatodoelmundo.com.ar\/?p=2840\" \/>\n<meta property=\"og:locale\" content=\"es_ES\" \/>\n<meta property=\"og:type\" content=\"article\" \/>\n<meta property=\"og:title\" content=\"Mart\u00ednez va por el milagro - BOCA PARA TODO EL MUNDO\" \/>\n<meta property=\"og:description\" content=\"El t\u00e9cnico de Boca arm\u00f3 la lista de concentrados para el partido ante Independiente del...\" \/>\n<meta property=\"og:url\" content=\"https:\/\/bocaparatodoelmundo.com.ar\/?p=2840\" \/>\n<meta property=\"og:site_name\" content=\"BOCA PARA TODO EL MUNDO\" \/>\n<meta property=\"article:published_time\" content=\"2024-07-16T18:51:54+00:00\" \/>\n<meta property=\"article:modified_time\" content=\"2024-07-16T18:52:30+00:00\" \/>\n<meta property=\"og:image\" content=\"https:\/\/bocaparatodoelmundo.com.ar\/wp-content\/uploads\/2024\/07\/images-72.jpg\" \/>\n\t<meta property=\"og:image:width\" content=\"275\" \/>\n\t<meta property=\"og:image:height\" content=\"183\" \/>\n\t<meta property=\"og:image:type\" content=\"image\/jpeg\" \/>\n<meta name=\"author\" content=\"Redaccion BPTM\" \/>\n<meta name=\"twitter:card\" content=\"summary_large_image\" \/>\n<meta name=\"twitter:label1\" content=\"Escrito por\" \/>\n\t<meta name=\"twitter:data1\" content=\"Redaccion BPTM\" \/>\n\t<meta name=\"twitter:label2\" content=\"Tiempo de lectura\" \/>\n\t<meta name=\"twitter:data2\" content=\"2 minutos\" \/>\n<script type=\"application\/ld+json\" class=\"yoast-schema-graph\">{\"@context\":\"https:\/\/schema.org\",\"@graph\":[{\"@type\":\"WebPage\",\"@id\":\"https:\/\/bocaparatodoelmundo.com.ar\/?p=2840\",\"url\":\"https:\/\/bocaparatodoelmundo.com.ar\/?p=2840\",\"name\":\"Mart\u00ednez va por el milagro - BOCA PARA TODO EL MUNDO\",\"isPartOf\":{\"@id\":\"https:\/\/bocaparatodoelmundo.com.ar\/#website\"},\"datePublished\":\"2024-07-16T18:51:54+00:00\",\"dateModified\":\"2024-07-16T18:52:30+00:00\",\"author\":{\"@id\":\"https:\/\/bocaparatodoelmundo.com.ar\/#\/schema\/person\/cc56d27ea9d37f4cea3636086a1847c5\"},\"breadcrumb\":{\"@id\":\"https:\/\/bocaparatodoelmundo.com.ar\/?p=2840#breadcrumb\"},\"inLanguage\":\"es-AR\",\"potentialAction\":[{\"@type\":\"ReadAction\",\"target\":[\"https:\/\/bocaparatodoelmundo.com.ar\/?p=2840\"]}]},{\"@type\":\"BreadcrumbList\",\"@id\":\"https:\/\/bocaparatodoelmundo.com.ar\/?p=2840#breadcrumb\",\"itemListElement\":[{\"@type\":\"ListItem\",\"position\":1,\"name\":\"Inicio\",\"item\":\"https:\/\/bocaparatodoelmundo.com.ar\/\"},{\"@type\":\"ListItem\",\"position\":2,\"name\":\"Mart\u00ednez va por el milagro\"}]},{\"@type\":\"WebSite\",\"@id\":\"https:\/\/bocaparatodoelmundo.com.ar\/#website\",\"url\":\"https:\/\/bocaparatodoelmundo.com.ar\/\",\"name\":\"BOCA PARA TODO EL MUNDO\",\"description\":\"Toda la historia y actualidad del club atletico boca junios esta aqui\",\"potentialAction\":[{\"@type\":\"SearchAction\",\"target\":{\"@type\":\"EntryPoint\",\"urlTemplate\":\"https:\/\/bocaparatodoelmundo.com.ar\/?s={search_term_string}\"},\"query-input\":\"required name=search_term_string\"}],\"inLanguage\":\"es-AR\"},{\"@type\":\"Person\",\"@id\":\"https:\/\/bocaparatodoelmundo.com.ar\/#\/schema\/person\/cc56d27ea9d37f4cea3636086a1847c5\",\"name\":\"Redaccion BPTM\",\"image\":{\"@type\":\"ImageObject\",\"inLanguage\":\"es-AR\",\"@id\":\"https:\/\/bocaparatodoelmundo.com.ar\/#\/schema\/person\/image\/\",\"url\":\"https:\/\/secure.gravatar.com\/avatar\/3b62665b8c08843736974a055cc2398ba6bb7fd2fe787285105d666c418a7d13?s=96&d=mm&r=g\",\"contentUrl\":\"https:\/\/secure.gravatar.com\/avatar\/3b62665b8c08843736974a055cc2398ba6bb7fd2fe787285105d666c418a7d13?s=96&d=mm&r=g\",\"caption\":\"Redaccion BPTM\"},\"sameAs\":[\"http:\/\/bocaparatodoelmundo.com.ar\"],\"url\":\"https:\/\/bocaparatodoelmundo.com.ar\/?author=3\"}]}<\/script>\n<!-- \/ Yoast SEO plugin. -->","yoast_head_json":{"title":"Mart\u00ednez va por el milagro - BOCA PARA TODO EL MUNDO","robots":{"index":"index","follow":"follow","max-snippet":"max-snippet:-1","max-image-preview":"max-image-preview:large","max-video-preview":"max-video-preview:-1"},"canonical":"https:\/\/bocaparatodoelmundo.com.ar\/?p=2840","og_locale":"es_ES","og_type":"article","og_title":"Mart\u00ednez va por el milagro - BOCA PARA TODO EL MUNDO","og_description":"El t\u00e9cnico de Boca arm\u00f3 la lista de concentrados para el partido ante Independiente del...","og_url":"https:\/\/bocaparatodoelmundo.com.ar\/?p=2840","og_site_name":"BOCA PARA TODO EL MUNDO","article_published_time":"2024-07-16T18:51:54+00:00","article_modified_time":"2024-07-16T18:52:30+00:00","og_image":[{"width":275,"height":183,"url":"https:\/\/bocaparatodoelmundo.com.ar\/wp-content\/uploads\/2024\/07\/images-72.jpg","type":"image\/jpeg"}],"author":"Redaccion BPTM","twitter_card":"summary_large_image","twitter_misc":{"Escrito por":"Redaccion BPTM","Tiempo de lectura":"2 minutos"},"schema":{"@context":"https:\/\/schema.org","@graph":[{"@type":"WebPage","@id":"https:\/\/bocaparatodoelmundo.com.ar\/?p=2840","url":"https:\/\/bocaparatodoelmundo.com.ar\/?p=2840","name":"Mart\u00ednez va por el milagro - BOCA PARA TODO EL MUNDO","isPartOf":{"@id":"https:\/\/bocaparatodoelmundo.com.ar\/#website"},"datePublished":"2024-07-16T18:51:54+00:00","dateModified":"2024-07-16T18:52:30+00:00","author":{"@id":"https:\/\/bocaparatodoelmundo.com.ar\/#\/schema\/person\/cc56d27ea9d37f4cea3636086a1847c5"},"breadcrumb":{"@id":"https:\/\/bocaparatodoelmundo.com.ar\/?p=2840#breadcrumb"},"inLanguage":"es-AR","potentialAction":[{"@type":"ReadAction","target":["https:\/\/bocaparatodoelmundo.com.ar\/?p=2840"]}]},{"@type":"BreadcrumbList","@id":"https:\/\/bocaparatodoelmundo.com.ar\/?p=2840#breadcrumb","itemListElement":[{"@type":"ListItem","position":1,"name":"Inicio","item":"https:\/\/bocaparatodoelmundo.com.ar\/"},{"@type":"ListItem","position":2,"name":"Mart\u00ednez va por el milagro"}]},{"@type":"WebSite","@id":"https:\/\/bocaparatodoelmundo.com.ar\/#website","url":"https:\/\/bocaparatodoelmundo.com.ar\/","name":"BOCA PARA TODO EL MUNDO","description":"Toda la historia y actualidad del club atletico boca junios esta aqui","potentialAction":[{"@type":"SearchAction","target":{"@type":"EntryPoint","urlTemplate":"https:\/\/bocaparatodoelmundo.com.ar\/?s={search_term_string}"},"query-input":"required name=search_term_string"}],"inLanguage":"es-AR"},{"@type":"Person","@id":"https:\/\/bocaparatodoelmundo.com.ar\/#\/schema\/person\/cc56d27ea9d37f4cea3636086a1847c5","name":"Redaccion BPTM","image":{"@type":"ImageObject","inLanguage":"es-AR","@id":"https:\/\/bocaparatodoelmundo.com.ar\/#\/schema\/person\/image\/","url":"https:\/\/secure.gravatar.com\/avatar\/3b62665b8c08843736974a055cc2398ba6bb7fd2fe787285105d666c418a7d13?s=96&d=mm&r=g","contentUrl":"https:\/\/secure.gravatar.com\/avatar\/3b62665b8c08843736974a055cc2398ba6bb7fd2fe787285105d666c418a7d13?s=96&d=mm&r=g","caption":"Redaccion BPTM"},"sameAs":["http:\/\/bocaparatodoelmundo.com.ar"],"url":"https:\/\/bocaparatodoelmundo.com.ar\/?author=3"}]}},"_links":{"self":[{"href":"https:\/\/bocaparatodoelmundo.com.ar\/index.php?rest_route=\/wp\/v2\/posts\/2840","targetHints":{"allow":["GET"]}}],"collection":[{"href":"https:\/\/bocaparatodoelmundo.com.ar\/index.php?rest_route=\/wp\/v2\/posts"}],"about":[{"href":"https:\/\/bocaparatodoelmundo.com.ar\/index.php?rest_route=\/wp\/v2\/types\/post"}],"author":[{"embeddable":true,"href":"https:\/\/bocaparatodoelmundo.com.ar\/index.php?rest_route=\/wp\/v2\/users\/3"}],"replies":[{"embeddable":true,"href":"https:\/\/bocaparatodoelmundo.com.ar\/index.php?rest_route=%2Fwp%2Fv2%2Fcomments&post=2840"}],"version-history":[{"count":2,"href":"https:\/\/bocaparatodoelmundo.com.ar\/index.php?rest_route=\/wp\/v2\/posts\/2840\/revisions"}],"predecessor-version":[{"id":2843,"href":"https:\/\/bocaparatodoelmundo.com.ar\/index.php?rest_route=\/wp\/v2\/posts\/2840\/revisions\/2843"}],"wp:featuredmedia":[{"embeddable":true,"href":"https:\/\/bocaparatodoelmundo.com.ar\/index.php?rest_route=\/wp\/v2\/media\/2841"}],"wp:attachment":[{"href":"https:\/\/bocaparatodoelmundo.com.ar\/index.php?rest_route=%2Fwp%2Fv2%2Fmedia&parent=2840"}],"wp:term":[{"taxonomy":"category","embeddable":true,"href":"https:\/\/bocaparatodoelmundo.com.ar\/index.php?rest_route=%2Fwp%2Fv2%2Fcategories&post=2840"},{"taxonomy":"post_tag","embeddable":true,"href":"https:\/\/bocaparatodoelmundo.com.ar\/index.php?rest_route=%2Fwp%2Fv2%2Ftags&post=2840"}],"curies":[{"name":"wp","href":"https:\/\/api.w.org\/{rel}","templated":true}]}}