{"id":2836,"date":"2024-07-16T12:31:56","date_gmt":"2024-07-16T15:31:56","guid":{"rendered":"https:\/\/bocaparatodoelmundo.com.ar\/?p=2836"},"modified":"2024-07-16T12:31:58","modified_gmt":"2024-07-16T15:31:58","slug":"sin-refuerzos-en-la-sudamericana","status":"publish","type":"post","link":"https:\/\/bocaparatodoelmundo.com.ar\/?p=2836","title":{"rendered":"Sin refuerzos en la Sudamericana"},"content":{"rendered":"\n<p>Gary Medel, Brian Aguirre, Tom\u00e1s Belmonte y Milton Gim\u00e9nez no fueron habilitados por la Conmebol para formar parte de la lista de buena fe de Boca en la Copa Sudamericana. Aqu\u00ed, el comunicado oficial y los motivos de la no inclusi\u00f3n de los refuerzos en el plantel de Diego Mart\u00ednez.<\/p>\n\n\n\n<p><strong><a target=\"_blank\" href=\"https:\/\/www.eldestapeweb.com\/tag\/boca-juniors\" rel=\"noreferrer noopener\">Boca Juniors<\/a>&nbsp;enfrentar\u00e1 a Independiente del Valle este mi\u00e9rcoles 17 de julio en Ecuador por los 16avos de final de la&nbsp;<a target=\"_blank\" href=\"https:\/\/www.eldestapeweb.com\/tag\/copa-sudamericana\" rel=\"noreferrer noopener\">Copa Sudamericana<\/a><\/strong>&nbsp;y&nbsp;<a target=\"_blank\" href=\"https:\/\/www.eldestapeweb.com\/tag\/diego-mart%C3%ADnez\" rel=\"noreferrer noopener\"><strong>Diego Mart\u00ednez<\/strong><\/a>&nbsp;sufri\u00f3 un inesperado rev\u00e9s con los refuerzos que llegaron en este mercado de pases. Mientras&nbsp;<strong>el DT planeaba todo para una formaci\u00f3n<\/strong>&nbsp;con varias de las incorporaciones desde el arranque surgi\u00f3 un inconveniente que afect\u00f3 tanto al&nbsp;<strong>cuerpo t\u00e9cnico como tambi\u00e9n a la dirigencia comandada por Juan Rom\u00e1n Riquelme<\/strong>. Claro que, sin dudas fue un golpe duro para el equipo teniendo en cuenta lo que se viene.<\/p>\n\n\n\n<p>Es que el objetivo principal del semestre est\u00e1 puesto sobre el torneo continental ya que\u00a0<strong>el &#8220;Xeneize&#8221; arrastra una larga sequ\u00eda de t\u00edtulos internacionales<\/strong>. El\u00a0<strong>Consejo de F\u00fatbol\u00a0<\/strong>se asegur\u00f3 de traer futbolistas importantes para dar pelea en todos los frentes, pero\u00a0<strong>un problema los privar\u00e1 de debutar e incluso de jugar en la serie<\/strong>\u00a0contra los ecuatorianos. Por supuesto, esto tambi\u00e9n signific\u00f3 una\u00a0<strong>mala noticia para el entrenador que ya ten\u00eda armado un 11 titular<\/strong>\u00a0en mente para dicho compromiso y no podr\u00e1 utilizar a cuatro jugadores, adem\u00e1s de los afectados por lesi\u00f3n y los que viajaron a\u00a0<strong>Francia para los Juegos Ol\u00edmpicos.<\/strong><\/p>\n\n\n\n<h2 class=\"wp-block-heading\">El mensaje de Boca Juniors sobre los refuerzos<\/h2>\n\n\n\n<p><em>El Club Atl\u00e9tico Boca Juniors quiere por este medio informar a todos los socios, socias y simpatizantes que en el d\u00eda de hoy la Conmebol ha notificado que los jugadores Gary Medel, Tom\u00e1s Belmonte, Brian Aguirre y Milton Gim\u00e9nez no han sido habilitados por una cuesti\u00f3n de diferencia horaria entre los pa\u00edses. Por esta raz\u00f3n, los cuatro jugadores nombrados no formar\u00e1n parte del repechaje contra el Club Independiente del Valle. Como siempre queremos informar a todos con la verdad con el fin de compartir el d\u00eda a d\u00eda de los movimientos de nuestro Club. Un gran saludo para todos.<\/em><\/p>\n\n\n\n<blockquote class=\"twitter-tweet\"><p lang=\"es\" dir=\"ltr\">El Club Atletico Boca Juniors quiere por este medio informar a todos los socios, socias y simpatizantes que en el d\u00eda de hoy la CONMEBOL ha notificado que los jugadores Gary Medel, Tomas Belmonte, Brian Aguirre y Milton Gim\u00e9nez no han sido habilitados por una cuesti\u00f3n de\u2026 <a href=\"https:\/\/t.co\/Dr6p4azjwy\">pic.twitter.com\/Dr6p4azjwy<\/a><\/p>&mdash; Boca Juniors (@BocaJrsOficial) <a href=\"https:\/\/twitter.com\/BocaJrsOficial\/status\/1813026417715638432?ref_src=twsrc%5Etfw\">July 16, 2024<\/a><\/blockquote> <script async src=\"https:\/\/platform.twitter.com\/widgets.js\" charset=\"utf-8\"><\/script>\n","protected":false},"excerpt":{"rendered":"<p>Gary Medel, Brian Aguirre, Tom\u00e1s Belmonte y Milton Gim\u00e9nez no fueron habilitados por la Conmebol&#8230;<\/p>\n","protected":false},"author":3,"featured_media":2837,"comment_status":"open","ping_status":"open","sticky":false,"template":"","format":"standard","meta":{"footnotes":""},"categories":[4],"tags":[],"class_list":["post-2836","post","type-post","status-publish","format-standard","has-post-thumbnail","hentry","category-primera-division-masculina"],"yoast_head":"<!-- This site is optimized with the Yoast SEO plugin v21.4 - https:\/\/yoast.com\/wordpress\/plugins\/seo\/ -->\n<title>Sin refuerzos en la Sudamericana - BOCA PARA TODO EL MUNDO<\/title>\n<meta name=\"robots\" content=\"index, follow, max-snippet:-1, max-image-preview:large, max-video-preview:-1\" \/>\n<link rel=\"canonical\" href=\"https:\/\/bocaparatodoelmundo.com.ar\/?p=2836\" \/>\n<meta property=\"og:locale\" content=\"es_ES\" \/>\n<meta property=\"og:type\" content=\"article\" \/>\n<meta property=\"og:title\" content=\"Sin refuerzos en la Sudamericana - BOCA PARA TODO EL MUNDO\" \/>\n<meta property=\"og:description\" content=\"Gary Medel, Brian Aguirre, Tom\u00e1s Belmonte y Milton Gim\u00e9nez no fueron habilitados por la Conmebol...\" \/>\n<meta property=\"og:url\" content=\"https:\/\/bocaparatodoelmundo.com.ar\/?p=2836\" \/>\n<meta property=\"og:site_name\" content=\"BOCA PARA TODO EL MUNDO\" \/>\n<meta property=\"article:published_time\" content=\"2024-07-16T15:31:56+00:00\" \/>\n<meta property=\"article:modified_time\" content=\"2024-07-16T15:31:58+00:00\" \/>\n<meta property=\"og:image\" content=\"https:\/\/bocaparatodoelmundo.com.ar\/wp-content\/uploads\/2024\/07\/diegomartinez-boca-2jpg-jpg.webp\" \/>\n\t<meta property=\"og:image:width\" content=\"770\" \/>\n\t<meta property=\"og:image:height\" content=\"440\" \/>\n\t<meta property=\"og:image:type\" content=\"image\/webp\" \/>\n<meta name=\"author\" content=\"Redaccion BPTM\" \/>\n<meta name=\"twitter:card\" content=\"summary_large_image\" \/>\n<meta name=\"twitter:label1\" content=\"Escrito por\" \/>\n\t<meta name=\"twitter:data1\" content=\"Redaccion BPTM\" \/>\n\t<meta name=\"twitter:label2\" content=\"Tiempo de lectura\" \/>\n\t<meta name=\"twitter:data2\" content=\"2 minutos\" \/>\n<script type=\"application\/ld+json\" class=\"yoast-schema-graph\">{\"@context\":\"https:\/\/schema.org\",\"@graph\":[{\"@type\":\"WebPage\",\"@id\":\"https:\/\/bocaparatodoelmundo.com.ar\/?p=2836\",\"url\":\"https:\/\/bocaparatodoelmundo.com.ar\/?p=2836\",\"name\":\"Sin refuerzos en la Sudamericana - BOCA PARA TODO EL MUNDO\",\"isPartOf\":{\"@id\":\"https:\/\/bocaparatodoelmundo.com.ar\/#website\"},\"datePublished\":\"2024-07-16T15:31:56+00:00\",\"dateModified\":\"2024-07-16T15:31:58+00:00\",\"author\":{\"@id\":\"https:\/\/bocaparatodoelmundo.com.ar\/#\/schema\/person\/cc56d27ea9d37f4cea3636086a1847c5\"},\"breadcrumb\":{\"@id\":\"https:\/\/bocaparatodoelmundo.com.ar\/?p=2836#breadcrumb\"},\"inLanguage\":\"es-AR\",\"potentialAction\":[{\"@type\":\"ReadAction\",\"target\":[\"https:\/\/bocaparatodoelmundo.com.ar\/?p=2836\"]}]},{\"@type\":\"BreadcrumbList\",\"@id\":\"https:\/\/bocaparatodoelmundo.com.ar\/?p=2836#breadcrumb\",\"itemListElement\":[{\"@type\":\"ListItem\",\"position\":1,\"name\":\"Inicio\",\"item\":\"https:\/\/bocaparatodoelmundo.com.ar\/\"},{\"@type\":\"ListItem\",\"position\":2,\"name\":\"Sin refuerzos en la Sudamericana\"}]},{\"@type\":\"WebSite\",\"@id\":\"https:\/\/bocaparatodoelmundo.com.ar\/#website\",\"url\":\"https:\/\/bocaparatodoelmundo.com.ar\/\",\"name\":\"BOCA PARA TODO EL MUNDO\",\"description\":\"Toda la historia y actualidad del club atletico boca junios esta aqui\",\"potentialAction\":[{\"@type\":\"SearchAction\",\"target\":{\"@type\":\"EntryPoint\",\"urlTemplate\":\"https:\/\/bocaparatodoelmundo.com.ar\/?s={search_term_string}\"},\"query-input\":\"required name=search_term_string\"}],\"inLanguage\":\"es-AR\"},{\"@type\":\"Person\",\"@id\":\"https:\/\/bocaparatodoelmundo.com.ar\/#\/schema\/person\/cc56d27ea9d37f4cea3636086a1847c5\",\"name\":\"Redaccion BPTM\",\"image\":{\"@type\":\"ImageObject\",\"inLanguage\":\"es-AR\",\"@id\":\"https:\/\/bocaparatodoelmundo.com.ar\/#\/schema\/person\/image\/\",\"url\":\"https:\/\/secure.gravatar.com\/avatar\/3b62665b8c08843736974a055cc2398ba6bb7fd2fe787285105d666c418a7d13?s=96&d=mm&r=g\",\"contentUrl\":\"https:\/\/secure.gravatar.com\/avatar\/3b62665b8c08843736974a055cc2398ba6bb7fd2fe787285105d666c418a7d13?s=96&d=mm&r=g\",\"caption\":\"Redaccion BPTM\"},\"sameAs\":[\"http:\/\/bocaparatodoelmundo.com.ar\"],\"url\":\"https:\/\/bocaparatodoelmundo.com.ar\/?author=3\"}]}<\/script>\n<!-- \/ Yoast SEO plugin. -->","yoast_head_json":{"title":"Sin refuerzos en la Sudamericana - BOCA PARA TODO EL MUNDO","robots":{"index":"index","follow":"follow","max-snippet":"max-snippet:-1","max-image-preview":"max-image-preview:large","max-video-preview":"max-video-preview:-1"},"canonical":"https:\/\/bocaparatodoelmundo.com.ar\/?p=2836","og_locale":"es_ES","og_type":"article","og_title":"Sin refuerzos en la Sudamericana - BOCA PARA TODO EL MUNDO","og_description":"Gary Medel, Brian Aguirre, Tom\u00e1s Belmonte y Milton Gim\u00e9nez no fueron habilitados por la Conmebol...","og_url":"https:\/\/bocaparatodoelmundo.com.ar\/?p=2836","og_site_name":"BOCA PARA TODO EL MUNDO","article_published_time":"2024-07-16T15:31:56+00:00","article_modified_time":"2024-07-16T15:31:58+00:00","og_image":[{"width":770,"height":440,"url":"https:\/\/bocaparatodoelmundo.com.ar\/wp-content\/uploads\/2024\/07\/diegomartinez-boca-2jpg-jpg.webp","type":"image\/webp"}],"author":"Redaccion BPTM","twitter_card":"summary_large_image","twitter_misc":{"Escrito por":"Redaccion BPTM","Tiempo de lectura":"2 minutos"},"schema":{"@context":"https:\/\/schema.org","@graph":[{"@type":"WebPage","@id":"https:\/\/bocaparatodoelmundo.com.ar\/?p=2836","url":"https:\/\/bocaparatodoelmundo.com.ar\/?p=2836","name":"Sin refuerzos en la Sudamericana - BOCA PARA TODO EL MUNDO","isPartOf":{"@id":"https:\/\/bocaparatodoelmundo.com.ar\/#website"},"datePublished":"2024-07-16T15:31:56+00:00","dateModified":"2024-07-16T15:31:58+00:00","author":{"@id":"https:\/\/bocaparatodoelmundo.com.ar\/#\/schema\/person\/cc56d27ea9d37f4cea3636086a1847c5"},"breadcrumb":{"@id":"https:\/\/bocaparatodoelmundo.com.ar\/?p=2836#breadcrumb"},"inLanguage":"es-AR","potentialAction":[{"@type":"ReadAction","target":["https:\/\/bocaparatodoelmundo.com.ar\/?p=2836"]}]},{"@type":"BreadcrumbList","@id":"https:\/\/bocaparatodoelmundo.com.ar\/?p=2836#breadcrumb","itemListElement":[{"@type":"ListItem","position":1,"name":"Inicio","item":"https:\/\/bocaparatodoelmundo.com.ar\/"},{"@type":"ListItem","position":2,"name":"Sin refuerzos en la Sudamericana"}]},{"@type":"WebSite","@id":"https:\/\/bocaparatodoelmundo.com.ar\/#website","url":"https:\/\/bocaparatodoelmundo.com.ar\/","name":"BOCA PARA TODO EL MUNDO","description":"Toda la historia y actualidad del club atletico boca junios esta aqui","potentialAction":[{"@type":"SearchAction","target":{"@type":"EntryPoint","urlTemplate":"https:\/\/bocaparatodoelmundo.com.ar\/?s={search_term_string}"},"query-input":"required name=search_term_string"}],"inLanguage":"es-AR"},{"@type":"Person","@id":"https:\/\/bocaparatodoelmundo.com.ar\/#\/schema\/person\/cc56d27ea9d37f4cea3636086a1847c5","name":"Redaccion BPTM","image":{"@type":"ImageObject","inLanguage":"es-AR","@id":"https:\/\/bocaparatodoelmundo.com.ar\/#\/schema\/person\/image\/","url":"https:\/\/secure.gravatar.com\/avatar\/3b62665b8c08843736974a055cc2398ba6bb7fd2fe787285105d666c418a7d13?s=96&d=mm&r=g","contentUrl":"https:\/\/secure.gravatar.com\/avatar\/3b62665b8c08843736974a055cc2398ba6bb7fd2fe787285105d666c418a7d13?s=96&d=mm&r=g","caption":"Redaccion BPTM"},"sameAs":["http:\/\/bocaparatodoelmundo.com.ar"],"url":"https:\/\/bocaparatodoelmundo.com.ar\/?author=3"}]}},"_links":{"self":[{"href":"https:\/\/bocaparatodoelmundo.com.ar\/index.php?rest_route=\/wp\/v2\/posts\/2836","targetHints":{"allow":["GET"]}}],"collection":[{"href":"https:\/\/bocaparatodoelmundo.com.ar\/index.php?rest_route=\/wp\/v2\/posts"}],"about":[{"href":"https:\/\/bocaparatodoelmundo.com.ar\/index.php?rest_route=\/wp\/v2\/types\/post"}],"author":[{"embeddable":true,"href":"https:\/\/bocaparatodoelmundo.com.ar\/index.php?rest_route=\/wp\/v2\/users\/3"}],"replies":[{"embeddable":true,"href":"https:\/\/bocaparatodoelmundo.com.ar\/index.php?rest_route=%2Fwp%2Fv2%2Fcomments&post=2836"}],"version-history":[{"count":1,"href":"https:\/\/bocaparatodoelmundo.com.ar\/index.php?rest_route=\/wp\/v2\/posts\/2836\/revisions"}],"predecessor-version":[{"id":2838,"href":"https:\/\/bocaparatodoelmundo.com.ar\/index.php?rest_route=\/wp\/v2\/posts\/2836\/revisions\/2838"}],"wp:featuredmedia":[{"embeddable":true,"href":"https:\/\/bocaparatodoelmundo.com.ar\/index.php?rest_route=\/wp\/v2\/media\/2837"}],"wp:attachment":[{"href":"https:\/\/bocaparatodoelmundo.com.ar\/index.php?rest_route=%2Fwp%2Fv2%2Fmedia&parent=2836"}],"wp:term":[{"taxonomy":"category","embeddable":true,"href":"https:\/\/bocaparatodoelmundo.com.ar\/index.php?rest_route=%2Fwp%2Fv2%2Fcategories&post=2836"},{"taxonomy":"post_tag","embeddable":true,"href":"https:\/\/bocaparatodoelmundo.com.ar\/index.php?rest_route=%2Fwp%2Fv2%2Ftags&post=2836"}],"curies":[{"name":"wp","href":"https:\/\/api.w.org\/{rel}","templated":true}]}}