{"id":276,"date":"2022-08-25T12:19:44","date_gmt":"2022-08-25T15:19:44","guid":{"rendered":"https:\/\/www.bocaparatodoelmundo.com.ar\/?p=276"},"modified":"2022-08-26T10:18:04","modified_gmt":"2022-08-26T13:18:04","slug":"vazquez-sera-el-9-ante-el-puntero-atl-tucuman","status":"publish","type":"post","link":"https:\/\/bocaparatodoelmundo.com.ar\/?p=276","title":{"rendered":"V\u00e1zquez ser\u00e1 el 9 ante el puntero Atl. Tucuman"},"content":{"rendered":"\n<p><strong>Hugo Ibarra<\/strong>&nbsp;defini\u00f3 que&nbsp;<strong>Luis V\u00e1zquez<\/strong>, autor del gol del triunfo contra Defensa y Justicia, se mantenga como titular, pese a que est\u00e1 para volver&nbsp;<strong>Dar\u00edo Benedetto.<\/strong><\/p>\n\n\n\n<p>El Pipa cumpli\u00f3 con las dos fechas de suspensi\u00f3n interna que le impuso el club por su pelea por Carlos Zambrano en el partido con Racing y la decisi\u00f3n del Negro Ibarra puede interpretarse de dos maneras: como una&nbsp;<strong>cuesti\u00f3n meramente futbol\u00edstica o como una extensi\u00f3n del castigo a Benedetto<\/strong>, quien deber\u00e1 ahora ganarse su lugar pero desde el banco de suplentes.<\/p>\n\n\n\n<p>Es un hecho que<strong>\u00a0Zambrano<\/strong>\u00a0volver\u00e1 a estar en la zaga y el que perder\u00e1 su lugar ser\u00eda\u00a0<strong>Facundo Roncaglia<\/strong>.<\/p>\n\n\n\n<p><strong>Marcos Rojo<\/strong>, por su parte, hoy entren\u00f3 por primera vez a la par de sus compa\u00f1eros tras superar un desgarro, pero lo hizo para el equipo de los suplentes.<\/p>\n\n\n\n<p>En tanto, en el lateral izquierdo volver\u00e1&nbsp;<strong>Frank Fabra<\/strong>, que cumpli\u00f3 con una fecha de suspensi\u00f3n por acumulaci\u00f3n de tarjetas amarillas, en lugar de<strong>&nbsp;Agust\u00edn Sandez<\/strong>.<\/p>\n\n\n\n<p>Adem\u00e1s, en la mitad de la cancha el paraguayo\u00a0<strong>\u00d3scar Romero<\/strong>\u00a0estar\u00eda por\u00a0<strong>Cristian Medina<\/strong>, quien tiene una molestia en el tal\u00f3n que podr\u00eda sacarlo del juego.<\/p>\n\n\n\n<p>En consecuencia, la formacion de Boca para recibir a Atletico Tucuman sera: Agust\u00edn <strong>Rossi<\/strong>; Luis <strong>Adv\u00edncula<\/strong>, Nicol\u00e1s <strong>Figal<\/strong>, Carlos <strong>Zambrano<\/strong>, Frank <strong>Fabra<\/strong>; Alan <strong>Varela<\/strong>, Guillermo<strong> Fern\u00e1ndez<\/strong>, Juan <strong>Ram\u00edrez<\/strong>; \u00d3scar <strong>Romero<\/strong>; Sebasti\u00e1n <strong>Villa<\/strong> y Luis <strong>V\u00e1zquez<\/strong>.<\/p>\n","protected":false},"excerpt":{"rendered":"<p>Hugo Ibarra&nbsp;defini\u00f3 que&nbsp;Luis V\u00e1zquez, autor del gol del triunfo contra Defensa y Justicia, se mantenga&#8230;<\/p>\n","protected":false},"author":3,"featured_media":277,"comment_status":"open","ping_status":"open","sticky":false,"template":"","format":"standard","meta":{"footnotes":""},"categories":[4],"tags":[],"class_list":["post-276","post","type-post","status-publish","format-standard","has-post-thumbnail","hentry","category-primera-division-masculina"],"yoast_head":"<!-- This site is optimized with the Yoast SEO plugin v21.4 - https:\/\/yoast.com\/wordpress\/plugins\/seo\/ -->\n<title>V\u00e1zquez ser\u00e1 el 9 ante el puntero Atl. Tucuman - BOCA PARA TODO EL MUNDO<\/title>\n<meta name=\"robots\" content=\"index, follow, max-snippet:-1, max-image-preview:large, max-video-preview:-1\" \/>\n<link rel=\"canonical\" href=\"https:\/\/bocaparatodoelmundo.com.ar\/?p=276\" \/>\n<meta property=\"og:locale\" content=\"es_ES\" \/>\n<meta property=\"og:type\" content=\"article\" \/>\n<meta property=\"og:title\" content=\"V\u00e1zquez ser\u00e1 el 9 ante el puntero Atl. Tucuman - BOCA PARA TODO EL MUNDO\" \/>\n<meta property=\"og:description\" content=\"Hugo Ibarra&nbsp;defini\u00f3 que&nbsp;Luis V\u00e1zquez, autor del gol del triunfo contra Defensa y Justicia, se mantenga...\" \/>\n<meta property=\"og:url\" content=\"https:\/\/bocaparatodoelmundo.com.ar\/?p=276\" \/>\n<meta property=\"og:site_name\" content=\"BOCA PARA TODO EL MUNDO\" \/>\n<meta property=\"article:published_time\" content=\"2022-08-25T15:19:44+00:00\" \/>\n<meta property=\"article:modified_time\" content=\"2022-08-26T13:18:04+00:00\" \/>\n<meta property=\"og:image\" content=\"https:\/\/bocaparatodoelmundo.com.ar\/wp-content\/uploads\/2022\/08\/IQ2YxIBrL_1300x655__1-1.webp\" \/>\n\t<meta property=\"og:image:width\" content=\"1300\" \/>\n\t<meta property=\"og:image:height\" content=\"655\" \/>\n\t<meta property=\"og:image:type\" content=\"image\/webp\" \/>\n<meta name=\"author\" content=\"Redaccion BPTM\" \/>\n<meta name=\"twitter:card\" content=\"summary_large_image\" \/>\n<meta name=\"twitter:label1\" content=\"Escrito por\" \/>\n\t<meta name=\"twitter:data1\" content=\"Redaccion BPTM\" \/>\n\t<meta name=\"twitter:label2\" content=\"Tiempo de lectura\" \/>\n\t<meta name=\"twitter:data2\" content=\"2 minutos\" \/>\n<script type=\"application\/ld+json\" class=\"yoast-schema-graph\">{\"@context\":\"https:\/\/schema.org\",\"@graph\":[{\"@type\":\"WebPage\",\"@id\":\"https:\/\/bocaparatodoelmundo.com.ar\/?p=276\",\"url\":\"https:\/\/bocaparatodoelmundo.com.ar\/?p=276\",\"name\":\"V\u00e1zquez ser\u00e1 el 9 ante el puntero Atl. Tucuman - BOCA PARA TODO EL MUNDO\",\"isPartOf\":{\"@id\":\"https:\/\/bocaparatodoelmundo.com.ar\/#website\"},\"datePublished\":\"2022-08-25T15:19:44+00:00\",\"dateModified\":\"2022-08-26T13:18:04+00:00\",\"author\":{\"@id\":\"https:\/\/bocaparatodoelmundo.com.ar\/#\/schema\/person\/cc56d27ea9d37f4cea3636086a1847c5\"},\"breadcrumb\":{\"@id\":\"https:\/\/bocaparatodoelmundo.com.ar\/?p=276#breadcrumb\"},\"inLanguage\":\"es-AR\",\"potentialAction\":[{\"@type\":\"ReadAction\",\"target\":[\"https:\/\/bocaparatodoelmundo.com.ar\/?p=276\"]}]},{\"@type\":\"BreadcrumbList\",\"@id\":\"https:\/\/bocaparatodoelmundo.com.ar\/?p=276#breadcrumb\",\"itemListElement\":[{\"@type\":\"ListItem\",\"position\":1,\"name\":\"Inicio\",\"item\":\"https:\/\/bocaparatodoelmundo.com.ar\/\"},{\"@type\":\"ListItem\",\"position\":2,\"name\":\"V\u00e1zquez ser\u00e1 el 9 ante el puntero Atl. Tucuman\"}]},{\"@type\":\"WebSite\",\"@id\":\"https:\/\/bocaparatodoelmundo.com.ar\/#website\",\"url\":\"https:\/\/bocaparatodoelmundo.com.ar\/\",\"name\":\"BOCA PARA TODO EL MUNDO\",\"description\":\"Toda la historia y actualidad del club atletico boca junios esta aqui\",\"potentialAction\":[{\"@type\":\"SearchAction\",\"target\":{\"@type\":\"EntryPoint\",\"urlTemplate\":\"https:\/\/bocaparatodoelmundo.com.ar\/?s={search_term_string}\"},\"query-input\":\"required name=search_term_string\"}],\"inLanguage\":\"es-AR\"},{\"@type\":\"Person\",\"@id\":\"https:\/\/bocaparatodoelmundo.com.ar\/#\/schema\/person\/cc56d27ea9d37f4cea3636086a1847c5\",\"name\":\"Redaccion BPTM\",\"image\":{\"@type\":\"ImageObject\",\"inLanguage\":\"es-AR\",\"@id\":\"https:\/\/bocaparatodoelmundo.com.ar\/#\/schema\/person\/image\/\",\"url\":\"https:\/\/secure.gravatar.com\/avatar\/3b62665b8c08843736974a055cc2398ba6bb7fd2fe787285105d666c418a7d13?s=96&d=mm&r=g\",\"contentUrl\":\"https:\/\/secure.gravatar.com\/avatar\/3b62665b8c08843736974a055cc2398ba6bb7fd2fe787285105d666c418a7d13?s=96&d=mm&r=g\",\"caption\":\"Redaccion BPTM\"},\"sameAs\":[\"http:\/\/bocaparatodoelmundo.com.ar\"],\"url\":\"https:\/\/bocaparatodoelmundo.com.ar\/?author=3\"}]}<\/script>\n<!-- \/ Yoast SEO plugin. -->","yoast_head_json":{"title":"V\u00e1zquez ser\u00e1 el 9 ante el puntero Atl. Tucuman - BOCA PARA TODO EL MUNDO","robots":{"index":"index","follow":"follow","max-snippet":"max-snippet:-1","max-image-preview":"max-image-preview:large","max-video-preview":"max-video-preview:-1"},"canonical":"https:\/\/bocaparatodoelmundo.com.ar\/?p=276","og_locale":"es_ES","og_type":"article","og_title":"V\u00e1zquez ser\u00e1 el 9 ante el puntero Atl. Tucuman - BOCA PARA TODO EL MUNDO","og_description":"Hugo Ibarra&nbsp;defini\u00f3 que&nbsp;Luis V\u00e1zquez, autor del gol del triunfo contra Defensa y Justicia, se mantenga...","og_url":"https:\/\/bocaparatodoelmundo.com.ar\/?p=276","og_site_name":"BOCA PARA TODO EL MUNDO","article_published_time":"2022-08-25T15:19:44+00:00","article_modified_time":"2022-08-26T13:18:04+00:00","og_image":[{"width":1300,"height":655,"url":"https:\/\/bocaparatodoelmundo.com.ar\/wp-content\/uploads\/2022\/08\/IQ2YxIBrL_1300x655__1-1.webp","type":"image\/webp"}],"author":"Redaccion BPTM","twitter_card":"summary_large_image","twitter_misc":{"Escrito por":"Redaccion BPTM","Tiempo de lectura":"2 minutos"},"schema":{"@context":"https:\/\/schema.org","@graph":[{"@type":"WebPage","@id":"https:\/\/bocaparatodoelmundo.com.ar\/?p=276","url":"https:\/\/bocaparatodoelmundo.com.ar\/?p=276","name":"V\u00e1zquez ser\u00e1 el 9 ante el puntero Atl. Tucuman - BOCA PARA TODO EL MUNDO","isPartOf":{"@id":"https:\/\/bocaparatodoelmundo.com.ar\/#website"},"datePublished":"2022-08-25T15:19:44+00:00","dateModified":"2022-08-26T13:18:04+00:00","author":{"@id":"https:\/\/bocaparatodoelmundo.com.ar\/#\/schema\/person\/cc56d27ea9d37f4cea3636086a1847c5"},"breadcrumb":{"@id":"https:\/\/bocaparatodoelmundo.com.ar\/?p=276#breadcrumb"},"inLanguage":"es-AR","potentialAction":[{"@type":"ReadAction","target":["https:\/\/bocaparatodoelmundo.com.ar\/?p=276"]}]},{"@type":"BreadcrumbList","@id":"https:\/\/bocaparatodoelmundo.com.ar\/?p=276#breadcrumb","itemListElement":[{"@type":"ListItem","position":1,"name":"Inicio","item":"https:\/\/bocaparatodoelmundo.com.ar\/"},{"@type":"ListItem","position":2,"name":"V\u00e1zquez ser\u00e1 el 9 ante el puntero Atl. Tucuman"}]},{"@type":"WebSite","@id":"https:\/\/bocaparatodoelmundo.com.ar\/#website","url":"https:\/\/bocaparatodoelmundo.com.ar\/","name":"BOCA PARA TODO EL MUNDO","description":"Toda la historia y actualidad del club atletico boca junios esta aqui","potentialAction":[{"@type":"SearchAction","target":{"@type":"EntryPoint","urlTemplate":"https:\/\/bocaparatodoelmundo.com.ar\/?s={search_term_string}"},"query-input":"required name=search_term_string"}],"inLanguage":"es-AR"},{"@type":"Person","@id":"https:\/\/bocaparatodoelmundo.com.ar\/#\/schema\/person\/cc56d27ea9d37f4cea3636086a1847c5","name":"Redaccion BPTM","image":{"@type":"ImageObject","inLanguage":"es-AR","@id":"https:\/\/bocaparatodoelmundo.com.ar\/#\/schema\/person\/image\/","url":"https:\/\/secure.gravatar.com\/avatar\/3b62665b8c08843736974a055cc2398ba6bb7fd2fe787285105d666c418a7d13?s=96&d=mm&r=g","contentUrl":"https:\/\/secure.gravatar.com\/avatar\/3b62665b8c08843736974a055cc2398ba6bb7fd2fe787285105d666c418a7d13?s=96&d=mm&r=g","caption":"Redaccion BPTM"},"sameAs":["http:\/\/bocaparatodoelmundo.com.ar"],"url":"https:\/\/bocaparatodoelmundo.com.ar\/?author=3"}]}},"_links":{"self":[{"href":"https:\/\/bocaparatodoelmundo.com.ar\/index.php?rest_route=\/wp\/v2\/posts\/276","targetHints":{"allow":["GET"]}}],"collection":[{"href":"https:\/\/bocaparatodoelmundo.com.ar\/index.php?rest_route=\/wp\/v2\/posts"}],"about":[{"href":"https:\/\/bocaparatodoelmundo.com.ar\/index.php?rest_route=\/wp\/v2\/types\/post"}],"author":[{"embeddable":true,"href":"https:\/\/bocaparatodoelmundo.com.ar\/index.php?rest_route=\/wp\/v2\/users\/3"}],"replies":[{"embeddable":true,"href":"https:\/\/bocaparatodoelmundo.com.ar\/index.php?rest_route=%2Fwp%2Fv2%2Fcomments&post=276"}],"version-history":[{"count":1,"href":"https:\/\/bocaparatodoelmundo.com.ar\/index.php?rest_route=\/wp\/v2\/posts\/276\/revisions"}],"predecessor-version":[{"id":278,"href":"https:\/\/bocaparatodoelmundo.com.ar\/index.php?rest_route=\/wp\/v2\/posts\/276\/revisions\/278"}],"wp:featuredmedia":[{"embeddable":true,"href":"https:\/\/bocaparatodoelmundo.com.ar\/index.php?rest_route=\/wp\/v2\/media\/277"}],"wp:attachment":[{"href":"https:\/\/bocaparatodoelmundo.com.ar\/index.php?rest_route=%2Fwp%2Fv2%2Fmedia&parent=276"}],"wp:term":[{"taxonomy":"category","embeddable":true,"href":"https:\/\/bocaparatodoelmundo.com.ar\/index.php?rest_route=%2Fwp%2Fv2%2Fcategories&post=276"},{"taxonomy":"post_tag","embeddable":true,"href":"https:\/\/bocaparatodoelmundo.com.ar\/index.php?rest_route=%2Fwp%2Fv2%2Ftags&post=276"}],"curies":[{"name":"wp","href":"https:\/\/api.w.org\/{rel}","templated":true}]}}