{"id":2635,"date":"2024-03-02T21:23:00","date_gmt":"2024-03-03T00:23:00","guid":{"rendered":"https:\/\/bocaparatodoelmundo.com.ar\/?p=2635"},"modified":"2024-03-07T09:39:48","modified_gmt":"2024-03-07T12:39:48","slug":"2635","status":"publish","type":"post","link":"https:\/\/bocaparatodoelmundo.com.ar\/?p=2635","title":{"rendered":"Con el pie derecho"},"content":{"rendered":"\n<h4 class=\"wp-block-heading\"><strong>Boca Juniors<\/strong>, defensor del t\u00edtulo,&nbsp;debut\u00f3 este s\u00e1bado en la&nbsp;<strong>Copa Libertadores<\/strong>&nbsp;<strong>Sub-20<\/strong>&nbsp;con una goleada por 4-0 al Always Ready boliviano y un destacado desempe\u00f1o del defensor goleador Lautaro Di Lollo. <\/h4>\n\n\n\n<p>Un triplete de Di Lollo pr\u00e1cticamente sentenci\u00f3 el primer partido del Grupo A en el primer tiempo. La exhibici\u00f3n de poder\u00edo la redonde\u00f3 con su gol Mateo Mendia. El campe\u00f3n de la Copa&nbsp;<a href=\"https:\/\/onefootball.com\/es\/competicion\/conmebol-libertadores-76\/partidos\">Libertadores<\/a>&nbsp;sub-20 y de la Copa Intercontinental de la categor\u00eda present\u00f3 as\u00ed sus credenciales al t\u00edtulo. <\/p>\n\n\n<div class=\"wp-block-image\">\n<figure class=\"aligncenter size-full\"><img loading=\"lazy\" decoding=\"async\" width=\"780\" height=\"470\" src=\"https:\/\/bocaparatodoelmundo.com.ar\/wp-content\/uploads\/2024\/03\/GHsh_zHWUAAp88O-780x470-1.jpeg\" alt=\"\" class=\"wp-image-2638\" srcset=\"https:\/\/bocaparatodoelmundo.com.ar\/wp-content\/uploads\/2024\/03\/GHsh_zHWUAAp88O-780x470-1.jpeg 780w, https:\/\/bocaparatodoelmundo.com.ar\/wp-content\/uploads\/2024\/03\/GHsh_zHWUAAp88O-780x470-1-300x181.jpeg 300w, https:\/\/bocaparatodoelmundo.com.ar\/wp-content\/uploads\/2024\/03\/GHsh_zHWUAAp88O-780x470-1-768x463.jpeg 768w\" sizes=\"auto, (max-width: 780px) 100vw, 780px\" \/><\/figure>\n<\/div>\n\n\n<p>En el otro encuentro correspondiente al Grupo A del torneo que se disputa en Uruguay, los venezolanos de Academia Puerto Cabello derrotaron por 2-1 a Colo Colo. Marlon D\u00edaz a los 22 segundos de juego y Jes\u00fas Castillo con un certero golpe de cabeza sellaron la victoria del conjunto venezolano. Cristian Alarc\u00f3n aprovech\u00f3 una serie de rebotes dentro del \u00e1rea para marcar el \u00fanico tanto del equipo chileno.&nbsp;<\/p>\n\n\n\n<p><a href=\"https:\/\/onefootball.com\/es\/equipo\/boca-juniors-1696\">Boca Juniors<\/a>\u00a0y Academia Puerto Cabello lideran el Grupo A con tres unidades cada uno, mientras que Always Ready y Colo Colo no tienen puntos en la clasificaci\u00f3n. Este domingo, en el comienzo de la acci\u00f3n en el Grupo B que tambi\u00e9n se jugar\u00e1n en el estadio Alberto Supicci del departamento (provincia) de Colonia, Olimpia chocar\u00e1 cn los colombianos de \u00c1guilas Doradas, y Rosario Central con Montevideo City Torque.<\/p>\n\n\n\n<p>Fuente: https:\/\/www.bocajuniors.com.ar\/el-club\/Tercera-seguida-Boca-Liga<\/p>\n","protected":false},"excerpt":{"rendered":"<p>Boca Juniors, defensor del t\u00edtulo,&nbsp;debut\u00f3 este s\u00e1bado en la&nbsp;Copa Libertadores&nbsp;Sub-20&nbsp;con una goleada por 4-0 al&#8230;<\/p>\n","protected":false},"author":2,"featured_media":2636,"comment_status":"open","ping_status":"open","sticky":false,"template":"","format":"standard","meta":{"footnotes":""},"categories":[55],"tags":[],"class_list":["post-2635","post","type-post","status-publish","format-standard","has-post-thumbnail","hentry","category-copa-libertadores-sub-20"],"yoast_head":"<!-- This site is optimized with the Yoast SEO plugin v21.4 - https:\/\/yoast.com\/wordpress\/plugins\/seo\/ -->\n<title>Con el pie derecho - BOCA PARA TODO EL MUNDO<\/title>\n<meta name=\"robots\" content=\"index, follow, max-snippet:-1, max-image-preview:large, max-video-preview:-1\" \/>\n<link rel=\"canonical\" href=\"https:\/\/bocaparatodoelmundo.com.ar\/?p=2635\" \/>\n<meta property=\"og:locale\" content=\"es_ES\" \/>\n<meta property=\"og:type\" content=\"article\" \/>\n<meta property=\"og:title\" content=\"Con el pie derecho - BOCA PARA TODO EL MUNDO\" \/>\n<meta property=\"og:description\" content=\"Boca Juniors, defensor del t\u00edtulo,&nbsp;debut\u00f3 este s\u00e1bado en la&nbsp;Copa Libertadores&nbsp;Sub-20&nbsp;con una goleada por 4-0 al...\" \/>\n<meta property=\"og:url\" content=\"https:\/\/bocaparatodoelmundo.com.ar\/?p=2635\" \/>\n<meta property=\"og:site_name\" content=\"BOCA PARA TODO EL MUNDO\" \/>\n<meta property=\"article:published_time\" content=\"2024-03-03T00:23:00+00:00\" \/>\n<meta property=\"article:modified_time\" content=\"2024-03-07T12:39:48+00:00\" \/>\n<meta property=\"og:image\" content=\"https:\/\/bocaparatodoelmundo.com.ar\/wp-content\/uploads\/2024\/03\/hq720.jpg\" \/>\n\t<meta property=\"og:image:width\" content=\"686\" \/>\n\t<meta property=\"og:image:height\" content=\"386\" \/>\n\t<meta property=\"og:image:type\" content=\"image\/jpeg\" \/>\n<meta name=\"author\" content=\"Mart\u00edn Ripari\" \/>\n<meta name=\"twitter:card\" content=\"summary_large_image\" \/>\n<meta name=\"twitter:label1\" content=\"Escrito por\" \/>\n\t<meta name=\"twitter:data1\" content=\"Mart\u00edn Ripari\" \/>\n\t<meta name=\"twitter:label2\" content=\"Tiempo de lectura\" \/>\n\t<meta name=\"twitter:data2\" content=\"2 minutos\" \/>\n<script type=\"application\/ld+json\" class=\"yoast-schema-graph\">{\"@context\":\"https:\/\/schema.org\",\"@graph\":[{\"@type\":\"WebPage\",\"@id\":\"https:\/\/bocaparatodoelmundo.com.ar\/?p=2635\",\"url\":\"https:\/\/bocaparatodoelmundo.com.ar\/?p=2635\",\"name\":\"Con el pie derecho - BOCA PARA TODO EL MUNDO\",\"isPartOf\":{\"@id\":\"https:\/\/bocaparatodoelmundo.com.ar\/#website\"},\"datePublished\":\"2024-03-03T00:23:00+00:00\",\"dateModified\":\"2024-03-07T12:39:48+00:00\",\"author\":{\"@id\":\"https:\/\/bocaparatodoelmundo.com.ar\/#\/schema\/person\/c7c150fa1e2772333c5e6c002e15afaf\"},\"breadcrumb\":{\"@id\":\"https:\/\/bocaparatodoelmundo.com.ar\/?p=2635#breadcrumb\"},\"inLanguage\":\"es-AR\",\"potentialAction\":[{\"@type\":\"ReadAction\",\"target\":[\"https:\/\/bocaparatodoelmundo.com.ar\/?p=2635\"]}]},{\"@type\":\"BreadcrumbList\",\"@id\":\"https:\/\/bocaparatodoelmundo.com.ar\/?p=2635#breadcrumb\",\"itemListElement\":[{\"@type\":\"ListItem\",\"position\":1,\"name\":\"Inicio\",\"item\":\"https:\/\/bocaparatodoelmundo.com.ar\/\"},{\"@type\":\"ListItem\",\"position\":2,\"name\":\"Con el pie derecho\"}]},{\"@type\":\"WebSite\",\"@id\":\"https:\/\/bocaparatodoelmundo.com.ar\/#website\",\"url\":\"https:\/\/bocaparatodoelmundo.com.ar\/\",\"name\":\"BOCA PARA TODO EL MUNDO\",\"description\":\"Toda la historia y actualidad del club atletico boca junios esta aqui\",\"potentialAction\":[{\"@type\":\"SearchAction\",\"target\":{\"@type\":\"EntryPoint\",\"urlTemplate\":\"https:\/\/bocaparatodoelmundo.com.ar\/?s={search_term_string}\"},\"query-input\":\"required name=search_term_string\"}],\"inLanguage\":\"es-AR\"},{\"@type\":\"Person\",\"@id\":\"https:\/\/bocaparatodoelmundo.com.ar\/#\/schema\/person\/c7c150fa1e2772333c5e6c002e15afaf\",\"name\":\"Mart\u00edn Ripari\",\"image\":{\"@type\":\"ImageObject\",\"inLanguage\":\"es-AR\",\"@id\":\"https:\/\/bocaparatodoelmundo.com.ar\/#\/schema\/person\/image\/\",\"url\":\"https:\/\/secure.gravatar.com\/avatar\/0db7df26707fd8adc2b24ae87259322b0aea8d9eaf092366b1d208b0b180ee7e?s=96&d=mm&r=g\",\"contentUrl\":\"https:\/\/secure.gravatar.com\/avatar\/0db7df26707fd8adc2b24ae87259322b0aea8d9eaf092366b1d208b0b180ee7e?s=96&d=mm&r=g\",\"caption\":\"Mart\u00edn Ripari\"},\"url\":\"https:\/\/bocaparatodoelmundo.com.ar\/?author=2\"}]}<\/script>\n<!-- \/ Yoast SEO plugin. -->","yoast_head_json":{"title":"Con el pie derecho - BOCA PARA TODO EL MUNDO","robots":{"index":"index","follow":"follow","max-snippet":"max-snippet:-1","max-image-preview":"max-image-preview:large","max-video-preview":"max-video-preview:-1"},"canonical":"https:\/\/bocaparatodoelmundo.com.ar\/?p=2635","og_locale":"es_ES","og_type":"article","og_title":"Con el pie derecho - BOCA PARA TODO EL MUNDO","og_description":"Boca Juniors, defensor del t\u00edtulo,&nbsp;debut\u00f3 este s\u00e1bado en la&nbsp;Copa Libertadores&nbsp;Sub-20&nbsp;con una goleada por 4-0 al...","og_url":"https:\/\/bocaparatodoelmundo.com.ar\/?p=2635","og_site_name":"BOCA PARA TODO EL MUNDO","article_published_time":"2024-03-03T00:23:00+00:00","article_modified_time":"2024-03-07T12:39:48+00:00","og_image":[{"width":686,"height":386,"url":"https:\/\/bocaparatodoelmundo.com.ar\/wp-content\/uploads\/2024\/03\/hq720.jpg","type":"image\/jpeg"}],"author":"Mart\u00edn Ripari","twitter_card":"summary_large_image","twitter_misc":{"Escrito por":"Mart\u00edn Ripari","Tiempo de lectura":"2 minutos"},"schema":{"@context":"https:\/\/schema.org","@graph":[{"@type":"WebPage","@id":"https:\/\/bocaparatodoelmundo.com.ar\/?p=2635","url":"https:\/\/bocaparatodoelmundo.com.ar\/?p=2635","name":"Con el pie derecho - BOCA PARA TODO EL MUNDO","isPartOf":{"@id":"https:\/\/bocaparatodoelmundo.com.ar\/#website"},"datePublished":"2024-03-03T00:23:00+00:00","dateModified":"2024-03-07T12:39:48+00:00","author":{"@id":"https:\/\/bocaparatodoelmundo.com.ar\/#\/schema\/person\/c7c150fa1e2772333c5e6c002e15afaf"},"breadcrumb":{"@id":"https:\/\/bocaparatodoelmundo.com.ar\/?p=2635#breadcrumb"},"inLanguage":"es-AR","potentialAction":[{"@type":"ReadAction","target":["https:\/\/bocaparatodoelmundo.com.ar\/?p=2635"]}]},{"@type":"BreadcrumbList","@id":"https:\/\/bocaparatodoelmundo.com.ar\/?p=2635#breadcrumb","itemListElement":[{"@type":"ListItem","position":1,"name":"Inicio","item":"https:\/\/bocaparatodoelmundo.com.ar\/"},{"@type":"ListItem","position":2,"name":"Con el pie derecho"}]},{"@type":"WebSite","@id":"https:\/\/bocaparatodoelmundo.com.ar\/#website","url":"https:\/\/bocaparatodoelmundo.com.ar\/","name":"BOCA PARA TODO EL MUNDO","description":"Toda la historia y actualidad del club atletico boca junios esta aqui","potentialAction":[{"@type":"SearchAction","target":{"@type":"EntryPoint","urlTemplate":"https:\/\/bocaparatodoelmundo.com.ar\/?s={search_term_string}"},"query-input":"required name=search_term_string"}],"inLanguage":"es-AR"},{"@type":"Person","@id":"https:\/\/bocaparatodoelmundo.com.ar\/#\/schema\/person\/c7c150fa1e2772333c5e6c002e15afaf","name":"Mart\u00edn Ripari","image":{"@type":"ImageObject","inLanguage":"es-AR","@id":"https:\/\/bocaparatodoelmundo.com.ar\/#\/schema\/person\/image\/","url":"https:\/\/secure.gravatar.com\/avatar\/0db7df26707fd8adc2b24ae87259322b0aea8d9eaf092366b1d208b0b180ee7e?s=96&d=mm&r=g","contentUrl":"https:\/\/secure.gravatar.com\/avatar\/0db7df26707fd8adc2b24ae87259322b0aea8d9eaf092366b1d208b0b180ee7e?s=96&d=mm&r=g","caption":"Mart\u00edn Ripari"},"url":"https:\/\/bocaparatodoelmundo.com.ar\/?author=2"}]}},"_links":{"self":[{"href":"https:\/\/bocaparatodoelmundo.com.ar\/index.php?rest_route=\/wp\/v2\/posts\/2635","targetHints":{"allow":["GET"]}}],"collection":[{"href":"https:\/\/bocaparatodoelmundo.com.ar\/index.php?rest_route=\/wp\/v2\/posts"}],"about":[{"href":"https:\/\/bocaparatodoelmundo.com.ar\/index.php?rest_route=\/wp\/v2\/types\/post"}],"author":[{"embeddable":true,"href":"https:\/\/bocaparatodoelmundo.com.ar\/index.php?rest_route=\/wp\/v2\/users\/2"}],"replies":[{"embeddable":true,"href":"https:\/\/bocaparatodoelmundo.com.ar\/index.php?rest_route=%2Fwp%2Fv2%2Fcomments&post=2635"}],"version-history":[{"count":3,"href":"https:\/\/bocaparatodoelmundo.com.ar\/index.php?rest_route=\/wp\/v2\/posts\/2635\/revisions"}],"predecessor-version":[{"id":2648,"href":"https:\/\/bocaparatodoelmundo.com.ar\/index.php?rest_route=\/wp\/v2\/posts\/2635\/revisions\/2648"}],"wp:featuredmedia":[{"embeddable":true,"href":"https:\/\/bocaparatodoelmundo.com.ar\/index.php?rest_route=\/wp\/v2\/media\/2636"}],"wp:attachment":[{"href":"https:\/\/bocaparatodoelmundo.com.ar\/index.php?rest_route=%2Fwp%2Fv2%2Fmedia&parent=2635"}],"wp:term":[{"taxonomy":"category","embeddable":true,"href":"https:\/\/bocaparatodoelmundo.com.ar\/index.php?rest_route=%2Fwp%2Fv2%2Fcategories&post=2635"},{"taxonomy":"post_tag","embeddable":true,"href":"https:\/\/bocaparatodoelmundo.com.ar\/index.php?rest_route=%2Fwp%2Fv2%2Ftags&post=2635"}],"curies":[{"name":"wp","href":"https:\/\/api.w.org\/{rel}","templated":true}]}}