{"id":262,"date":"2022-08-25T11:54:34","date_gmt":"2022-08-25T14:54:34","guid":{"rendered":"https:\/\/www.bocaparatodoelmundo.com.ar\/?p=262"},"modified":"2022-08-26T10:20:20","modified_gmt":"2022-08-26T13:20:20","slug":"boca-y-lanus-repartieron-puntos-en-la-rama-femenina","status":"publish","type":"post","link":"https:\/\/bocaparatodoelmundo.com.ar\/?p=262","title":{"rendered":"Boca y Lanus repartieron puntos en la rama femenina"},"content":{"rendered":"\n<p>Las Divisiones menores del F\u00fatbol Femenino vieron acci\u00f3n el pasado S\u00e1bado 20\/8 donde<br>disputar\u00f3n la Fecha 11 del campeonato de la categor\u00eda ante el Club Lanus en el Predio de Valentin<br>Alsina, donde los resultados fuer\u00f3n los siguientes:<br><\/p>\n\n\n\n<p><strong>Sub 16 <\/strong><\/p>\n\n\n\n<p><strong>Lanus 3 &#8211; Boca Juniors 1<\/strong><br><\/p>\n\n\n\n<p><strong>Alineaci\u00f3n:<\/strong> Sanchez, Lopez Acosta Guerra Silvani, Godoy De Mora Alvarez, Pav\u00f3n Paz y Puente<br>D.T.: Jos\u00e9 Luis Godoy y Dulce T\u00f3rtolo<br>Gol: Bianca Acosta<\/p>\n\n\n\n<figure class=\"wp-block-image size-large\"><img loading=\"lazy\" decoding=\"async\" width=\"1024\" height=\"669\" src=\"https:\/\/www.bocaparatodoelmundo.com.ar\/wp-content\/uploads\/2022\/08\/Screenshot_20220822-170304_Instagram-1024x669.jpg\" alt=\"\" class=\"wp-image-264\" srcset=\"https:\/\/bocaparatodoelmundo.com.ar\/wp-content\/uploads\/2022\/08\/Screenshot_20220822-170304_Instagram-1024x669.jpg 1024w, https:\/\/bocaparatodoelmundo.com.ar\/wp-content\/uploads\/2022\/08\/Screenshot_20220822-170304_Instagram-300x196.jpg 300w, https:\/\/bocaparatodoelmundo.com.ar\/wp-content\/uploads\/2022\/08\/Screenshot_20220822-170304_Instagram-768x502.jpg 768w, https:\/\/bocaparatodoelmundo.com.ar\/wp-content\/uploads\/2022\/08\/Screenshot_20220822-170304_Instagram.jpg 1080w\" sizes=\"auto, (max-width: 1024px) 100vw, 1024px\" \/><\/figure>\n\n\n\n<p><\/p>\n\n\n\n<p><strong>Sub 19 <\/strong><\/p>\n\n\n\n<p><strong>Lanus 0 &#8211; Boca Juniors 2<\/strong><\/p>\n\n\n\n<p><br><strong>Alineaci\u00f3n: <\/strong>Pinardelli, Gomez Guttlein Ivroud Cardozo, Palminteri Perez Gomez Mereles C\u00f3ceres,<br>Benedetti y Benitez<br>D.T.: Jos\u00e9 Luis Godoy y Pablo Jerez<br>Goles: Ludmila Perez Gomez y Valentina Leguiza<\/p>\n\n\n\n<figure class=\"wp-block-image size-large\"><img loading=\"lazy\" decoding=\"async\" width=\"1024\" height=\"680\" src=\"https:\/\/www.bocaparatodoelmundo.com.ar\/wp-content\/uploads\/2022\/08\/Screenshot_20220822-170346_Instagram-1024x680.jpg\" alt=\"\" class=\"wp-image-265\" srcset=\"https:\/\/bocaparatodoelmundo.com.ar\/wp-content\/uploads\/2022\/08\/Screenshot_20220822-170346_Instagram-1024x680.jpg 1024w, https:\/\/bocaparatodoelmundo.com.ar\/wp-content\/uploads\/2022\/08\/Screenshot_20220822-170346_Instagram-300x199.jpg 300w, https:\/\/bocaparatodoelmundo.com.ar\/wp-content\/uploads\/2022\/08\/Screenshot_20220822-170346_Instagram-768x510.jpg 768w, https:\/\/bocaparatodoelmundo.com.ar\/wp-content\/uploads\/2022\/08\/Screenshot_20220822-170346_Instagram.jpg 1080w\" sizes=\"auto, (max-width: 1024px) 100vw, 1024px\" \/><\/figure>\n","protected":false},"excerpt":{"rendered":"<p>Las Divisiones menores del F\u00fatbol Femenino vieron acci\u00f3n el pasado S\u00e1bado 20\/8 dondedisputar\u00f3n la Fecha&#8230;<\/p>\n","protected":false},"author":3,"featured_media":263,"comment_status":"open","ping_status":"open","sticky":false,"template":"","format":"standard","meta":{"footnotes":""},"categories":[7],"tags":[],"class_list":["post-262","post","type-post","status-publish","format-standard","has-post-thumbnail","hentry","category-futbol-juvenil"],"yoast_head":"<!-- This site is optimized with the Yoast SEO plugin v21.4 - https:\/\/yoast.com\/wordpress\/plugins\/seo\/ -->\n<title>Boca y Lanus repartieron puntos en la rama femenina - BOCA PARA TODO EL MUNDO<\/title>\n<meta name=\"robots\" content=\"index, follow, max-snippet:-1, max-image-preview:large, max-video-preview:-1\" \/>\n<link rel=\"canonical\" href=\"https:\/\/bocaparatodoelmundo.com.ar\/?p=262\" \/>\n<meta property=\"og:locale\" content=\"es_ES\" \/>\n<meta property=\"og:type\" content=\"article\" \/>\n<meta property=\"og:title\" content=\"Boca y Lanus repartieron puntos en la rama femenina - BOCA PARA TODO EL MUNDO\" \/>\n<meta property=\"og:description\" content=\"Las Divisiones menores del F\u00fatbol Femenino vieron acci\u00f3n el pasado S\u00e1bado 20\/8 dondedisputar\u00f3n la Fecha...\" \/>\n<meta property=\"og:url\" content=\"https:\/\/bocaparatodoelmundo.com.ar\/?p=262\" \/>\n<meta property=\"og:site_name\" content=\"BOCA PARA TODO EL MUNDO\" \/>\n<meta property=\"article:published_time\" content=\"2022-08-25T14:54:34+00:00\" \/>\n<meta property=\"article:modified_time\" content=\"2022-08-26T13:20:20+00:00\" \/>\n<meta property=\"og:image\" content=\"https:\/\/bocaparatodoelmundo.com.ar\/wp-content\/uploads\/2022\/08\/Screenshot_20220822-170321_Instagram.jpg\" \/>\n\t<meta property=\"og:image:width\" content=\"1080\" \/>\n\t<meta property=\"og:image:height\" content=\"705\" \/>\n\t<meta property=\"og:image:type\" content=\"image\/jpeg\" \/>\n<meta name=\"author\" content=\"Redaccion BPTM\" \/>\n<meta name=\"twitter:card\" content=\"summary_large_image\" \/>\n<meta name=\"twitter:label1\" content=\"Escrito por\" \/>\n\t<meta name=\"twitter:data1\" content=\"Redaccion BPTM\" \/>\n\t<meta name=\"twitter:label2\" content=\"Tiempo de lectura\" \/>\n\t<meta name=\"twitter:data2\" content=\"1 minuto\" \/>\n<script type=\"application\/ld+json\" class=\"yoast-schema-graph\">{\"@context\":\"https:\/\/schema.org\",\"@graph\":[{\"@type\":\"WebPage\",\"@id\":\"https:\/\/bocaparatodoelmundo.com.ar\/?p=262\",\"url\":\"https:\/\/bocaparatodoelmundo.com.ar\/?p=262\",\"name\":\"Boca y Lanus repartieron puntos en la rama femenina - BOCA PARA TODO EL MUNDO\",\"isPartOf\":{\"@id\":\"https:\/\/bocaparatodoelmundo.com.ar\/#website\"},\"datePublished\":\"2022-08-25T14:54:34+00:00\",\"dateModified\":\"2022-08-26T13:20:20+00:00\",\"author\":{\"@id\":\"https:\/\/bocaparatodoelmundo.com.ar\/#\/schema\/person\/cc56d27ea9d37f4cea3636086a1847c5\"},\"breadcrumb\":{\"@id\":\"https:\/\/bocaparatodoelmundo.com.ar\/?p=262#breadcrumb\"},\"inLanguage\":\"es-AR\",\"potentialAction\":[{\"@type\":\"ReadAction\",\"target\":[\"https:\/\/bocaparatodoelmundo.com.ar\/?p=262\"]}]},{\"@type\":\"BreadcrumbList\",\"@id\":\"https:\/\/bocaparatodoelmundo.com.ar\/?p=262#breadcrumb\",\"itemListElement\":[{\"@type\":\"ListItem\",\"position\":1,\"name\":\"Inicio\",\"item\":\"https:\/\/bocaparatodoelmundo.com.ar\/\"},{\"@type\":\"ListItem\",\"position\":2,\"name\":\"Boca y Lanus repartieron puntos en la rama femenina\"}]},{\"@type\":\"WebSite\",\"@id\":\"https:\/\/bocaparatodoelmundo.com.ar\/#website\",\"url\":\"https:\/\/bocaparatodoelmundo.com.ar\/\",\"name\":\"BOCA PARA TODO EL MUNDO\",\"description\":\"Toda la historia y actualidad del club atletico boca junios esta aqui\",\"potentialAction\":[{\"@type\":\"SearchAction\",\"target\":{\"@type\":\"EntryPoint\",\"urlTemplate\":\"https:\/\/bocaparatodoelmundo.com.ar\/?s={search_term_string}\"},\"query-input\":\"required name=search_term_string\"}],\"inLanguage\":\"es-AR\"},{\"@type\":\"Person\",\"@id\":\"https:\/\/bocaparatodoelmundo.com.ar\/#\/schema\/person\/cc56d27ea9d37f4cea3636086a1847c5\",\"name\":\"Redaccion BPTM\",\"image\":{\"@type\":\"ImageObject\",\"inLanguage\":\"es-AR\",\"@id\":\"https:\/\/bocaparatodoelmundo.com.ar\/#\/schema\/person\/image\/\",\"url\":\"https:\/\/secure.gravatar.com\/avatar\/3b62665b8c08843736974a055cc2398ba6bb7fd2fe787285105d666c418a7d13?s=96&d=mm&r=g\",\"contentUrl\":\"https:\/\/secure.gravatar.com\/avatar\/3b62665b8c08843736974a055cc2398ba6bb7fd2fe787285105d666c418a7d13?s=96&d=mm&r=g\",\"caption\":\"Redaccion BPTM\"},\"sameAs\":[\"http:\/\/bocaparatodoelmundo.com.ar\"],\"url\":\"https:\/\/bocaparatodoelmundo.com.ar\/?author=3\"}]}<\/script>\n<!-- \/ Yoast SEO plugin. -->","yoast_head_json":{"title":"Boca y Lanus repartieron puntos en la rama femenina - BOCA PARA TODO EL MUNDO","robots":{"index":"index","follow":"follow","max-snippet":"max-snippet:-1","max-image-preview":"max-image-preview:large","max-video-preview":"max-video-preview:-1"},"canonical":"https:\/\/bocaparatodoelmundo.com.ar\/?p=262","og_locale":"es_ES","og_type":"article","og_title":"Boca y Lanus repartieron puntos en la rama femenina - BOCA PARA TODO EL MUNDO","og_description":"Las Divisiones menores del F\u00fatbol Femenino vieron acci\u00f3n el pasado S\u00e1bado 20\/8 dondedisputar\u00f3n la Fecha...","og_url":"https:\/\/bocaparatodoelmundo.com.ar\/?p=262","og_site_name":"BOCA PARA TODO EL MUNDO","article_published_time":"2022-08-25T14:54:34+00:00","article_modified_time":"2022-08-26T13:20:20+00:00","og_image":[{"width":1080,"height":705,"url":"https:\/\/bocaparatodoelmundo.com.ar\/wp-content\/uploads\/2022\/08\/Screenshot_20220822-170321_Instagram.jpg","type":"image\/jpeg"}],"author":"Redaccion BPTM","twitter_card":"summary_large_image","twitter_misc":{"Escrito por":"Redaccion BPTM","Tiempo de lectura":"1 minuto"},"schema":{"@context":"https:\/\/schema.org","@graph":[{"@type":"WebPage","@id":"https:\/\/bocaparatodoelmundo.com.ar\/?p=262","url":"https:\/\/bocaparatodoelmundo.com.ar\/?p=262","name":"Boca y Lanus repartieron puntos en la rama femenina - BOCA PARA TODO EL MUNDO","isPartOf":{"@id":"https:\/\/bocaparatodoelmundo.com.ar\/#website"},"datePublished":"2022-08-25T14:54:34+00:00","dateModified":"2022-08-26T13:20:20+00:00","author":{"@id":"https:\/\/bocaparatodoelmundo.com.ar\/#\/schema\/person\/cc56d27ea9d37f4cea3636086a1847c5"},"breadcrumb":{"@id":"https:\/\/bocaparatodoelmundo.com.ar\/?p=262#breadcrumb"},"inLanguage":"es-AR","potentialAction":[{"@type":"ReadAction","target":["https:\/\/bocaparatodoelmundo.com.ar\/?p=262"]}]},{"@type":"BreadcrumbList","@id":"https:\/\/bocaparatodoelmundo.com.ar\/?p=262#breadcrumb","itemListElement":[{"@type":"ListItem","position":1,"name":"Inicio","item":"https:\/\/bocaparatodoelmundo.com.ar\/"},{"@type":"ListItem","position":2,"name":"Boca y Lanus repartieron puntos en la rama femenina"}]},{"@type":"WebSite","@id":"https:\/\/bocaparatodoelmundo.com.ar\/#website","url":"https:\/\/bocaparatodoelmundo.com.ar\/","name":"BOCA PARA TODO EL MUNDO","description":"Toda la historia y actualidad del club atletico boca junios esta aqui","potentialAction":[{"@type":"SearchAction","target":{"@type":"EntryPoint","urlTemplate":"https:\/\/bocaparatodoelmundo.com.ar\/?s={search_term_string}"},"query-input":"required name=search_term_string"}],"inLanguage":"es-AR"},{"@type":"Person","@id":"https:\/\/bocaparatodoelmundo.com.ar\/#\/schema\/person\/cc56d27ea9d37f4cea3636086a1847c5","name":"Redaccion BPTM","image":{"@type":"ImageObject","inLanguage":"es-AR","@id":"https:\/\/bocaparatodoelmundo.com.ar\/#\/schema\/person\/image\/","url":"https:\/\/secure.gravatar.com\/avatar\/3b62665b8c08843736974a055cc2398ba6bb7fd2fe787285105d666c418a7d13?s=96&d=mm&r=g","contentUrl":"https:\/\/secure.gravatar.com\/avatar\/3b62665b8c08843736974a055cc2398ba6bb7fd2fe787285105d666c418a7d13?s=96&d=mm&r=g","caption":"Redaccion BPTM"},"sameAs":["http:\/\/bocaparatodoelmundo.com.ar"],"url":"https:\/\/bocaparatodoelmundo.com.ar\/?author=3"}]}},"_links":{"self":[{"href":"https:\/\/bocaparatodoelmundo.com.ar\/index.php?rest_route=\/wp\/v2\/posts\/262","targetHints":{"allow":["GET"]}}],"collection":[{"href":"https:\/\/bocaparatodoelmundo.com.ar\/index.php?rest_route=\/wp\/v2\/posts"}],"about":[{"href":"https:\/\/bocaparatodoelmundo.com.ar\/index.php?rest_route=\/wp\/v2\/types\/post"}],"author":[{"embeddable":true,"href":"https:\/\/bocaparatodoelmundo.com.ar\/index.php?rest_route=\/wp\/v2\/users\/3"}],"replies":[{"embeddable":true,"href":"https:\/\/bocaparatodoelmundo.com.ar\/index.php?rest_route=%2Fwp%2Fv2%2Fcomments&post=262"}],"version-history":[{"count":1,"href":"https:\/\/bocaparatodoelmundo.com.ar\/index.php?rest_route=\/wp\/v2\/posts\/262\/revisions"}],"predecessor-version":[{"id":266,"href":"https:\/\/bocaparatodoelmundo.com.ar\/index.php?rest_route=\/wp\/v2\/posts\/262\/revisions\/266"}],"wp:featuredmedia":[{"embeddable":true,"href":"https:\/\/bocaparatodoelmundo.com.ar\/index.php?rest_route=\/wp\/v2\/media\/263"}],"wp:attachment":[{"href":"https:\/\/bocaparatodoelmundo.com.ar\/index.php?rest_route=%2Fwp%2Fv2%2Fmedia&parent=262"}],"wp:term":[{"taxonomy":"category","embeddable":true,"href":"https:\/\/bocaparatodoelmundo.com.ar\/index.php?rest_route=%2Fwp%2Fv2%2Fcategories&post=262"},{"taxonomy":"post_tag","embeddable":true,"href":"https:\/\/bocaparatodoelmundo.com.ar\/index.php?rest_route=%2Fwp%2Fv2%2Ftags&post=262"}],"curies":[{"name":"wp","href":"https:\/\/api.w.org\/{rel}","templated":true}]}}