{"id":2593,"date":"2024-02-13T12:22:26","date_gmt":"2024-02-13T15:22:26","guid":{"rendered":"https:\/\/bocaparatodoelmundo.com.ar\/?p=2593"},"modified":"2024-02-20T12:29:07","modified_gmt":"2024-02-20T15:29:07","slug":"2593","status":"publish","type":"post","link":"https:\/\/bocaparatodoelmundo.com.ar\/?p=2593","title":{"rendered":"Uruguay, sede 2024"},"content":{"rendered":"\n<p>Con Boca como \u00fanico representante argentino, <strong>la Confederaci\u00f3n Sudamericana de F\u00fatbol (CONMEBOL) anunci\u00f3 este martes que la CONMEBOL Libertadores Femenina 2024 se disputar\u00e1 en Uruguay.<\/strong><\/p>\n\n\n\n<p>El organismo sudamericano tambi\u00e9n inform\u00f3 que&nbsp;<strong>el certamen comenzar\u00e1 el jueves tres de octubre y finalizar\u00e1 el s\u00e1bado 19<\/strong>.<\/p>\n\n\n\n<p>Uruguay ya fue sede de la Libertadores femenina 2016, torneo que gan\u00f3 Sportivo Luque\u00f1o de Paraguay, y alberg\u00f3 la final de la edici\u00f3n 2021, cuyo \u00faltimo encuentro se disput\u00f3 en el Gran Parque Central, donde Corinthians se consagr\u00f3 campe\u00f3n al imponerse ante Independiente Santa Fe.<\/p>\n\n\n\n<p>Cabe destacar que ante esta decisi\u00f3n, Uruguay deber\u00eda tener dos equipos participantes en el certamen al ser el pa\u00eds anfitri\u00f3n, por lo que a Pe\u00f1arol (campe\u00f3n uruguayo 2023) se le sumar\u00eda Nacional (vicecampe\u00f3n de la pasada temporada).<\/p>\n\n\n\n<p><strong>Corinthians se convirti\u00f3 en la edici\u00f3n 2023 en el equipo m\u00e1s ganador del certamen al haberlo conquistado en cuatro oportunidades<\/strong>\u00a0tras vencer en la final a Palmeiras en el Estadio Pascual Guerrero de Cali el pasado 21 de octubre.<\/p>\n\n\n\n<blockquote class=\"twitter-tweet\"><p lang=\"es\" dir=\"ltr\">\u00a1Sede confirmada! \ud83d\udccc La CONMEBOL <a href=\"https:\/\/twitter.com\/hashtag\/LibertadoresFEM?src=hash&amp;ref_src=twsrc%5Etfw\">#LibertadoresFEM<\/a> 2024 ser\u00e1 del 3 al 19 de octubre en Uruguay \ud83c\uddfa\ud83c\uddfe<br><br>Sede confirmada! \ud83c\udfc6 A CONMEBOL <a href=\"https:\/\/twitter.com\/hashtag\/LibertadoresFEM?src=hash&amp;ref_src=twsrc%5Etfw\">#LibertadoresFEM<\/a> 2024 ser\u00e1 de 03 a 19 de outubro, no Uruguai.<a href=\"https:\/\/twitter.com\/hashtag\/LaGloriaEsDeEllas?src=hash&amp;ref_src=twsrc%5Etfw\">#LaGloriaEsDeEllas<\/a> <a href=\"https:\/\/twitter.com\/hashtag\/AGl%C3%B3ria%C3%89Delas?src=hash&amp;ref_src=twsrc%5Etfw\">#AGl\u00f3ria\u00c9Delas<\/a> <a href=\"https:\/\/t.co\/xMZOum8SJ0\">pic.twitter.com\/xMZOum8SJ0<\/a><\/p>&mdash; CONMEBOL Libertadores Femenina (@LibertadoresFEM) <a href=\"https:\/\/twitter.com\/LibertadoresFEM\/status\/1757438744213311868?ref_src=twsrc%5Etfw\">February 13, 2024<\/a><\/blockquote> <script async src=\"https:\/\/platform.twitter.com\/widgets.js\" charset=\"utf-8\"><\/script>\n\n\n\n<p><\/p>\n","protected":false},"excerpt":{"rendered":"<p>Con Boca como \u00fanico representante argentino, la Confederaci\u00f3n Sudamericana de F\u00fatbol (CONMEBOL) anunci\u00f3 este martes&#8230;<\/p>\n","protected":false},"author":3,"featured_media":2597,"comment_status":"open","ping_status":"open","sticky":false,"template":"","format":"standard","meta":{"footnotes":""},"categories":[56],"tags":[],"class_list":["post-2593","post","type-post","status-publish","format-standard","has-post-thumbnail","hentry","category-copa-libertadores-femenina"],"yoast_head":"<!-- This site is optimized with the Yoast SEO plugin v21.4 - https:\/\/yoast.com\/wordpress\/plugins\/seo\/ -->\n<title>Uruguay, sede 2024 - BOCA PARA TODO EL MUNDO<\/title>\n<meta name=\"robots\" content=\"index, follow, max-snippet:-1, max-image-preview:large, max-video-preview:-1\" \/>\n<link rel=\"canonical\" href=\"https:\/\/bocaparatodoelmundo.com.ar\/?p=2593\" \/>\n<meta property=\"og:locale\" content=\"es_ES\" \/>\n<meta property=\"og:type\" content=\"article\" \/>\n<meta property=\"og:title\" content=\"Uruguay, sede 2024 - BOCA PARA TODO EL MUNDO\" \/>\n<meta property=\"og:description\" content=\"Con Boca como \u00fanico representante argentino, la Confederaci\u00f3n Sudamericana de F\u00fatbol (CONMEBOL) anunci\u00f3 este martes...\" \/>\n<meta property=\"og:url\" content=\"https:\/\/bocaparatodoelmundo.com.ar\/?p=2593\" \/>\n<meta property=\"og:site_name\" content=\"BOCA PARA TODO EL MUNDO\" \/>\n<meta property=\"article:published_time\" content=\"2024-02-13T15:22:26+00:00\" \/>\n<meta property=\"article:modified_time\" content=\"2024-02-20T15:29:07+00:00\" \/>\n<meta property=\"og:image\" content=\"https:\/\/bocaparatodoelmundo.com.ar\/wp-content\/uploads\/2024\/02\/images-58.jpg\" \/>\n\t<meta property=\"og:image:width\" content=\"389\" \/>\n\t<meta property=\"og:image:height\" content=\"129\" \/>\n\t<meta property=\"og:image:type\" content=\"image\/jpeg\" \/>\n<meta name=\"author\" content=\"Redaccion BPTM\" \/>\n<meta name=\"twitter:card\" content=\"summary_large_image\" \/>\n<meta name=\"twitter:label1\" content=\"Escrito por\" \/>\n\t<meta name=\"twitter:data1\" content=\"Redaccion BPTM\" \/>\n\t<meta name=\"twitter:label2\" content=\"Tiempo de lectura\" \/>\n\t<meta name=\"twitter:data2\" content=\"1 minuto\" \/>\n<script type=\"application\/ld+json\" class=\"yoast-schema-graph\">{\"@context\":\"https:\/\/schema.org\",\"@graph\":[{\"@type\":\"WebPage\",\"@id\":\"https:\/\/bocaparatodoelmundo.com.ar\/?p=2593\",\"url\":\"https:\/\/bocaparatodoelmundo.com.ar\/?p=2593\",\"name\":\"Uruguay, sede 2024 - BOCA PARA TODO EL MUNDO\",\"isPartOf\":{\"@id\":\"https:\/\/bocaparatodoelmundo.com.ar\/#website\"},\"datePublished\":\"2024-02-13T15:22:26+00:00\",\"dateModified\":\"2024-02-20T15:29:07+00:00\",\"author\":{\"@id\":\"https:\/\/bocaparatodoelmundo.com.ar\/#\/schema\/person\/cc56d27ea9d37f4cea3636086a1847c5\"},\"breadcrumb\":{\"@id\":\"https:\/\/bocaparatodoelmundo.com.ar\/?p=2593#breadcrumb\"},\"inLanguage\":\"es-AR\",\"potentialAction\":[{\"@type\":\"ReadAction\",\"target\":[\"https:\/\/bocaparatodoelmundo.com.ar\/?p=2593\"]}]},{\"@type\":\"BreadcrumbList\",\"@id\":\"https:\/\/bocaparatodoelmundo.com.ar\/?p=2593#breadcrumb\",\"itemListElement\":[{\"@type\":\"ListItem\",\"position\":1,\"name\":\"Inicio\",\"item\":\"https:\/\/bocaparatodoelmundo.com.ar\/\"},{\"@type\":\"ListItem\",\"position\":2,\"name\":\"Uruguay, sede 2024\"}]},{\"@type\":\"WebSite\",\"@id\":\"https:\/\/bocaparatodoelmundo.com.ar\/#website\",\"url\":\"https:\/\/bocaparatodoelmundo.com.ar\/\",\"name\":\"BOCA PARA TODO EL MUNDO\",\"description\":\"Toda la historia y actualidad del club atletico boca junios esta aqui\",\"potentialAction\":[{\"@type\":\"SearchAction\",\"target\":{\"@type\":\"EntryPoint\",\"urlTemplate\":\"https:\/\/bocaparatodoelmundo.com.ar\/?s={search_term_string}\"},\"query-input\":\"required name=search_term_string\"}],\"inLanguage\":\"es-AR\"},{\"@type\":\"Person\",\"@id\":\"https:\/\/bocaparatodoelmundo.com.ar\/#\/schema\/person\/cc56d27ea9d37f4cea3636086a1847c5\",\"name\":\"Redaccion BPTM\",\"image\":{\"@type\":\"ImageObject\",\"inLanguage\":\"es-AR\",\"@id\":\"https:\/\/bocaparatodoelmundo.com.ar\/#\/schema\/person\/image\/\",\"url\":\"https:\/\/secure.gravatar.com\/avatar\/3b62665b8c08843736974a055cc2398ba6bb7fd2fe787285105d666c418a7d13?s=96&d=mm&r=g\",\"contentUrl\":\"https:\/\/secure.gravatar.com\/avatar\/3b62665b8c08843736974a055cc2398ba6bb7fd2fe787285105d666c418a7d13?s=96&d=mm&r=g\",\"caption\":\"Redaccion BPTM\"},\"sameAs\":[\"http:\/\/bocaparatodoelmundo.com.ar\"],\"url\":\"https:\/\/bocaparatodoelmundo.com.ar\/?author=3\"}]}<\/script>\n<!-- \/ Yoast SEO plugin. -->","yoast_head_json":{"title":"Uruguay, sede 2024 - BOCA PARA TODO EL MUNDO","robots":{"index":"index","follow":"follow","max-snippet":"max-snippet:-1","max-image-preview":"max-image-preview:large","max-video-preview":"max-video-preview:-1"},"canonical":"https:\/\/bocaparatodoelmundo.com.ar\/?p=2593","og_locale":"es_ES","og_type":"article","og_title":"Uruguay, sede 2024 - BOCA PARA TODO EL MUNDO","og_description":"Con Boca como \u00fanico representante argentino, la Confederaci\u00f3n Sudamericana de F\u00fatbol (CONMEBOL) anunci\u00f3 este martes...","og_url":"https:\/\/bocaparatodoelmundo.com.ar\/?p=2593","og_site_name":"BOCA PARA TODO EL MUNDO","article_published_time":"2024-02-13T15:22:26+00:00","article_modified_time":"2024-02-20T15:29:07+00:00","og_image":[{"width":389,"height":129,"url":"https:\/\/bocaparatodoelmundo.com.ar\/wp-content\/uploads\/2024\/02\/images-58.jpg","type":"image\/jpeg"}],"author":"Redaccion BPTM","twitter_card":"summary_large_image","twitter_misc":{"Escrito por":"Redaccion BPTM","Tiempo de lectura":"1 minuto"},"schema":{"@context":"https:\/\/schema.org","@graph":[{"@type":"WebPage","@id":"https:\/\/bocaparatodoelmundo.com.ar\/?p=2593","url":"https:\/\/bocaparatodoelmundo.com.ar\/?p=2593","name":"Uruguay, sede 2024 - BOCA PARA TODO EL MUNDO","isPartOf":{"@id":"https:\/\/bocaparatodoelmundo.com.ar\/#website"},"datePublished":"2024-02-13T15:22:26+00:00","dateModified":"2024-02-20T15:29:07+00:00","author":{"@id":"https:\/\/bocaparatodoelmundo.com.ar\/#\/schema\/person\/cc56d27ea9d37f4cea3636086a1847c5"},"breadcrumb":{"@id":"https:\/\/bocaparatodoelmundo.com.ar\/?p=2593#breadcrumb"},"inLanguage":"es-AR","potentialAction":[{"@type":"ReadAction","target":["https:\/\/bocaparatodoelmundo.com.ar\/?p=2593"]}]},{"@type":"BreadcrumbList","@id":"https:\/\/bocaparatodoelmundo.com.ar\/?p=2593#breadcrumb","itemListElement":[{"@type":"ListItem","position":1,"name":"Inicio","item":"https:\/\/bocaparatodoelmundo.com.ar\/"},{"@type":"ListItem","position":2,"name":"Uruguay, sede 2024"}]},{"@type":"WebSite","@id":"https:\/\/bocaparatodoelmundo.com.ar\/#website","url":"https:\/\/bocaparatodoelmundo.com.ar\/","name":"BOCA PARA TODO EL MUNDO","description":"Toda la historia y actualidad del club atletico boca junios esta aqui","potentialAction":[{"@type":"SearchAction","target":{"@type":"EntryPoint","urlTemplate":"https:\/\/bocaparatodoelmundo.com.ar\/?s={search_term_string}"},"query-input":"required name=search_term_string"}],"inLanguage":"es-AR"},{"@type":"Person","@id":"https:\/\/bocaparatodoelmundo.com.ar\/#\/schema\/person\/cc56d27ea9d37f4cea3636086a1847c5","name":"Redaccion BPTM","image":{"@type":"ImageObject","inLanguage":"es-AR","@id":"https:\/\/bocaparatodoelmundo.com.ar\/#\/schema\/person\/image\/","url":"https:\/\/secure.gravatar.com\/avatar\/3b62665b8c08843736974a055cc2398ba6bb7fd2fe787285105d666c418a7d13?s=96&d=mm&r=g","contentUrl":"https:\/\/secure.gravatar.com\/avatar\/3b62665b8c08843736974a055cc2398ba6bb7fd2fe787285105d666c418a7d13?s=96&d=mm&r=g","caption":"Redaccion BPTM"},"sameAs":["http:\/\/bocaparatodoelmundo.com.ar"],"url":"https:\/\/bocaparatodoelmundo.com.ar\/?author=3"}]}},"_links":{"self":[{"href":"https:\/\/bocaparatodoelmundo.com.ar\/index.php?rest_route=\/wp\/v2\/posts\/2593","targetHints":{"allow":["GET"]}}],"collection":[{"href":"https:\/\/bocaparatodoelmundo.com.ar\/index.php?rest_route=\/wp\/v2\/posts"}],"about":[{"href":"https:\/\/bocaparatodoelmundo.com.ar\/index.php?rest_route=\/wp\/v2\/types\/post"}],"author":[{"embeddable":true,"href":"https:\/\/bocaparatodoelmundo.com.ar\/index.php?rest_route=\/wp\/v2\/users\/3"}],"replies":[{"embeddable":true,"href":"https:\/\/bocaparatodoelmundo.com.ar\/index.php?rest_route=%2Fwp%2Fv2%2Fcomments&post=2593"}],"version-history":[{"count":2,"href":"https:\/\/bocaparatodoelmundo.com.ar\/index.php?rest_route=\/wp\/v2\/posts\/2593\/revisions"}],"predecessor-version":[{"id":2598,"href":"https:\/\/bocaparatodoelmundo.com.ar\/index.php?rest_route=\/wp\/v2\/posts\/2593\/revisions\/2598"}],"wp:featuredmedia":[{"embeddable":true,"href":"https:\/\/bocaparatodoelmundo.com.ar\/index.php?rest_route=\/wp\/v2\/media\/2597"}],"wp:attachment":[{"href":"https:\/\/bocaparatodoelmundo.com.ar\/index.php?rest_route=%2Fwp%2Fv2%2Fmedia&parent=2593"}],"wp:term":[{"taxonomy":"category","embeddable":true,"href":"https:\/\/bocaparatodoelmundo.com.ar\/index.php?rest_route=%2Fwp%2Fv2%2Fcategories&post=2593"},{"taxonomy":"post_tag","embeddable":true,"href":"https:\/\/bocaparatodoelmundo.com.ar\/index.php?rest_route=%2Fwp%2Fv2%2Ftags&post=2593"}],"curies":[{"name":"wp","href":"https:\/\/api.w.org\/{rel}","templated":true}]}}