{"id":259,"date":"2022-08-25T11:48:14","date_gmt":"2022-08-25T14:48:14","guid":{"rendered":"https:\/\/www.bocaparatodoelmundo.com.ar\/?p=259"},"modified":"2022-09-09T09:37:00","modified_gmt":"2022-09-09T12:37:00","slug":"jornada-superclasica","status":"publish","type":"post","link":"https:\/\/bocaparatodoelmundo.com.ar\/?p=259","title":{"rendered":"Jornada Supercl\u00e1sica"},"content":{"rendered":"\n<p>Las formativas del B\u00e1squet Xeneize del club vieron acci\u00f3n el pasado S\u00e1bado 20\/8 ante su cl\u00e1sico rival River Plate donde la Tira A disput\u00f3 la Fecha 4 de las interzonales en su zona B en condici\u00f3n de visitante en el Microestadio de la instituci\u00f3n de Nu\u00f1ez, donde los resultados fueron los siguientes:<\/p>\n\n\n\n<p>U15 45 a 56<\/p>\n\n\n\n<p>U17 66 a 67<\/p>\n\n\n\n<p>U19 73 a 64<\/p>\n\n\n\n<p>Este Lunes 22\/8 el primer equipo de Basquet Boquense bajo las \u00f3rdenes de su entrenador Gonzalo Garcia comenz\u00f3 la pretemporada de cara al inicio de la competencia como son La Liga Nacional de Basquet y la Liga Sudamericana de B\u00e1squet, donde esta preparaci\u00f3n se realizar\u00e1 en las instalaciones del Club Pinocho debido a las remodelaciones que se est\u00e1n realizando en el Estadio La Bombonerita Luis Conde<\/p>\n","protected":false},"excerpt":{"rendered":"<p>Las formativas del B\u00e1squet Xeneize del club vieron acci\u00f3n el pasado S\u00e1bado 20\/8 ante su&#8230;<\/p>\n","protected":false},"author":5,"featured_media":260,"comment_status":"open","ping_status":"open","sticky":false,"template":"","format":"standard","meta":{"footnotes":""},"categories":[11],"tags":[],"class_list":["post-259","post","type-post","status-publish","format-standard","has-post-thumbnail","hentry","category-basket-fomativo"],"yoast_head":"<!-- This site is optimized with the Yoast SEO plugin v21.4 - https:\/\/yoast.com\/wordpress\/plugins\/seo\/ -->\n<title>Jornada Supercl\u00e1sica - BOCA PARA TODO EL MUNDO<\/title>\n<meta name=\"robots\" content=\"index, follow, max-snippet:-1, max-image-preview:large, max-video-preview:-1\" \/>\n<link rel=\"canonical\" href=\"https:\/\/bocaparatodoelmundo.com.ar\/?p=259\" \/>\n<meta property=\"og:locale\" content=\"es_ES\" \/>\n<meta property=\"og:type\" content=\"article\" \/>\n<meta property=\"og:title\" content=\"Jornada Supercl\u00e1sica - BOCA PARA TODO EL MUNDO\" \/>\n<meta property=\"og:description\" content=\"Las formativas del B\u00e1squet Xeneize del club vieron acci\u00f3n el pasado S\u00e1bado 20\/8 ante su...\" \/>\n<meta property=\"og:url\" content=\"https:\/\/bocaparatodoelmundo.com.ar\/?p=259\" \/>\n<meta property=\"og:site_name\" content=\"BOCA PARA TODO EL MUNDO\" \/>\n<meta property=\"article:published_time\" content=\"2022-08-25T14:48:14+00:00\" \/>\n<meta property=\"article:modified_time\" content=\"2022-09-09T12:37:00+00:00\" \/>\n<meta property=\"og:image\" content=\"https:\/\/bocaparatodoelmundo.com.ar\/wp-content\/uploads\/2022\/08\/20220822_190939.jpg\" \/>\n\t<meta property=\"og:image:width\" content=\"1600\" \/>\n\t<meta property=\"og:image:height\" content=\"1200\" \/>\n\t<meta property=\"og:image:type\" content=\"image\/jpeg\" \/>\n<meta name=\"author\" content=\"Ignacio Chulia\" \/>\n<meta name=\"twitter:card\" content=\"summary_large_image\" \/>\n<meta name=\"twitter:label1\" content=\"Escrito por\" \/>\n\t<meta name=\"twitter:data1\" content=\"Ignacio Chulia\" \/>\n\t<meta name=\"twitter:label2\" content=\"Tiempo de lectura\" \/>\n\t<meta name=\"twitter:data2\" content=\"1 minuto\" \/>\n<script type=\"application\/ld+json\" class=\"yoast-schema-graph\">{\"@context\":\"https:\/\/schema.org\",\"@graph\":[{\"@type\":\"WebPage\",\"@id\":\"https:\/\/bocaparatodoelmundo.com.ar\/?p=259\",\"url\":\"https:\/\/bocaparatodoelmundo.com.ar\/?p=259\",\"name\":\"Jornada Supercl\u00e1sica - BOCA PARA TODO EL MUNDO\",\"isPartOf\":{\"@id\":\"https:\/\/bocaparatodoelmundo.com.ar\/#website\"},\"datePublished\":\"2022-08-25T14:48:14+00:00\",\"dateModified\":\"2022-09-09T12:37:00+00:00\",\"author\":{\"@id\":\"https:\/\/bocaparatodoelmundo.com.ar\/#\/schema\/person\/5dbdc935be6051ba5cb6745b36d3c00c\"},\"breadcrumb\":{\"@id\":\"https:\/\/bocaparatodoelmundo.com.ar\/?p=259#breadcrumb\"},\"inLanguage\":\"es-AR\",\"potentialAction\":[{\"@type\":\"ReadAction\",\"target\":[\"https:\/\/bocaparatodoelmundo.com.ar\/?p=259\"]}]},{\"@type\":\"BreadcrumbList\",\"@id\":\"https:\/\/bocaparatodoelmundo.com.ar\/?p=259#breadcrumb\",\"itemListElement\":[{\"@type\":\"ListItem\",\"position\":1,\"name\":\"Inicio\",\"item\":\"https:\/\/bocaparatodoelmundo.com.ar\/\"},{\"@type\":\"ListItem\",\"position\":2,\"name\":\"Jornada Supercl\u00e1sica\"}]},{\"@type\":\"WebSite\",\"@id\":\"https:\/\/bocaparatodoelmundo.com.ar\/#website\",\"url\":\"https:\/\/bocaparatodoelmundo.com.ar\/\",\"name\":\"BOCA PARA TODO EL MUNDO\",\"description\":\"Toda la historia y actualidad del club atletico boca junios esta aqui\",\"potentialAction\":[{\"@type\":\"SearchAction\",\"target\":{\"@type\":\"EntryPoint\",\"urlTemplate\":\"https:\/\/bocaparatodoelmundo.com.ar\/?s={search_term_string}\"},\"query-input\":\"required name=search_term_string\"}],\"inLanguage\":\"es-AR\"},{\"@type\":\"Person\",\"@id\":\"https:\/\/bocaparatodoelmundo.com.ar\/#\/schema\/person\/5dbdc935be6051ba5cb6745b36d3c00c\",\"name\":\"Ignacio Chulia\",\"image\":{\"@type\":\"ImageObject\",\"inLanguage\":\"es-AR\",\"@id\":\"https:\/\/bocaparatodoelmundo.com.ar\/#\/schema\/person\/image\/\",\"url\":\"https:\/\/secure.gravatar.com\/avatar\/ed0ff2363c9d2c3f78f9ce5c1dea06609a99880836a21863e98819afdabc1845?s=96&d=mm&r=g\",\"contentUrl\":\"https:\/\/secure.gravatar.com\/avatar\/ed0ff2363c9d2c3f78f9ce5c1dea06609a99880836a21863e98819afdabc1845?s=96&d=mm&r=g\",\"caption\":\"Ignacio Chulia\"},\"url\":\"https:\/\/bocaparatodoelmundo.com.ar\/?author=5\"}]}<\/script>\n<!-- \/ Yoast SEO plugin. -->","yoast_head_json":{"title":"Jornada Supercl\u00e1sica - BOCA PARA TODO EL MUNDO","robots":{"index":"index","follow":"follow","max-snippet":"max-snippet:-1","max-image-preview":"max-image-preview:large","max-video-preview":"max-video-preview:-1"},"canonical":"https:\/\/bocaparatodoelmundo.com.ar\/?p=259","og_locale":"es_ES","og_type":"article","og_title":"Jornada Supercl\u00e1sica - BOCA PARA TODO EL MUNDO","og_description":"Las formativas del B\u00e1squet Xeneize del club vieron acci\u00f3n el pasado S\u00e1bado 20\/8 ante su...","og_url":"https:\/\/bocaparatodoelmundo.com.ar\/?p=259","og_site_name":"BOCA PARA TODO EL MUNDO","article_published_time":"2022-08-25T14:48:14+00:00","article_modified_time":"2022-09-09T12:37:00+00:00","og_image":[{"width":1600,"height":1200,"url":"https:\/\/bocaparatodoelmundo.com.ar\/wp-content\/uploads\/2022\/08\/20220822_190939.jpg","type":"image\/jpeg"}],"author":"Ignacio Chulia","twitter_card":"summary_large_image","twitter_misc":{"Escrito por":"Ignacio Chulia","Tiempo de lectura":"1 minuto"},"schema":{"@context":"https:\/\/schema.org","@graph":[{"@type":"WebPage","@id":"https:\/\/bocaparatodoelmundo.com.ar\/?p=259","url":"https:\/\/bocaparatodoelmundo.com.ar\/?p=259","name":"Jornada Supercl\u00e1sica - BOCA PARA TODO EL MUNDO","isPartOf":{"@id":"https:\/\/bocaparatodoelmundo.com.ar\/#website"},"datePublished":"2022-08-25T14:48:14+00:00","dateModified":"2022-09-09T12:37:00+00:00","author":{"@id":"https:\/\/bocaparatodoelmundo.com.ar\/#\/schema\/person\/5dbdc935be6051ba5cb6745b36d3c00c"},"breadcrumb":{"@id":"https:\/\/bocaparatodoelmundo.com.ar\/?p=259#breadcrumb"},"inLanguage":"es-AR","potentialAction":[{"@type":"ReadAction","target":["https:\/\/bocaparatodoelmundo.com.ar\/?p=259"]}]},{"@type":"BreadcrumbList","@id":"https:\/\/bocaparatodoelmundo.com.ar\/?p=259#breadcrumb","itemListElement":[{"@type":"ListItem","position":1,"name":"Inicio","item":"https:\/\/bocaparatodoelmundo.com.ar\/"},{"@type":"ListItem","position":2,"name":"Jornada Supercl\u00e1sica"}]},{"@type":"WebSite","@id":"https:\/\/bocaparatodoelmundo.com.ar\/#website","url":"https:\/\/bocaparatodoelmundo.com.ar\/","name":"BOCA PARA TODO EL MUNDO","description":"Toda la historia y actualidad del club atletico boca junios esta aqui","potentialAction":[{"@type":"SearchAction","target":{"@type":"EntryPoint","urlTemplate":"https:\/\/bocaparatodoelmundo.com.ar\/?s={search_term_string}"},"query-input":"required name=search_term_string"}],"inLanguage":"es-AR"},{"@type":"Person","@id":"https:\/\/bocaparatodoelmundo.com.ar\/#\/schema\/person\/5dbdc935be6051ba5cb6745b36d3c00c","name":"Ignacio Chulia","image":{"@type":"ImageObject","inLanguage":"es-AR","@id":"https:\/\/bocaparatodoelmundo.com.ar\/#\/schema\/person\/image\/","url":"https:\/\/secure.gravatar.com\/avatar\/ed0ff2363c9d2c3f78f9ce5c1dea06609a99880836a21863e98819afdabc1845?s=96&d=mm&r=g","contentUrl":"https:\/\/secure.gravatar.com\/avatar\/ed0ff2363c9d2c3f78f9ce5c1dea06609a99880836a21863e98819afdabc1845?s=96&d=mm&r=g","caption":"Ignacio Chulia"},"url":"https:\/\/bocaparatodoelmundo.com.ar\/?author=5"}]}},"_links":{"self":[{"href":"https:\/\/bocaparatodoelmundo.com.ar\/index.php?rest_route=\/wp\/v2\/posts\/259","targetHints":{"allow":["GET"]}}],"collection":[{"href":"https:\/\/bocaparatodoelmundo.com.ar\/index.php?rest_route=\/wp\/v2\/posts"}],"about":[{"href":"https:\/\/bocaparatodoelmundo.com.ar\/index.php?rest_route=\/wp\/v2\/types\/post"}],"author":[{"embeddable":true,"href":"https:\/\/bocaparatodoelmundo.com.ar\/index.php?rest_route=\/wp\/v2\/users\/5"}],"replies":[{"embeddable":true,"href":"https:\/\/bocaparatodoelmundo.com.ar\/index.php?rest_route=%2Fwp%2Fv2%2Fcomments&post=259"}],"version-history":[{"count":1,"href":"https:\/\/bocaparatodoelmundo.com.ar\/index.php?rest_route=\/wp\/v2\/posts\/259\/revisions"}],"predecessor-version":[{"id":261,"href":"https:\/\/bocaparatodoelmundo.com.ar\/index.php?rest_route=\/wp\/v2\/posts\/259\/revisions\/261"}],"wp:featuredmedia":[{"embeddable":true,"href":"https:\/\/bocaparatodoelmundo.com.ar\/index.php?rest_route=\/wp\/v2\/media\/260"}],"wp:attachment":[{"href":"https:\/\/bocaparatodoelmundo.com.ar\/index.php?rest_route=%2Fwp%2Fv2%2Fmedia&parent=259"}],"wp:term":[{"taxonomy":"category","embeddable":true,"href":"https:\/\/bocaparatodoelmundo.com.ar\/index.php?rest_route=%2Fwp%2Fv2%2Fcategories&post=259"},{"taxonomy":"post_tag","embeddable":true,"href":"https:\/\/bocaparatodoelmundo.com.ar\/index.php?rest_route=%2Fwp%2Fv2%2Ftags&post=259"}],"curies":[{"name":"wp","href":"https:\/\/api.w.org\/{rel}","templated":true}]}}