{"id":2520,"date":"2024-02-01T12:11:22","date_gmt":"2024-02-01T15:11:22","guid":{"rendered":"https:\/\/bocaparatodoelmundo.com.ar\/?p=2520"},"modified":"2024-02-01T12:11:24","modified_gmt":"2024-02-01T15:11:24","slug":"blanco-es-azul-y-oro","status":"publish","type":"post","link":"https:\/\/bocaparatodoelmundo.com.ar\/?p=2520","title":{"rendered":"Blanco es Azul y Oro"},"content":{"rendered":"\n<h4 class=\"wp-block-heading\"><span style=\"color: rgb(94, 94, 94); font-family: &quot;Roboto Condensed&quot;, &quot;Helvetica Neue&quot;, Arial, sans-serif; font-size: 20px; white-space-collapse: collapse;\">Boca lo public\u00f3 en sus redes sociales y habl\u00f3 en conferencia junto a Juan Rom\u00e1n Riquelme. Se suma a las llegadas de Cristian Lema y Kevin Zen\u00f3n.<\/span><\/h4>\n\n\n\n<p>El mercado de pases no est\u00e1 cerca de cerrar para\u00a0<strong><a href=\"https:\/\/www.lmneuquen.com\/deportes\/boca-negocia-un-refuerzo-y-esta-cerca-un-acuerdo-ojala-se-de-n1089997\" target=\"_blank\" rel=\"noreferrer noopener\">Boca<\/a><\/strong>. Luego de las llegadas de\u00a0<strong>Cristian Lema<\/strong>\u00a0desde\u00a0<strong>Lan\u00fas\u00a0<\/strong>y\u00a0<strong>Kevin Zen\u00f3n<\/strong>\u00a0desde\u00a0<strong>Uni\u00f3n<\/strong>, ahora se suma un refuerzo desde Europa:\u00a0<strong>Lautaro Blanco<\/strong>. El lateral izquierdo\u00a0se pondr\u00e1 bajo las ordenes de\u00a0<strong>Diego Mart\u00ednez<\/strong>.<\/p>\n\n\n\n<p>Las negociaciones eran p\u00fablicas y&nbsp;<strong>Juan Rom\u00e1n Riquelme<\/strong>&nbsp;hab\u00eda expresado su deseo de sumarlo al club, luego de una oportunidad que surgi\u00f3 dentro de la negociaci\u00f3n por&nbsp;<strong>Aaron Molinas<\/strong>. El volante pas\u00f3 a&nbsp;<strong>Defensa y Justicia<\/strong>&nbsp;y el defensor, representado por&nbsp;<strong>Cristian Bragarnik<\/strong>, llega proveniente desde el&nbsp;<strong>Elche&nbsp;<\/strong>de Espa\u00f1a.<\/p>\n\n\n\n<p>El flamante refuerzo habl\u00f3 en conferencia de prensa con el presidente del club, que lo introdujo frente a la prensa y los hinchas con unas breves palabras donde le agradeci\u00f3 haber dejado el Viejo Continente para llegar al club de la Ribera.<\/p>\n\n\n\n<p>&#8220;<strong>Estamos muy felices de contar con Lautaro y decir que es jugador de Boca<\/strong>. Quiero que sea muy feliz, le damos much\u00edsimas gracias por venir a nuestro club. Espero que lo disfruten&#8221;, expres\u00f3 Riquelme en el comienzo de la conferencia.<\/p>\n\n\n\n<h2 class=\"wp-block-heading\">Lautaro Blanco habl\u00f3 por primera vez como refuerzo de Boca<\/h2>\n\n\n\n<p>Por su parte, Lautaro Blanco dej\u00f3 en claro que no le preocupa competir contra otros dos jugadores importantes como&nbsp;<strong>Frank Fabra<\/strong>, que lleva ocho a\u00f1os en el club, y&nbsp;<strong>Marcelo Saracchi<\/strong>&nbsp;que parece haberse ganado el puesto durante la pretemporada.<\/p>\n\n\n\n<p>&#8220;<strong>Uno busca la m\u00e1xima competencia tambi\u00e9n<\/strong>, eso al jugador lo hace sentir vivo. En este club y con la competencia que va a haber es muy importante, espero estar a la altura, obviamente&#8221;, dej\u00f3 en claro el lateral izquierdo.<\/p>\n\n\n\n<p>En cuanto a las negociaciones, cont\u00f3 lo que sinti\u00f3 cuando recibi\u00f3 el llamado desde Boca: &#8220;Sent\u00ed mucho orgullo cuando me llamaron.\u00a0<strong>Agradezco al club que se interes\u00f3 en m\u00ed, lo sent\u00ed como una gran oportunidad<\/strong>\u201d.<\/p>\n\n\n\n<p>Adem\u00e1s, dej\u00f3 en claro que buscar\u00e1 aprovechar la oportunidad y a su vez mencion\u00f3 que su familia se alegr\u00f3 por este nuevo paso en su carrera: \u201c<strong>Es un paso muy importante para mi carrera venir a este club<\/strong>, es una felicidad enorme para m\u00ed y mi familia, disfrutarlo con mucha responsabilidad&#8221;.<\/p>\n\n\n\n<p>Finalmente, el ex jugador de&nbsp;<strong>Rosario Central<\/strong>&nbsp;les dej\u00f3 unas palabras a los hinchas de Boca y cont\u00f3 con qu\u00e9 jugador se van a encontrar. \u201cLos hinchas se van a encontrar con un jugador con muchas ganas de aportarle cosas al equipo y al club\u201d.<\/p>\n\n\n\n<h2 class=\"wp-block-heading\">Los otros refuerzos que espera Boca<\/h2>\n\n\n\n<p>A pesar de la llegada de Lautaro Blanco, el Xeneize no se retira del mercado de pases.&nbsp;<a href=\"https:\/\/www.lmneuquen.com\/deportes\/asi-defendio-el-dt-boca-el-fracaso-su-primer-partido-la-copa-la-liga-n1089041\" target=\"_blank\" rel=\"noreferrer noopener\">Diego Mart\u00ednez<\/a>, tras dirigir sus primeros partidos, es consciente que el club necesita un enganche por el sistema de juego que busca impulsar.&nbsp;<strong>Ezequiel Bullaude<\/strong>&nbsp;est\u00e1 ocupando ese lugar, pero busca a alguien con mayor creaci\u00f3n.<\/p>\n\n\n\n<p>En ese sentido, Boca comenz\u00f3 a negociar con&nbsp;<strong>Gabriel Florent\u00edn<\/strong>, el ex volante de&nbsp;<strong>Argentinos Juniors<\/strong>&nbsp;que actualmente se encuentra en&nbsp;<strong>Rusia<\/strong>. En principio intent\u00f3 traerlo a pr\u00e9stamo, pero su club espera una oferta para comprarle un porcentaje del pase.<\/p>\n\n\n\n<p>Adem\u00e1s de Florent\u00edn, el club de la Ribera har\u00e1 un nuevo intento por el delantero chileno&nbsp;<strong>Carlos Palacios<\/strong>, que milita en&nbsp;<strong>Colo Colo<\/strong>. A pesar de tener todo acordado para renovar, sorprendi\u00f3 en conferencia al responder que \u201ca Boca no se le puede decir que no\u201d.<\/p>\n","protected":false},"excerpt":{"rendered":"<p>Boca lo public\u00f3 en sus redes sociales y habl\u00f3 en conferencia junto a Juan Rom\u00e1n&#8230;<\/p>\n","protected":false},"author":3,"featured_media":2521,"comment_status":"open","ping_status":"open","sticky":false,"template":"","format":"standard","meta":{"footnotes":""},"categories":[4],"tags":[],"class_list":["post-2520","post","type-post","status-publish","format-standard","has-post-thumbnail","hentry","category-primera-division-masculina"],"yoast_head":"<!-- This site is optimized with the Yoast SEO plugin v21.4 - https:\/\/yoast.com\/wordpress\/plugins\/seo\/ -->\n<title>Blanco es Azul y Oro - BOCA PARA TODO EL MUNDO<\/title>\n<meta name=\"robots\" content=\"index, follow, max-snippet:-1, max-image-preview:large, max-video-preview:-1\" \/>\n<link rel=\"canonical\" href=\"https:\/\/bocaparatodoelmundo.com.ar\/?p=2520\" \/>\n<meta property=\"og:locale\" content=\"es_ES\" \/>\n<meta property=\"og:type\" content=\"article\" \/>\n<meta property=\"og:title\" content=\"Blanco es Azul y Oro - BOCA PARA TODO EL MUNDO\" \/>\n<meta property=\"og:description\" content=\"Boca lo public\u00f3 en sus redes sociales y habl\u00f3 en conferencia junto a Juan Rom\u00e1n...\" \/>\n<meta property=\"og:url\" content=\"https:\/\/bocaparatodoelmundo.com.ar\/?p=2520\" \/>\n<meta property=\"og:site_name\" content=\"BOCA PARA TODO EL MUNDO\" \/>\n<meta property=\"article:published_time\" content=\"2024-02-01T15:11:22+00:00\" \/>\n<meta property=\"article:modified_time\" content=\"2024-02-01T15:11:24+00:00\" \/>\n<meta property=\"og:image\" content=\"https:\/\/bocaparatodoelmundo.com.ar\/wp-content\/uploads\/2024\/02\/0jpg.webp\" \/>\n\t<meta property=\"og:image:width\" content=\"770\" \/>\n\t<meta property=\"og:image:height\" content=\"435\" \/>\n\t<meta property=\"og:image:type\" content=\"image\/webp\" \/>\n<meta name=\"author\" content=\"Redaccion BPTM\" \/>\n<meta name=\"twitter:card\" content=\"summary_large_image\" \/>\n<meta name=\"twitter:label1\" content=\"Escrito por\" \/>\n\t<meta name=\"twitter:data1\" content=\"Redaccion BPTM\" \/>\n\t<meta name=\"twitter:label2\" content=\"Tiempo de lectura\" \/>\n\t<meta name=\"twitter:data2\" content=\"3 minutos\" \/>\n<script type=\"application\/ld+json\" class=\"yoast-schema-graph\">{\"@context\":\"https:\/\/schema.org\",\"@graph\":[{\"@type\":\"WebPage\",\"@id\":\"https:\/\/bocaparatodoelmundo.com.ar\/?p=2520\",\"url\":\"https:\/\/bocaparatodoelmundo.com.ar\/?p=2520\",\"name\":\"Blanco es Azul y Oro - BOCA PARA TODO EL MUNDO\",\"isPartOf\":{\"@id\":\"https:\/\/bocaparatodoelmundo.com.ar\/#website\"},\"datePublished\":\"2024-02-01T15:11:22+00:00\",\"dateModified\":\"2024-02-01T15:11:24+00:00\",\"author\":{\"@id\":\"https:\/\/bocaparatodoelmundo.com.ar\/#\/schema\/person\/cc56d27ea9d37f4cea3636086a1847c5\"},\"breadcrumb\":{\"@id\":\"https:\/\/bocaparatodoelmundo.com.ar\/?p=2520#breadcrumb\"},\"inLanguage\":\"es-AR\",\"potentialAction\":[{\"@type\":\"ReadAction\",\"target\":[\"https:\/\/bocaparatodoelmundo.com.ar\/?p=2520\"]}]},{\"@type\":\"BreadcrumbList\",\"@id\":\"https:\/\/bocaparatodoelmundo.com.ar\/?p=2520#breadcrumb\",\"itemListElement\":[{\"@type\":\"ListItem\",\"position\":1,\"name\":\"Inicio\",\"item\":\"https:\/\/bocaparatodoelmundo.com.ar\/\"},{\"@type\":\"ListItem\",\"position\":2,\"name\":\"Blanco es Azul y Oro\"}]},{\"@type\":\"WebSite\",\"@id\":\"https:\/\/bocaparatodoelmundo.com.ar\/#website\",\"url\":\"https:\/\/bocaparatodoelmundo.com.ar\/\",\"name\":\"BOCA PARA TODO EL MUNDO\",\"description\":\"Toda la historia y actualidad del club atletico boca junios esta aqui\",\"potentialAction\":[{\"@type\":\"SearchAction\",\"target\":{\"@type\":\"EntryPoint\",\"urlTemplate\":\"https:\/\/bocaparatodoelmundo.com.ar\/?s={search_term_string}\"},\"query-input\":\"required name=search_term_string\"}],\"inLanguage\":\"es-AR\"},{\"@type\":\"Person\",\"@id\":\"https:\/\/bocaparatodoelmundo.com.ar\/#\/schema\/person\/cc56d27ea9d37f4cea3636086a1847c5\",\"name\":\"Redaccion BPTM\",\"image\":{\"@type\":\"ImageObject\",\"inLanguage\":\"es-AR\",\"@id\":\"https:\/\/bocaparatodoelmundo.com.ar\/#\/schema\/person\/image\/\",\"url\":\"https:\/\/secure.gravatar.com\/avatar\/3b62665b8c08843736974a055cc2398ba6bb7fd2fe787285105d666c418a7d13?s=96&d=mm&r=g\",\"contentUrl\":\"https:\/\/secure.gravatar.com\/avatar\/3b62665b8c08843736974a055cc2398ba6bb7fd2fe787285105d666c418a7d13?s=96&d=mm&r=g\",\"caption\":\"Redaccion BPTM\"},\"sameAs\":[\"http:\/\/bocaparatodoelmundo.com.ar\"],\"url\":\"https:\/\/bocaparatodoelmundo.com.ar\/?author=3\"}]}<\/script>\n<!-- \/ Yoast SEO plugin. -->","yoast_head_json":{"title":"Blanco es Azul y Oro - BOCA PARA TODO EL MUNDO","robots":{"index":"index","follow":"follow","max-snippet":"max-snippet:-1","max-image-preview":"max-image-preview:large","max-video-preview":"max-video-preview:-1"},"canonical":"https:\/\/bocaparatodoelmundo.com.ar\/?p=2520","og_locale":"es_ES","og_type":"article","og_title":"Blanco es Azul y Oro - BOCA PARA TODO EL MUNDO","og_description":"Boca lo public\u00f3 en sus redes sociales y habl\u00f3 en conferencia junto a Juan Rom\u00e1n...","og_url":"https:\/\/bocaparatodoelmundo.com.ar\/?p=2520","og_site_name":"BOCA PARA TODO EL MUNDO","article_published_time":"2024-02-01T15:11:22+00:00","article_modified_time":"2024-02-01T15:11:24+00:00","og_image":[{"width":770,"height":435,"url":"https:\/\/bocaparatodoelmundo.com.ar\/wp-content\/uploads\/2024\/02\/0jpg.webp","type":"image\/webp"}],"author":"Redaccion BPTM","twitter_card":"summary_large_image","twitter_misc":{"Escrito por":"Redaccion BPTM","Tiempo de lectura":"3 minutos"},"schema":{"@context":"https:\/\/schema.org","@graph":[{"@type":"WebPage","@id":"https:\/\/bocaparatodoelmundo.com.ar\/?p=2520","url":"https:\/\/bocaparatodoelmundo.com.ar\/?p=2520","name":"Blanco es Azul y Oro - BOCA PARA TODO EL MUNDO","isPartOf":{"@id":"https:\/\/bocaparatodoelmundo.com.ar\/#website"},"datePublished":"2024-02-01T15:11:22+00:00","dateModified":"2024-02-01T15:11:24+00:00","author":{"@id":"https:\/\/bocaparatodoelmundo.com.ar\/#\/schema\/person\/cc56d27ea9d37f4cea3636086a1847c5"},"breadcrumb":{"@id":"https:\/\/bocaparatodoelmundo.com.ar\/?p=2520#breadcrumb"},"inLanguage":"es-AR","potentialAction":[{"@type":"ReadAction","target":["https:\/\/bocaparatodoelmundo.com.ar\/?p=2520"]}]},{"@type":"BreadcrumbList","@id":"https:\/\/bocaparatodoelmundo.com.ar\/?p=2520#breadcrumb","itemListElement":[{"@type":"ListItem","position":1,"name":"Inicio","item":"https:\/\/bocaparatodoelmundo.com.ar\/"},{"@type":"ListItem","position":2,"name":"Blanco es Azul y Oro"}]},{"@type":"WebSite","@id":"https:\/\/bocaparatodoelmundo.com.ar\/#website","url":"https:\/\/bocaparatodoelmundo.com.ar\/","name":"BOCA PARA TODO EL MUNDO","description":"Toda la historia y actualidad del club atletico boca junios esta aqui","potentialAction":[{"@type":"SearchAction","target":{"@type":"EntryPoint","urlTemplate":"https:\/\/bocaparatodoelmundo.com.ar\/?s={search_term_string}"},"query-input":"required name=search_term_string"}],"inLanguage":"es-AR"},{"@type":"Person","@id":"https:\/\/bocaparatodoelmundo.com.ar\/#\/schema\/person\/cc56d27ea9d37f4cea3636086a1847c5","name":"Redaccion BPTM","image":{"@type":"ImageObject","inLanguage":"es-AR","@id":"https:\/\/bocaparatodoelmundo.com.ar\/#\/schema\/person\/image\/","url":"https:\/\/secure.gravatar.com\/avatar\/3b62665b8c08843736974a055cc2398ba6bb7fd2fe787285105d666c418a7d13?s=96&d=mm&r=g","contentUrl":"https:\/\/secure.gravatar.com\/avatar\/3b62665b8c08843736974a055cc2398ba6bb7fd2fe787285105d666c418a7d13?s=96&d=mm&r=g","caption":"Redaccion BPTM"},"sameAs":["http:\/\/bocaparatodoelmundo.com.ar"],"url":"https:\/\/bocaparatodoelmundo.com.ar\/?author=3"}]}},"_links":{"self":[{"href":"https:\/\/bocaparatodoelmundo.com.ar\/index.php?rest_route=\/wp\/v2\/posts\/2520","targetHints":{"allow":["GET"]}}],"collection":[{"href":"https:\/\/bocaparatodoelmundo.com.ar\/index.php?rest_route=\/wp\/v2\/posts"}],"about":[{"href":"https:\/\/bocaparatodoelmundo.com.ar\/index.php?rest_route=\/wp\/v2\/types\/post"}],"author":[{"embeddable":true,"href":"https:\/\/bocaparatodoelmundo.com.ar\/index.php?rest_route=\/wp\/v2\/users\/3"}],"replies":[{"embeddable":true,"href":"https:\/\/bocaparatodoelmundo.com.ar\/index.php?rest_route=%2Fwp%2Fv2%2Fcomments&post=2520"}],"version-history":[{"count":1,"href":"https:\/\/bocaparatodoelmundo.com.ar\/index.php?rest_route=\/wp\/v2\/posts\/2520\/revisions"}],"predecessor-version":[{"id":2522,"href":"https:\/\/bocaparatodoelmundo.com.ar\/index.php?rest_route=\/wp\/v2\/posts\/2520\/revisions\/2522"}],"wp:featuredmedia":[{"embeddable":true,"href":"https:\/\/bocaparatodoelmundo.com.ar\/index.php?rest_route=\/wp\/v2\/media\/2521"}],"wp:attachment":[{"href":"https:\/\/bocaparatodoelmundo.com.ar\/index.php?rest_route=%2Fwp%2Fv2%2Fmedia&parent=2520"}],"wp:term":[{"taxonomy":"category","embeddable":true,"href":"https:\/\/bocaparatodoelmundo.com.ar\/index.php?rest_route=%2Fwp%2Fv2%2Fcategories&post=2520"},{"taxonomy":"post_tag","embeddable":true,"href":"https:\/\/bocaparatodoelmundo.com.ar\/index.php?rest_route=%2Fwp%2Fv2%2Ftags&post=2520"}],"curies":[{"name":"wp","href":"https:\/\/api.w.org\/{rel}","templated":true}]}}