{"id":2469,"date":"2024-01-02T14:12:00","date_gmt":"2024-01-02T17:12:00","guid":{"rendered":"https:\/\/bocaparatodoelmundo.com.ar\/?p=2469"},"modified":"2024-01-03T14:12:51","modified_gmt":"2024-01-03T17:12:51","slug":"el-primer-dia-de-martinez-dt","status":"publish","type":"post","link":"https:\/\/bocaparatodoelmundo.com.ar\/?p=2469","title":{"rendered":"El primer d\u00eda de Mart\u00ednez DT"},"content":{"rendered":"\n<h4 class=\"wp-block-heading\">Este martes 2 de enero comenz\u00f3 de manera oficial la era\u00a0<strong>Diego Mart\u00ednez en Boca Juniors<\/strong>. Los jugadores arrancaron los entrenamientos con el flamante DT, quien firm\u00f3 un contrato por un a\u00f1o con opci\u00f3n a otro m\u00e1s, tras una complicada negociaci\u00f3n que incluy\u00f3 un resarcimiento a Hurac\u00e1n.<\/h4>\n\n\n\n<p>El director t\u00e9cnico de\u00a0<strong>45 a\u00f1os<\/strong>\u00a0comenz\u00f3 sus tareas muy temprano (lleg\u00f3 cerca de las 6) en el predio que el club posee en la localidad bonaerense de Ezeiza, a\u00fan sin incorporaciones y con miras a los estrenos respectivos en la Copa Argentina y Copa de la Liga, previstos para fin de mes.<\/p>\n\n\n\n<p>El ex entrenador de Godoy Cruz de Mendoza, Tigre y Hurac\u00e1n, entre otras entidades, comenz\u00f3 el trabajo, junto a su&nbsp;<strong>grupo de colaboradores<\/strong>&nbsp;compuesto por&nbsp;<strong>Cristian Bardaro, Adri\u00e1n Gonz\u00e1lez y Gustavo Rodr\u00edguez<\/strong>&nbsp;como ayudantes de campo;&nbsp;<strong>Juan Manuel Conte y Leandro Mazziotti<\/strong>&nbsp;como preparadores f\u00edsicos,&nbsp;<strong>Patricio Ciavarella<\/strong>&nbsp;en coaching;&nbsp;<strong>Pablo Campod\u00f3nico<\/strong>&nbsp;como entrenador de arqueros y Omar Mateo como analista de videos.<\/p>\n\n\n\n<p>\u201cEl nuevo entrenador Xeneize, Diego Mart\u00ednez, se prepara para dar inicio a la pretemporada junto a sus colaboradores en Boca Predio\u201d, fue el mensaje de Boca Juniors en las redes sociales oficiales del club, junto con la foto del cuerpo t\u00e9cnico completo de Diego Mart\u00ednez.<\/p>\n\n\n\n<p><img loading=\"lazy\" decoding=\"async\" alt=\"El cuerpo t\u00e9cnico completo de Diego Mart\u00ednez\" height=\"1388\" width=\"2048\" src=\"https:\/\/www.infobae.com\/new-resizer\/rjCDWTwOsCogwg97G2ah8grk3X8=\/420x280\/filters:format(webp):quality(85)\/cloudfront-us-east-1.images.arcpublishing.com\/infobae\/CJT7JYMRYJFZZGURGWP3H7QRZA.jpg%20420w\" srcset=\"https:\/\/www.infobae.com\/new-resizer\/rjCDWTwOsCogwg97G2ah8grk3X8=\/420x280\/filters:format(webp):quality(85)\/cloudfront-us-east-1.images.arcpublishing.com\/infobae\/CJT7JYMRYJFZZGURGWP3H7QRZA.jpg 420w,https:\/\/www.infobae.com\/new-resizer\/nmNQTvamswFoEaiGoL1AZElRRHw=\/768x512\/filters:format(webp):quality(85)\/cloudfront-us-east-1.images.arcpublishing.com\/infobae\/CJT7JYMRYJFZZGURGWP3H7QRZA.jpg 768w,https:\/\/www.infobae.com\/new-resizer\/igILYxS_gW0N6zTyOus1WbOVNPc=\/992x661\/filters:format(webp):quality(85)\/cloudfront-us-east-1.images.arcpublishing.com\/infobae\/CJT7JYMRYJFZZGURGWP3H7QRZA.jpg 992w,https:\/\/www.infobae.com\/new-resizer\/dUamRSteOzgrWPiSqlqHXRbS410=\/1200x800\/filters:format(webp):quality(85)\/cloudfront-us-east-1.images.arcpublishing.com\/infobae\/CJT7JYMRYJFZZGURGWP3H7QRZA.jpg 1200w,https:\/\/www.infobae.com\/new-resizer\/f9BXs8exQ6-lo5hgZPQ7D_sPer8=\/1440x960\/filters:format(webp):quality(85)\/cloudfront-us-east-1.images.arcpublishing.com\/infobae\/CJT7JYMRYJFZZGURGWP3H7QRZA.jpg 1440w\">El cuerpo t\u00e9cnico completo de Diego Mart\u00ednez<\/p>\n\n\n\n<p>A partir de esta presentaci\u00f3n en sociedad es que los hinchas se preguntaron qu\u00e9 pasar\u00e1 con Fernando Gayoso, el entrenador de arqueros de los \u00faltimos dos per\u00edodos en Boca Juniors. Si bien no hubo informaci\u00f3n oficial, se estima que el especialista contin\u00fae ligado a la instituci\u00f3n ya que posee un contrato por un a\u00f1o m\u00e1s. Lo mismo ocurre con los preparadores f\u00edsicos Pablo Santella y Alejandro Blasco.<\/p>\n\n\n\n<h4 class=\"wp-block-heading\">El ascenso de Gayoso<\/h4>\n\n\n\n<p>Fernando Gayoso, de gran reconocimiento por su labor en las definiciones por penales en especial con Chiquito Romero y Agust\u00edn Rossi, form\u00f3 parte de los cuerpos t\u00e9cnicos de Miguel \u00c1ngel Russo, Sebasti\u00e1n Battaglia, Hugo Ibarra y Jorge Almir\u00f3n, ya que es empleado del club. Teniendo en cuenta que Diego Mart\u00ednez tiene a su propio profesional, existe una seria posibilidad de que el ex entrenador de arqueros en Racing Club pase a integrar la coordinaci\u00f3n general del \u00e1rea, abarcando desde la Primera Divisi\u00f3n hasta la \u00faltima categor\u00eda juvenil.<\/p>\n\n\n\n<p>\u201cEl trabajo de Gayoso&nbsp;es para destacar. En ninguna etapa de mi carrera me hab\u00edan exigido el gimnasio&nbsp;como algo puntual para los arqueros, del d\u00eda a d\u00eda, y&nbsp;ac\u00e1 me encontr\u00e9 con una rutina totalmente diferente&nbsp;que me ayud\u00f3 much\u00edsimo\u201d, fue el gran elogio de Chiquito Romero tras la estupenda Copa Libertadores que realiz\u00f3, siendo clave en varias fases en la definici\u00f3n por penales.<\/p>\n\n\n\n<p><img loading=\"lazy\" decoding=\"async\" height=\"1425\" width=\"2137\" srcset=\"https:\/\/www.infobae.com\/new-resizer\/MiU-LiBoxPKydUUfVymBBZ2-aPU=\/420x280\/filters:format(webp):quality(85)\/cloudfront-us-east-1.images.arcpublishing.com\/infobae\/VLWE2PLS5EPWNJWJSQUVEZZAJU.jpg 420w,https:\/\/www.infobae.com\/new-resizer\/UCTeIIs6-BurzuInsjhnZQO1Sb0=\/768x512\/filters:format(webp):quality(85)\/cloudfront-us-east-1.images.arcpublishing.com\/infobae\/VLWE2PLS5EPWNJWJSQUVEZZAJU.jpg 768w,https:\/\/www.infobae.com\/new-resizer\/I0LwM-cYfVFC5WFpJZ4qro2fuCE=\/992x661\/filters:format(webp):quality(85)\/cloudfront-us-east-1.images.arcpublishing.com\/infobae\/VLWE2PLS5EPWNJWJSQUVEZZAJU.jpg 992w,https:\/\/www.infobae.com\/new-resizer\/m7b_jMQCjZ7Em7eJPzJ8cBfEoXU=\/1200x800\/filters:format(webp):quality(85)\/cloudfront-us-east-1.images.arcpublishing.com\/infobae\/VLWE2PLS5EPWNJWJSQUVEZZAJU.jpg 1200w,https:\/\/www.infobae.com\/new-resizer\/mihtvibbati37IdO3Yw0HTpSEV4=\/1440x960\/filters:format(webp):quality(85)\/cloudfront-us-east-1.images.arcpublishing.com\/infobae\/VLWE2PLS5EPWNJWJSQUVEZZAJU.jpg 1440w\" src=\"https:\/\/www.infobae.com\/new-resizer\/MiU-LiBoxPKydUUfVymBBZ2-aPU=\/420x280\/filters:format(webp):quality(85)\/cloudfront-us-east-1.images.arcpublishing.com\/infobae\/VLWE2PLS5EPWNJWJSQUVEZZAJU.jpg%20420w\" alt=\"El portero argentino Sergio Romero de Boca Juniors para el penal del brasile\u00f1o Gustavo G\u00f3mez de Palmeiras en la semifinal de la Copa Libertadores, el jueves 5 de agosto de 2023, en Sao Paulo. (AP Foto\/Bruna Prado)\">El portero argentino Sergio Romero de Boca Juniors para el penal del brasile\u00f1o Gustavo G\u00f3mez de Palmeiras en la semifinal de la Copa Libertadores, el jueves 5 de agosto de 2023, en Sao Paulo. (AP Foto\/Bruna Prado)<\/p>\n\n\n\n<h4 class=\"wp-block-heading\">Primer dia para el plantel de Mart\u00ednez<\/h4>\n\n\n\n<p>En el primer d\u00eda de trabajo, los jugadores efectuaron ligeros movimientos f\u00edsicos con pelota, en una de las canchas auxiliares del predio, luego de los requisitos m\u00e9dicos. El \u00fanico ausente, con permiso, result\u00f3 el colombiano&nbsp;<strong>Frank Fabra<\/strong>&nbsp;, quien se unir\u00e1 el mi\u00e9rcoles a sus compa\u00f1eros. Durante la jornada estuvieron&nbsp;<strong>Leandro Brey<\/strong>,&nbsp;<strong>Nicol\u00e1s Valentini, Valent\u00edn Barco, Ezequiel Fern\u00e1ndez y Cristian Medina<\/strong>, aunque ma\u00f1ana ya no estar\u00e1n porque quedar\u00e1n afectados al seleccionado Sub \u201823 de f\u00fatbol que dirige Javier Mascherano y que buscar\u00e1 la clasificaci\u00f3n a los Juegos Ol\u00edmpicos Par\u00eds 2024, en el certamen que se jugar\u00e1 en Venezuela desde el s\u00e1bado 20.<\/p>\n\n\n\n<p>Mart\u00ednez, quien ya despleg\u00f3 tareas en la entidad en el departamento de infantiles y menores all\u00e1 por 2012 (cuando el coordinador era Jorge Raffo), deber\u00e1 resolver en lo inmediato la situaci\u00f3n de 18 futbolistas que retornaron de sendos pr\u00e9stamos en otras instituciones. Algunos de los m\u00e1s reconocidos son\u00a0<strong>Aaron Molinas y Agust\u00edn Obando<\/strong>\u00a0(a ambos los tuvieron en su paso por Tigre),<strong>\u00a0Maximiliano Zalazar<\/strong>\u00a0(retorn\u00f3 desde Platense),\u00a0<strong>Renzo Giampaoli<\/strong>\u00a0(Quilmes),\u00a0<strong>Lucas Brochero\u00a0<\/strong>(Arsenal),\u00a0<strong>Gonzalo Maroni<\/strong>\u00a0(San Lorenzo)\u00a0<strong>y Gabriel Vega<\/strong>\u00a0(Godoy Cruz de Mendoza), entre otros.<\/p>\n\n\n\n<h4 class=\"wp-block-heading\">Incorporaciones de jerarqu\u00eda<\/h4>\n\n\n\n<p>El mi\u00e9rcoles ser\u00e1 una intensa jornada en el aspecto f\u00edsico. La intenci\u00f3n del nuevo cuerpo t\u00e9cnico estriba en realizar una pretemporada de doble turno, de -al menos- doce d\u00edas. La dirigencia xeneize contin\u00faa realizando gestiones para disputar sendos encuentros amistosos en la provincia de C\u00f3rdoba, con rivales a definir.\u00a0<strong>En cuanto al tema refuerzos, el defensor Cristian Lema<\/strong>\u00a0(de \u00faltimo paso por Lan\u00fas)\u00a0<strong>y el mediocampista \u00c9ver Banega asoman en punta<\/strong>\u00a0como para erigirse en las primeras adquisiciones de este mercado de pases.<\/p>\n\n\n\n<p><img loading=\"lazy\" decoding=\"async\" alt=\"Cristian Lema, a un paso de ser refuerzo de Boca Juniors\" height=\"1080\" width=\"1920\" src=\"https:\/\/www.infobae.com\/new-resizer\/tHMB8cZkgm6y7xL8K7Ibihv9H7E=\/420x236\/filters:format(webp):quality(85)\/cloudfront-us-east-1.images.arcpublishing.com\/infobae\/TK6KE4ZBHFFAZMSKQORSKTZCOE.jpg%20420w\" srcset=\"https:\/\/www.infobae.com\/new-resizer\/tHMB8cZkgm6y7xL8K7Ibihv9H7E=\/420x236\/filters:format(webp):quality(85)\/cloudfront-us-east-1.images.arcpublishing.com\/infobae\/TK6KE4ZBHFFAZMSKQORSKTZCOE.jpg 420w,https:\/\/www.infobae.com\/new-resizer\/c5Ye3ekdT-EJsrtnKdC16KmT8ho=\/768x432\/filters:format(webp):quality(85)\/cloudfront-us-east-1.images.arcpublishing.com\/infobae\/TK6KE4ZBHFFAZMSKQORSKTZCOE.jpg 768w,https:\/\/www.infobae.com\/new-resizer\/Tkx-W_1WQ4OccxE1W1telTlB_L8=\/992x558\/filters:format(webp):quality(85)\/cloudfront-us-east-1.images.arcpublishing.com\/infobae\/TK6KE4ZBHFFAZMSKQORSKTZCOE.jpg 992w,https:\/\/www.infobae.com\/new-resizer\/xEQiAmXt7cPr1pKQqkjMAxPg3Bc=\/1200x675\/filters:format(webp):quality(85)\/cloudfront-us-east-1.images.arcpublishing.com\/infobae\/TK6KE4ZBHFFAZMSKQORSKTZCOE.jpg 1200w,https:\/\/www.infobae.com\/new-resizer\/vkqFPvtmn8LynaMCdtl77UCOvqk=\/1440x810\/filters:format(webp):quality(85)\/cloudfront-us-east-1.images.arcpublishing.com\/infobae\/TK6KE4ZBHFFAZMSKQORSKTZCOE.jpg 1440w\">Cristian Lema, a un paso de ser refuerzo de Boca Juniors<\/p>\n\n\n\n<p>Lema, de 33 a\u00f1os, falt\u00f3 este martes al entrenamiento del Granate nuevamente y tiene previsto sentarse a negociar con la dirigencia boquense su inminente incorporaci\u00f3n. En principio, Boca ejecutar\u00e1 la cl\u00e1usula de salida por un monto de 400.000 d\u00f3lares. El ex defensor de Belgrano de C\u00f3rdoba, Quilmes y Newell\u2019s, entre otros clubes, llegar\u00e1 para sustituir la partida de Facundo Roncaglia, al margen de que Bruno Valdez tambi\u00e9n podr\u00eda emigrar y ser transferido a Paraguay.<\/p>\n\n\n\n<p>El rosarino Banega, por su lado, tambi\u00e9n avis\u00f3 a su club, Al Shabaab de Arabia Saudita, que no seguir\u00e1 e interrumpir\u00e1 un v\u00ednculo vigente hasta junio venidero. Lo cierto es que para que el volante vuelva a vestir la camiseta azul y oro es necesario abonarle a la instituci\u00f3n \u00e1rabe una suma cercana, a los 4 millones de d\u00f3lares. El jugador, de vacaciones en Punta del Este, guarda la resoluci\u00f3n de su situaci\u00f3n para saber cu\u00e1ndo regresar\u00e1 a la Argentina.<\/p>\n\n\n\n<p>En lo que respecto a eventuales salidas, una versi\u00f3n period\u00edstica indic\u00f3 que el atacante\u00a0<strong>Dar\u00edo Benedetto podr\u00eda emigrar a la Major League Soccer<\/strong>\u00a0(MLS) de Estados Unidos. Allegados al jugador le contaron a T\u00e9lam que \u201ces algo que Dar\u00edo (Benedetto) viene buscando hace rato\u201d, en torno a su futuro.<\/p>\n\n\n\n<h4 class=\"wp-block-heading\">A Merentiel lo quieren desde Espa\u00f1a<\/h4>\n\n\n\n<p>El uruguayo&nbsp;<strong>Miguel Merentiel<\/strong>, por su lado, tambi\u00e9n&nbsp;<strong>est\u00e1 en la mira del Granada<\/strong>&nbsp;de Espa\u00f1a; mientras que el club xeneize desestim\u00f3 en las \u00faltimas horas un nuevo ofrecimiento de Botafogo de Brasil por la transferencia del mediocampista Cristian Medina, cuya cl\u00e1usula de salida estriba en los 17 millones de d\u00f3lares.<\/p>\n","protected":false},"excerpt":{"rendered":"<p>Este martes 2 de enero comenz\u00f3 de manera oficial la era\u00a0Diego Mart\u00ednez en Boca Juniors&#8230;.<\/p>\n","protected":false},"author":3,"featured_media":2470,"comment_status":"open","ping_status":"open","sticky":false,"template":"","format":"standard","meta":{"footnotes":""},"categories":[4],"tags":[],"class_list":["post-2469","post","type-post","status-publish","format-standard","has-post-thumbnail","hentry","category-primera-division-masculina"],"yoast_head":"<!-- This site is optimized with the Yoast SEO plugin v21.4 - https:\/\/yoast.com\/wordpress\/plugins\/seo\/ -->\n<title>El primer d\u00eda de Mart\u00ednez DT - BOCA PARA TODO EL MUNDO<\/title>\n<meta name=\"robots\" content=\"index, follow, max-snippet:-1, max-image-preview:large, max-video-preview:-1\" \/>\n<link rel=\"canonical\" href=\"https:\/\/bocaparatodoelmundo.com.ar\/?p=2469\" \/>\n<meta property=\"og:locale\" content=\"es_ES\" \/>\n<meta property=\"og:type\" content=\"article\" \/>\n<meta property=\"og:title\" content=\"El primer d\u00eda de Mart\u00ednez DT - BOCA PARA TODO EL MUNDO\" \/>\n<meta property=\"og:description\" content=\"Este martes 2 de enero comenz\u00f3 de manera oficial la era\u00a0Diego Mart\u00ednez en Boca Juniors....\" \/>\n<meta property=\"og:url\" content=\"https:\/\/bocaparatodoelmundo.com.ar\/?p=2469\" \/>\n<meta property=\"og:site_name\" content=\"BOCA PARA TODO EL MUNDO\" \/>\n<meta property=\"article:published_time\" content=\"2024-01-02T17:12:00+00:00\" \/>\n<meta property=\"article:modified_time\" content=\"2024-01-03T17:12:51+00:00\" \/>\n<meta property=\"og:image\" content=\"https:\/\/bocaparatodoelmundo.com.ar\/wp-content\/uploads\/2024\/01\/El-nuevo-entrenador-Xeneize-Diego-Martinez-se-prepara-para-dar-inicio-a-la-pretemporada-junto-a-sus-colaboradores-en-@bocapredio-\ufe0fDaleBoca-e1704156223413.webp\" \/>\n\t<meta property=\"og:image:width\" content=\"1080\" \/>\n\t<meta property=\"og:image:height\" content=\"958\" \/>\n\t<meta property=\"og:image:type\" content=\"image\/webp\" \/>\n<meta name=\"author\" content=\"Redaccion BPTM\" \/>\n<meta name=\"twitter:card\" content=\"summary_large_image\" \/>\n<meta name=\"twitter:label1\" content=\"Escrito por\" \/>\n\t<meta name=\"twitter:data1\" content=\"Redaccion BPTM\" \/>\n\t<meta name=\"twitter:label2\" content=\"Tiempo de lectura\" \/>\n\t<meta name=\"twitter:data2\" content=\"6 minutos\" \/>\n<script type=\"application\/ld+json\" class=\"yoast-schema-graph\">{\"@context\":\"https:\/\/schema.org\",\"@graph\":[{\"@type\":\"WebPage\",\"@id\":\"https:\/\/bocaparatodoelmundo.com.ar\/?p=2469\",\"url\":\"https:\/\/bocaparatodoelmundo.com.ar\/?p=2469\",\"name\":\"El primer d\u00eda de Mart\u00ednez DT - BOCA PARA TODO EL MUNDO\",\"isPartOf\":{\"@id\":\"https:\/\/bocaparatodoelmundo.com.ar\/#website\"},\"datePublished\":\"2024-01-02T17:12:00+00:00\",\"dateModified\":\"2024-01-03T17:12:51+00:00\",\"author\":{\"@id\":\"https:\/\/bocaparatodoelmundo.com.ar\/#\/schema\/person\/cc56d27ea9d37f4cea3636086a1847c5\"},\"breadcrumb\":{\"@id\":\"https:\/\/bocaparatodoelmundo.com.ar\/?p=2469#breadcrumb\"},\"inLanguage\":\"es-AR\",\"potentialAction\":[{\"@type\":\"ReadAction\",\"target\":[\"https:\/\/bocaparatodoelmundo.com.ar\/?p=2469\"]}]},{\"@type\":\"BreadcrumbList\",\"@id\":\"https:\/\/bocaparatodoelmundo.com.ar\/?p=2469#breadcrumb\",\"itemListElement\":[{\"@type\":\"ListItem\",\"position\":1,\"name\":\"Inicio\",\"item\":\"https:\/\/bocaparatodoelmundo.com.ar\/\"},{\"@type\":\"ListItem\",\"position\":2,\"name\":\"El primer d\u00eda de Mart\u00ednez DT\"}]},{\"@type\":\"WebSite\",\"@id\":\"https:\/\/bocaparatodoelmundo.com.ar\/#website\",\"url\":\"https:\/\/bocaparatodoelmundo.com.ar\/\",\"name\":\"BOCA PARA TODO EL MUNDO\",\"description\":\"Toda la historia y actualidad del club atletico boca junios esta aqui\",\"potentialAction\":[{\"@type\":\"SearchAction\",\"target\":{\"@type\":\"EntryPoint\",\"urlTemplate\":\"https:\/\/bocaparatodoelmundo.com.ar\/?s={search_term_string}\"},\"query-input\":\"required name=search_term_string\"}],\"inLanguage\":\"es-AR\"},{\"@type\":\"Person\",\"@id\":\"https:\/\/bocaparatodoelmundo.com.ar\/#\/schema\/person\/cc56d27ea9d37f4cea3636086a1847c5\",\"name\":\"Redaccion BPTM\",\"image\":{\"@type\":\"ImageObject\",\"inLanguage\":\"es-AR\",\"@id\":\"https:\/\/bocaparatodoelmundo.com.ar\/#\/schema\/person\/image\/\",\"url\":\"https:\/\/secure.gravatar.com\/avatar\/3b62665b8c08843736974a055cc2398ba6bb7fd2fe787285105d666c418a7d13?s=96&d=mm&r=g\",\"contentUrl\":\"https:\/\/secure.gravatar.com\/avatar\/3b62665b8c08843736974a055cc2398ba6bb7fd2fe787285105d666c418a7d13?s=96&d=mm&r=g\",\"caption\":\"Redaccion BPTM\"},\"sameAs\":[\"http:\/\/bocaparatodoelmundo.com.ar\"],\"url\":\"https:\/\/bocaparatodoelmundo.com.ar\/?author=3\"}]}<\/script>\n<!-- \/ Yoast SEO plugin. -->","yoast_head_json":{"title":"El primer d\u00eda de Mart\u00ednez DT - BOCA PARA TODO EL MUNDO","robots":{"index":"index","follow":"follow","max-snippet":"max-snippet:-1","max-image-preview":"max-image-preview:large","max-video-preview":"max-video-preview:-1"},"canonical":"https:\/\/bocaparatodoelmundo.com.ar\/?p=2469","og_locale":"es_ES","og_type":"article","og_title":"El primer d\u00eda de Mart\u00ednez DT - BOCA PARA TODO EL MUNDO","og_description":"Este martes 2 de enero comenz\u00f3 de manera oficial la era\u00a0Diego Mart\u00ednez en Boca Juniors....","og_url":"https:\/\/bocaparatodoelmundo.com.ar\/?p=2469","og_site_name":"BOCA PARA TODO EL MUNDO","article_published_time":"2024-01-02T17:12:00+00:00","article_modified_time":"2024-01-03T17:12:51+00:00","og_image":[{"width":1080,"height":958,"url":"https:\/\/bocaparatodoelmundo.com.ar\/wp-content\/uploads\/2024\/01\/El-nuevo-entrenador-Xeneize-Diego-Martinez-se-prepara-para-dar-inicio-a-la-pretemporada-junto-a-sus-colaboradores-en-@bocapredio-\ufe0fDaleBoca-e1704156223413.webp","type":"image\/webp"}],"author":"Redaccion BPTM","twitter_card":"summary_large_image","twitter_misc":{"Escrito por":"Redaccion BPTM","Tiempo de lectura":"6 minutos"},"schema":{"@context":"https:\/\/schema.org","@graph":[{"@type":"WebPage","@id":"https:\/\/bocaparatodoelmundo.com.ar\/?p=2469","url":"https:\/\/bocaparatodoelmundo.com.ar\/?p=2469","name":"El primer d\u00eda de Mart\u00ednez DT - BOCA PARA TODO EL MUNDO","isPartOf":{"@id":"https:\/\/bocaparatodoelmundo.com.ar\/#website"},"datePublished":"2024-01-02T17:12:00+00:00","dateModified":"2024-01-03T17:12:51+00:00","author":{"@id":"https:\/\/bocaparatodoelmundo.com.ar\/#\/schema\/person\/cc56d27ea9d37f4cea3636086a1847c5"},"breadcrumb":{"@id":"https:\/\/bocaparatodoelmundo.com.ar\/?p=2469#breadcrumb"},"inLanguage":"es-AR","potentialAction":[{"@type":"ReadAction","target":["https:\/\/bocaparatodoelmundo.com.ar\/?p=2469"]}]},{"@type":"BreadcrumbList","@id":"https:\/\/bocaparatodoelmundo.com.ar\/?p=2469#breadcrumb","itemListElement":[{"@type":"ListItem","position":1,"name":"Inicio","item":"https:\/\/bocaparatodoelmundo.com.ar\/"},{"@type":"ListItem","position":2,"name":"El primer d\u00eda de Mart\u00ednez DT"}]},{"@type":"WebSite","@id":"https:\/\/bocaparatodoelmundo.com.ar\/#website","url":"https:\/\/bocaparatodoelmundo.com.ar\/","name":"BOCA PARA TODO EL MUNDO","description":"Toda la historia y actualidad del club atletico boca junios esta aqui","potentialAction":[{"@type":"SearchAction","target":{"@type":"EntryPoint","urlTemplate":"https:\/\/bocaparatodoelmundo.com.ar\/?s={search_term_string}"},"query-input":"required name=search_term_string"}],"inLanguage":"es-AR"},{"@type":"Person","@id":"https:\/\/bocaparatodoelmundo.com.ar\/#\/schema\/person\/cc56d27ea9d37f4cea3636086a1847c5","name":"Redaccion BPTM","image":{"@type":"ImageObject","inLanguage":"es-AR","@id":"https:\/\/bocaparatodoelmundo.com.ar\/#\/schema\/person\/image\/","url":"https:\/\/secure.gravatar.com\/avatar\/3b62665b8c08843736974a055cc2398ba6bb7fd2fe787285105d666c418a7d13?s=96&d=mm&r=g","contentUrl":"https:\/\/secure.gravatar.com\/avatar\/3b62665b8c08843736974a055cc2398ba6bb7fd2fe787285105d666c418a7d13?s=96&d=mm&r=g","caption":"Redaccion BPTM"},"sameAs":["http:\/\/bocaparatodoelmundo.com.ar"],"url":"https:\/\/bocaparatodoelmundo.com.ar\/?author=3"}]}},"_links":{"self":[{"href":"https:\/\/bocaparatodoelmundo.com.ar\/index.php?rest_route=\/wp\/v2\/posts\/2469","targetHints":{"allow":["GET"]}}],"collection":[{"href":"https:\/\/bocaparatodoelmundo.com.ar\/index.php?rest_route=\/wp\/v2\/posts"}],"about":[{"href":"https:\/\/bocaparatodoelmundo.com.ar\/index.php?rest_route=\/wp\/v2\/types\/post"}],"author":[{"embeddable":true,"href":"https:\/\/bocaparatodoelmundo.com.ar\/index.php?rest_route=\/wp\/v2\/users\/3"}],"replies":[{"embeddable":true,"href":"https:\/\/bocaparatodoelmundo.com.ar\/index.php?rest_route=%2Fwp%2Fv2%2Fcomments&post=2469"}],"version-history":[{"count":1,"href":"https:\/\/bocaparatodoelmundo.com.ar\/index.php?rest_route=\/wp\/v2\/posts\/2469\/revisions"}],"predecessor-version":[{"id":2471,"href":"https:\/\/bocaparatodoelmundo.com.ar\/index.php?rest_route=\/wp\/v2\/posts\/2469\/revisions\/2471"}],"wp:featuredmedia":[{"embeddable":true,"href":"https:\/\/bocaparatodoelmundo.com.ar\/index.php?rest_route=\/wp\/v2\/media\/2470"}],"wp:attachment":[{"href":"https:\/\/bocaparatodoelmundo.com.ar\/index.php?rest_route=%2Fwp%2Fv2%2Fmedia&parent=2469"}],"wp:term":[{"taxonomy":"category","embeddable":true,"href":"https:\/\/bocaparatodoelmundo.com.ar\/index.php?rest_route=%2Fwp%2Fv2%2Fcategories&post=2469"},{"taxonomy":"post_tag","embeddable":true,"href":"https:\/\/bocaparatodoelmundo.com.ar\/index.php?rest_route=%2Fwp%2Fv2%2Ftags&post=2469"}],"curies":[{"name":"wp","href":"https:\/\/api.w.org\/{rel}","templated":true}]}}