{"id":2466,"date":"2023-12-27T20:03:32","date_gmt":"2023-12-27T23:03:32","guid":{"rendered":"https:\/\/bocaparatodoelmundo.com.ar\/?p=2466"},"modified":"2023-12-31T20:08:00","modified_gmt":"2023-12-31T23:08:00","slug":"inicio-de-la-pre-temporada","status":"publish","type":"post","link":"https:\/\/bocaparatodoelmundo.com.ar\/?p=2466","title":{"rendered":"Inicio de la pre temporada"},"content":{"rendered":"\n<h4 class=\"wp-block-heading\">Con el regreso de Mariano Herr\u00f3n como responsable t\u00e9cnico, el plantel de Reserva se pone en marcha para la temporada 2024.<\/h4>\n\n\n\n<p>Este jueves 28 de diciembre se iniciar\u00e1 la pretemporada de la reserva que comanda Mariano Herr\u00f3n. Los chicos iniciar\u00e1n actividad unos d\u00edas antes que los de primera, pero a lo largo del 2024 sus caminos volver\u00e1n a ir entrelazados con la Liga y la Copa de la Liga. Adem\u00e1s, el Xeneize volver\u00e1 a competir en la Libertadores Sub-20.<\/p>\n\n\n\n<p>En esta nueva pretemporada Mariano Herr\u00f3n decidi\u00f3 apostar por el talento y la juventud. Es que normalmente la reserva de Boca suele subir una categor\u00eda por a\u00f1o, pero en esta ocasi\u00f3n el DT dio el salto y sum\u00f3 dos. Por un lado estar\u00e1n los dos chicos nacidos en el 2006 que han representado al club en casi todo el proceso de la Sub-17 de Argentina, como son los casos del lateral derecho Dylan Gorosito y el volante central Camilo Rey Domenech. Pero, adem\u00e1s de ellos, habr\u00e1 cuatro representantes de la 2007, divisi\u00f3n que logr\u00f3 en el 2023 ganar el t\u00edtulo de s\u00e9ptima. \u00bfLos elegidos? El enganche Tom\u00e1s Aranda y los delanteros Luka Andrade, Ezequiel Vidal Gonz\u00e1lez y Leonel Flores.<\/p>\n\n\n\n<p>Por otro lado, hay otro grupo de chicos nacidos entre el 2004 y 2005 que tambi\u00e9n tendr\u00e1n su primera pretemporada con la reserva, pese a que algunos de ellos ya han sumado minutos o han ido al banco de suplantes de esta categor\u00eda. Los debutantes son: Los centrales Walter Molas y Luciano Vallejo, los laterales Kevin Gim\u00e9nez e Isaias Rodr\u00edguez, el volante Juan Cruz Payal y los delanteros Iker Zufiaurre e Ignacio Rodr\u00edguez.<\/p>\n\n\n\n<p>La idea de Herr\u00f3n es sumar tres amistosos en esta puesta a punto. El cuerpo t\u00e9cnico logr\u00f3 sumar m\u00e1s de veinte partidos seguidos sin derrotas en la pasada temporada, logrando un grand\u00edsimo nivel pese a no tener suerte en los playoffs de la Copa Proyecci\u00f3n de Reserva.<\/p>\n\n\n\n<p><strong>El plantel de la reserva para la pretemporada:<\/strong><\/p>\n\n\n\n<p><strong>Arqueros:<\/strong><\/p>\n\n\n\n<p>Sebasti\u00e1n D\u00edaz Robles (2003)<\/p>\n\n\n\n<p>Lautaro Garbarino (2004)<\/p>\n\n\n\n<p>Lucas Torlaschi (2004)<\/p>\n\n\n\n<p>Fernando Rodr\u00edguez (2004)<\/p>\n\n\n\n<p><strong>Defensores centrales:<\/strong><\/p>\n\n\n\n<p>Lautaro Di Lollo (2004)<\/p>\n\n\n\n<p>Luciano Vallejo (2004)<\/p>\n\n\n\n<p>Walter Molas (2004)<\/p>\n\n\n\n<p>Mateo Mendia (2004)<\/p>\n\n\n\n<p>Giovanni Ferraina (2004)<\/p>\n\n\n\n<p><strong>Laterales derechos:<\/strong><\/p>\n\n\n\n<p>Tiago Simoni (2004)<\/p>\n\n\n\n<p>Kevin Gim\u00e9nez (2005)<\/p>\n\n\n\n<p>Dylan Gorosito (2006)<\/p>\n\n\n\n<p><strong>Laterales izquierdos:<\/strong><\/p>\n\n\n\n<p>Nahuel Genez (2003)<\/p>\n\n\n\n<p>Nicol\u00e1s Stepanovitch (2004)<\/p>\n\n\n\n<p>Isa\u00edas Rodr\u00edguez (2005)<\/p>\n\n\n\n<p><strong>Volantes centrales:<\/strong><\/p>\n\n\n\n<p>Mauricio Ben\u00edtez (2004)<\/p>\n\n\n\n<p>Milton Delgado (2005)<\/p>\n\n\n\n<p>Camilo Rey Domenech (2006)<\/p>\n\n\n\n<p><strong>Internos:<\/strong><\/p>\n\n\n\n<p>Rom\u00e1n Rodr\u00edguez (2003)<\/p>\n\n\n\n<p>Juli\u00e1n Ceballos (2004)<\/p>\n\n\n\n<p>Santiago Dalmasso (2004)<\/p>\n\n\n\n<p>Lucas V\u00e1zquez (2004)<\/p>\n\n\n\n<p>Juan Cruz Payal (2005)<\/p>\n\n\n\n<p>Tom\u00e1s Aranda (2007)<\/p>\n\n\n\n<p><strong>Extremos:<\/strong><\/p>\n\n\n\n<p>Sim\u00f3n Rivero (2003)<\/p>\n\n\n\n<p>Yael Ramallo (2004)<\/p>\n\n\n\n<p>Tom\u00e1s Bustos (2004)<\/p>\n\n\n\n<p>Luka Andrade (2007)<\/p>\n\n\n\n<p>Ezequiel Vidal Gonz\u00e1lez (2007)<\/p>\n\n\n\n<p>Leonel Flores (2007)<\/p>\n\n\n\n<p><strong>Delanteros:<\/strong><\/p>\n\n\n\n<p>Ignacio Rodr\u00edguez (2004)<\/p>\n\n\n\n<p>Valentino Simoni (2004)<\/p>\n\n\n\n<p>Iker Zufiaurre (2005)<\/p>\n","protected":false},"excerpt":{"rendered":"<p>Con el regreso de Mariano Herr\u00f3n como responsable t\u00e9cnico, el plantel de Reserva se pone&#8230;<\/p>\n","protected":false},"author":3,"featured_media":2467,"comment_status":"open","ping_status":"open","sticky":false,"template":"","format":"standard","meta":{"footnotes":""},"categories":[15],"tags":[],"class_list":["post-2466","post","type-post","status-publish","format-standard","has-post-thumbnail","hentry","category-reserva"],"yoast_head":"<!-- This site is optimized with the Yoast SEO plugin v21.4 - https:\/\/yoast.com\/wordpress\/plugins\/seo\/ -->\n<title>Inicio de la pre temporada - BOCA PARA TODO EL MUNDO<\/title>\n<meta name=\"robots\" content=\"index, follow, max-snippet:-1, max-image-preview:large, max-video-preview:-1\" \/>\n<link rel=\"canonical\" href=\"https:\/\/bocaparatodoelmundo.com.ar\/?p=2466\" \/>\n<meta property=\"og:locale\" content=\"es_ES\" \/>\n<meta property=\"og:type\" content=\"article\" \/>\n<meta property=\"og:title\" content=\"Inicio de la pre temporada - BOCA PARA TODO EL MUNDO\" \/>\n<meta property=\"og:description\" content=\"Con el regreso de Mariano Herr\u00f3n como responsable t\u00e9cnico, el plantel de Reserva se pone...\" \/>\n<meta property=\"og:url\" content=\"https:\/\/bocaparatodoelmundo.com.ar\/?p=2466\" \/>\n<meta property=\"og:site_name\" content=\"BOCA PARA TODO EL MUNDO\" \/>\n<meta property=\"article:published_time\" content=\"2023-12-27T23:03:32+00:00\" \/>\n<meta property=\"article:modified_time\" content=\"2023-12-31T23:08:00+00:00\" \/>\n<meta property=\"og:image\" content=\"https:\/\/bocaparatodoelmundo.com.ar\/wp-content\/uploads\/2023\/12\/mariano-herron-boca-juniors.webp\" \/>\n\t<meta property=\"og:image:width\" content=\"1200\" \/>\n\t<meta property=\"og:image:height\" content=\"675\" \/>\n\t<meta property=\"og:image:type\" content=\"image\/webp\" \/>\n<meta name=\"author\" content=\"Redaccion BPTM\" \/>\n<meta name=\"twitter:card\" content=\"summary_large_image\" \/>\n<meta name=\"twitter:label1\" content=\"Escrito por\" \/>\n\t<meta name=\"twitter:data1\" content=\"Redaccion BPTM\" \/>\n\t<meta name=\"twitter:label2\" content=\"Tiempo de lectura\" \/>\n\t<meta name=\"twitter:data2\" content=\"3 minutos\" \/>\n<script type=\"application\/ld+json\" class=\"yoast-schema-graph\">{\"@context\":\"https:\/\/schema.org\",\"@graph\":[{\"@type\":\"WebPage\",\"@id\":\"https:\/\/bocaparatodoelmundo.com.ar\/?p=2466\",\"url\":\"https:\/\/bocaparatodoelmundo.com.ar\/?p=2466\",\"name\":\"Inicio de la pre temporada - BOCA PARA TODO EL MUNDO\",\"isPartOf\":{\"@id\":\"https:\/\/bocaparatodoelmundo.com.ar\/#website\"},\"datePublished\":\"2023-12-27T23:03:32+00:00\",\"dateModified\":\"2023-12-31T23:08:00+00:00\",\"author\":{\"@id\":\"https:\/\/bocaparatodoelmundo.com.ar\/#\/schema\/person\/cc56d27ea9d37f4cea3636086a1847c5\"},\"breadcrumb\":{\"@id\":\"https:\/\/bocaparatodoelmundo.com.ar\/?p=2466#breadcrumb\"},\"inLanguage\":\"es-AR\",\"potentialAction\":[{\"@type\":\"ReadAction\",\"target\":[\"https:\/\/bocaparatodoelmundo.com.ar\/?p=2466\"]}]},{\"@type\":\"BreadcrumbList\",\"@id\":\"https:\/\/bocaparatodoelmundo.com.ar\/?p=2466#breadcrumb\",\"itemListElement\":[{\"@type\":\"ListItem\",\"position\":1,\"name\":\"Inicio\",\"item\":\"https:\/\/bocaparatodoelmundo.com.ar\/\"},{\"@type\":\"ListItem\",\"position\":2,\"name\":\"Inicio de la pre temporada\"}]},{\"@type\":\"WebSite\",\"@id\":\"https:\/\/bocaparatodoelmundo.com.ar\/#website\",\"url\":\"https:\/\/bocaparatodoelmundo.com.ar\/\",\"name\":\"BOCA PARA TODO EL MUNDO\",\"description\":\"Toda la historia y actualidad del club atletico boca junios esta aqui\",\"potentialAction\":[{\"@type\":\"SearchAction\",\"target\":{\"@type\":\"EntryPoint\",\"urlTemplate\":\"https:\/\/bocaparatodoelmundo.com.ar\/?s={search_term_string}\"},\"query-input\":\"required name=search_term_string\"}],\"inLanguage\":\"es-AR\"},{\"@type\":\"Person\",\"@id\":\"https:\/\/bocaparatodoelmundo.com.ar\/#\/schema\/person\/cc56d27ea9d37f4cea3636086a1847c5\",\"name\":\"Redaccion BPTM\",\"image\":{\"@type\":\"ImageObject\",\"inLanguage\":\"es-AR\",\"@id\":\"https:\/\/bocaparatodoelmundo.com.ar\/#\/schema\/person\/image\/\",\"url\":\"https:\/\/secure.gravatar.com\/avatar\/3b62665b8c08843736974a055cc2398ba6bb7fd2fe787285105d666c418a7d13?s=96&d=mm&r=g\",\"contentUrl\":\"https:\/\/secure.gravatar.com\/avatar\/3b62665b8c08843736974a055cc2398ba6bb7fd2fe787285105d666c418a7d13?s=96&d=mm&r=g\",\"caption\":\"Redaccion BPTM\"},\"sameAs\":[\"http:\/\/bocaparatodoelmundo.com.ar\"],\"url\":\"https:\/\/bocaparatodoelmundo.com.ar\/?author=3\"}]}<\/script>\n<!-- \/ Yoast SEO plugin. -->","yoast_head_json":{"title":"Inicio de la pre temporada - BOCA PARA TODO EL MUNDO","robots":{"index":"index","follow":"follow","max-snippet":"max-snippet:-1","max-image-preview":"max-image-preview:large","max-video-preview":"max-video-preview:-1"},"canonical":"https:\/\/bocaparatodoelmundo.com.ar\/?p=2466","og_locale":"es_ES","og_type":"article","og_title":"Inicio de la pre temporada - BOCA PARA TODO EL MUNDO","og_description":"Con el regreso de Mariano Herr\u00f3n como responsable t\u00e9cnico, el plantel de Reserva se pone...","og_url":"https:\/\/bocaparatodoelmundo.com.ar\/?p=2466","og_site_name":"BOCA PARA TODO EL MUNDO","article_published_time":"2023-12-27T23:03:32+00:00","article_modified_time":"2023-12-31T23:08:00+00:00","og_image":[{"width":1200,"height":675,"url":"https:\/\/bocaparatodoelmundo.com.ar\/wp-content\/uploads\/2023\/12\/mariano-herron-boca-juniors.webp","type":"image\/webp"}],"author":"Redaccion BPTM","twitter_card":"summary_large_image","twitter_misc":{"Escrito por":"Redaccion BPTM","Tiempo de lectura":"3 minutos"},"schema":{"@context":"https:\/\/schema.org","@graph":[{"@type":"WebPage","@id":"https:\/\/bocaparatodoelmundo.com.ar\/?p=2466","url":"https:\/\/bocaparatodoelmundo.com.ar\/?p=2466","name":"Inicio de la pre temporada - BOCA PARA TODO EL MUNDO","isPartOf":{"@id":"https:\/\/bocaparatodoelmundo.com.ar\/#website"},"datePublished":"2023-12-27T23:03:32+00:00","dateModified":"2023-12-31T23:08:00+00:00","author":{"@id":"https:\/\/bocaparatodoelmundo.com.ar\/#\/schema\/person\/cc56d27ea9d37f4cea3636086a1847c5"},"breadcrumb":{"@id":"https:\/\/bocaparatodoelmundo.com.ar\/?p=2466#breadcrumb"},"inLanguage":"es-AR","potentialAction":[{"@type":"ReadAction","target":["https:\/\/bocaparatodoelmundo.com.ar\/?p=2466"]}]},{"@type":"BreadcrumbList","@id":"https:\/\/bocaparatodoelmundo.com.ar\/?p=2466#breadcrumb","itemListElement":[{"@type":"ListItem","position":1,"name":"Inicio","item":"https:\/\/bocaparatodoelmundo.com.ar\/"},{"@type":"ListItem","position":2,"name":"Inicio de la pre temporada"}]},{"@type":"WebSite","@id":"https:\/\/bocaparatodoelmundo.com.ar\/#website","url":"https:\/\/bocaparatodoelmundo.com.ar\/","name":"BOCA PARA TODO EL MUNDO","description":"Toda la historia y actualidad del club atletico boca junios esta aqui","potentialAction":[{"@type":"SearchAction","target":{"@type":"EntryPoint","urlTemplate":"https:\/\/bocaparatodoelmundo.com.ar\/?s={search_term_string}"},"query-input":"required name=search_term_string"}],"inLanguage":"es-AR"},{"@type":"Person","@id":"https:\/\/bocaparatodoelmundo.com.ar\/#\/schema\/person\/cc56d27ea9d37f4cea3636086a1847c5","name":"Redaccion BPTM","image":{"@type":"ImageObject","inLanguage":"es-AR","@id":"https:\/\/bocaparatodoelmundo.com.ar\/#\/schema\/person\/image\/","url":"https:\/\/secure.gravatar.com\/avatar\/3b62665b8c08843736974a055cc2398ba6bb7fd2fe787285105d666c418a7d13?s=96&d=mm&r=g","contentUrl":"https:\/\/secure.gravatar.com\/avatar\/3b62665b8c08843736974a055cc2398ba6bb7fd2fe787285105d666c418a7d13?s=96&d=mm&r=g","caption":"Redaccion BPTM"},"sameAs":["http:\/\/bocaparatodoelmundo.com.ar"],"url":"https:\/\/bocaparatodoelmundo.com.ar\/?author=3"}]}},"_links":{"self":[{"href":"https:\/\/bocaparatodoelmundo.com.ar\/index.php?rest_route=\/wp\/v2\/posts\/2466","targetHints":{"allow":["GET"]}}],"collection":[{"href":"https:\/\/bocaparatodoelmundo.com.ar\/index.php?rest_route=\/wp\/v2\/posts"}],"about":[{"href":"https:\/\/bocaparatodoelmundo.com.ar\/index.php?rest_route=\/wp\/v2\/types\/post"}],"author":[{"embeddable":true,"href":"https:\/\/bocaparatodoelmundo.com.ar\/index.php?rest_route=\/wp\/v2\/users\/3"}],"replies":[{"embeddable":true,"href":"https:\/\/bocaparatodoelmundo.com.ar\/index.php?rest_route=%2Fwp%2Fv2%2Fcomments&post=2466"}],"version-history":[{"count":1,"href":"https:\/\/bocaparatodoelmundo.com.ar\/index.php?rest_route=\/wp\/v2\/posts\/2466\/revisions"}],"predecessor-version":[{"id":2468,"href":"https:\/\/bocaparatodoelmundo.com.ar\/index.php?rest_route=\/wp\/v2\/posts\/2466\/revisions\/2468"}],"wp:featuredmedia":[{"embeddable":true,"href":"https:\/\/bocaparatodoelmundo.com.ar\/index.php?rest_route=\/wp\/v2\/media\/2467"}],"wp:attachment":[{"href":"https:\/\/bocaparatodoelmundo.com.ar\/index.php?rest_route=%2Fwp%2Fv2%2Fmedia&parent=2466"}],"wp:term":[{"taxonomy":"category","embeddable":true,"href":"https:\/\/bocaparatodoelmundo.com.ar\/index.php?rest_route=%2Fwp%2Fv2%2Fcategories&post=2466"},{"taxonomy":"post_tag","embeddable":true,"href":"https:\/\/bocaparatodoelmundo.com.ar\/index.php?rest_route=%2Fwp%2Fv2%2Ftags&post=2466"}],"curies":[{"name":"wp","href":"https:\/\/api.w.org\/{rel}","templated":true}]}}