{"id":2456,"date":"2023-12-29T13:18:08","date_gmt":"2023-12-29T16:18:08","guid":{"rendered":"https:\/\/bocaparatodoelmundo.com.ar\/?p=2456"},"modified":"2023-12-29T13:18:09","modified_gmt":"2023-12-29T16:18:09","slug":"diego-valoyes-fassi-no-quiso-que-yo-juegue-en-boca","status":"publish","type":"post","link":"https:\/\/bocaparatodoelmundo.com.ar\/?p=2456","title":{"rendered":"Diego Valoyes: &#8220;Fassi no quiso que yo juegue en Boca&#8221;"},"content":{"rendered":"\n<h4 class=\"wp-block-heading\">El ex delantero de Talleres asegur\u00f3 que el mandatario del club cordob\u00e9s fue su principal escollo para llegar al club xeneize.<\/h4>\n\n\n\n<p>Valoyes <strong>fue una de las grandes figuras del f\u00fatbol argentino en el primer semestre de 2023.<\/strong>\u00a0El buen rendimiento del delantero colombiano, por entonces en Talleres,\u00a0<strong>despert\u00f3 el inter\u00e9s de varios clubes, entre ellos\u00a0<a href=\"https:\/\/www.elgrafico.com.ar\/etiqueta\/boca\" target=\"_blank\" rel=\"noreferrer noopener\">Boca<\/a>, con quien protagoniz\u00f3 negociaciones que quedaron truncas en el \u00faltimo mercado de pases invernal.<\/strong><\/p>\n\n\n\n<p>&#8220;<strong><em>Es verdad que estuve cerca. Si hubiese dependido de m\u00ed, habr\u00eda jugado en Boca. Estar\u00eda all\u00e1, obvio. El presidente de Talleres no me dej\u00f3&#8221;<\/em>, revel\u00f3 el propio Valoyes<\/strong>\u00a0en una entrevista en su pa\u00eds de origen en la que apunt\u00f3 contra Andr\u00e9s Fassi.<\/p>\n\n\n\n<blockquote class=\"twitter-tweet\"><p lang=\"es\" dir=\"ltr\">Diego Valoyes, delantero de la selecci\u00f3n colombiana con pasado en Talleres, manifest\u00f3 que deseaba llegar a Boca en el \u00faltimo mercado de pases \ud83c\udde8\ud83c\uddf4<br><br>\u27a1\ufe0fEl extremo fue vendido a FC Ju\u00e1rez \ud83c\uddf2\ud83c\uddfd <a href=\"https:\/\/t.co\/dUjJPm1XNz\">pic.twitter.com\/dUjJPm1XNz<\/a><\/p>&mdash; El Gr\u00e1fico (@elgraficoweb) <a href=\"https:\/\/twitter.com\/elgraficoweb\/status\/1740538174781452312?ref_src=twsrc%5Etfw\">December 29, 2023<\/a><\/blockquote> <script async src=\"https:\/\/platform.twitter.com\/widgets.js\" charset=\"utf-8\"><\/script>\n\n\n\n<p>Finalmente el atacante\u00a0<strong>termin\u00f3 siendo transferido desde el conjunto cordob\u00e9s a Ju\u00e1rez de M\u00e9xico<\/strong>, club del cual Fassi es propietario junto a su socia, Alejandra de la Vega.\u00a0<strong>El m\u00e1ximo mandatario de la T hab\u00eda asegurado en su momento que el pase se realiz\u00f3 en 8,5 millones de d\u00f3lares y que el Xeneize ofert\u00f3 2 millones m\u00e1s la ficha de Agust\u00edn S\u00e1ndez.<\/strong><\/p>\n","protected":false},"excerpt":{"rendered":"<p>El ex delantero de Talleres asegur\u00f3 que el mandatario del club cordob\u00e9s fue su principal&#8230;<\/p>\n","protected":false},"author":2,"featured_media":2457,"comment_status":"open","ping_status":"open","sticky":false,"template":"","format":"standard","meta":{"footnotes":""},"categories":[4],"tags":[],"class_list":["post-2456","post","type-post","status-publish","format-standard","has-post-thumbnail","hentry","category-primera-division-masculina"],"yoast_head":"<!-- This site is optimized with the Yoast SEO plugin v21.4 - https:\/\/yoast.com\/wordpress\/plugins\/seo\/ -->\n<title>Diego Valoyes: &quot;Fassi no quiso que yo juegue en Boca&quot; - BOCA PARA TODO EL MUNDO<\/title>\n<meta name=\"robots\" content=\"index, follow, max-snippet:-1, max-image-preview:large, max-video-preview:-1\" \/>\n<link rel=\"canonical\" href=\"https:\/\/bocaparatodoelmundo.com.ar\/?p=2456\" \/>\n<meta property=\"og:locale\" content=\"es_ES\" \/>\n<meta property=\"og:type\" content=\"article\" \/>\n<meta property=\"og:title\" content=\"Diego Valoyes: &quot;Fassi no quiso que yo juegue en Boca&quot; - BOCA PARA TODO EL MUNDO\" \/>\n<meta property=\"og:description\" content=\"El ex delantero de Talleres asegur\u00f3 que el mandatario del club cordob\u00e9s fue su principal...\" \/>\n<meta property=\"og:url\" content=\"https:\/\/bocaparatodoelmundo.com.ar\/?p=2456\" \/>\n<meta property=\"og:site_name\" content=\"BOCA PARA TODO EL MUNDO\" \/>\n<meta property=\"article:published_time\" content=\"2023-12-29T16:18:08+00:00\" \/>\n<meta property=\"article:modified_time\" content=\"2023-12-29T16:18:09+00:00\" \/>\n<meta property=\"og:image\" content=\"https:\/\/bocaparatodoelmundo.com.ar\/wp-content\/uploads\/2023\/12\/download-72.jpg\" \/>\n\t<meta property=\"og:image:width\" content=\"300\" \/>\n\t<meta property=\"og:image:height\" content=\"168\" \/>\n\t<meta property=\"og:image:type\" content=\"image\/jpeg\" \/>\n<meta name=\"author\" content=\"Mart\u00edn Ripari\" \/>\n<meta name=\"twitter:card\" content=\"summary_large_image\" \/>\n<meta name=\"twitter:label1\" content=\"Escrito por\" \/>\n\t<meta name=\"twitter:data1\" content=\"Mart\u00edn Ripari\" \/>\n\t<meta name=\"twitter:label2\" content=\"Tiempo de lectura\" \/>\n\t<meta name=\"twitter:data2\" content=\"1 minuto\" \/>\n<script type=\"application\/ld+json\" class=\"yoast-schema-graph\">{\"@context\":\"https:\/\/schema.org\",\"@graph\":[{\"@type\":\"WebPage\",\"@id\":\"https:\/\/bocaparatodoelmundo.com.ar\/?p=2456\",\"url\":\"https:\/\/bocaparatodoelmundo.com.ar\/?p=2456\",\"name\":\"Diego Valoyes: \\\"Fassi no quiso que yo juegue en Boca\\\" - BOCA PARA TODO EL MUNDO\",\"isPartOf\":{\"@id\":\"https:\/\/bocaparatodoelmundo.com.ar\/#website\"},\"datePublished\":\"2023-12-29T16:18:08+00:00\",\"dateModified\":\"2023-12-29T16:18:09+00:00\",\"author\":{\"@id\":\"https:\/\/bocaparatodoelmundo.com.ar\/#\/schema\/person\/c7c150fa1e2772333c5e6c002e15afaf\"},\"breadcrumb\":{\"@id\":\"https:\/\/bocaparatodoelmundo.com.ar\/?p=2456#breadcrumb\"},\"inLanguage\":\"es-AR\",\"potentialAction\":[{\"@type\":\"ReadAction\",\"target\":[\"https:\/\/bocaparatodoelmundo.com.ar\/?p=2456\"]}]},{\"@type\":\"BreadcrumbList\",\"@id\":\"https:\/\/bocaparatodoelmundo.com.ar\/?p=2456#breadcrumb\",\"itemListElement\":[{\"@type\":\"ListItem\",\"position\":1,\"name\":\"Inicio\",\"item\":\"https:\/\/bocaparatodoelmundo.com.ar\/\"},{\"@type\":\"ListItem\",\"position\":2,\"name\":\"Diego Valoyes: &#8220;Fassi no quiso que yo juegue en Boca&#8221;\"}]},{\"@type\":\"WebSite\",\"@id\":\"https:\/\/bocaparatodoelmundo.com.ar\/#website\",\"url\":\"https:\/\/bocaparatodoelmundo.com.ar\/\",\"name\":\"BOCA PARA TODO EL MUNDO\",\"description\":\"Toda la historia y actualidad del club atletico boca junios esta aqui\",\"potentialAction\":[{\"@type\":\"SearchAction\",\"target\":{\"@type\":\"EntryPoint\",\"urlTemplate\":\"https:\/\/bocaparatodoelmundo.com.ar\/?s={search_term_string}\"},\"query-input\":\"required name=search_term_string\"}],\"inLanguage\":\"es-AR\"},{\"@type\":\"Person\",\"@id\":\"https:\/\/bocaparatodoelmundo.com.ar\/#\/schema\/person\/c7c150fa1e2772333c5e6c002e15afaf\",\"name\":\"Mart\u00edn Ripari\",\"image\":{\"@type\":\"ImageObject\",\"inLanguage\":\"es-AR\",\"@id\":\"https:\/\/bocaparatodoelmundo.com.ar\/#\/schema\/person\/image\/\",\"url\":\"https:\/\/secure.gravatar.com\/avatar\/0db7df26707fd8adc2b24ae87259322b0aea8d9eaf092366b1d208b0b180ee7e?s=96&d=mm&r=g\",\"contentUrl\":\"https:\/\/secure.gravatar.com\/avatar\/0db7df26707fd8adc2b24ae87259322b0aea8d9eaf092366b1d208b0b180ee7e?s=96&d=mm&r=g\",\"caption\":\"Mart\u00edn Ripari\"},\"url\":\"https:\/\/bocaparatodoelmundo.com.ar\/?author=2\"}]}<\/script>\n<!-- \/ Yoast SEO plugin. -->","yoast_head_json":{"title":"Diego Valoyes: \"Fassi no quiso que yo juegue en Boca\" - BOCA PARA TODO EL MUNDO","robots":{"index":"index","follow":"follow","max-snippet":"max-snippet:-1","max-image-preview":"max-image-preview:large","max-video-preview":"max-video-preview:-1"},"canonical":"https:\/\/bocaparatodoelmundo.com.ar\/?p=2456","og_locale":"es_ES","og_type":"article","og_title":"Diego Valoyes: \"Fassi no quiso que yo juegue en Boca\" - BOCA PARA TODO EL MUNDO","og_description":"El ex delantero de Talleres asegur\u00f3 que el mandatario del club cordob\u00e9s fue su principal...","og_url":"https:\/\/bocaparatodoelmundo.com.ar\/?p=2456","og_site_name":"BOCA PARA TODO EL MUNDO","article_published_time":"2023-12-29T16:18:08+00:00","article_modified_time":"2023-12-29T16:18:09+00:00","og_image":[{"width":300,"height":168,"url":"https:\/\/bocaparatodoelmundo.com.ar\/wp-content\/uploads\/2023\/12\/download-72.jpg","type":"image\/jpeg"}],"author":"Mart\u00edn Ripari","twitter_card":"summary_large_image","twitter_misc":{"Escrito por":"Mart\u00edn Ripari","Tiempo de lectura":"1 minuto"},"schema":{"@context":"https:\/\/schema.org","@graph":[{"@type":"WebPage","@id":"https:\/\/bocaparatodoelmundo.com.ar\/?p=2456","url":"https:\/\/bocaparatodoelmundo.com.ar\/?p=2456","name":"Diego Valoyes: \"Fassi no quiso que yo juegue en Boca\" - BOCA PARA TODO EL MUNDO","isPartOf":{"@id":"https:\/\/bocaparatodoelmundo.com.ar\/#website"},"datePublished":"2023-12-29T16:18:08+00:00","dateModified":"2023-12-29T16:18:09+00:00","author":{"@id":"https:\/\/bocaparatodoelmundo.com.ar\/#\/schema\/person\/c7c150fa1e2772333c5e6c002e15afaf"},"breadcrumb":{"@id":"https:\/\/bocaparatodoelmundo.com.ar\/?p=2456#breadcrumb"},"inLanguage":"es-AR","potentialAction":[{"@type":"ReadAction","target":["https:\/\/bocaparatodoelmundo.com.ar\/?p=2456"]}]},{"@type":"BreadcrumbList","@id":"https:\/\/bocaparatodoelmundo.com.ar\/?p=2456#breadcrumb","itemListElement":[{"@type":"ListItem","position":1,"name":"Inicio","item":"https:\/\/bocaparatodoelmundo.com.ar\/"},{"@type":"ListItem","position":2,"name":"Diego Valoyes: &#8220;Fassi no quiso que yo juegue en Boca&#8221;"}]},{"@type":"WebSite","@id":"https:\/\/bocaparatodoelmundo.com.ar\/#website","url":"https:\/\/bocaparatodoelmundo.com.ar\/","name":"BOCA PARA TODO EL MUNDO","description":"Toda la historia y actualidad del club atletico boca junios esta aqui","potentialAction":[{"@type":"SearchAction","target":{"@type":"EntryPoint","urlTemplate":"https:\/\/bocaparatodoelmundo.com.ar\/?s={search_term_string}"},"query-input":"required name=search_term_string"}],"inLanguage":"es-AR"},{"@type":"Person","@id":"https:\/\/bocaparatodoelmundo.com.ar\/#\/schema\/person\/c7c150fa1e2772333c5e6c002e15afaf","name":"Mart\u00edn Ripari","image":{"@type":"ImageObject","inLanguage":"es-AR","@id":"https:\/\/bocaparatodoelmundo.com.ar\/#\/schema\/person\/image\/","url":"https:\/\/secure.gravatar.com\/avatar\/0db7df26707fd8adc2b24ae87259322b0aea8d9eaf092366b1d208b0b180ee7e?s=96&d=mm&r=g","contentUrl":"https:\/\/secure.gravatar.com\/avatar\/0db7df26707fd8adc2b24ae87259322b0aea8d9eaf092366b1d208b0b180ee7e?s=96&d=mm&r=g","caption":"Mart\u00edn Ripari"},"url":"https:\/\/bocaparatodoelmundo.com.ar\/?author=2"}]}},"_links":{"self":[{"href":"https:\/\/bocaparatodoelmundo.com.ar\/index.php?rest_route=\/wp\/v2\/posts\/2456","targetHints":{"allow":["GET"]}}],"collection":[{"href":"https:\/\/bocaparatodoelmundo.com.ar\/index.php?rest_route=\/wp\/v2\/posts"}],"about":[{"href":"https:\/\/bocaparatodoelmundo.com.ar\/index.php?rest_route=\/wp\/v2\/types\/post"}],"author":[{"embeddable":true,"href":"https:\/\/bocaparatodoelmundo.com.ar\/index.php?rest_route=\/wp\/v2\/users\/2"}],"replies":[{"embeddable":true,"href":"https:\/\/bocaparatodoelmundo.com.ar\/index.php?rest_route=%2Fwp%2Fv2%2Fcomments&post=2456"}],"version-history":[{"count":1,"href":"https:\/\/bocaparatodoelmundo.com.ar\/index.php?rest_route=\/wp\/v2\/posts\/2456\/revisions"}],"predecessor-version":[{"id":2458,"href":"https:\/\/bocaparatodoelmundo.com.ar\/index.php?rest_route=\/wp\/v2\/posts\/2456\/revisions\/2458"}],"wp:featuredmedia":[{"embeddable":true,"href":"https:\/\/bocaparatodoelmundo.com.ar\/index.php?rest_route=\/wp\/v2\/media\/2457"}],"wp:attachment":[{"href":"https:\/\/bocaparatodoelmundo.com.ar\/index.php?rest_route=%2Fwp%2Fv2%2Fmedia&parent=2456"}],"wp:term":[{"taxonomy":"category","embeddable":true,"href":"https:\/\/bocaparatodoelmundo.com.ar\/index.php?rest_route=%2Fwp%2Fv2%2Fcategories&post=2456"},{"taxonomy":"post_tag","embeddable":true,"href":"https:\/\/bocaparatodoelmundo.com.ar\/index.php?rest_route=%2Fwp%2Fv2%2Ftags&post=2456"}],"curies":[{"name":"wp","href":"https:\/\/api.w.org\/{rel}","templated":true}]}}