{"id":2452,"date":"2023-12-28T12:48:39","date_gmt":"2023-12-28T15:48:39","guid":{"rendered":"https:\/\/bocaparatodoelmundo.com.ar\/?p=2452"},"modified":"2023-12-29T12:52:37","modified_gmt":"2023-12-29T15:52:37","slug":"la-hora-cero-de-roman","status":"publish","type":"post","link":"https:\/\/bocaparatodoelmundo.com.ar\/?p=2452","title":{"rendered":"La hora cero de Rom\u00e1n"},"content":{"rendered":"\n<h4 class=\"wp-block-heading\">El flamante mandatario xeneize fue formalizado como nueva m\u00e1xima autoridad del club. Invertir\u00e1 roles con Jorge Amor Ameal. El acto se desarroll\u00f3 en La Bombonera.<\/h4>\n\n\n\n<p>A 10 d\u00edas de lo que fueron las hist\u00f3ricas elecciones en Boca Juniors, se hizo el traspaso oficial de mandos y, a pesar de su ausencia,\u00a0<strong>Juan Rom\u00e1n Riquelme<\/strong>\u00a0qued\u00f3 oficialmente como nuevo presidente del club. El flamante mandatario recibir\u00e1 el cetro por parte del ahora vicepresidente,<strong>\u00a0Jorge Amor Ameal<\/strong>,en los primeros d\u00edas de enero de 2024, cuando est\u00e9 al frente de la nueva Comisi\u00f3n Directiva de manera presencial. El acto se llev\u00f3 a cabo en La Bombonera.<\/p>\n\n\n\n<p>El \u00eddolo compareci\u00f3 a\u00a0<a href=\"https:\/\/www.infobae.com\/deportes\/2023\/12\/22\/riquelme-hablo-en-una-fiesta-en-la-bombonera-y-el-consejo-de-futbol-tomo-una-decision-con-el-plantel-de-boca-juniors\/\" target=\"_blank\" rel=\"noreferrer noopener\"><strong>una fiesta para los empleados del club<\/strong><\/a>\u00a0que se llev\u00f3 a cabo la semana pasada en el estadio y les habl\u00f3 a los presentes sobre su nueva funci\u00f3n: \u201c<strong>Ahora me toca estar como presidente del club y eso no me va a cambiar la vida. Voy a seguir siendo hincha del club, voy a seguir siendo uno m\u00e1s de ustedes.\u00a0<\/strong>Y necesito que todos me ayuden. Tenemos que hacer que nuestro club cada d\u00eda siga creciendo, tenemos que seguir siendo el m\u00e1s grande de Sud\u00e1merica. Para m\u00ed somos los m\u00e1s grandes del mundo\u201d.<\/p>\n\n\n\n<p>Tal como hab\u00eda sucedido en las elecciones de 2019, en las que Rom\u00e1n fue candidato a vicepresidente segundo acompa\u00f1ando a la f\u00f3rmula de la por entonces oposici\u00f3n Ameal-Mario Pergolini, el ex futbolista no brind\u00f3 un discurso y opt\u00f3 por celebrar el resultado con su c\u00edrculo \u00edntimo. Al margen de la aparici\u00f3n ante los empleados que fue grabada por varios de los concurrentes, hoy por la tarde ser\u00e1 la primera vez que hable como presidente de la instituci\u00f3n de la Ribera.<\/p>\n\n\n\n<p>Luego del fuego cruzado con la oposici\u00f3n conformada por Andr\u00e9s Ibarra y Mauricio Macri, que acudieron a la justicia por los \u201cfamosos\u201d 13 mil socios que figuraban en el padr\u00f3n y ellos consideraban que hab\u00edan pasado a activos de forma irregular, el veredicto de las urnas fue contundente:\u00a0<a href=\"https:\/\/www.infobae.com\/deportes\/2023\/12\/17\/boca-juniors-celebra-unas-elecciones-historicas-que-tienen-a-juan-roman-riquelme-y-mauricio-macri-como-protagonistas\/\" target=\"_blank\" rel=\"noreferrer noopener\"><strong>el binomio compuesto por Riquelme y Ameal cosech\u00f3 30.318 votos (65.3%) y el de Ibarra-Macri 15.949 (34.4%).\u00a0<\/strong><\/a>Hubo un total de 14.450 votos de diferencia entre ambas listas.<\/p>\n\n\n\n<p>La primera decisi\u00f3n que tiene tomada Riquelme y\u00a0<a href=\"https:\/\/www.infobae.com\/deportes\/2023\/12\/26\/boca-juniors-confirmo-el-acuerdo-con-diego-martinez-y-anuncio-que-sera-el-nuevo-entrenador\/\" target=\"_blank\" rel=\"noreferrer noopener\"><strong>se oficializ\u00f3 ayer a trav\u00e9s de las redes sociales<\/strong><\/a>\u00a0pasa por la contrataci\u00f3n del nuevo entrenador: es un hecho que\u00a0<strong>Diego Mart\u00ednez ser\u00e1 presentado en Boca en los pr\u00f3ximos d\u00edas<\/strong>\u00a0y comandar\u00e1 el primer entrenamiento de pretemporada el martes 2 de enero. Desde hace rato, el Consejo de F\u00fatbol se comunic\u00f3 con el saliente DT de Hurac\u00e1n y le volvi\u00f3 a manifestar su deseo de contar con sus servicios, algo que ya hab\u00eda ocurridio cuando estaba a cargo en Tigre.<\/p>\n\n\n\n<p>A esta hora, el abogado del t\u00e9cnico que\u00a0<a href=\"https:\/\/www.infobae.com\/deportes\/2023\/12\/26\/los-10-jugadores-de-boca-juniors-a-los-que-diego-martinez-ya-conoce-y-los-tres-a-los-que-podria-repatriar\/\" target=\"_blank\" rel=\"noreferrer noopener\"><strong>conoce a una enorme cantidad de futbolistas del actual plantel\u00a0<\/strong><em><strong>xeneize<\/strong><\/em><\/a>, ultima detalles con la directiva del\u00a0<em>Globo\u00a0<\/em>para efectar su rescisi\u00f3n de contrato. En una entrevista radial, el presidente de la entidad de Parque Patricios,\u00a0<a href=\"https:\/\/www.infobae.com\/deportes\/2023\/12\/26\/el-exabrupto-del-presidente-de-huracan-con-diego-martinez-tras-ser-anunciado-como-nuevo-dt-de-boca-juniors\/\" target=\"_blank\" rel=\"noreferrer noopener\"><strong>David Garz\u00f3n, manifest\u00f3 su disgusto por el inesperado alejamiento de Mart\u00ednez<\/strong><\/a>, que ser\u00e1 reemplazado por Facundo Sava. Por estas horas se definen detalles referidos al armado del cuerpo t\u00e9cnico que liderar\u00e1 el ex formador de las juveniles boquenses y tambi\u00e9n el arribo de refuerzos para afrontar el 2024.<\/p>\n","protected":false},"excerpt":{"rendered":"<p>El flamante mandatario xeneize fue formalizado como nueva m\u00e1xima autoridad del club. Invertir\u00e1 roles con&#8230;<\/p>\n","protected":false},"author":3,"featured_media":2453,"comment_status":"open","ping_status":"open","sticky":false,"template":"","format":"standard","meta":{"footnotes":""},"categories":[47],"tags":[],"class_list":["post-2452","post","type-post","status-publish","format-standard","has-post-thumbnail","hentry","category-roman"],"yoast_head":"<!-- This site is optimized with the Yoast SEO plugin v21.4 - https:\/\/yoast.com\/wordpress\/plugins\/seo\/ -->\n<title>La hora cero de Rom\u00e1n - BOCA PARA TODO EL MUNDO<\/title>\n<meta name=\"robots\" content=\"index, follow, max-snippet:-1, max-image-preview:large, max-video-preview:-1\" \/>\n<link rel=\"canonical\" href=\"https:\/\/bocaparatodoelmundo.com.ar\/?p=2452\" \/>\n<meta property=\"og:locale\" content=\"es_ES\" \/>\n<meta property=\"og:type\" content=\"article\" \/>\n<meta property=\"og:title\" content=\"La hora cero de Rom\u00e1n - BOCA PARA TODO EL MUNDO\" \/>\n<meta property=\"og:description\" content=\"El flamante mandatario xeneize fue formalizado como nueva m\u00e1xima autoridad del club. Invertir\u00e1 roles con...\" \/>\n<meta property=\"og:url\" content=\"https:\/\/bocaparatodoelmundo.com.ar\/?p=2452\" \/>\n<meta property=\"og:site_name\" content=\"BOCA PARA TODO EL MUNDO\" \/>\n<meta property=\"article:published_time\" content=\"2023-12-28T15:48:39+00:00\" \/>\n<meta property=\"article:modified_time\" content=\"2023-12-29T15:52:37+00:00\" \/>\n<meta property=\"og:image\" content=\"https:\/\/bocaparatodoelmundo.com.ar\/wp-content\/uploads\/2023\/12\/1701218731231128819.jpg\" \/>\n\t<meta property=\"og:image:width\" content=\"300\" \/>\n\t<meta property=\"og:image:height\" content=\"169\" \/>\n\t<meta property=\"og:image:type\" content=\"image\/jpeg\" \/>\n<meta name=\"author\" content=\"Redaccion BPTM\" \/>\n<meta name=\"twitter:card\" content=\"summary_large_image\" \/>\n<meta name=\"twitter:label1\" content=\"Escrito por\" \/>\n\t<meta name=\"twitter:data1\" content=\"Redaccion BPTM\" \/>\n\t<meta name=\"twitter:label2\" content=\"Tiempo de lectura\" \/>\n\t<meta name=\"twitter:data2\" content=\"3 minutos\" \/>\n<script type=\"application\/ld+json\" class=\"yoast-schema-graph\">{\"@context\":\"https:\/\/schema.org\",\"@graph\":[{\"@type\":\"WebPage\",\"@id\":\"https:\/\/bocaparatodoelmundo.com.ar\/?p=2452\",\"url\":\"https:\/\/bocaparatodoelmundo.com.ar\/?p=2452\",\"name\":\"La hora cero de Rom\u00e1n - BOCA PARA TODO EL MUNDO\",\"isPartOf\":{\"@id\":\"https:\/\/bocaparatodoelmundo.com.ar\/#website\"},\"datePublished\":\"2023-12-28T15:48:39+00:00\",\"dateModified\":\"2023-12-29T15:52:37+00:00\",\"author\":{\"@id\":\"https:\/\/bocaparatodoelmundo.com.ar\/#\/schema\/person\/cc56d27ea9d37f4cea3636086a1847c5\"},\"breadcrumb\":{\"@id\":\"https:\/\/bocaparatodoelmundo.com.ar\/?p=2452#breadcrumb\"},\"inLanguage\":\"es-AR\",\"potentialAction\":[{\"@type\":\"ReadAction\",\"target\":[\"https:\/\/bocaparatodoelmundo.com.ar\/?p=2452\"]}]},{\"@type\":\"BreadcrumbList\",\"@id\":\"https:\/\/bocaparatodoelmundo.com.ar\/?p=2452#breadcrumb\",\"itemListElement\":[{\"@type\":\"ListItem\",\"position\":1,\"name\":\"Inicio\",\"item\":\"https:\/\/bocaparatodoelmundo.com.ar\/\"},{\"@type\":\"ListItem\",\"position\":2,\"name\":\"La hora cero de Rom\u00e1n\"}]},{\"@type\":\"WebSite\",\"@id\":\"https:\/\/bocaparatodoelmundo.com.ar\/#website\",\"url\":\"https:\/\/bocaparatodoelmundo.com.ar\/\",\"name\":\"BOCA PARA TODO EL MUNDO\",\"description\":\"Toda la historia y actualidad del club atletico boca junios esta aqui\",\"potentialAction\":[{\"@type\":\"SearchAction\",\"target\":{\"@type\":\"EntryPoint\",\"urlTemplate\":\"https:\/\/bocaparatodoelmundo.com.ar\/?s={search_term_string}\"},\"query-input\":\"required name=search_term_string\"}],\"inLanguage\":\"es-AR\"},{\"@type\":\"Person\",\"@id\":\"https:\/\/bocaparatodoelmundo.com.ar\/#\/schema\/person\/cc56d27ea9d37f4cea3636086a1847c5\",\"name\":\"Redaccion BPTM\",\"image\":{\"@type\":\"ImageObject\",\"inLanguage\":\"es-AR\",\"@id\":\"https:\/\/bocaparatodoelmundo.com.ar\/#\/schema\/person\/image\/\",\"url\":\"https:\/\/secure.gravatar.com\/avatar\/3b62665b8c08843736974a055cc2398ba6bb7fd2fe787285105d666c418a7d13?s=96&d=mm&r=g\",\"contentUrl\":\"https:\/\/secure.gravatar.com\/avatar\/3b62665b8c08843736974a055cc2398ba6bb7fd2fe787285105d666c418a7d13?s=96&d=mm&r=g\",\"caption\":\"Redaccion BPTM\"},\"sameAs\":[\"http:\/\/bocaparatodoelmundo.com.ar\"],\"url\":\"https:\/\/bocaparatodoelmundo.com.ar\/?author=3\"}]}<\/script>\n<!-- \/ Yoast SEO plugin. -->","yoast_head_json":{"title":"La hora cero de Rom\u00e1n - BOCA PARA TODO EL MUNDO","robots":{"index":"index","follow":"follow","max-snippet":"max-snippet:-1","max-image-preview":"max-image-preview:large","max-video-preview":"max-video-preview:-1"},"canonical":"https:\/\/bocaparatodoelmundo.com.ar\/?p=2452","og_locale":"es_ES","og_type":"article","og_title":"La hora cero de Rom\u00e1n - BOCA PARA TODO EL MUNDO","og_description":"El flamante mandatario xeneize fue formalizado como nueva m\u00e1xima autoridad del club. Invertir\u00e1 roles con...","og_url":"https:\/\/bocaparatodoelmundo.com.ar\/?p=2452","og_site_name":"BOCA PARA TODO EL MUNDO","article_published_time":"2023-12-28T15:48:39+00:00","article_modified_time":"2023-12-29T15:52:37+00:00","og_image":[{"width":300,"height":169,"url":"https:\/\/bocaparatodoelmundo.com.ar\/wp-content\/uploads\/2023\/12\/1701218731231128819.jpg","type":"image\/jpeg"}],"author":"Redaccion BPTM","twitter_card":"summary_large_image","twitter_misc":{"Escrito por":"Redaccion BPTM","Tiempo de lectura":"3 minutos"},"schema":{"@context":"https:\/\/schema.org","@graph":[{"@type":"WebPage","@id":"https:\/\/bocaparatodoelmundo.com.ar\/?p=2452","url":"https:\/\/bocaparatodoelmundo.com.ar\/?p=2452","name":"La hora cero de Rom\u00e1n - BOCA PARA TODO EL MUNDO","isPartOf":{"@id":"https:\/\/bocaparatodoelmundo.com.ar\/#website"},"datePublished":"2023-12-28T15:48:39+00:00","dateModified":"2023-12-29T15:52:37+00:00","author":{"@id":"https:\/\/bocaparatodoelmundo.com.ar\/#\/schema\/person\/cc56d27ea9d37f4cea3636086a1847c5"},"breadcrumb":{"@id":"https:\/\/bocaparatodoelmundo.com.ar\/?p=2452#breadcrumb"},"inLanguage":"es-AR","potentialAction":[{"@type":"ReadAction","target":["https:\/\/bocaparatodoelmundo.com.ar\/?p=2452"]}]},{"@type":"BreadcrumbList","@id":"https:\/\/bocaparatodoelmundo.com.ar\/?p=2452#breadcrumb","itemListElement":[{"@type":"ListItem","position":1,"name":"Inicio","item":"https:\/\/bocaparatodoelmundo.com.ar\/"},{"@type":"ListItem","position":2,"name":"La hora cero de Rom\u00e1n"}]},{"@type":"WebSite","@id":"https:\/\/bocaparatodoelmundo.com.ar\/#website","url":"https:\/\/bocaparatodoelmundo.com.ar\/","name":"BOCA PARA TODO EL MUNDO","description":"Toda la historia y actualidad del club atletico boca junios esta aqui","potentialAction":[{"@type":"SearchAction","target":{"@type":"EntryPoint","urlTemplate":"https:\/\/bocaparatodoelmundo.com.ar\/?s={search_term_string}"},"query-input":"required name=search_term_string"}],"inLanguage":"es-AR"},{"@type":"Person","@id":"https:\/\/bocaparatodoelmundo.com.ar\/#\/schema\/person\/cc56d27ea9d37f4cea3636086a1847c5","name":"Redaccion BPTM","image":{"@type":"ImageObject","inLanguage":"es-AR","@id":"https:\/\/bocaparatodoelmundo.com.ar\/#\/schema\/person\/image\/","url":"https:\/\/secure.gravatar.com\/avatar\/3b62665b8c08843736974a055cc2398ba6bb7fd2fe787285105d666c418a7d13?s=96&d=mm&r=g","contentUrl":"https:\/\/secure.gravatar.com\/avatar\/3b62665b8c08843736974a055cc2398ba6bb7fd2fe787285105d666c418a7d13?s=96&d=mm&r=g","caption":"Redaccion BPTM"},"sameAs":["http:\/\/bocaparatodoelmundo.com.ar"],"url":"https:\/\/bocaparatodoelmundo.com.ar\/?author=3"}]}},"_links":{"self":[{"href":"https:\/\/bocaparatodoelmundo.com.ar\/index.php?rest_route=\/wp\/v2\/posts\/2452","targetHints":{"allow":["GET"]}}],"collection":[{"href":"https:\/\/bocaparatodoelmundo.com.ar\/index.php?rest_route=\/wp\/v2\/posts"}],"about":[{"href":"https:\/\/bocaparatodoelmundo.com.ar\/index.php?rest_route=\/wp\/v2\/types\/post"}],"author":[{"embeddable":true,"href":"https:\/\/bocaparatodoelmundo.com.ar\/index.php?rest_route=\/wp\/v2\/users\/3"}],"replies":[{"embeddable":true,"href":"https:\/\/bocaparatodoelmundo.com.ar\/index.php?rest_route=%2Fwp%2Fv2%2Fcomments&post=2452"}],"version-history":[{"count":2,"href":"https:\/\/bocaparatodoelmundo.com.ar\/index.php?rest_route=\/wp\/v2\/posts\/2452\/revisions"}],"predecessor-version":[{"id":2455,"href":"https:\/\/bocaparatodoelmundo.com.ar\/index.php?rest_route=\/wp\/v2\/posts\/2452\/revisions\/2455"}],"wp:featuredmedia":[{"embeddable":true,"href":"https:\/\/bocaparatodoelmundo.com.ar\/index.php?rest_route=\/wp\/v2\/media\/2453"}],"wp:attachment":[{"href":"https:\/\/bocaparatodoelmundo.com.ar\/index.php?rest_route=%2Fwp%2Fv2%2Fmedia&parent=2452"}],"wp:term":[{"taxonomy":"category","embeddable":true,"href":"https:\/\/bocaparatodoelmundo.com.ar\/index.php?rest_route=%2Fwp%2Fv2%2Fcategories&post=2452"},{"taxonomy":"post_tag","embeddable":true,"href":"https:\/\/bocaparatodoelmundo.com.ar\/index.php?rest_route=%2Fwp%2Fv2%2Ftags&post=2452"}],"curies":[{"name":"wp","href":"https:\/\/api.w.org\/{rel}","templated":true}]}}