{"id":2447,"date":"2023-12-19T14:12:13","date_gmt":"2023-12-19T17:12:13","guid":{"rendered":"https:\/\/bocaparatodoelmundo.com.ar\/?p=2447"},"modified":"2023-12-19T14:12:14","modified_gmt":"2023-12-19T17:12:14","slug":"mauricio-macri-boca-tiene-en-riesgo-su-crecimiento-institucional","status":"publish","type":"post","link":"https:\/\/bocaparatodoelmundo.com.ar\/?p=2447","title":{"rendered":"Mauricio Macri: &#8220;Boca tiene en riesgo su crecimiento institucional&#8221;"},"content":{"rendered":"\n<p><strong>El excandidato a vicepresidente se expres\u00f3 en las redes sociales tras perder las elecciones en Boca a manos de Juan Rom\u00e1n Riquelme.<\/strong><\/p>\n\n\n\n<p><strong>Mauricio Macri<\/strong>\u00a0rompi\u00f3 el silencio tras perder las elecciones presidenciales en\u00a0<strong>Boca<\/strong>. El expresidente del club y candidato a vicepresidente por la oposici\u00f3n, en la f\u00f3rmula con<strong>\u00a0Andr\u00e9s Ibarra<\/strong>, lanz\u00f3 un mensaje contundente en sus redes sociales.<\/p>\n\n\n\n<p>El exmandatario nacional public\u00f3 una carta abierta para los hinchas y socios de\u00a0<strong>Boca<\/strong>, donde expres\u00f3 sus sensaciones tras los hist\u00f3ricos comicios del domingo.<\/p>\n\n\n\n<p>En medio de un largo texto,\u00a0<strong>Macri\u00a0<\/strong>denunci\u00f3:\u00a0<strong>&#8220;Nuestro querido club tiene hoy en riesgo su crecimiento institucional. Sin reglas institucionales, sin profesionalismo y sin transparencia en las decisiones, ser\u00e1 muy dif\u00edcil que volvamos a ser uno de los 5 grandes clubes del f\u00fatbol mundial&#8221;.<\/strong><\/p>\n\n\n\n<blockquote class=\"twitter-tweet\"><p lang=\"es\" dir=\"ltr\">Queridos boquenses:<br>Nuestro querido club tiene hoy en riesgo su crecimiento institucional. Y la forma en que transcurri\u00f3 la elecci\u00f3n de ayer no hizo m\u00e1s que confirmarlo.<br>No puedo dejar de recordar el d\u00eda en que ese jovencito firmaba con Boca en 1996. Una instituci\u00f3n con valores,\u2026<\/p>&mdash; Mauricio Macri (@mauriciomacri) <a href=\"https:\/\/twitter.com\/mauriciomacri\/status\/1736776385874534426?ref_src=twsrc%5Etfw\">December 18, 2023<\/a><\/blockquote> <script async src=\"https:\/\/platform.twitter.com\/widgets.js\" charset=\"utf-8\"><\/script>\n\n\n\n<h2 class=\"wp-block-heading\">El mensaje completo de Macri tras las elecciones en Boca:<\/h2>\n\n\n\n<p>&#8220;Queridos boquenses:<\/p>\n\n\n\n<p>Nuestro querido club tiene hoy en riesgo su crecimiento institucional. Y la forma en que transcurri\u00f3 la elecci\u00f3n de ayer no hizo m\u00e1s que confirmarlo.<\/p>\n\n\n\n<p>No puedo dejar de recordar el d\u00eda en que ese jovencito firmaba con Boca en 1996. Una instituci\u00f3n con valores, ordenada y profesional, le dio junto a un gran plantel la oportunidad de llegar donde lleg\u00f3.<\/p>\n\n\n\n<p>Espero que en este nuevo per\u00edodo se conecte con la grandeza de Boca y tambi\u00e9n con la humildad de saber que est\u00e1 en un club con m\u00e1s de 100 a\u00f1os de historia y de gloria. Que sepa corregir la forma arbitraria y personalista de conducir el club.<\/p>\n\n\n\n<p>Boca siempre tiene que estar por encima de todo y de todos. Lo deseo por el bien de Boca, al que tanto quiero.<\/p>\n\n\n\n<p>Sin reglas institucionales, sin profesionalismo y sin transparencia en las decisiones, ser\u00e1 muy dif\u00edcil que volvamos a ser uno de los 5 grandes clubes del f\u00fatbol mundial.<\/p>\n\n\n\n<p>Gracias a Andr\u00e9s por liderar nuestra propuesta de ponerle gesti\u00f3n a la pasi\u00f3n y gracias a todos los que fueron a votar ayer con respeto y amor por Boca.<\/p>\n\n\n\n<p>Seguiremos cuidando y trabajando por nuestro querido club. Vamos Boca!&#8221;.<\/p>\n","protected":false},"excerpt":{"rendered":"<p>El excandidato a vicepresidente se expres\u00f3 en las redes sociales tras perder las elecciones en&#8230;<\/p>\n","protected":false},"author":3,"featured_media":2448,"comment_status":"open","ping_status":"open","sticky":false,"template":"","format":"standard","meta":{"footnotes":""},"categories":[54],"tags":[],"class_list":["post-2447","post","type-post","status-publish","format-standard","has-post-thumbnail","hentry","category-elecciones-2023"],"yoast_head":"<!-- This site is optimized with the Yoast SEO plugin v21.4 - https:\/\/yoast.com\/wordpress\/plugins\/seo\/ -->\n<title>Mauricio Macri: &quot;Boca tiene en riesgo su crecimiento institucional&quot; - BOCA PARA TODO EL MUNDO<\/title>\n<meta name=\"robots\" content=\"index, follow, max-snippet:-1, max-image-preview:large, max-video-preview:-1\" \/>\n<link rel=\"canonical\" href=\"https:\/\/bocaparatodoelmundo.com.ar\/?p=2447\" \/>\n<meta property=\"og:locale\" content=\"es_ES\" \/>\n<meta property=\"og:type\" content=\"article\" \/>\n<meta property=\"og:title\" content=\"Mauricio Macri: &quot;Boca tiene en riesgo su crecimiento institucional&quot; - BOCA PARA TODO EL MUNDO\" \/>\n<meta property=\"og:description\" content=\"El excandidato a vicepresidente se expres\u00f3 en las redes sociales tras perder las elecciones en...\" \/>\n<meta property=\"og:url\" content=\"https:\/\/bocaparatodoelmundo.com.ar\/?p=2447\" \/>\n<meta property=\"og:site_name\" content=\"BOCA PARA TODO EL MUNDO\" \/>\n<meta property=\"article:published_time\" content=\"2023-12-19T17:12:13+00:00\" \/>\n<meta property=\"article:modified_time\" content=\"2023-12-19T17:12:14+00:00\" \/>\n<meta property=\"og:image\" content=\"https:\/\/bocaparatodoelmundo.com.ar\/wp-content\/uploads\/2023\/12\/macri-riquelme.webp\" \/>\n\t<meta property=\"og:image:width\" content=\"655\" \/>\n\t<meta property=\"og:image:height\" content=\"368\" \/>\n\t<meta property=\"og:image:type\" content=\"image\/webp\" \/>\n<meta name=\"author\" content=\"Redaccion BPTM\" \/>\n<meta name=\"twitter:card\" content=\"summary_large_image\" \/>\n<meta name=\"twitter:label1\" content=\"Escrito por\" \/>\n\t<meta name=\"twitter:data1\" content=\"Redaccion BPTM\" \/>\n\t<meta name=\"twitter:label2\" content=\"Tiempo de lectura\" \/>\n\t<meta name=\"twitter:data2\" content=\"2 minutos\" \/>\n<script type=\"application\/ld+json\" class=\"yoast-schema-graph\">{\"@context\":\"https:\/\/schema.org\",\"@graph\":[{\"@type\":\"WebPage\",\"@id\":\"https:\/\/bocaparatodoelmundo.com.ar\/?p=2447\",\"url\":\"https:\/\/bocaparatodoelmundo.com.ar\/?p=2447\",\"name\":\"Mauricio Macri: \\\"Boca tiene en riesgo su crecimiento institucional\\\" - BOCA PARA TODO EL MUNDO\",\"isPartOf\":{\"@id\":\"https:\/\/bocaparatodoelmundo.com.ar\/#website\"},\"datePublished\":\"2023-12-19T17:12:13+00:00\",\"dateModified\":\"2023-12-19T17:12:14+00:00\",\"author\":{\"@id\":\"https:\/\/bocaparatodoelmundo.com.ar\/#\/schema\/person\/cc56d27ea9d37f4cea3636086a1847c5\"},\"breadcrumb\":{\"@id\":\"https:\/\/bocaparatodoelmundo.com.ar\/?p=2447#breadcrumb\"},\"inLanguage\":\"es-AR\",\"potentialAction\":[{\"@type\":\"ReadAction\",\"target\":[\"https:\/\/bocaparatodoelmundo.com.ar\/?p=2447\"]}]},{\"@type\":\"BreadcrumbList\",\"@id\":\"https:\/\/bocaparatodoelmundo.com.ar\/?p=2447#breadcrumb\",\"itemListElement\":[{\"@type\":\"ListItem\",\"position\":1,\"name\":\"Inicio\",\"item\":\"https:\/\/bocaparatodoelmundo.com.ar\/\"},{\"@type\":\"ListItem\",\"position\":2,\"name\":\"Mauricio Macri: &#8220;Boca tiene en riesgo su crecimiento institucional&#8221;\"}]},{\"@type\":\"WebSite\",\"@id\":\"https:\/\/bocaparatodoelmundo.com.ar\/#website\",\"url\":\"https:\/\/bocaparatodoelmundo.com.ar\/\",\"name\":\"BOCA PARA TODO EL MUNDO\",\"description\":\"Toda la historia y actualidad del club atletico boca junios esta aqui\",\"potentialAction\":[{\"@type\":\"SearchAction\",\"target\":{\"@type\":\"EntryPoint\",\"urlTemplate\":\"https:\/\/bocaparatodoelmundo.com.ar\/?s={search_term_string}\"},\"query-input\":\"required name=search_term_string\"}],\"inLanguage\":\"es-AR\"},{\"@type\":\"Person\",\"@id\":\"https:\/\/bocaparatodoelmundo.com.ar\/#\/schema\/person\/cc56d27ea9d37f4cea3636086a1847c5\",\"name\":\"Redaccion BPTM\",\"image\":{\"@type\":\"ImageObject\",\"inLanguage\":\"es-AR\",\"@id\":\"https:\/\/bocaparatodoelmundo.com.ar\/#\/schema\/person\/image\/\",\"url\":\"https:\/\/secure.gravatar.com\/avatar\/3b62665b8c08843736974a055cc2398ba6bb7fd2fe787285105d666c418a7d13?s=96&d=mm&r=g\",\"contentUrl\":\"https:\/\/secure.gravatar.com\/avatar\/3b62665b8c08843736974a055cc2398ba6bb7fd2fe787285105d666c418a7d13?s=96&d=mm&r=g\",\"caption\":\"Redaccion BPTM\"},\"sameAs\":[\"http:\/\/bocaparatodoelmundo.com.ar\"],\"url\":\"https:\/\/bocaparatodoelmundo.com.ar\/?author=3\"}]}<\/script>\n<!-- \/ Yoast SEO plugin. -->","yoast_head_json":{"title":"Mauricio Macri: \"Boca tiene en riesgo su crecimiento institucional\" - BOCA PARA TODO EL MUNDO","robots":{"index":"index","follow":"follow","max-snippet":"max-snippet:-1","max-image-preview":"max-image-preview:large","max-video-preview":"max-video-preview:-1"},"canonical":"https:\/\/bocaparatodoelmundo.com.ar\/?p=2447","og_locale":"es_ES","og_type":"article","og_title":"Mauricio Macri: \"Boca tiene en riesgo su crecimiento institucional\" - BOCA PARA TODO EL MUNDO","og_description":"El excandidato a vicepresidente se expres\u00f3 en las redes sociales tras perder las elecciones en...","og_url":"https:\/\/bocaparatodoelmundo.com.ar\/?p=2447","og_site_name":"BOCA PARA TODO EL MUNDO","article_published_time":"2023-12-19T17:12:13+00:00","article_modified_time":"2023-12-19T17:12:14+00:00","og_image":[{"width":655,"height":368,"url":"https:\/\/bocaparatodoelmundo.com.ar\/wp-content\/uploads\/2023\/12\/macri-riquelme.webp","type":"image\/webp"}],"author":"Redaccion BPTM","twitter_card":"summary_large_image","twitter_misc":{"Escrito por":"Redaccion BPTM","Tiempo de lectura":"2 minutos"},"schema":{"@context":"https:\/\/schema.org","@graph":[{"@type":"WebPage","@id":"https:\/\/bocaparatodoelmundo.com.ar\/?p=2447","url":"https:\/\/bocaparatodoelmundo.com.ar\/?p=2447","name":"Mauricio Macri: \"Boca tiene en riesgo su crecimiento institucional\" - BOCA PARA TODO EL MUNDO","isPartOf":{"@id":"https:\/\/bocaparatodoelmundo.com.ar\/#website"},"datePublished":"2023-12-19T17:12:13+00:00","dateModified":"2023-12-19T17:12:14+00:00","author":{"@id":"https:\/\/bocaparatodoelmundo.com.ar\/#\/schema\/person\/cc56d27ea9d37f4cea3636086a1847c5"},"breadcrumb":{"@id":"https:\/\/bocaparatodoelmundo.com.ar\/?p=2447#breadcrumb"},"inLanguage":"es-AR","potentialAction":[{"@type":"ReadAction","target":["https:\/\/bocaparatodoelmundo.com.ar\/?p=2447"]}]},{"@type":"BreadcrumbList","@id":"https:\/\/bocaparatodoelmundo.com.ar\/?p=2447#breadcrumb","itemListElement":[{"@type":"ListItem","position":1,"name":"Inicio","item":"https:\/\/bocaparatodoelmundo.com.ar\/"},{"@type":"ListItem","position":2,"name":"Mauricio Macri: &#8220;Boca tiene en riesgo su crecimiento institucional&#8221;"}]},{"@type":"WebSite","@id":"https:\/\/bocaparatodoelmundo.com.ar\/#website","url":"https:\/\/bocaparatodoelmundo.com.ar\/","name":"BOCA PARA TODO EL MUNDO","description":"Toda la historia y actualidad del club atletico boca junios esta aqui","potentialAction":[{"@type":"SearchAction","target":{"@type":"EntryPoint","urlTemplate":"https:\/\/bocaparatodoelmundo.com.ar\/?s={search_term_string}"},"query-input":"required name=search_term_string"}],"inLanguage":"es-AR"},{"@type":"Person","@id":"https:\/\/bocaparatodoelmundo.com.ar\/#\/schema\/person\/cc56d27ea9d37f4cea3636086a1847c5","name":"Redaccion BPTM","image":{"@type":"ImageObject","inLanguage":"es-AR","@id":"https:\/\/bocaparatodoelmundo.com.ar\/#\/schema\/person\/image\/","url":"https:\/\/secure.gravatar.com\/avatar\/3b62665b8c08843736974a055cc2398ba6bb7fd2fe787285105d666c418a7d13?s=96&d=mm&r=g","contentUrl":"https:\/\/secure.gravatar.com\/avatar\/3b62665b8c08843736974a055cc2398ba6bb7fd2fe787285105d666c418a7d13?s=96&d=mm&r=g","caption":"Redaccion BPTM"},"sameAs":["http:\/\/bocaparatodoelmundo.com.ar"],"url":"https:\/\/bocaparatodoelmundo.com.ar\/?author=3"}]}},"_links":{"self":[{"href":"https:\/\/bocaparatodoelmundo.com.ar\/index.php?rest_route=\/wp\/v2\/posts\/2447","targetHints":{"allow":["GET"]}}],"collection":[{"href":"https:\/\/bocaparatodoelmundo.com.ar\/index.php?rest_route=\/wp\/v2\/posts"}],"about":[{"href":"https:\/\/bocaparatodoelmundo.com.ar\/index.php?rest_route=\/wp\/v2\/types\/post"}],"author":[{"embeddable":true,"href":"https:\/\/bocaparatodoelmundo.com.ar\/index.php?rest_route=\/wp\/v2\/users\/3"}],"replies":[{"embeddable":true,"href":"https:\/\/bocaparatodoelmundo.com.ar\/index.php?rest_route=%2Fwp%2Fv2%2Fcomments&post=2447"}],"version-history":[{"count":1,"href":"https:\/\/bocaparatodoelmundo.com.ar\/index.php?rest_route=\/wp\/v2\/posts\/2447\/revisions"}],"predecessor-version":[{"id":2449,"href":"https:\/\/bocaparatodoelmundo.com.ar\/index.php?rest_route=\/wp\/v2\/posts\/2447\/revisions\/2449"}],"wp:featuredmedia":[{"embeddable":true,"href":"https:\/\/bocaparatodoelmundo.com.ar\/index.php?rest_route=\/wp\/v2\/media\/2448"}],"wp:attachment":[{"href":"https:\/\/bocaparatodoelmundo.com.ar\/index.php?rest_route=%2Fwp%2Fv2%2Fmedia&parent=2447"}],"wp:term":[{"taxonomy":"category","embeddable":true,"href":"https:\/\/bocaparatodoelmundo.com.ar\/index.php?rest_route=%2Fwp%2Fv2%2Fcategories&post=2447"},{"taxonomy":"post_tag","embeddable":true,"href":"https:\/\/bocaparatodoelmundo.com.ar\/index.php?rest_route=%2Fwp%2Fv2%2Ftags&post=2447"}],"curies":[{"name":"wp","href":"https:\/\/api.w.org\/{rel}","templated":true}]}}