{"id":2441,"date":"2023-12-18T23:52:00","date_gmt":"2023-12-19T02:52:00","guid":{"rendered":"https:\/\/bocaparatodoelmundo.com.ar\/?p=2441"},"modified":"2023-12-19T14:01:41","modified_gmt":"2023-12-19T17:01:41","slug":"riquelme-es-el-nuevo-presidente-de-boca-macri-sufre-una-contundente-derrota-electoral","status":"publish","type":"post","link":"https:\/\/bocaparatodoelmundo.com.ar\/?p=2441","title":{"rendered":"Riquelme es el nuevo presidente de Boca: Macri sufre una contundente derrota electoral"},"content":{"rendered":"\n<h4 class=\"wp-block-heading\">El \u00eddolo xeneize se impuso este domingo por m\u00e1s de 30 puntos en unas elecciones hist\u00f3ricas que movilizaron al 46% de los socios, la segunda mayor participaci\u00f3n en un club de f\u00fatbol<\/h4>\n\n\n\n<p>La pol\u00edtica y el f\u00fatbol han dado la espalda este 2023 al expresidente Mauricio Macri. A principios de siglo, Boca Juniors fue su trampol\u00edn a la gesti\u00f3n p\u00fablica. Tras doce a\u00f1os como exitoso dirigente del club xeneize, fue alcalde de Buenos Aires y presidente de Argentina (2015-2019) con la coalici\u00f3n Juntos por el Cambio.&nbsp;<a href=\"https:\/\/elpais.com\/argentina\/2023-10-23\/el-peronista-sergio-massa-supera-a-javier-milei-y-contiene-la-ola-ultra-en-las-elecciones-de-argentina.html\">Su alianza pol\u00edtica qued\u00f3 fuera de la carrera presidencial en primera vuelta<\/a>, y este domingo, los hinchas del club que lo aup\u00f3 le cerraron las puertas en unas elecciones con r\u00e9cord de participaci\u00f3n. La&nbsp;<a href=\"https:\/\/elpais.com\/argentina\/2023-11-28\/la-batalla-por-boca-juniors-entre-macri-y-riquelme-encalla-en-los-tribunales.html\">candidatura en la que Macri se postulaba como vicepresidente<\/a>&nbsp;\u2014en una f\u00f3rmula encabezada por Andr\u00e9s Ibarra\u2014 perdi\u00f3 por m\u00e1s de 30 puntos frente a la del exmediocampista Juan Rom\u00e1n Riquelme: 34% frente a 65%.<\/p>\n\n\n\n<p>La derrota de Macri tuvo la magnitud de un naufragio por la movilizaci\u00f3n sin precedentes de los socios: votaron un total de 43.367, el 46% del padr\u00f3n. Se trata de la segunda mayor cifra de participaci\u00f3n mundial, tras la de los 57.088 socios del Barcelona que eligieron a Sandro Rosell como presidente en 2010.<\/p>\n\n\n\n<p>Con su voto, los xeneizes expresaron tambi\u00e9n su contundente rechazo a la propuesta de privatizaci\u00f3n de los clubes promovida tanto por Macri como por el presidente argentino, Javier Milei.&nbsp;<a href=\"https:\/\/elpais.com\/argentina\/2023-11-18\/el-futbol-entra-en-la-campana-electoral-argentina-incendiado-por-una-propuesta-de-milei.html\" target=\"_blank\" rel=\"noreferrer noopener\">Ambos defienden la transformaci\u00f3n de las entidades deportivas en sociedades an\u00f3nimas<\/a>, un modelo de capitales privados prohibido por ley en Argentina, donde los clubes funcionan desde hace m\u00e1s de 100 a\u00f1os como sociedades civiles sin \u00e1nimo de lucro. La promesa de Macri de un nuevo estadio, que casi duplicar\u00eda la capacidad actual del actual (57.000), tampoco cal\u00f3 entre aquellos socios aferrados a la fuerte identidad de&nbsp;<a href=\"https:\/\/elpais.com\/noticias\/estadio-alberto-j-armando\/\" target=\"_blank\" rel=\"noreferrer noopener\">la Bombonera, uno de los estadios m\u00e1s ic\u00f3nicos del mundo<\/a>.<\/p>\n\n\n\n<p>Macri, quien preve\u00eda el resultado adverso, ni siquiera se present\u00f3 a votar. Aleg\u00f3 que ten\u00eda que viajar a Arabia Saud\u00ed por el Mundial de clubes por su rol en la Fundaci\u00f3n FIFA. S\u00ed concurri\u00f3 Milei, que fue abucheado e insultado por los hinchas presentes. \u201cPusiste a toda la casta, chorro [ladr\u00f3n] ajustador\u201d, le gritaron algunos al reconocerlo, en referencia al duro recorte del gasto p\u00fablico anunciado por el Gobierno d\u00edas atr\u00e1s, que prev\u00e9 subida de impuestos \u2014en contra de sus promesas de campa\u00f1a\u2014 y del precio del transporte p\u00fablico, del gas y de la luz. \u201cGallina\u201d, le gritaron otros, que no olvidan que el hoy presidente declar\u00f3 en 2018 que se hab\u00eda alegrado por la victoria de River Plate en la final de la Copa Libertadores disputada en Madrid.<\/p>\n\n\n\n<blockquote class=\"twitter-tweet\"><p lang=\"es\" dir=\"ltr\">\ud83d\udde3\ufe0fAs\u00ed se retiraba el Presidente de la Naci\u00f3n, Javier Milei de <a href=\"https:\/\/twitter.com\/hashtag\/LaBombonera?src=hash&amp;ref_src=twsrc%5Etfw\">#LaBombonera<\/a>.<br><br>\ud83d\udde3\ufe0f Insultos, silbidos y tild\u00e1ndolo de &quot;gallina&quot;. <a href=\"https:\/\/t.co\/GHZDdZxsvv\">pic.twitter.com\/GHZDdZxsvv<\/a><\/p>&mdash; Boca Juniors &#8211; La12Tuittera (@la12tuittera) <a href=\"https:\/\/twitter.com\/la12tuittera\/status\/1736385909128356183?ref_src=twsrc%5Etfw\">December 17, 2023<\/a><\/blockquote> <script async src=\"https:\/\/platform.twitter.com\/widgets.js\" charset=\"utf-8\"><\/script>\n\n\n\n<p>El resultado es tambi\u00e9n un reflejo del rechazo que provocaron las m\u00faltiples maniobras judiciales con las que el expresidente argentino intent\u00f3 posponer una votaci\u00f3n a la que nunca lleg\u00f3 como favorito.<\/p>\n\n\n\n<p><a href=\"https:\/\/elpais.com\/argentina\/2023-11-28\/la-batalla-por-boca-juniors-entre-macri-y-riquelme-encalla-en-los-tribunales.html\">Las elecciones hab\u00edan sido inicialmente convocadas para el s\u00e1bado 2 de diciembre<\/a>, pero fueron aplazadas un d\u00eda por supuestas quejas de la comunidad jud\u00eda por celebrarse en shabat, su d\u00eda de descanso. A s\u00f3lo una semana de la nueva convocatoria, una jueza emiti\u00f3 una cautelar que suspendi\u00f3 los comicios por supuestas irregularidades en el padr\u00f3n electoral y abri\u00f3 la puerta a una posible intervenci\u00f3n. La jueza Alejandra Abrevaya aleg\u00f3 la inclusi\u00f3n de 13.100 socios en la categor\u00eda Activos, que los habilitaba para votar. Riquelme rebati\u00f3 que durante la administraci\u00f3n macrista, los socios que pasaron a esa categor\u00eda fueron 51.000.<\/p>\n\n\n\n<p>Un fallo judicial posterior desestim\u00f3 la intervenci\u00f3n del club y fij\u00f3 una nueva fecha para la votaci\u00f3n, el 17 de diciembre. Las elecciones ten\u00edan como condici\u00f3n que los 13.100 socios cuestionados votasen en mesas diferenciadas. Lo hicieron cerca de la mitad, pero no marcaron la diferencia en una victoria mucho m\u00e1s arrasadora de la que vaticinaban las encuestas. Con ella, Boca Juniors pus freno a Macri y se erige en un refugio de la Argentina colectiva y popular en tiempos de Milei.<\/p>\n\n\n\n<p><a href=\"https:\/\/plus.elpais.com\/newsletters\/lnp\/1\/346\">Suscr\u00edbase aqu\u00ed<\/a>&nbsp;a la newsletter de EL PA\u00cdS Am\u00e9rica y reciba todas las claves informativas de la actualidad de la regi\u00f3n.<\/p>\n","protected":false},"excerpt":{"rendered":"<p>El \u00eddolo xeneize se impuso este domingo por m\u00e1s de 30 puntos en unas elecciones&#8230;<\/p>\n","protected":false},"author":3,"featured_media":2442,"comment_status":"open","ping_status":"open","sticky":false,"template":"","format":"standard","meta":{"footnotes":""},"categories":[54],"tags":[],"class_list":["post-2441","post","type-post","status-publish","format-standard","has-post-thumbnail","hentry","category-elecciones-2023"],"yoast_head":"<!-- This site is optimized with the Yoast SEO plugin v21.4 - https:\/\/yoast.com\/wordpress\/plugins\/seo\/ -->\n<title>Riquelme es el nuevo presidente de Boca: Macri sufre una contundente derrota electoral - BOCA PARA TODO EL MUNDO<\/title>\n<meta name=\"robots\" content=\"index, follow, max-snippet:-1, max-image-preview:large, max-video-preview:-1\" \/>\n<link rel=\"canonical\" href=\"https:\/\/bocaparatodoelmundo.com.ar\/?p=2441\" \/>\n<meta property=\"og:locale\" content=\"es_ES\" \/>\n<meta property=\"og:type\" content=\"article\" \/>\n<meta property=\"og:title\" content=\"Riquelme es el nuevo presidente de Boca: Macri sufre una contundente derrota electoral - BOCA PARA TODO EL MUNDO\" \/>\n<meta property=\"og:description\" content=\"El \u00eddolo xeneize se impuso este domingo por m\u00e1s de 30 puntos en unas elecciones...\" \/>\n<meta property=\"og:url\" content=\"https:\/\/bocaparatodoelmundo.com.ar\/?p=2441\" \/>\n<meta property=\"og:site_name\" content=\"BOCA PARA TODO EL MUNDO\" \/>\n<meta property=\"article:published_time\" content=\"2023-12-19T02:52:00+00:00\" \/>\n<meta property=\"article:modified_time\" content=\"2023-12-19T17:01:41+00:00\" \/>\n<meta property=\"og:image\" content=\"https:\/\/bocaparatodoelmundo.com.ar\/wp-content\/uploads\/2023\/12\/juan-roman-riquelme.webp\" \/>\n\t<meta property=\"og:image:width\" content=\"375\" \/>\n\t<meta property=\"og:image:height\" content=\"211\" \/>\n\t<meta property=\"og:image:type\" content=\"image\/webp\" \/>\n<meta name=\"author\" content=\"Redaccion BPTM\" \/>\n<meta name=\"twitter:card\" content=\"summary_large_image\" \/>\n<meta name=\"twitter:label1\" content=\"Escrito por\" \/>\n\t<meta name=\"twitter:data1\" content=\"Redaccion BPTM\" \/>\n\t<meta name=\"twitter:label2\" content=\"Tiempo de lectura\" \/>\n\t<meta name=\"twitter:data2\" content=\"4 minutos\" \/>\n<script type=\"application\/ld+json\" class=\"yoast-schema-graph\">{\"@context\":\"https:\/\/schema.org\",\"@graph\":[{\"@type\":\"WebPage\",\"@id\":\"https:\/\/bocaparatodoelmundo.com.ar\/?p=2441\",\"url\":\"https:\/\/bocaparatodoelmundo.com.ar\/?p=2441\",\"name\":\"Riquelme es el nuevo presidente de Boca: Macri sufre una contundente derrota electoral - BOCA PARA TODO EL MUNDO\",\"isPartOf\":{\"@id\":\"https:\/\/bocaparatodoelmundo.com.ar\/#website\"},\"datePublished\":\"2023-12-19T02:52:00+00:00\",\"dateModified\":\"2023-12-19T17:01:41+00:00\",\"author\":{\"@id\":\"https:\/\/bocaparatodoelmundo.com.ar\/#\/schema\/person\/cc56d27ea9d37f4cea3636086a1847c5\"},\"breadcrumb\":{\"@id\":\"https:\/\/bocaparatodoelmundo.com.ar\/?p=2441#breadcrumb\"},\"inLanguage\":\"es-AR\",\"potentialAction\":[{\"@type\":\"ReadAction\",\"target\":[\"https:\/\/bocaparatodoelmundo.com.ar\/?p=2441\"]}]},{\"@type\":\"BreadcrumbList\",\"@id\":\"https:\/\/bocaparatodoelmundo.com.ar\/?p=2441#breadcrumb\",\"itemListElement\":[{\"@type\":\"ListItem\",\"position\":1,\"name\":\"Inicio\",\"item\":\"https:\/\/bocaparatodoelmundo.com.ar\/\"},{\"@type\":\"ListItem\",\"position\":2,\"name\":\"Riquelme es el nuevo presidente de Boca: Macri sufre una contundente derrota electoral\"}]},{\"@type\":\"WebSite\",\"@id\":\"https:\/\/bocaparatodoelmundo.com.ar\/#website\",\"url\":\"https:\/\/bocaparatodoelmundo.com.ar\/\",\"name\":\"BOCA PARA TODO EL MUNDO\",\"description\":\"Toda la historia y actualidad del club atletico boca junios esta aqui\",\"potentialAction\":[{\"@type\":\"SearchAction\",\"target\":{\"@type\":\"EntryPoint\",\"urlTemplate\":\"https:\/\/bocaparatodoelmundo.com.ar\/?s={search_term_string}\"},\"query-input\":\"required name=search_term_string\"}],\"inLanguage\":\"es-AR\"},{\"@type\":\"Person\",\"@id\":\"https:\/\/bocaparatodoelmundo.com.ar\/#\/schema\/person\/cc56d27ea9d37f4cea3636086a1847c5\",\"name\":\"Redaccion BPTM\",\"image\":{\"@type\":\"ImageObject\",\"inLanguage\":\"es-AR\",\"@id\":\"https:\/\/bocaparatodoelmundo.com.ar\/#\/schema\/person\/image\/\",\"url\":\"https:\/\/secure.gravatar.com\/avatar\/3b62665b8c08843736974a055cc2398ba6bb7fd2fe787285105d666c418a7d13?s=96&d=mm&r=g\",\"contentUrl\":\"https:\/\/secure.gravatar.com\/avatar\/3b62665b8c08843736974a055cc2398ba6bb7fd2fe787285105d666c418a7d13?s=96&d=mm&r=g\",\"caption\":\"Redaccion BPTM\"},\"sameAs\":[\"http:\/\/bocaparatodoelmundo.com.ar\"],\"url\":\"https:\/\/bocaparatodoelmundo.com.ar\/?author=3\"}]}<\/script>\n<!-- \/ Yoast SEO plugin. -->","yoast_head_json":{"title":"Riquelme es el nuevo presidente de Boca: Macri sufre una contundente derrota electoral - BOCA PARA TODO EL MUNDO","robots":{"index":"index","follow":"follow","max-snippet":"max-snippet:-1","max-image-preview":"max-image-preview:large","max-video-preview":"max-video-preview:-1"},"canonical":"https:\/\/bocaparatodoelmundo.com.ar\/?p=2441","og_locale":"es_ES","og_type":"article","og_title":"Riquelme es el nuevo presidente de Boca: Macri sufre una contundente derrota electoral - BOCA PARA TODO EL MUNDO","og_description":"El \u00eddolo xeneize se impuso este domingo por m\u00e1s de 30 puntos en unas elecciones...","og_url":"https:\/\/bocaparatodoelmundo.com.ar\/?p=2441","og_site_name":"BOCA PARA TODO EL MUNDO","article_published_time":"2023-12-19T02:52:00+00:00","article_modified_time":"2023-12-19T17:01:41+00:00","og_image":[{"width":375,"height":211,"url":"https:\/\/bocaparatodoelmundo.com.ar\/wp-content\/uploads\/2023\/12\/juan-roman-riquelme.webp","type":"image\/webp"}],"author":"Redaccion BPTM","twitter_card":"summary_large_image","twitter_misc":{"Escrito por":"Redaccion BPTM","Tiempo de lectura":"4 minutos"},"schema":{"@context":"https:\/\/schema.org","@graph":[{"@type":"WebPage","@id":"https:\/\/bocaparatodoelmundo.com.ar\/?p=2441","url":"https:\/\/bocaparatodoelmundo.com.ar\/?p=2441","name":"Riquelme es el nuevo presidente de Boca: Macri sufre una contundente derrota electoral - BOCA PARA TODO EL MUNDO","isPartOf":{"@id":"https:\/\/bocaparatodoelmundo.com.ar\/#website"},"datePublished":"2023-12-19T02:52:00+00:00","dateModified":"2023-12-19T17:01:41+00:00","author":{"@id":"https:\/\/bocaparatodoelmundo.com.ar\/#\/schema\/person\/cc56d27ea9d37f4cea3636086a1847c5"},"breadcrumb":{"@id":"https:\/\/bocaparatodoelmundo.com.ar\/?p=2441#breadcrumb"},"inLanguage":"es-AR","potentialAction":[{"@type":"ReadAction","target":["https:\/\/bocaparatodoelmundo.com.ar\/?p=2441"]}]},{"@type":"BreadcrumbList","@id":"https:\/\/bocaparatodoelmundo.com.ar\/?p=2441#breadcrumb","itemListElement":[{"@type":"ListItem","position":1,"name":"Inicio","item":"https:\/\/bocaparatodoelmundo.com.ar\/"},{"@type":"ListItem","position":2,"name":"Riquelme es el nuevo presidente de Boca: Macri sufre una contundente derrota electoral"}]},{"@type":"WebSite","@id":"https:\/\/bocaparatodoelmundo.com.ar\/#website","url":"https:\/\/bocaparatodoelmundo.com.ar\/","name":"BOCA PARA TODO EL MUNDO","description":"Toda la historia y actualidad del club atletico boca junios esta aqui","potentialAction":[{"@type":"SearchAction","target":{"@type":"EntryPoint","urlTemplate":"https:\/\/bocaparatodoelmundo.com.ar\/?s={search_term_string}"},"query-input":"required name=search_term_string"}],"inLanguage":"es-AR"},{"@type":"Person","@id":"https:\/\/bocaparatodoelmundo.com.ar\/#\/schema\/person\/cc56d27ea9d37f4cea3636086a1847c5","name":"Redaccion BPTM","image":{"@type":"ImageObject","inLanguage":"es-AR","@id":"https:\/\/bocaparatodoelmundo.com.ar\/#\/schema\/person\/image\/","url":"https:\/\/secure.gravatar.com\/avatar\/3b62665b8c08843736974a055cc2398ba6bb7fd2fe787285105d666c418a7d13?s=96&d=mm&r=g","contentUrl":"https:\/\/secure.gravatar.com\/avatar\/3b62665b8c08843736974a055cc2398ba6bb7fd2fe787285105d666c418a7d13?s=96&d=mm&r=g","caption":"Redaccion BPTM"},"sameAs":["http:\/\/bocaparatodoelmundo.com.ar"],"url":"https:\/\/bocaparatodoelmundo.com.ar\/?author=3"}]}},"_links":{"self":[{"href":"https:\/\/bocaparatodoelmundo.com.ar\/index.php?rest_route=\/wp\/v2\/posts\/2441","targetHints":{"allow":["GET"]}}],"collection":[{"href":"https:\/\/bocaparatodoelmundo.com.ar\/index.php?rest_route=\/wp\/v2\/posts"}],"about":[{"href":"https:\/\/bocaparatodoelmundo.com.ar\/index.php?rest_route=\/wp\/v2\/types\/post"}],"author":[{"embeddable":true,"href":"https:\/\/bocaparatodoelmundo.com.ar\/index.php?rest_route=\/wp\/v2\/users\/3"}],"replies":[{"embeddable":true,"href":"https:\/\/bocaparatodoelmundo.com.ar\/index.php?rest_route=%2Fwp%2Fv2%2Fcomments&post=2441"}],"version-history":[{"count":1,"href":"https:\/\/bocaparatodoelmundo.com.ar\/index.php?rest_route=\/wp\/v2\/posts\/2441\/revisions"}],"predecessor-version":[{"id":2443,"href":"https:\/\/bocaparatodoelmundo.com.ar\/index.php?rest_route=\/wp\/v2\/posts\/2441\/revisions\/2443"}],"wp:featuredmedia":[{"embeddable":true,"href":"https:\/\/bocaparatodoelmundo.com.ar\/index.php?rest_route=\/wp\/v2\/media\/2442"}],"wp:attachment":[{"href":"https:\/\/bocaparatodoelmundo.com.ar\/index.php?rest_route=%2Fwp%2Fv2%2Fmedia&parent=2441"}],"wp:term":[{"taxonomy":"category","embeddable":true,"href":"https:\/\/bocaparatodoelmundo.com.ar\/index.php?rest_route=%2Fwp%2Fv2%2Fcategories&post=2441"},{"taxonomy":"post_tag","embeddable":true,"href":"https:\/\/bocaparatodoelmundo.com.ar\/index.php?rest_route=%2Fwp%2Fv2%2Ftags&post=2441"}],"curies":[{"name":"wp","href":"https:\/\/api.w.org\/{rel}","templated":true}]}}