{"id":2429,"date":"2023-12-11T13:09:51","date_gmt":"2023-12-11T16:09:51","guid":{"rendered":"https:\/\/bocaparatodoelmundo.com.ar\/?p=2429"},"modified":"2023-12-19T13:13:34","modified_gmt":"2023-12-19T16:13:34","slug":"se-vota-en-boca-la-justicia-revoco-el-fallo-de-la-jueza-abrevaya-que-anulaba-las-elecciones","status":"publish","type":"post","link":"https:\/\/bocaparatodoelmundo.com.ar\/?p=2429","title":{"rendered":"Se vota en Boca: la Justicia revoc\u00f3 el fallo de la jueza Abrevaya que anulaba las elecciones"},"content":{"rendered":"\n<p><strong>Boca anunci\u00f3 por medio de sus redes sociales que el domingo 17 de diciembre<\/strong>\u00a0se llevar\u00e1n a cabo las elecciones para determinar a las nuevas autoridades de la instituci\u00f3n despu\u00e9s de que la Justicia revocara la medida cautelar que suspendi\u00f3 los comicios del 3 del corriente mes.<\/p>\n\n\n\n<p><strong>&#8220;Con mucha satisfacci\u00f3n, Boca Juniors comunica a socios, socias e hinchas en general que este domingo 17 de diciembre, entre las 9 y 18 hs, se votar\u00e1 para elegir a las autoridades que gobernar\u00e1n el club hasta 2027&#8221;<\/strong>, comunic\u00f3 el club en la red social X.<\/p>\n\n\n\n<p>Por la tarde, La Justicia revoc\u00f3 la medida cautelar que suspendi\u00f3 las elecciones presidenciales en&nbsp;<strong>Boca<\/strong>&nbsp;y los socios del club podr\u00edan votar este mes en lugar de esperar hasta el pr\u00f3ximo a\u00f1o para definir al nuevo mandam\u00e1s de la instituci\u00f3n.<\/p>\n\n\n\n<p>Lo novedoso de esta decisi\u00f3n de parte de la&nbsp;<strong>C\u00e1mara Civil&nbsp;<\/strong>fue que estar\u00edan habilitados para votar todos los socios que figuraban en el padr\u00f3n electoral, incluidos los pol\u00e9micos 13.000 de los que se quejaron los candidatos opositores Andr\u00e9s Ibarra y Mauricio Macri y que los llevaron a denunciar a la lista de Juan Rom\u00e1n Riquelme y Jorge Ameal.<\/p>\n\n\n\n<p><strong>&#8220;Lo expuesto implica que la alternativa procesal elegida por la parte actora para presentar su reclamo de ninguna manera constituye el marco id\u00f3neo para excluir a una masa de aproximadamente trece mil personas incluidas en el padr\u00f3n que -es relevante destacar- no han sido o\u00eddas&#8221;<\/strong>, fue la respuesta de la Justicia.<\/p>\n\n\n\n<blockquote class=\"wp-block-quote is-layout-flow wp-block-quote-is-layout-flow\">\n<p>Con mucha satisfacci\u00f3n, Boca Juniors comunica a socios, socias e hinchas en general que este domingo 17 de diciembre, entre las 9 y 18 hs, se votar\u00e1 para elegir a las autoridades que gobernar\u00e1n el club hasta 2027.<\/p>\n<\/blockquote>\n\n\n\n<p><\/p>\n","protected":false},"excerpt":{"rendered":"<p>Boca anunci\u00f3 por medio de sus redes sociales que el domingo 17 de diciembre\u00a0se llevar\u00e1n&#8230;<\/p>\n","protected":false},"author":3,"featured_media":2430,"comment_status":"open","ping_status":"open","sticky":false,"template":"","format":"standard","meta":{"footnotes":""},"categories":[54],"tags":[],"class_list":["post-2429","post","type-post","status-publish","format-standard","has-post-thumbnail","hentry","category-elecciones-2023"],"yoast_head":"<!-- This site is optimized with the Yoast SEO plugin v21.4 - https:\/\/yoast.com\/wordpress\/plugins\/seo\/ -->\n<title>Se vota en Boca: la Justicia revoc\u00f3 el fallo de la jueza Abrevaya que anulaba las elecciones - BOCA PARA TODO EL MUNDO<\/title>\n<meta name=\"robots\" content=\"index, follow, max-snippet:-1, max-image-preview:large, max-video-preview:-1\" \/>\n<link rel=\"canonical\" href=\"https:\/\/bocaparatodoelmundo.com.ar\/?p=2429\" \/>\n<meta property=\"og:locale\" content=\"es_ES\" \/>\n<meta property=\"og:type\" content=\"article\" \/>\n<meta property=\"og:title\" content=\"Se vota en Boca: la Justicia revoc\u00f3 el fallo de la jueza Abrevaya que anulaba las elecciones - BOCA PARA TODO EL MUNDO\" \/>\n<meta property=\"og:description\" content=\"Boca anunci\u00f3 por medio de sus redes sociales que el domingo 17 de diciembre\u00a0se llevar\u00e1n...\" \/>\n<meta property=\"og:url\" content=\"https:\/\/bocaparatodoelmundo.com.ar\/?p=2429\" \/>\n<meta property=\"og:site_name\" content=\"BOCA PARA TODO EL MUNDO\" \/>\n<meta property=\"article:published_time\" content=\"2023-12-11T16:09:51+00:00\" \/>\n<meta property=\"article:modified_time\" content=\"2023-12-19T16:13:34+00:00\" \/>\n<meta property=\"og:image\" content=\"https:\/\/bocaparatodoelmundo.com.ar\/wp-content\/uploads\/2023\/12\/carpas-elecciones-bocajpg-1.webp\" \/>\n\t<meta property=\"og:image:width\" content=\"655\" \/>\n\t<meta property=\"og:image:height\" content=\"368\" \/>\n\t<meta property=\"og:image:type\" content=\"image\/webp\" \/>\n<meta name=\"author\" content=\"Redaccion BPTM\" \/>\n<meta name=\"twitter:card\" content=\"summary_large_image\" \/>\n<meta name=\"twitter:label1\" content=\"Escrito por\" \/>\n\t<meta name=\"twitter:data1\" content=\"Redaccion BPTM\" \/>\n\t<meta name=\"twitter:label2\" content=\"Tiempo de lectura\" \/>\n\t<meta name=\"twitter:data2\" content=\"2 minutos\" \/>\n<script type=\"application\/ld+json\" class=\"yoast-schema-graph\">{\"@context\":\"https:\/\/schema.org\",\"@graph\":[{\"@type\":\"WebPage\",\"@id\":\"https:\/\/bocaparatodoelmundo.com.ar\/?p=2429\",\"url\":\"https:\/\/bocaparatodoelmundo.com.ar\/?p=2429\",\"name\":\"Se vota en Boca: la Justicia revoc\u00f3 el fallo de la jueza Abrevaya que anulaba las elecciones - BOCA PARA TODO EL MUNDO\",\"isPartOf\":{\"@id\":\"https:\/\/bocaparatodoelmundo.com.ar\/#website\"},\"datePublished\":\"2023-12-11T16:09:51+00:00\",\"dateModified\":\"2023-12-19T16:13:34+00:00\",\"author\":{\"@id\":\"https:\/\/bocaparatodoelmundo.com.ar\/#\/schema\/person\/cc56d27ea9d37f4cea3636086a1847c5\"},\"breadcrumb\":{\"@id\":\"https:\/\/bocaparatodoelmundo.com.ar\/?p=2429#breadcrumb\"},\"inLanguage\":\"es-AR\",\"potentialAction\":[{\"@type\":\"ReadAction\",\"target\":[\"https:\/\/bocaparatodoelmundo.com.ar\/?p=2429\"]}]},{\"@type\":\"BreadcrumbList\",\"@id\":\"https:\/\/bocaparatodoelmundo.com.ar\/?p=2429#breadcrumb\",\"itemListElement\":[{\"@type\":\"ListItem\",\"position\":1,\"name\":\"Inicio\",\"item\":\"https:\/\/bocaparatodoelmundo.com.ar\/\"},{\"@type\":\"ListItem\",\"position\":2,\"name\":\"Se vota en Boca: la Justicia revoc\u00f3 el fallo de la jueza Abrevaya que anulaba las elecciones\"}]},{\"@type\":\"WebSite\",\"@id\":\"https:\/\/bocaparatodoelmundo.com.ar\/#website\",\"url\":\"https:\/\/bocaparatodoelmundo.com.ar\/\",\"name\":\"BOCA PARA TODO EL MUNDO\",\"description\":\"Toda la historia y actualidad del club atletico boca junios esta aqui\",\"potentialAction\":[{\"@type\":\"SearchAction\",\"target\":{\"@type\":\"EntryPoint\",\"urlTemplate\":\"https:\/\/bocaparatodoelmundo.com.ar\/?s={search_term_string}\"},\"query-input\":\"required name=search_term_string\"}],\"inLanguage\":\"es-AR\"},{\"@type\":\"Person\",\"@id\":\"https:\/\/bocaparatodoelmundo.com.ar\/#\/schema\/person\/cc56d27ea9d37f4cea3636086a1847c5\",\"name\":\"Redaccion BPTM\",\"image\":{\"@type\":\"ImageObject\",\"inLanguage\":\"es-AR\",\"@id\":\"https:\/\/bocaparatodoelmundo.com.ar\/#\/schema\/person\/image\/\",\"url\":\"https:\/\/secure.gravatar.com\/avatar\/3b62665b8c08843736974a055cc2398ba6bb7fd2fe787285105d666c418a7d13?s=96&d=mm&r=g\",\"contentUrl\":\"https:\/\/secure.gravatar.com\/avatar\/3b62665b8c08843736974a055cc2398ba6bb7fd2fe787285105d666c418a7d13?s=96&d=mm&r=g\",\"caption\":\"Redaccion BPTM\"},\"sameAs\":[\"http:\/\/bocaparatodoelmundo.com.ar\"],\"url\":\"https:\/\/bocaparatodoelmundo.com.ar\/?author=3\"}]}<\/script>\n<!-- \/ Yoast SEO plugin. -->","yoast_head_json":{"title":"Se vota en Boca: la Justicia revoc\u00f3 el fallo de la jueza Abrevaya que anulaba las elecciones - BOCA PARA TODO EL MUNDO","robots":{"index":"index","follow":"follow","max-snippet":"max-snippet:-1","max-image-preview":"max-image-preview:large","max-video-preview":"max-video-preview:-1"},"canonical":"https:\/\/bocaparatodoelmundo.com.ar\/?p=2429","og_locale":"es_ES","og_type":"article","og_title":"Se vota en Boca: la Justicia revoc\u00f3 el fallo de la jueza Abrevaya que anulaba las elecciones - BOCA PARA TODO EL MUNDO","og_description":"Boca anunci\u00f3 por medio de sus redes sociales que el domingo 17 de diciembre\u00a0se llevar\u00e1n...","og_url":"https:\/\/bocaparatodoelmundo.com.ar\/?p=2429","og_site_name":"BOCA PARA TODO EL MUNDO","article_published_time":"2023-12-11T16:09:51+00:00","article_modified_time":"2023-12-19T16:13:34+00:00","og_image":[{"width":655,"height":368,"url":"https:\/\/bocaparatodoelmundo.com.ar\/wp-content\/uploads\/2023\/12\/carpas-elecciones-bocajpg-1.webp","type":"image\/webp"}],"author":"Redaccion BPTM","twitter_card":"summary_large_image","twitter_misc":{"Escrito por":"Redaccion BPTM","Tiempo de lectura":"2 minutos"},"schema":{"@context":"https:\/\/schema.org","@graph":[{"@type":"WebPage","@id":"https:\/\/bocaparatodoelmundo.com.ar\/?p=2429","url":"https:\/\/bocaparatodoelmundo.com.ar\/?p=2429","name":"Se vota en Boca: la Justicia revoc\u00f3 el fallo de la jueza Abrevaya que anulaba las elecciones - BOCA PARA TODO EL MUNDO","isPartOf":{"@id":"https:\/\/bocaparatodoelmundo.com.ar\/#website"},"datePublished":"2023-12-11T16:09:51+00:00","dateModified":"2023-12-19T16:13:34+00:00","author":{"@id":"https:\/\/bocaparatodoelmundo.com.ar\/#\/schema\/person\/cc56d27ea9d37f4cea3636086a1847c5"},"breadcrumb":{"@id":"https:\/\/bocaparatodoelmundo.com.ar\/?p=2429#breadcrumb"},"inLanguage":"es-AR","potentialAction":[{"@type":"ReadAction","target":["https:\/\/bocaparatodoelmundo.com.ar\/?p=2429"]}]},{"@type":"BreadcrumbList","@id":"https:\/\/bocaparatodoelmundo.com.ar\/?p=2429#breadcrumb","itemListElement":[{"@type":"ListItem","position":1,"name":"Inicio","item":"https:\/\/bocaparatodoelmundo.com.ar\/"},{"@type":"ListItem","position":2,"name":"Se vota en Boca: la Justicia revoc\u00f3 el fallo de la jueza Abrevaya que anulaba las elecciones"}]},{"@type":"WebSite","@id":"https:\/\/bocaparatodoelmundo.com.ar\/#website","url":"https:\/\/bocaparatodoelmundo.com.ar\/","name":"BOCA PARA TODO EL MUNDO","description":"Toda la historia y actualidad del club atletico boca junios esta aqui","potentialAction":[{"@type":"SearchAction","target":{"@type":"EntryPoint","urlTemplate":"https:\/\/bocaparatodoelmundo.com.ar\/?s={search_term_string}"},"query-input":"required name=search_term_string"}],"inLanguage":"es-AR"},{"@type":"Person","@id":"https:\/\/bocaparatodoelmundo.com.ar\/#\/schema\/person\/cc56d27ea9d37f4cea3636086a1847c5","name":"Redaccion BPTM","image":{"@type":"ImageObject","inLanguage":"es-AR","@id":"https:\/\/bocaparatodoelmundo.com.ar\/#\/schema\/person\/image\/","url":"https:\/\/secure.gravatar.com\/avatar\/3b62665b8c08843736974a055cc2398ba6bb7fd2fe787285105d666c418a7d13?s=96&d=mm&r=g","contentUrl":"https:\/\/secure.gravatar.com\/avatar\/3b62665b8c08843736974a055cc2398ba6bb7fd2fe787285105d666c418a7d13?s=96&d=mm&r=g","caption":"Redaccion BPTM"},"sameAs":["http:\/\/bocaparatodoelmundo.com.ar"],"url":"https:\/\/bocaparatodoelmundo.com.ar\/?author=3"}]}},"_links":{"self":[{"href":"https:\/\/bocaparatodoelmundo.com.ar\/index.php?rest_route=\/wp\/v2\/posts\/2429","targetHints":{"allow":["GET"]}}],"collection":[{"href":"https:\/\/bocaparatodoelmundo.com.ar\/index.php?rest_route=\/wp\/v2\/posts"}],"about":[{"href":"https:\/\/bocaparatodoelmundo.com.ar\/index.php?rest_route=\/wp\/v2\/types\/post"}],"author":[{"embeddable":true,"href":"https:\/\/bocaparatodoelmundo.com.ar\/index.php?rest_route=\/wp\/v2\/users\/3"}],"replies":[{"embeddable":true,"href":"https:\/\/bocaparatodoelmundo.com.ar\/index.php?rest_route=%2Fwp%2Fv2%2Fcomments&post=2429"}],"version-history":[{"count":1,"href":"https:\/\/bocaparatodoelmundo.com.ar\/index.php?rest_route=\/wp\/v2\/posts\/2429\/revisions"}],"predecessor-version":[{"id":2431,"href":"https:\/\/bocaparatodoelmundo.com.ar\/index.php?rest_route=\/wp\/v2\/posts\/2429\/revisions\/2431"}],"wp:featuredmedia":[{"embeddable":true,"href":"https:\/\/bocaparatodoelmundo.com.ar\/index.php?rest_route=\/wp\/v2\/media\/2430"}],"wp:attachment":[{"href":"https:\/\/bocaparatodoelmundo.com.ar\/index.php?rest_route=%2Fwp%2Fv2%2Fmedia&parent=2429"}],"wp:term":[{"taxonomy":"category","embeddable":true,"href":"https:\/\/bocaparatodoelmundo.com.ar\/index.php?rest_route=%2Fwp%2Fv2%2Fcategories&post=2429"},{"taxonomy":"post_tag","embeddable":true,"href":"https:\/\/bocaparatodoelmundo.com.ar\/index.php?rest_route=%2Fwp%2Fv2%2Ftags&post=2429"}],"curies":[{"name":"wp","href":"https:\/\/api.w.org\/{rel}","templated":true}]}}