{"id":2410,"date":"2023-11-29T11:48:35","date_gmt":"2023-11-29T14:48:35","guid":{"rendered":"https:\/\/bocaparatodoelmundo.com.ar\/?p=2410"},"modified":"2023-12-19T11:54:41","modified_gmt":"2023-12-19T14:54:41","slug":"se-suspende-el-acto-eleccionario","status":"publish","type":"post","link":"https:\/\/bocaparatodoelmundo.com.ar\/?p=2410","title":{"rendered":"Se suspende el acto eleccionario"},"content":{"rendered":"\n<h4 class=\"wp-block-heading\">La jueza Alejandra Abrevaya hizo lugar al pedido de la oposici\u00f3n y decidi\u00f3 la suspensi\u00f3n de los comicios que se iban a llevar a cabo el domingo 3 de diciembre por &#8220;irregularidades y anomal\u00edas en el padr\u00f3n de socios&#8221;. Luego, cit\u00f3 a ambas fuerzas a una audiencia de conciliaci\u00f3n con el objetivo de llegar a un acuerdo para la fecha.<\/h4>\n\n\n\n<p>Cuando estaba todo listo para que las\u00a0<strong>elecciones\u00a0<\/strong>se lleven a cabo en\u00a0<strong>Boca\u00a0<\/strong>el domingo 3 de diciembre en La Bombonera,<strong>\u00a0la Justicia porte\u00f1a dio lugar al reclamo que realiz\u00f3 la oposici\u00f3n comandada por Andr\u00e9s Ibarra y Mauricio Macri y decidi\u00f3 suspender los comicios por<em>\u00a0&#8220;irregularidades y anomal\u00edas en el padr\u00f3n de socios&#8221;<\/em><\/strong>.<\/p>\n\n\n\n<p>Horas despu\u00e9s,\u00a0<strong>la jueza Alejandra Abrevaya cit\u00f3 a una audiencia de conciliaci\u00f3n<\/strong>\u00a0entre ambas partes, para el jueves a las 12, en la que intentar\u00e1n llegar a un acuerdo. La propuesta de la f\u00f3rmula opositora ser\u00e1 que\u00a0<strong>se quiten a esos 13 mil socios de los que habla la presentaci\u00f3n judicial para que el acto eleccionario se desarrolle con normalidad.<\/strong><\/p>\n\n\n\n<h2 class=\"wp-block-heading\">Suspendieron las elecciones en Boca: los motivos<\/h2>\n\n\n\n<p>El fallo que emitieron desde el&nbsp;<strong>Juzgado Nacional de Primera Instancia en lo Civil N\u00b0 11<\/strong>, a cargo de la jueza&nbsp;<strong>Abrevaya<\/strong>, comunic\u00f3:<em>&nbsp;&#8220;la suspensi\u00f3n del acto de elecciones de autoridades de la Asociaci\u00f3n Civil Club Atl\u00e9tico Boca Juniors a celebrase el pr\u00f3ximo d\u00eda 2 o 3 de diciembre de 2023 y ello&nbsp;<strong>hasta tanto se defina en su caso judicialmente la situaci\u00f3n de irregularidades detectadas prima facie del padr\u00f3n&nbsp;<\/strong>mediante la acci\u00f3n correspondiente de depuraci\u00f3n que manifiestan los accionantes como objeto tendr\u00e1n, para lo cual deber\u00e1n dar constancia de su inicio&#8221;<\/em>.<\/p>\n\n\n\n<p><em>&#8220;<strong>Se deber\u00e1 dar estricto cumplimiento a dicha suspensi\u00f3n\u00a0<\/strong>con la debida publicidad para anoticiamiento de todos los asociados, y anticipaci\u00f3n al acto eleccionario del pr\u00f3ximo d\u00eda 2 o 3 de diciembre del corriente a\u00f1o.\u00a0<strong>Todo ello bajo apercibimiento de aplicar astreintes y\/o su cumplimiento compulsivo, y nulidad absoluta de lo actuado en contra de esta cautelar<\/strong>&#8220;<\/em>, agrega la orden la Justicia.<\/p>\n\n\n\n<figure class=\"wp-block-image size-full\"><img loading=\"lazy\" decoding=\"async\" width=\"862\" height=\"505\" src=\"https:\/\/bocaparatodoelmundo.com.ar\/wp-content\/uploads\/2023\/12\/suspension-elecciones-boca_w862.webp\" alt=\"\" class=\"wp-image-2411\" srcset=\"https:\/\/bocaparatodoelmundo.com.ar\/wp-content\/uploads\/2023\/12\/suspension-elecciones-boca_w862.webp 862w, https:\/\/bocaparatodoelmundo.com.ar\/wp-content\/uploads\/2023\/12\/suspension-elecciones-boca_w862-300x176.webp 300w, https:\/\/bocaparatodoelmundo.com.ar\/wp-content\/uploads\/2023\/12\/suspension-elecciones-boca_w862-768x450.webp 768w\" sizes=\"auto, (max-width: 862px) 100vw, 862px\" \/><\/figure>\n\n\n\n<p>Y la Justica sum\u00f3 otros dos asteriscos al respecto:<\/p>\n\n\n\n<ul class=\"wp-block-list\">\n<li><strong><em>&#8220;En los meses de agosto a noviembre de 2021, pasaron a categor\u00eda: activa, activo, exterior, interior; un total de 13.364 socios y se dieron de baja un total de 65 socios&#8221;<\/em><\/strong>.<\/li>\n\n\n\n<li><strong><em>&#8220;Seg\u00fan registro digital, se dieron de alta como adherentes un total de 12.725 socios en los meses de septiembre, octubre y noviembre de 2021. Mientras que habr\u00eda 4.130 adherentes en noviembre de 2021 que permanecen como tales es decir no fueron pasados a la categor\u00eda siguiente&#8221;<\/em><\/strong>.<\/li>\n<\/ul>\n\n\n\n<figure class=\"wp-block-image\"><img decoding=\"async\" src=\"https:\/\/media.tycsports.com\/files\/2023\/11\/28\/650697\/suspension-elecciones-boca_w416.webp\" alt=\"suspensi\u00f3n elecciones boca\" title=\"suspensi\u00f3n elecciones boca\"\/><\/figure>\n\n\n\n<p>Para sostener la denuncia, fue trascendental la declaraci\u00f3n de una testigo, empleada del departamento de socios, en la que cuenta c\u00f3mo era el&nbsp;<em>modus operandi<\/em>&nbsp;para pasar adherentes a activos:<strong><em>&nbsp;\u201dSe hac\u00eda de un d\u00eda para el otro o en el mismo d\u00eda\u201d<\/em><\/strong>.<\/p>\n\n\n<div class=\"wp-block-image\">\n<figure class=\"aligncenter is-resized\"><img decoding=\"async\" src=\"https:\/\/media.tycsports.com\/files\/2023\/11\/28\/650705\/testigos-suspension-boca_w416.webp\" alt=\"testigos suspension boca\" style=\"width:655px;height:auto\" title=\"testigos suspension boca\"\/><\/figure>\n<\/div>\n\n\n<h2 class=\"wp-block-heading\">La jueza convoc\u00f3 a una audiencia entre el oficialismo y la oposici\u00f3n de Boca<\/h2>\n\n\n\n<p>En las \u00faltimas horas, la jueza Abrevaya cit\u00f3 a una audiencia de conciliaci\u00f3n entre el oficialismo y la oposici\u00f3n con el objetivo de llegar a un acuerdo para la fecha de realizaci\u00f3n de las elecciones en Boca. El c\u00f3nclave, pedido por Andr\u00e9s Ibarra, ser\u00e1 el\u00a0<strong>jueves a partir de las 12.<\/strong><\/p>\n\n\n\n<h2 class=\"wp-block-heading\">Elecciones suspendidas en Boca: cu\u00e1ndo se votar\u00eda y el detalle del estatuto&nbsp;<\/h2>\n\n\n\n<p>En primer lugar, se tiene que observar el estatuto del club. El mismo establece que<strong>&nbsp;cualquier modificaci\u00f3n de la fecha del acto eleccionario debe pasar por una reuni\u00f3n de Comisi\u00f3n Directiva<\/strong>. Una vez resuelto eso,<strong>&nbsp;la fecha se establece un mes despu\u00e9s de la misma, por estatuto. As\u00ed, cualquier fecha dentro del mes de diciembre resultar\u00eda inviable<\/strong>. De hecho, ese fue el mismo argumento por el que Boca no apel\u00f3 el reclamo que modific\u00f3 la fecha al 3 de diciembre.<\/p>\n\n\n\n<p>Ahora bien, incluso si se pudiera establecer una fecha dentro de diciembre,\u00a0<strong>pr\u00e1cticamente no hay fines de semana disponibles<\/strong>. Por empezar,<strong>\u00a0el domingo 10 ser\u00e1 el d\u00eda en que Javier Milei asuma como Presidente de la Naci\u00f3n. Y despu\u00e9s, tanto 24 como 31 caen ambos de domingo. As\u00ed, el \u00fanico d\u00eda disponible ser\u00eda el 17 de diciembre, aunque por lo antes dicho, ser\u00eda contrario al estatuto<\/strong>.<\/p>\n\n\n\n<p><\/p>\n","protected":false},"excerpt":{"rendered":"<p>La jueza Alejandra Abrevaya hizo lugar al pedido de la oposici\u00f3n y decidi\u00f3 la suspensi\u00f3n&#8230;<\/p>\n","protected":false},"author":3,"featured_media":2412,"comment_status":"open","ping_status":"open","sticky":false,"template":"","format":"standard","meta":{"footnotes":""},"categories":[54],"tags":[],"class_list":["post-2410","post","type-post","status-publish","format-standard","has-post-thumbnail","hentry","category-elecciones-2023"],"yoast_head":"<!-- This site is optimized with the Yoast SEO plugin v21.4 - https:\/\/yoast.com\/wordpress\/plugins\/seo\/ -->\n<title>Se suspende el acto eleccionario - BOCA PARA TODO EL MUNDO<\/title>\n<meta name=\"robots\" content=\"index, follow, max-snippet:-1, max-image-preview:large, max-video-preview:-1\" \/>\n<link rel=\"canonical\" href=\"https:\/\/bocaparatodoelmundo.com.ar\/?p=2410\" \/>\n<meta property=\"og:locale\" content=\"es_ES\" \/>\n<meta property=\"og:type\" content=\"article\" \/>\n<meta property=\"og:title\" content=\"Se suspende el acto eleccionario - BOCA PARA TODO EL MUNDO\" \/>\n<meta property=\"og:description\" content=\"La jueza Alejandra Abrevaya hizo lugar al pedido de la oposici\u00f3n y decidi\u00f3 la suspensi\u00f3n...\" \/>\n<meta property=\"og:url\" content=\"https:\/\/bocaparatodoelmundo.com.ar\/?p=2410\" \/>\n<meta property=\"og:site_name\" content=\"BOCA PARA TODO EL MUNDO\" \/>\n<meta property=\"article:published_time\" content=\"2023-11-29T14:48:35+00:00\" \/>\n<meta property=\"article:modified_time\" content=\"2023-12-19T14:54:41+00:00\" \/>\n<meta property=\"og:image\" content=\"https:\/\/bocaparatodoelmundo.com.ar\/wp-content\/uploads\/2023\/12\/boca-urnas_862x485.webp\" \/>\n\t<meta property=\"og:image:width\" content=\"862\" \/>\n\t<meta property=\"og:image:height\" content=\"485\" \/>\n\t<meta property=\"og:image:type\" content=\"image\/webp\" \/>\n<meta name=\"author\" content=\"Redaccion BPTM\" \/>\n<meta name=\"twitter:card\" content=\"summary_large_image\" \/>\n<meta name=\"twitter:label1\" content=\"Escrito por\" \/>\n\t<meta name=\"twitter:data1\" content=\"Redaccion BPTM\" \/>\n\t<meta name=\"twitter:label2\" content=\"Tiempo de lectura\" \/>\n\t<meta name=\"twitter:data2\" content=\"4 minutos\" \/>\n<script type=\"application\/ld+json\" class=\"yoast-schema-graph\">{\"@context\":\"https:\/\/schema.org\",\"@graph\":[{\"@type\":\"WebPage\",\"@id\":\"https:\/\/bocaparatodoelmundo.com.ar\/?p=2410\",\"url\":\"https:\/\/bocaparatodoelmundo.com.ar\/?p=2410\",\"name\":\"Se suspende el acto eleccionario - BOCA PARA TODO EL MUNDO\",\"isPartOf\":{\"@id\":\"https:\/\/bocaparatodoelmundo.com.ar\/#website\"},\"datePublished\":\"2023-11-29T14:48:35+00:00\",\"dateModified\":\"2023-12-19T14:54:41+00:00\",\"author\":{\"@id\":\"https:\/\/bocaparatodoelmundo.com.ar\/#\/schema\/person\/cc56d27ea9d37f4cea3636086a1847c5\"},\"breadcrumb\":{\"@id\":\"https:\/\/bocaparatodoelmundo.com.ar\/?p=2410#breadcrumb\"},\"inLanguage\":\"es-AR\",\"potentialAction\":[{\"@type\":\"ReadAction\",\"target\":[\"https:\/\/bocaparatodoelmundo.com.ar\/?p=2410\"]}]},{\"@type\":\"BreadcrumbList\",\"@id\":\"https:\/\/bocaparatodoelmundo.com.ar\/?p=2410#breadcrumb\",\"itemListElement\":[{\"@type\":\"ListItem\",\"position\":1,\"name\":\"Inicio\",\"item\":\"https:\/\/bocaparatodoelmundo.com.ar\/\"},{\"@type\":\"ListItem\",\"position\":2,\"name\":\"Se suspende el acto eleccionario\"}]},{\"@type\":\"WebSite\",\"@id\":\"https:\/\/bocaparatodoelmundo.com.ar\/#website\",\"url\":\"https:\/\/bocaparatodoelmundo.com.ar\/\",\"name\":\"BOCA PARA TODO EL MUNDO\",\"description\":\"Toda la historia y actualidad del club atletico boca junios esta aqui\",\"potentialAction\":[{\"@type\":\"SearchAction\",\"target\":{\"@type\":\"EntryPoint\",\"urlTemplate\":\"https:\/\/bocaparatodoelmundo.com.ar\/?s={search_term_string}\"},\"query-input\":\"required name=search_term_string\"}],\"inLanguage\":\"es-AR\"},{\"@type\":\"Person\",\"@id\":\"https:\/\/bocaparatodoelmundo.com.ar\/#\/schema\/person\/cc56d27ea9d37f4cea3636086a1847c5\",\"name\":\"Redaccion BPTM\",\"image\":{\"@type\":\"ImageObject\",\"inLanguage\":\"es-AR\",\"@id\":\"https:\/\/bocaparatodoelmundo.com.ar\/#\/schema\/person\/image\/\",\"url\":\"https:\/\/secure.gravatar.com\/avatar\/3b62665b8c08843736974a055cc2398ba6bb7fd2fe787285105d666c418a7d13?s=96&d=mm&r=g\",\"contentUrl\":\"https:\/\/secure.gravatar.com\/avatar\/3b62665b8c08843736974a055cc2398ba6bb7fd2fe787285105d666c418a7d13?s=96&d=mm&r=g\",\"caption\":\"Redaccion BPTM\"},\"sameAs\":[\"http:\/\/bocaparatodoelmundo.com.ar\"],\"url\":\"https:\/\/bocaparatodoelmundo.com.ar\/?author=3\"}]}<\/script>\n<!-- \/ Yoast SEO plugin. -->","yoast_head_json":{"title":"Se suspende el acto eleccionario - BOCA PARA TODO EL MUNDO","robots":{"index":"index","follow":"follow","max-snippet":"max-snippet:-1","max-image-preview":"max-image-preview:large","max-video-preview":"max-video-preview:-1"},"canonical":"https:\/\/bocaparatodoelmundo.com.ar\/?p=2410","og_locale":"es_ES","og_type":"article","og_title":"Se suspende el acto eleccionario - BOCA PARA TODO EL MUNDO","og_description":"La jueza Alejandra Abrevaya hizo lugar al pedido de la oposici\u00f3n y decidi\u00f3 la suspensi\u00f3n...","og_url":"https:\/\/bocaparatodoelmundo.com.ar\/?p=2410","og_site_name":"BOCA PARA TODO EL MUNDO","article_published_time":"2023-11-29T14:48:35+00:00","article_modified_time":"2023-12-19T14:54:41+00:00","og_image":[{"width":862,"height":485,"url":"https:\/\/bocaparatodoelmundo.com.ar\/wp-content\/uploads\/2023\/12\/boca-urnas_862x485.webp","type":"image\/webp"}],"author":"Redaccion BPTM","twitter_card":"summary_large_image","twitter_misc":{"Escrito por":"Redaccion BPTM","Tiempo de lectura":"4 minutos"},"schema":{"@context":"https:\/\/schema.org","@graph":[{"@type":"WebPage","@id":"https:\/\/bocaparatodoelmundo.com.ar\/?p=2410","url":"https:\/\/bocaparatodoelmundo.com.ar\/?p=2410","name":"Se suspende el acto eleccionario - BOCA PARA TODO EL MUNDO","isPartOf":{"@id":"https:\/\/bocaparatodoelmundo.com.ar\/#website"},"datePublished":"2023-11-29T14:48:35+00:00","dateModified":"2023-12-19T14:54:41+00:00","author":{"@id":"https:\/\/bocaparatodoelmundo.com.ar\/#\/schema\/person\/cc56d27ea9d37f4cea3636086a1847c5"},"breadcrumb":{"@id":"https:\/\/bocaparatodoelmundo.com.ar\/?p=2410#breadcrumb"},"inLanguage":"es-AR","potentialAction":[{"@type":"ReadAction","target":["https:\/\/bocaparatodoelmundo.com.ar\/?p=2410"]}]},{"@type":"BreadcrumbList","@id":"https:\/\/bocaparatodoelmundo.com.ar\/?p=2410#breadcrumb","itemListElement":[{"@type":"ListItem","position":1,"name":"Inicio","item":"https:\/\/bocaparatodoelmundo.com.ar\/"},{"@type":"ListItem","position":2,"name":"Se suspende el acto eleccionario"}]},{"@type":"WebSite","@id":"https:\/\/bocaparatodoelmundo.com.ar\/#website","url":"https:\/\/bocaparatodoelmundo.com.ar\/","name":"BOCA PARA TODO EL MUNDO","description":"Toda la historia y actualidad del club atletico boca junios esta aqui","potentialAction":[{"@type":"SearchAction","target":{"@type":"EntryPoint","urlTemplate":"https:\/\/bocaparatodoelmundo.com.ar\/?s={search_term_string}"},"query-input":"required name=search_term_string"}],"inLanguage":"es-AR"},{"@type":"Person","@id":"https:\/\/bocaparatodoelmundo.com.ar\/#\/schema\/person\/cc56d27ea9d37f4cea3636086a1847c5","name":"Redaccion BPTM","image":{"@type":"ImageObject","inLanguage":"es-AR","@id":"https:\/\/bocaparatodoelmundo.com.ar\/#\/schema\/person\/image\/","url":"https:\/\/secure.gravatar.com\/avatar\/3b62665b8c08843736974a055cc2398ba6bb7fd2fe787285105d666c418a7d13?s=96&d=mm&r=g","contentUrl":"https:\/\/secure.gravatar.com\/avatar\/3b62665b8c08843736974a055cc2398ba6bb7fd2fe787285105d666c418a7d13?s=96&d=mm&r=g","caption":"Redaccion BPTM"},"sameAs":["http:\/\/bocaparatodoelmundo.com.ar"],"url":"https:\/\/bocaparatodoelmundo.com.ar\/?author=3"}]}},"_links":{"self":[{"href":"https:\/\/bocaparatodoelmundo.com.ar\/index.php?rest_route=\/wp\/v2\/posts\/2410","targetHints":{"allow":["GET"]}}],"collection":[{"href":"https:\/\/bocaparatodoelmundo.com.ar\/index.php?rest_route=\/wp\/v2\/posts"}],"about":[{"href":"https:\/\/bocaparatodoelmundo.com.ar\/index.php?rest_route=\/wp\/v2\/types\/post"}],"author":[{"embeddable":true,"href":"https:\/\/bocaparatodoelmundo.com.ar\/index.php?rest_route=\/wp\/v2\/users\/3"}],"replies":[{"embeddable":true,"href":"https:\/\/bocaparatodoelmundo.com.ar\/index.php?rest_route=%2Fwp%2Fv2%2Fcomments&post=2410"}],"version-history":[{"count":1,"href":"https:\/\/bocaparatodoelmundo.com.ar\/index.php?rest_route=\/wp\/v2\/posts\/2410\/revisions"}],"predecessor-version":[{"id":2413,"href":"https:\/\/bocaparatodoelmundo.com.ar\/index.php?rest_route=\/wp\/v2\/posts\/2410\/revisions\/2413"}],"wp:featuredmedia":[{"embeddable":true,"href":"https:\/\/bocaparatodoelmundo.com.ar\/index.php?rest_route=\/wp\/v2\/media\/2412"}],"wp:attachment":[{"href":"https:\/\/bocaparatodoelmundo.com.ar\/index.php?rest_route=%2Fwp%2Fv2%2Fmedia&parent=2410"}],"wp:term":[{"taxonomy":"category","embeddable":true,"href":"https:\/\/bocaparatodoelmundo.com.ar\/index.php?rest_route=%2Fwp%2Fv2%2Fcategories&post=2410"},{"taxonomy":"post_tag","embeddable":true,"href":"https:\/\/bocaparatodoelmundo.com.ar\/index.php?rest_route=%2Fwp%2Fv2%2Ftags&post=2410"}],"curies":[{"name":"wp","href":"https:\/\/api.w.org\/{rel}","templated":true}]}}