{"id":2407,"date":"2023-11-25T11:35:07","date_gmt":"2023-11-25T14:35:07","guid":{"rendered":"https:\/\/bocaparatodoelmundo.com.ar\/?p=2407"},"modified":"2023-12-19T11:47:58","modified_gmt":"2023-12-19T14:47:58","slug":"confirman-el-acto-eleccionario-para-el-3-de-diciembre","status":"publish","type":"post","link":"https:\/\/bocaparatodoelmundo.com.ar\/?p=2407","title":{"rendered":"Confirman el acto eleccionario para el 3 de diciembre"},"content":{"rendered":"\n<h4 class=\"wp-block-heading has-text-align-left\">El oficialismo analiza apelar la medida cautelar realizada a partir de un pedido de la DAIA. Sin embargo, algunos de los socios que habr\u00edan impulsado la denuncia, aseguran que ellos no participaron del pedido. Los candidatos para la nueva presidencia son Juan Rom\u00e1n Riquelme junto a Jorge Amor Ameal por un lado y, por el otro, Andr\u00e9s Ibarra y Mauricio Macri.<\/h4>\n\n\n\n<p><strong>La Justicia porte\u00f1a hizo lugar a un pedido\u00a0para postergar las elecciones presidenciales de<a href=\"https:\/\/www.pagina12.com.ar\/688414-que-dijo-riquelme-tras-la-derrota-de-boca-vs-estudiantes-el-\">\u00a0Boca Juniors<\/a><\/strong>\u00a0mediante una medida cautelar. La jornada electoral, que estaba pautada para el s\u00e1bado 2,\u00a0<strong>se realizar\u00e1 el domingo 3 de diciembre<\/strong>, tras un reclamo realizado por la Delegaci\u00f3n de Asociaciones Israelitas Argentinas (DAIA), que alegaba que el s\u00e1bado es\u00a0<strong>Shabat<\/strong>, una fecha\u00a0<strong>sagrada<\/strong>\u00a0<strong>del calendario jud\u00edo<\/strong>, que le impedir\u00eda a los socios practicantes poder votar.<\/p>\n\n\n\n<p>Sin embargo, a pesar de la resoluci\u00f3n del Juzgado de Primera Instancia en lo Penal, Contravencional y de Faltas Nro. 22 de la Ciudad de Buenos Aires,&nbsp;<strong>el oficialismo podr\u00eda apelar el fallo<\/strong>. Si bien no estaba claro la decisi\u00f3n que iba a tomar la Justicia, qued\u00f3 determinado.<\/p>\n\n\n\n<p>La DAIA, en conjunto con cinco socios xeneixes practicantes, hab\u00edan enviado su pedido al club el pasado 8 de noviembre, solicitando el cambio de dia. &#8220;Dicho requerimiento tiene su motivaci\u00f3n en haberse establecido un s\u00e1bado, d\u00eda santo para la comunidad jud\u00eda.&nbsp;<strong>Conforme las prescripciones de la Tor\u00e1<\/strong>,&nbsp;<strong>para honrar el Shabat<\/strong>,&nbsp;<strong>debemos abstenernos de realizar cualquier trabajo<\/strong>\u201d, explicaron Alejandro Zuchowicki y Jorge Knoblovits, secretario general y presidente de la instituci\u00f3n, respectivamente, a los dirigentes de Boca.<\/p>\n\n\n\n<p>La medida cautelar busca determinar si el club &#8220;incurre en una&nbsp;<strong>conducta discriminatoria<\/strong>&nbsp;al establecerse como fecha de comicios para la renovaci\u00f3n de autoridades el venidero s\u00e1bado 2 de diciembre de 2023,&nbsp;<strong>priv\u00e1ndose as\u00ed a un grupo numeroso de socios y socias de esa instituci\u00f3n que profesan la religi\u00f3n jud\u00eda de hacerse presente en el lugar de las elecciones para emitir el sufragio<\/strong>\u201d.<\/p>\n\n\n\n<p>Sin embargo, algunos de los socios de los involucrados en la denuncia que miembros de la comunidad jud\u00eda elevaron ante Boca por la fecha de las pr\u00f3ximas elecciones se presentaron ante el club para dejar sentado que no tuvieron conocimiento de la misma hasta que se difundi\u00f3 a trav\u00e9s de los medios. As\u00ed lo indic\u00f3 en las \u00faltimas horas el suplemento Ol\u00e9.\u00a0<\/p>\n\n\n\n<h4 class=\"wp-block-heading\">Firmantes que no firmaron<\/h4>\n\n\n\n<p>Se trata de al menos tres de los firmantes en la nota, q<strong>uienes&nbsp;aseguran que no fueron notificados y no dieron consentimiento para que sus nombres se utilizaran en la demanda&nbsp;<\/strong>que motivo el fallo por el cual Boca est\u00e1 obligado a pasar los comicios del d\u00eda s\u00e1bado 2 al domingo 3 de diciembre.<\/p>\n\n\n\n<p><strong>&#8220;Tomamos conocimiento del caso por llamados de amigos y la realidad es que no entend\u00edamos nada. Al parecer, la denuncia fue por tel\u00e9fono y se incluyeron nuestros nombres, pero nadie de la justicia nos llam\u00f3 ni nada<\/strong>&#8220;, confes\u00f3 uno de los implicados. En la presentaci\u00f3n (ratificada ante escribano p\u00fablico),<strong>&nbsp;niegan haber autorizado al impulsor de la demanda ni a nadie a formular ninguna denuncia.<\/strong><\/p>\n\n\n\n<p>Mientras tanto, la actual Comisi\u00f3n Directiva del Xeneize analizar\u00e1 en estos d\u00edas si apelar\u00e1 el fallo judicial.<\/p>\n\n\n\n<p>Los socios de Boca deber\u00e1n elegir autoridades entre las&nbsp;<strong>listas&nbsp;<\/strong>que encabezan, por un lado,&nbsp;<strong>Juan Rom\u00e1n Riquelme junto a Jorge Amor Ameal<\/strong>&nbsp;y, por el otro,&nbsp;<strong>Andr\u00e9s Ibarra y Mauricio Macri<\/strong>.<\/p>\n","protected":false},"excerpt":{"rendered":"<p>El oficialismo analiza apelar la medida cautelar realizada a partir de un pedido de la&#8230;<\/p>\n","protected":false},"author":3,"featured_media":2408,"comment_status":"open","ping_status":"open","sticky":false,"template":"","format":"standard","meta":{"footnotes":""},"categories":[54],"tags":[],"class_list":["post-2407","post","type-post","status-publish","format-standard","has-post-thumbnail","hentry","category-elecciones-2023"],"yoast_head":"<!-- This site is optimized with the Yoast SEO plugin v21.4 - https:\/\/yoast.com\/wordpress\/plugins\/seo\/ -->\n<title>Confirman el acto eleccionario para el 3 de diciembre - BOCA PARA TODO EL MUNDO<\/title>\n<meta name=\"robots\" content=\"index, follow, max-snippet:-1, max-image-preview:large, max-video-preview:-1\" \/>\n<link rel=\"canonical\" href=\"https:\/\/bocaparatodoelmundo.com.ar\/?p=2407\" \/>\n<meta property=\"og:locale\" content=\"es_ES\" \/>\n<meta property=\"og:type\" content=\"article\" \/>\n<meta property=\"og:title\" content=\"Confirman el acto eleccionario para el 3 de diciembre - BOCA PARA TODO EL MUNDO\" \/>\n<meta property=\"og:description\" content=\"El oficialismo analiza apelar la medida cautelar realizada a partir de un pedido de la...\" \/>\n<meta property=\"og:url\" content=\"https:\/\/bocaparatodoelmundo.com.ar\/?p=2407\" \/>\n<meta property=\"og:site_name\" content=\"BOCA PARA TODO EL MUNDO\" \/>\n<meta property=\"article:published_time\" content=\"2023-11-25T14:35:07+00:00\" \/>\n<meta property=\"article:modified_time\" content=\"2023-12-19T14:47:58+00:00\" \/>\n<meta property=\"og:image\" content=\"https:\/\/bocaparatodoelmundo.com.ar\/wp-content\/uploads\/2023\/12\/793028-whatsapp-20image-202023-11-24-20at-2016-21-19-0.jpeg\" \/>\n\t<meta property=\"og:image:width\" content=\"960\" \/>\n\t<meta property=\"og:image:height\" content=\"640\" \/>\n\t<meta property=\"og:image:type\" content=\"image\/jpeg\" \/>\n<meta name=\"author\" content=\"Redaccion BPTM\" \/>\n<meta name=\"twitter:card\" content=\"summary_large_image\" \/>\n<meta name=\"twitter:label1\" content=\"Escrito por\" \/>\n\t<meta name=\"twitter:data1\" content=\"Redaccion BPTM\" \/>\n\t<meta name=\"twitter:label2\" content=\"Tiempo de lectura\" \/>\n\t<meta name=\"twitter:data2\" content=\"3 minutos\" \/>\n<script type=\"application\/ld+json\" class=\"yoast-schema-graph\">{\"@context\":\"https:\/\/schema.org\",\"@graph\":[{\"@type\":\"WebPage\",\"@id\":\"https:\/\/bocaparatodoelmundo.com.ar\/?p=2407\",\"url\":\"https:\/\/bocaparatodoelmundo.com.ar\/?p=2407\",\"name\":\"Confirman el acto eleccionario para el 3 de diciembre - BOCA PARA TODO EL MUNDO\",\"isPartOf\":{\"@id\":\"https:\/\/bocaparatodoelmundo.com.ar\/#website\"},\"datePublished\":\"2023-11-25T14:35:07+00:00\",\"dateModified\":\"2023-12-19T14:47:58+00:00\",\"author\":{\"@id\":\"https:\/\/bocaparatodoelmundo.com.ar\/#\/schema\/person\/cc56d27ea9d37f4cea3636086a1847c5\"},\"breadcrumb\":{\"@id\":\"https:\/\/bocaparatodoelmundo.com.ar\/?p=2407#breadcrumb\"},\"inLanguage\":\"es-AR\",\"potentialAction\":[{\"@type\":\"ReadAction\",\"target\":[\"https:\/\/bocaparatodoelmundo.com.ar\/?p=2407\"]}]},{\"@type\":\"BreadcrumbList\",\"@id\":\"https:\/\/bocaparatodoelmundo.com.ar\/?p=2407#breadcrumb\",\"itemListElement\":[{\"@type\":\"ListItem\",\"position\":1,\"name\":\"Inicio\",\"item\":\"https:\/\/bocaparatodoelmundo.com.ar\/\"},{\"@type\":\"ListItem\",\"position\":2,\"name\":\"Confirman el acto eleccionario para el 3 de diciembre\"}]},{\"@type\":\"WebSite\",\"@id\":\"https:\/\/bocaparatodoelmundo.com.ar\/#website\",\"url\":\"https:\/\/bocaparatodoelmundo.com.ar\/\",\"name\":\"BOCA PARA TODO EL MUNDO\",\"description\":\"Toda la historia y actualidad del club atletico boca junios esta aqui\",\"potentialAction\":[{\"@type\":\"SearchAction\",\"target\":{\"@type\":\"EntryPoint\",\"urlTemplate\":\"https:\/\/bocaparatodoelmundo.com.ar\/?s={search_term_string}\"},\"query-input\":\"required name=search_term_string\"}],\"inLanguage\":\"es-AR\"},{\"@type\":\"Person\",\"@id\":\"https:\/\/bocaparatodoelmundo.com.ar\/#\/schema\/person\/cc56d27ea9d37f4cea3636086a1847c5\",\"name\":\"Redaccion BPTM\",\"image\":{\"@type\":\"ImageObject\",\"inLanguage\":\"es-AR\",\"@id\":\"https:\/\/bocaparatodoelmundo.com.ar\/#\/schema\/person\/image\/\",\"url\":\"https:\/\/secure.gravatar.com\/avatar\/3b62665b8c08843736974a055cc2398ba6bb7fd2fe787285105d666c418a7d13?s=96&d=mm&r=g\",\"contentUrl\":\"https:\/\/secure.gravatar.com\/avatar\/3b62665b8c08843736974a055cc2398ba6bb7fd2fe787285105d666c418a7d13?s=96&d=mm&r=g\",\"caption\":\"Redaccion BPTM\"},\"sameAs\":[\"http:\/\/bocaparatodoelmundo.com.ar\"],\"url\":\"https:\/\/bocaparatodoelmundo.com.ar\/?author=3\"}]}<\/script>\n<!-- \/ Yoast SEO plugin. -->","yoast_head_json":{"title":"Confirman el acto eleccionario para el 3 de diciembre - BOCA PARA TODO EL MUNDO","robots":{"index":"index","follow":"follow","max-snippet":"max-snippet:-1","max-image-preview":"max-image-preview:large","max-video-preview":"max-video-preview:-1"},"canonical":"https:\/\/bocaparatodoelmundo.com.ar\/?p=2407","og_locale":"es_ES","og_type":"article","og_title":"Confirman el acto eleccionario para el 3 de diciembre - BOCA PARA TODO EL MUNDO","og_description":"El oficialismo analiza apelar la medida cautelar realizada a partir de un pedido de la...","og_url":"https:\/\/bocaparatodoelmundo.com.ar\/?p=2407","og_site_name":"BOCA PARA TODO EL MUNDO","article_published_time":"2023-11-25T14:35:07+00:00","article_modified_time":"2023-12-19T14:47:58+00:00","og_image":[{"width":960,"height":640,"url":"https:\/\/bocaparatodoelmundo.com.ar\/wp-content\/uploads\/2023\/12\/793028-whatsapp-20image-202023-11-24-20at-2016-21-19-0.jpeg","type":"image\/jpeg"}],"author":"Redaccion BPTM","twitter_card":"summary_large_image","twitter_misc":{"Escrito por":"Redaccion BPTM","Tiempo de lectura":"3 minutos"},"schema":{"@context":"https:\/\/schema.org","@graph":[{"@type":"WebPage","@id":"https:\/\/bocaparatodoelmundo.com.ar\/?p=2407","url":"https:\/\/bocaparatodoelmundo.com.ar\/?p=2407","name":"Confirman el acto eleccionario para el 3 de diciembre - BOCA PARA TODO EL MUNDO","isPartOf":{"@id":"https:\/\/bocaparatodoelmundo.com.ar\/#website"},"datePublished":"2023-11-25T14:35:07+00:00","dateModified":"2023-12-19T14:47:58+00:00","author":{"@id":"https:\/\/bocaparatodoelmundo.com.ar\/#\/schema\/person\/cc56d27ea9d37f4cea3636086a1847c5"},"breadcrumb":{"@id":"https:\/\/bocaparatodoelmundo.com.ar\/?p=2407#breadcrumb"},"inLanguage":"es-AR","potentialAction":[{"@type":"ReadAction","target":["https:\/\/bocaparatodoelmundo.com.ar\/?p=2407"]}]},{"@type":"BreadcrumbList","@id":"https:\/\/bocaparatodoelmundo.com.ar\/?p=2407#breadcrumb","itemListElement":[{"@type":"ListItem","position":1,"name":"Inicio","item":"https:\/\/bocaparatodoelmundo.com.ar\/"},{"@type":"ListItem","position":2,"name":"Confirman el acto eleccionario para el 3 de diciembre"}]},{"@type":"WebSite","@id":"https:\/\/bocaparatodoelmundo.com.ar\/#website","url":"https:\/\/bocaparatodoelmundo.com.ar\/","name":"BOCA PARA TODO EL MUNDO","description":"Toda la historia y actualidad del club atletico boca junios esta aqui","potentialAction":[{"@type":"SearchAction","target":{"@type":"EntryPoint","urlTemplate":"https:\/\/bocaparatodoelmundo.com.ar\/?s={search_term_string}"},"query-input":"required name=search_term_string"}],"inLanguage":"es-AR"},{"@type":"Person","@id":"https:\/\/bocaparatodoelmundo.com.ar\/#\/schema\/person\/cc56d27ea9d37f4cea3636086a1847c5","name":"Redaccion BPTM","image":{"@type":"ImageObject","inLanguage":"es-AR","@id":"https:\/\/bocaparatodoelmundo.com.ar\/#\/schema\/person\/image\/","url":"https:\/\/secure.gravatar.com\/avatar\/3b62665b8c08843736974a055cc2398ba6bb7fd2fe787285105d666c418a7d13?s=96&d=mm&r=g","contentUrl":"https:\/\/secure.gravatar.com\/avatar\/3b62665b8c08843736974a055cc2398ba6bb7fd2fe787285105d666c418a7d13?s=96&d=mm&r=g","caption":"Redaccion BPTM"},"sameAs":["http:\/\/bocaparatodoelmundo.com.ar"],"url":"https:\/\/bocaparatodoelmundo.com.ar\/?author=3"}]}},"_links":{"self":[{"href":"https:\/\/bocaparatodoelmundo.com.ar\/index.php?rest_route=\/wp\/v2\/posts\/2407","targetHints":{"allow":["GET"]}}],"collection":[{"href":"https:\/\/bocaparatodoelmundo.com.ar\/index.php?rest_route=\/wp\/v2\/posts"}],"about":[{"href":"https:\/\/bocaparatodoelmundo.com.ar\/index.php?rest_route=\/wp\/v2\/types\/post"}],"author":[{"embeddable":true,"href":"https:\/\/bocaparatodoelmundo.com.ar\/index.php?rest_route=\/wp\/v2\/users\/3"}],"replies":[{"embeddable":true,"href":"https:\/\/bocaparatodoelmundo.com.ar\/index.php?rest_route=%2Fwp%2Fv2%2Fcomments&post=2407"}],"version-history":[{"count":1,"href":"https:\/\/bocaparatodoelmundo.com.ar\/index.php?rest_route=\/wp\/v2\/posts\/2407\/revisions"}],"predecessor-version":[{"id":2409,"href":"https:\/\/bocaparatodoelmundo.com.ar\/index.php?rest_route=\/wp\/v2\/posts\/2407\/revisions\/2409"}],"wp:featuredmedia":[{"embeddable":true,"href":"https:\/\/bocaparatodoelmundo.com.ar\/index.php?rest_route=\/wp\/v2\/media\/2408"}],"wp:attachment":[{"href":"https:\/\/bocaparatodoelmundo.com.ar\/index.php?rest_route=%2Fwp%2Fv2%2Fmedia&parent=2407"}],"wp:term":[{"taxonomy":"category","embeddable":true,"href":"https:\/\/bocaparatodoelmundo.com.ar\/index.php?rest_route=%2Fwp%2Fv2%2Fcategories&post=2407"},{"taxonomy":"post_tag","embeddable":true,"href":"https:\/\/bocaparatodoelmundo.com.ar\/index.php?rest_route=%2Fwp%2Fv2%2Ftags&post=2407"}],"curies":[{"name":"wp","href":"https:\/\/api.w.org\/{rel}","templated":true}]}}