{"id":2403,"date":"2023-11-09T11:24:57","date_gmt":"2023-11-09T14:24:57","guid":{"rendered":"https:\/\/bocaparatodoelmundo.com.ar\/?p=2403"},"modified":"2023-12-19T11:33:05","modified_gmt":"2023-12-19T14:33:05","slug":"la-daia-pide-postergacion-para-el-acto-eleccionario-del-2-de-diciembre","status":"publish","type":"post","link":"https:\/\/bocaparatodoelmundo.com.ar\/?p=2403","title":{"rendered":"La DAIA pide postergaci\u00f3n para el acto eleccionario del 2 de diciembre"},"content":{"rendered":"\n<p>A trav\u00e9s de un comunicado, la Delegaci\u00f3n de Asociaciones Israelitas Argentinas record\u00f3 que el s\u00e1bado es un d\u00eda santo para la comunidad jud\u00eda, y por lo tanto hay determinadas actividades que est\u00e1n vedadas.<\/p>\n\n\n\n<p>Despu\u00e9s de que la Comisi\u00f3n Directiva de\u00a0<strong>Boca Juniors\u00a0<\/strong>anunciara la semana pasada que el pr\u00f3ximo\u00a0<strong>s\u00e1bado 2 de diciembre<\/strong>\u00a0se celebrar\u00e1n\u00a0<a href=\"https:\/\/www.infobae.com\/deportes\/2023\/11\/08\/el-mapa-politico-en-boca-juniors-tras-la-derrota-en-la-final-de-la-libertadores-riquelme-confia-en-la-reeleccion-y-macri-jugara-fuerte\/\" target=\"_blank\" rel=\"noreferrer noopener\"><em>las elecciones presidenciales del club<\/em><\/a>, desde la\u00a0<strong>Delegaci\u00f3n de Asociaciones Israelitas Argentinas (DAIA)<\/strong>\u00a0le solicitaron a las autoridades de la instituci\u00f3n xeneize que modifiquen la fecha de los comicios.<\/p>\n\n\n\n<p>\u201cPor medio de la presente nos dirigimos a ustedes a fin de solicitarles&nbsp;<strong>tengan a bien modificar la fecha establecida&nbsp;<\/strong>para la realizaci\u00f3n de los comicios ordinarios para la elecci\u00f3n general de autoridades de vuestra prestigiosa instituci\u00f3n\u201d, comienza el comunicado de la DAIA, firmado por<strong>&nbsp;Jorge Knoblovits<\/strong>&nbsp;y&nbsp;<strong>Alejandro Zuchowicki<\/strong>, presidente y secretario general del organismo.<\/p>\n\n\n\n<p>En la nota dirigida al presidente xeneize,\u00a0<strong>Jorge Amor Ameal<\/strong>, y a la Honorable Comisi\u00f3n Directiva de la instituci\u00f3n que acaba de disputar la final de la Copa Libertadores de Am\u00e9rica, la DAIA record\u00f3 que\u00a0<strong>el s\u00e1bado es un d\u00eda santo para la comunidad jud\u00eda<\/strong>, y por lo tanto hay determinadas actividades que est\u00e1n restringidas.<\/p>\n\n\n<div class=\"wp-block-image\">\n<figure class=\"aligncenter size-large\"><img loading=\"lazy\" decoding=\"async\" width=\"683\" height=\"1024\" src=\"https:\/\/bocaparatodoelmundo.com.ar\/wp-content\/uploads\/2023\/12\/nota-daia-683x1024.jpg\" alt=\"\" class=\"wp-image-2404\" srcset=\"https:\/\/bocaparatodoelmundo.com.ar\/wp-content\/uploads\/2023\/12\/nota-daia-683x1024.jpg 683w, https:\/\/bocaparatodoelmundo.com.ar\/wp-content\/uploads\/2023\/12\/nota-daia-200x300.jpg 200w, https:\/\/bocaparatodoelmundo.com.ar\/wp-content\/uploads\/2023\/12\/nota-daia.jpg 768w\" sizes=\"auto, (max-width: 683px) 100vw, 683px\" \/><\/figure>\n<\/div>\n\n\n<p>\u201cPor medio de la presente nos dirigimos a ustedes a fin de solicitarles&nbsp;<strong>tengan a bien modificar la fecha establecida&nbsp;<\/strong>para la realizaci\u00f3n de los comicios ordinarios para la elecci\u00f3n general de autoridades de vuestra prestigiosa instituci\u00f3n\u201d, comienza el comunicado de la DAIA, firmado por<strong>&nbsp;Jorge Knoblovits<\/strong>&nbsp;y&nbsp;<strong>Alejandro Zuchowicki<\/strong>, presidente y secretario general del organismo.<\/p>\n\n\n\n<p>En la nota dirigida al presidente xeneize,\u00a0<strong>Jorge Amor Ameal<\/strong>, y a la Honorable Comisi\u00f3n Directiva de la instituci\u00f3n que acaba de disputar la final de la Copa Libertadores de Am\u00e9rica, la DAIA record\u00f3 que\u00a0<strong>el s\u00e1bado es un d\u00eda santo para la comunidad jud\u00eda<\/strong>, y por lo tanto hay determinadas actividades que est\u00e1n restringidas.<\/p>\n\n\n\n<p>\u201cConforme las prescripciones del Tor\u00e1, para honrar el&nbsp;<strong>Shabat<\/strong>, debemos abstenernos de realizar cualquier trabajo. Asimismo,&nbsp;<strong>existen actividades que est\u00e1n prohibidas<\/strong>, no siendo posible viajar en veh\u00edculos ni transporte p\u00fablico, no se pueden realizar transacciones, ni usar tel\u00e9fono, por ejemplo, entre otras actividades vedadas\u201d, se\u00f1ala el comunicado.<\/p>\n\n\n\n<p>Por \u00faltimo, la representaci\u00f3n pol\u00edtica de la comunidad jud\u00eda complet\u00f3: \u201cLa DAIA tiene como misi\u00f3n la lucha contra toda expresi\u00f3n de antisemitismo, discriminaci\u00f3n, racismo y xenofobia, preservar los derechos humanos, promover el di\u00e1logo interreligioso y la convivencia arm\u00f3nica entre todos los ciudadanos, en un marco de respeto a las diferencias; as\u00ed como denunciar el terrorismo internacional, velando por la seguridad de las instituciones\u201d.<\/p>\n\n\n\n<p>Hasta este jueves por la ma\u00f1ana, desde la dirigencia de Boca Juniors no se hab\u00edan expresado de forma oficial en relaci\u00f3n al petitorio presentado por la DAIA, pero se espera que en las pr\u00f3ximas horas haya una respuesta al requerimiento.<\/p>\n\n\n\n<p>En cuanto al futuro institucional del club xeneize, este mi\u00e9rcoles el candidato opositor&nbsp;<a rel=\"noreferrer noopener\" href=\"https:\/\/www.infobae.com\/deportes\/2023\/11\/08\/andres-ibarra-confirmo-que-mauricio-macri-sera-candidato-a-vicepresidente-de-boca-juniors\/\" target=\"_blank\"><em><strong>Andr\u00e9s Ibarra confirm\u00f3 que Mauricio Macri lo acompa\u00f1ar\u00e1 en la f\u00f3rmula<\/strong><\/em><\/a>que competir\u00e1 para llegar a la presidencia.<\/p>\n\n\n\n<p>\u201c<strong>\u00c9l toma la decisi\u00f3n de participar como vicepresidente, f\u00f3rmula que confirmaremos porque estamos trabajando con el resto de las listas para conformar una lista de unidad.&nbsp;<\/strong>Lo confirmaremos oficialmente el lunes en conferencia de prensa. La decisi\u00f3n que tom\u00f3 es porque queremos volver a poner a Boca ah\u00ed arriba y armar un equipo muy importante\u201d, manifest\u00f3 ayer Ibarra en di\u00e1logo con&nbsp;<em>Radio Rivadavia<\/em>.<\/p>\n\n\n\n<p><img loading=\"lazy\" decoding=\"async\" alt=\"Mauricio Macri y Andr\u00e9s Ibarra. \" height=\"1126\" width=\"1600\" src=\"https:\/\/www.infobae.com\/new-resizer\/lJsyMnjAAaLZIeQYn5x8qVfimlc=\/420x280\/filters:format(webp):quality(85)\/cloudfront-us-east-1.images.arcpublishing.com\/infobae\/7FR6RAMVGVCD3N7IEY2HPUTSCU.jpeg%20420w\" srcset=\"https:\/\/www.infobae.com\/new-resizer\/lJsyMnjAAaLZIeQYn5x8qVfimlc=\/420x280\/filters:format(webp):quality(85)\/cloudfront-us-east-1.images.arcpublishing.com\/infobae\/7FR6RAMVGVCD3N7IEY2HPUTSCU.jpeg 420w,https:\/\/www.infobae.com\/new-resizer\/pxmJGaZNBrQ5iRlb_rSJO-tFA4o=\/768x512\/filters:format(webp):quality(85)\/cloudfront-us-east-1.images.arcpublishing.com\/infobae\/7FR6RAMVGVCD3N7IEY2HPUTSCU.jpeg 768w,https:\/\/www.infobae.com\/new-resizer\/unQ6DSq49qpFAVpmRuoNKxNOT6Y=\/992x661\/filters:format(webp):quality(85)\/cloudfront-us-east-1.images.arcpublishing.com\/infobae\/7FR6RAMVGVCD3N7IEY2HPUTSCU.jpeg 992w,https:\/\/www.infobae.com\/new-resizer\/oObtwi2sW8HFwv-B8hhPLob9QHE=\/1200x800\/filters:format(webp):quality(85)\/cloudfront-us-east-1.images.arcpublishing.com\/infobae\/7FR6RAMVGVCD3N7IEY2HPUTSCU.jpeg 1200w,https:\/\/www.infobae.com\/new-resizer\/uius6X7XLAK72i6HmTc0dtSukDE=\/1440x960\/filters:format(webp):quality(85)\/cloudfront-us-east-1.images.arcpublishing.com\/infobae\/7FR6RAMVGVCD3N7IEY2HPUTSCU.jpeg 1440w\">Mauricio Macri y Andr\u00e9s Ibarra.<\/p>\n\n\n\n<p><a href=\"https:\/\/www.infobae.com\/deportes\/2023\/10\/20\/mauricio-macri-define-si-sera-candidato-a-vicepresidente-de-boca-en-la-lista-de-andres-ibarra\/\"><em><strong>Tal como hab\u00eda anticipado Infobae hace algunas semanas<\/strong><\/em><\/a><em>,<\/em>&nbsp;finalmente Macri estar\u00e1 en el espacio opositor con el fin de ganarle la elecci\u00f3n a Juan Rom\u00e1n Riquelme, actual vice boquense que se plantea a esta hora la idea de liderar la f\u00f3rmula por parte del oficialismo. \u201cVoy a acompa\u00f1ar en la Comisi\u00f3n Directiva, s\u00ed. D\u00f3nde me pongan voy a estar. Creo que es un momento en el que hay que poner el hombro porque estamos muy mal. Estamos muy tristes con este presente de Boca\u201d, hab\u00eda anticipado ya hace meses Macri, que est\u00e1 a la espera de lo que suceda en los comicios nacionales, en los que<a href=\"https:\/\/www.infobae.com\/politica\/2023\/10\/27\/mauricio-macri-convoco-a-votar-a-javier-milei-en-el-balotaje\/\"><em><strong>invit\u00f3 a apoyar al candidato de La Libertad Avanza, Javier Milei.<\/strong><\/em><\/a><\/p>\n","protected":false},"excerpt":{"rendered":"<p>A trav\u00e9s de un comunicado, la Delegaci\u00f3n de Asociaciones Israelitas Argentinas record\u00f3 que el s\u00e1bado&#8230;<\/p>\n","protected":false},"author":3,"featured_media":2405,"comment_status":"open","ping_status":"open","sticky":false,"template":"","format":"standard","meta":{"footnotes":""},"categories":[54],"tags":[],"class_list":["post-2403","post","type-post","status-publish","format-standard","has-post-thumbnail","hentry","category-elecciones-2023"],"yoast_head":"<!-- This site is optimized with the Yoast SEO plugin v21.4 - https:\/\/yoast.com\/wordpress\/plugins\/seo\/ -->\n<title>La DAIA pide postergaci\u00f3n para el acto eleccionario del 2 de diciembre - BOCA PARA TODO EL MUNDO<\/title>\n<meta name=\"robots\" content=\"index, follow, max-snippet:-1, max-image-preview:large, max-video-preview:-1\" \/>\n<link rel=\"canonical\" href=\"https:\/\/bocaparatodoelmundo.com.ar\/?p=2403\" \/>\n<meta property=\"og:locale\" content=\"es_ES\" \/>\n<meta property=\"og:type\" content=\"article\" \/>\n<meta property=\"og:title\" content=\"La DAIA pide postergaci\u00f3n para el acto eleccionario del 2 de diciembre - BOCA PARA TODO EL MUNDO\" \/>\n<meta property=\"og:description\" content=\"A trav\u00e9s de un comunicado, la Delegaci\u00f3n de Asociaciones Israelitas Argentinas record\u00f3 que el s\u00e1bado...\" \/>\n<meta property=\"og:url\" content=\"https:\/\/bocaparatodoelmundo.com.ar\/?p=2403\" \/>\n<meta property=\"og:site_name\" content=\"BOCA PARA TODO EL MUNDO\" \/>\n<meta property=\"article:published_time\" content=\"2023-11-09T14:24:57+00:00\" \/>\n<meta property=\"article:modified_time\" content=\"2023-12-19T14:33:05+00:00\" \/>\n<meta property=\"og:image\" content=\"https:\/\/bocaparatodoelmundo.com.ar\/wp-content\/uploads\/2023\/12\/OWHHEEB36RAHDNSYXBKNTJT2WM.jpg\" \/>\n\t<meta property=\"og:image:width\" content=\"992\" \/>\n\t<meta property=\"og:image:height\" content=\"441\" \/>\n\t<meta property=\"og:image:type\" content=\"image\/jpeg\" \/>\n<meta name=\"author\" content=\"Redaccion BPTM\" \/>\n<meta name=\"twitter:card\" content=\"summary_large_image\" \/>\n<meta name=\"twitter:label1\" content=\"Escrito por\" \/>\n\t<meta name=\"twitter:data1\" content=\"Redaccion BPTM\" \/>\n\t<meta name=\"twitter:label2\" content=\"Tiempo de lectura\" \/>\n\t<meta name=\"twitter:data2\" content=\"4 minutos\" \/>\n<script type=\"application\/ld+json\" class=\"yoast-schema-graph\">{\"@context\":\"https:\/\/schema.org\",\"@graph\":[{\"@type\":\"WebPage\",\"@id\":\"https:\/\/bocaparatodoelmundo.com.ar\/?p=2403\",\"url\":\"https:\/\/bocaparatodoelmundo.com.ar\/?p=2403\",\"name\":\"La DAIA pide postergaci\u00f3n para el acto eleccionario del 2 de diciembre - BOCA PARA TODO EL MUNDO\",\"isPartOf\":{\"@id\":\"https:\/\/bocaparatodoelmundo.com.ar\/#website\"},\"datePublished\":\"2023-11-09T14:24:57+00:00\",\"dateModified\":\"2023-12-19T14:33:05+00:00\",\"author\":{\"@id\":\"https:\/\/bocaparatodoelmundo.com.ar\/#\/schema\/person\/cc56d27ea9d37f4cea3636086a1847c5\"},\"breadcrumb\":{\"@id\":\"https:\/\/bocaparatodoelmundo.com.ar\/?p=2403#breadcrumb\"},\"inLanguage\":\"es-AR\",\"potentialAction\":[{\"@type\":\"ReadAction\",\"target\":[\"https:\/\/bocaparatodoelmundo.com.ar\/?p=2403\"]}]},{\"@type\":\"BreadcrumbList\",\"@id\":\"https:\/\/bocaparatodoelmundo.com.ar\/?p=2403#breadcrumb\",\"itemListElement\":[{\"@type\":\"ListItem\",\"position\":1,\"name\":\"Inicio\",\"item\":\"https:\/\/bocaparatodoelmundo.com.ar\/\"},{\"@type\":\"ListItem\",\"position\":2,\"name\":\"La DAIA pide postergaci\u00f3n para el acto eleccionario del 2 de diciembre\"}]},{\"@type\":\"WebSite\",\"@id\":\"https:\/\/bocaparatodoelmundo.com.ar\/#website\",\"url\":\"https:\/\/bocaparatodoelmundo.com.ar\/\",\"name\":\"BOCA PARA TODO EL MUNDO\",\"description\":\"Toda la historia y actualidad del club atletico boca junios esta aqui\",\"potentialAction\":[{\"@type\":\"SearchAction\",\"target\":{\"@type\":\"EntryPoint\",\"urlTemplate\":\"https:\/\/bocaparatodoelmundo.com.ar\/?s={search_term_string}\"},\"query-input\":\"required name=search_term_string\"}],\"inLanguage\":\"es-AR\"},{\"@type\":\"Person\",\"@id\":\"https:\/\/bocaparatodoelmundo.com.ar\/#\/schema\/person\/cc56d27ea9d37f4cea3636086a1847c5\",\"name\":\"Redaccion BPTM\",\"image\":{\"@type\":\"ImageObject\",\"inLanguage\":\"es-AR\",\"@id\":\"https:\/\/bocaparatodoelmundo.com.ar\/#\/schema\/person\/image\/\",\"url\":\"https:\/\/secure.gravatar.com\/avatar\/3b62665b8c08843736974a055cc2398ba6bb7fd2fe787285105d666c418a7d13?s=96&d=mm&r=g\",\"contentUrl\":\"https:\/\/secure.gravatar.com\/avatar\/3b62665b8c08843736974a055cc2398ba6bb7fd2fe787285105d666c418a7d13?s=96&d=mm&r=g\",\"caption\":\"Redaccion BPTM\"},\"sameAs\":[\"http:\/\/bocaparatodoelmundo.com.ar\"],\"url\":\"https:\/\/bocaparatodoelmundo.com.ar\/?author=3\"}]}<\/script>\n<!-- \/ Yoast SEO plugin. -->","yoast_head_json":{"title":"La DAIA pide postergaci\u00f3n para el acto eleccionario del 2 de diciembre - BOCA PARA TODO EL MUNDO","robots":{"index":"index","follow":"follow","max-snippet":"max-snippet:-1","max-image-preview":"max-image-preview:large","max-video-preview":"max-video-preview:-1"},"canonical":"https:\/\/bocaparatodoelmundo.com.ar\/?p=2403","og_locale":"es_ES","og_type":"article","og_title":"La DAIA pide postergaci\u00f3n para el acto eleccionario del 2 de diciembre - BOCA PARA TODO EL MUNDO","og_description":"A trav\u00e9s de un comunicado, la Delegaci\u00f3n de Asociaciones Israelitas Argentinas record\u00f3 que el s\u00e1bado...","og_url":"https:\/\/bocaparatodoelmundo.com.ar\/?p=2403","og_site_name":"BOCA PARA TODO EL MUNDO","article_published_time":"2023-11-09T14:24:57+00:00","article_modified_time":"2023-12-19T14:33:05+00:00","og_image":[{"width":992,"height":441,"url":"https:\/\/bocaparatodoelmundo.com.ar\/wp-content\/uploads\/2023\/12\/OWHHEEB36RAHDNSYXBKNTJT2WM.jpg","type":"image\/jpeg"}],"author":"Redaccion BPTM","twitter_card":"summary_large_image","twitter_misc":{"Escrito por":"Redaccion BPTM","Tiempo de lectura":"4 minutos"},"schema":{"@context":"https:\/\/schema.org","@graph":[{"@type":"WebPage","@id":"https:\/\/bocaparatodoelmundo.com.ar\/?p=2403","url":"https:\/\/bocaparatodoelmundo.com.ar\/?p=2403","name":"La DAIA pide postergaci\u00f3n para el acto eleccionario del 2 de diciembre - BOCA PARA TODO EL MUNDO","isPartOf":{"@id":"https:\/\/bocaparatodoelmundo.com.ar\/#website"},"datePublished":"2023-11-09T14:24:57+00:00","dateModified":"2023-12-19T14:33:05+00:00","author":{"@id":"https:\/\/bocaparatodoelmundo.com.ar\/#\/schema\/person\/cc56d27ea9d37f4cea3636086a1847c5"},"breadcrumb":{"@id":"https:\/\/bocaparatodoelmundo.com.ar\/?p=2403#breadcrumb"},"inLanguage":"es-AR","potentialAction":[{"@type":"ReadAction","target":["https:\/\/bocaparatodoelmundo.com.ar\/?p=2403"]}]},{"@type":"BreadcrumbList","@id":"https:\/\/bocaparatodoelmundo.com.ar\/?p=2403#breadcrumb","itemListElement":[{"@type":"ListItem","position":1,"name":"Inicio","item":"https:\/\/bocaparatodoelmundo.com.ar\/"},{"@type":"ListItem","position":2,"name":"La DAIA pide postergaci\u00f3n para el acto eleccionario del 2 de diciembre"}]},{"@type":"WebSite","@id":"https:\/\/bocaparatodoelmundo.com.ar\/#website","url":"https:\/\/bocaparatodoelmundo.com.ar\/","name":"BOCA PARA TODO EL MUNDO","description":"Toda la historia y actualidad del club atletico boca junios esta aqui","potentialAction":[{"@type":"SearchAction","target":{"@type":"EntryPoint","urlTemplate":"https:\/\/bocaparatodoelmundo.com.ar\/?s={search_term_string}"},"query-input":"required name=search_term_string"}],"inLanguage":"es-AR"},{"@type":"Person","@id":"https:\/\/bocaparatodoelmundo.com.ar\/#\/schema\/person\/cc56d27ea9d37f4cea3636086a1847c5","name":"Redaccion BPTM","image":{"@type":"ImageObject","inLanguage":"es-AR","@id":"https:\/\/bocaparatodoelmundo.com.ar\/#\/schema\/person\/image\/","url":"https:\/\/secure.gravatar.com\/avatar\/3b62665b8c08843736974a055cc2398ba6bb7fd2fe787285105d666c418a7d13?s=96&d=mm&r=g","contentUrl":"https:\/\/secure.gravatar.com\/avatar\/3b62665b8c08843736974a055cc2398ba6bb7fd2fe787285105d666c418a7d13?s=96&d=mm&r=g","caption":"Redaccion BPTM"},"sameAs":["http:\/\/bocaparatodoelmundo.com.ar"],"url":"https:\/\/bocaparatodoelmundo.com.ar\/?author=3"}]}},"_links":{"self":[{"href":"https:\/\/bocaparatodoelmundo.com.ar\/index.php?rest_route=\/wp\/v2\/posts\/2403","targetHints":{"allow":["GET"]}}],"collection":[{"href":"https:\/\/bocaparatodoelmundo.com.ar\/index.php?rest_route=\/wp\/v2\/posts"}],"about":[{"href":"https:\/\/bocaparatodoelmundo.com.ar\/index.php?rest_route=\/wp\/v2\/types\/post"}],"author":[{"embeddable":true,"href":"https:\/\/bocaparatodoelmundo.com.ar\/index.php?rest_route=\/wp\/v2\/users\/3"}],"replies":[{"embeddable":true,"href":"https:\/\/bocaparatodoelmundo.com.ar\/index.php?rest_route=%2Fwp%2Fv2%2Fcomments&post=2403"}],"version-history":[{"count":1,"href":"https:\/\/bocaparatodoelmundo.com.ar\/index.php?rest_route=\/wp\/v2\/posts\/2403\/revisions"}],"predecessor-version":[{"id":2406,"href":"https:\/\/bocaparatodoelmundo.com.ar\/index.php?rest_route=\/wp\/v2\/posts\/2403\/revisions\/2406"}],"wp:featuredmedia":[{"embeddable":true,"href":"https:\/\/bocaparatodoelmundo.com.ar\/index.php?rest_route=\/wp\/v2\/media\/2405"}],"wp:attachment":[{"href":"https:\/\/bocaparatodoelmundo.com.ar\/index.php?rest_route=%2Fwp%2Fv2%2Fmedia&parent=2403"}],"wp:term":[{"taxonomy":"category","embeddable":true,"href":"https:\/\/bocaparatodoelmundo.com.ar\/index.php?rest_route=%2Fwp%2Fv2%2Fcategories&post=2403"},{"taxonomy":"post_tag","embeddable":true,"href":"https:\/\/bocaparatodoelmundo.com.ar\/index.php?rest_route=%2Fwp%2Fv2%2Ftags&post=2403"}],"curies":[{"name":"wp","href":"https:\/\/api.w.org\/{rel}","templated":true}]}}