{"id":2379,"date":"2023-11-23T00:05:00","date_gmt":"2023-11-23T03:05:00","guid":{"rendered":"https:\/\/bocaparatodoelmundo.com.ar\/?p=2379"},"modified":"2023-11-26T12:54:25","modified_gmt":"2023-11-26T15:54:25","slug":"boca-no-pudo-con-estudiantes-y-peligra-su-clasificacion-a-la-copa","status":"publish","type":"post","link":"https:\/\/bocaparatodoelmundo.com.ar\/?p=2379","title":{"rendered":"Boca qued\u00f3 afuera y peligra su entrada a la Libertadores"},"content":{"rendered":"\n<h4 class=\"wp-block-heading\">Carrillo, Boselli y Figal, en contra, anotaron para el Estudiantes, mientras que Merentiel (2) lo hizo para Boca. El Xeneize, cada vez m\u00e1s complicado para acceder a la Libertadores 2024.<\/h4>\n\n\n\n<p><strong>ESTUDIANTES derrot\u00f3 3-2 a Boca en el estadio Mario Alberto Kempes, en C\u00f3rdoba, y se clasific\u00f3 a la final de la Copa Argentina<\/strong>. All\u00ed se enfrentar\u00e1 con el ganador del cruce entre San Lorenzo y Defensa y Justicia.\u00a0<strong>El Xeneize se qued\u00f3 sin una gran opci\u00f3n para acceder a la Copa Libertadores 2024.<\/strong><\/p>\n\n\n<div class=\"wp-block-image\">\n<figure class=\"aligncenter size-large is-resized\"><img loading=\"lazy\" decoding=\"async\" width=\"1024\" height=\"576\" src=\"https:\/\/bocaparatodoelmundo.com.ar\/wp-content\/uploads\/2023\/11\/estudiantesdelaplata3jpg-1024x576.jpg\" alt=\"\" class=\"wp-image-2382\" style=\"width:836px;height:auto\" srcset=\"https:\/\/bocaparatodoelmundo.com.ar\/wp-content\/uploads\/2023\/11\/estudiantesdelaplata3jpg-1024x576.jpg 1024w, https:\/\/bocaparatodoelmundo.com.ar\/wp-content\/uploads\/2023\/11\/estudiantesdelaplata3jpg-300x169.jpg 300w, https:\/\/bocaparatodoelmundo.com.ar\/wp-content\/uploads\/2023\/11\/estudiantesdelaplata3jpg-768x432.jpg 768w, https:\/\/bocaparatodoelmundo.com.ar\/wp-content\/uploads\/2023\/11\/estudiantesdelaplata3jpg.jpg 1200w\" sizes=\"auto, (max-width: 1024px) 100vw, 1024px\" \/><figcaption class=\"wp-element-caption\">Guido Carrillo celebra su gol, el primero de Estudiantes. Boca arranc\u00f3 desconcentrado el partido y lo pag\u00f3 caro.<\/figcaption><\/figure>\n<\/div>\n\n\n<p><strong>El Pincha sorprendi\u00f3 a Boca desde el vestuario y a los 3&#8242; se puso en ventaja.<\/strong>\u00a0Leonardo Godoy le gan\u00f3 el duelo a Marcelo Saracchi, lleg\u00f3 al fondo y meti\u00f3 el centro para la aparici\u00f3n de\u00a0<strong>Guido Carrillo<\/strong>, que con un buen cabezazo puso el 1-0 ante un Sergio Romero que poco pudo hacer, pero al que lo esperar\u00eda una noche movida.<\/p>\n\n\n\n<p>Todo empeorar\u00eda r\u00e1pidamente para el conjunto de Mariano Herr\u00f3n cuando\u00a0<strong>a los 13&#8242; Saracchi<\/strong>, s\u00ed nuevamente el lateral,<strong>\u00a0se hizo expulsar infantilmente por un planchazo contra Fernando Zuqui.<\/strong><\/p>\n\n\n\n<p>A partir de quedarse con 10 hombres, el Xeneize logr\u00f3 emparejar el encuentro con m\u00e1s coraje que juego. Primero, una buena presi\u00f3n de\u00a0<strong>Lucas Janson forz\u00f3 el error de Zaid Romero a los 28&#8242; que permiti\u00f3 el gol de Miguel Merentiel y el empate para Boca.<\/strong><\/p>\n\n\n<div class=\"wp-block-image\">\n<figure class=\"aligncenter size-full\"><img loading=\"lazy\" decoding=\"async\" width=\"800\" height=\"450\" src=\"https:\/\/bocaparatodoelmundo.com.ar\/wp-content\/uploads\/2023\/11\/o_1700700562.jpg\" alt=\"\" class=\"wp-image-2383\" srcset=\"https:\/\/bocaparatodoelmundo.com.ar\/wp-content\/uploads\/2023\/11\/o_1700700562.jpg 800w, https:\/\/bocaparatodoelmundo.com.ar\/wp-content\/uploads\/2023\/11\/o_1700700562-300x169.jpg 300w, https:\/\/bocaparatodoelmundo.com.ar\/wp-content\/uploads\/2023\/11\/o_1700700562-768x432.jpg 768w\" sizes=\"auto, (max-width: 800px) 100vw, 800px\" \/><figcaption class=\"wp-element-caption\">Zuqui intenta interceptar a Baro. El volante Pincharrata fue el mejor jugador de su equipo. Barco fue de menor a mayor.<\/figcaption><\/figure>\n<\/div>\n\n\n<p>M\u00e1s tarde, ya en el cierre del primer tiempo,<strong>\u00a0Ezequiel Bullaude durmi\u00f3 a Jorge Rodr\u00edguez y toc\u00f3 a atr\u00e1s para otra efectiva definici\u00f3n de La Besti<\/strong>a, que marc\u00f3 el segundo gol de Boca.<\/p>\n\n\n<div class=\"wp-block-image\">\n<figure class=\"aligncenter size-full\"><img loading=\"lazy\" decoding=\"async\" width=\"610\" height=\"426\" src=\"https:\/\/bocaparatodoelmundo.com.ar\/wp-content\/uploads\/2023\/11\/merentiel-1jpg.webp\" alt=\"\" class=\"wp-image-2384\" srcset=\"https:\/\/bocaparatodoelmundo.com.ar\/wp-content\/uploads\/2023\/11\/merentiel-1jpg.webp 610w, https:\/\/bocaparatodoelmundo.com.ar\/wp-content\/uploads\/2023\/11\/merentiel-1jpg-300x210.webp 300w\" sizes=\"auto, (max-width: 610px) 100vw, 610px\" \/><figcaption class=\"wp-element-caption\">Merentiel festeja su segundo gol, que tambien fue el segundo de Boca.<\/figcaption><\/figure>\n<\/div>\n\n\n<p><strong>El Xeneize sali\u00f3 a jugar la segunda parte otra vez dormido\u00a0<\/strong>y el Pincha lo aprovech\u00f3. A los 50 segundos,\u00a0<strong>Zuqui puso un centro frontal, Benjam\u00edn Rollheiser la baj\u00f3 y Mauro Boselli estamp\u00f3 el 2-2.<\/strong><\/p>\n\n\n\n<p>Inconexo, sin ideas y desgastado el equipo de la ribera sufri\u00f3 el hombre de menos y ni siquiera pudo dos veces con la misma jugada:\u00a0<strong>una pelota larga al \u00e1rea para Rollheiser, como en el empate platense, termin\u00f3 en carambola y gol en contra de Nicol\u00e1s Figal para el 3-2<\/strong>\u00a0a favor de los dirigidos por Eduardo Dom\u00ednguez.<\/p>\n\n\n<div class=\"wp-block-image\">\n<figure class=\"aligncenter size-large\"><img loading=\"lazy\" decoding=\"async\" width=\"1024\" height=\"575\" src=\"https:\/\/bocaparatodoelmundo.com.ar\/wp-content\/uploads\/2023\/11\/motoc-png-1024x575.webp\" alt=\"\" class=\"wp-image-2386\" srcset=\"https:\/\/bocaparatodoelmundo.com.ar\/wp-content\/uploads\/2023\/11\/motoc-png-1024x575.webp 1024w, https:\/\/bocaparatodoelmundo.com.ar\/wp-content\/uploads\/2023\/11\/motoc-png-300x169.webp 300w, https:\/\/bocaparatodoelmundo.com.ar\/wp-content\/uploads\/2023\/11\/motoc-png-768x432.webp 768w, https:\/\/bocaparatodoelmundo.com.ar\/wp-content\/uploads\/2023\/11\/motoc-png.webp 1340w\" sizes=\"auto, (max-width: 1024px) 100vw, 1024px\" \/><figcaption class=\"wp-element-caption\">Fernando Zuqui y Lucas Janson disputan el bal\u00f3n. El delantero de Boca no mostr\u00f3 su mejor nivel.<\/figcaption><\/figure>\n<\/div>\n\n\n<p>Gracias a un buen rendimiento de Chiquito Romero, Boca lleg\u00f3 con vida al cierre y all\u00ed fue a buscar el empate heroico.&nbsp;<strong>Con mucho empuje y liderado futbol\u00edsticamente por Valent\u00edn Barco, llev\u00f3 peligro al arco de Mariano And\u00fajar y termin\u00f3 reclamando un supuesto un penal.<\/strong><\/p>\n\n\n\n<p>Con este resultado&nbsp;<strong>el Xeneize perdi\u00f3&nbsp;la v\u00eda m\u00e1s directa con que contaba para clasificarse a la Copa Libertadores 2024<\/strong>. Ahora deber\u00e1 vencer el domingo a Godoy Cruz en la \u00faltima fecha de la Copa de la Liga y sacar cuentas para ver c\u00f3mo queda posicionado en la tabla anual.<\/p>\n","protected":false},"excerpt":{"rendered":"<p>Carrillo, Boselli y Figal, en contra, anotaron para el Estudiantes, mientras que Merentiel (2) lo&#8230;<\/p>\n","protected":false},"author":2,"featured_media":2385,"comment_status":"open","ping_status":"open","sticky":false,"template":"","format":"standard","meta":{"footnotes":""},"categories":[37],"tags":[],"class_list":["post-2379","post","type-post","status-publish","format-standard","has-post-thumbnail","hentry","category-copa-argentina"],"yoast_head":"<!-- This site is optimized with the Yoast SEO plugin v21.4 - https:\/\/yoast.com\/wordpress\/plugins\/seo\/ -->\n<title>Boca qued\u00f3 afuera y peligra su entrada a la Libertadores - BOCA PARA TODO EL MUNDO<\/title>\n<meta name=\"robots\" content=\"index, follow, max-snippet:-1, max-image-preview:large, max-video-preview:-1\" \/>\n<link rel=\"canonical\" href=\"https:\/\/bocaparatodoelmundo.com.ar\/?p=2379\" \/>\n<meta property=\"og:locale\" content=\"es_ES\" \/>\n<meta property=\"og:type\" content=\"article\" \/>\n<meta property=\"og:title\" content=\"Boca qued\u00f3 afuera y peligra su entrada a la Libertadores - BOCA PARA TODO EL MUNDO\" \/>\n<meta property=\"og:description\" content=\"Carrillo, Boselli y Figal, en contra, anotaron para el Estudiantes, mientras que Merentiel (2) lo...\" \/>\n<meta property=\"og:url\" content=\"https:\/\/bocaparatodoelmundo.com.ar\/?p=2379\" \/>\n<meta property=\"og:site_name\" content=\"BOCA PARA TODO EL MUNDO\" \/>\n<meta property=\"article:published_time\" content=\"2023-11-23T03:05:00+00:00\" \/>\n<meta property=\"article:modified_time\" content=\"2023-11-26T15:54:25+00:00\" \/>\n<meta property=\"og:image\" content=\"https:\/\/bocaparatodoelmundo.com.ar\/wp-content\/uploads\/2023\/11\/1700744580.jpg\" \/>\n\t<meta property=\"og:image:width\" content=\"1010\" \/>\n\t<meta property=\"og:image:height\" content=\"567\" \/>\n\t<meta property=\"og:image:type\" content=\"image\/jpeg\" \/>\n<meta name=\"author\" content=\"Mart\u00edn Ripari\" \/>\n<meta name=\"twitter:card\" content=\"summary_large_image\" \/>\n<meta name=\"twitter:label1\" content=\"Escrito por\" \/>\n\t<meta name=\"twitter:data1\" content=\"Mart\u00edn Ripari\" \/>\n\t<meta name=\"twitter:label2\" content=\"Tiempo de lectura\" \/>\n\t<meta name=\"twitter:data2\" content=\"4 minutos\" \/>\n<script type=\"application\/ld+json\" class=\"yoast-schema-graph\">{\"@context\":\"https:\/\/schema.org\",\"@graph\":[{\"@type\":\"WebPage\",\"@id\":\"https:\/\/bocaparatodoelmundo.com.ar\/?p=2379\",\"url\":\"https:\/\/bocaparatodoelmundo.com.ar\/?p=2379\",\"name\":\"Boca qued\u00f3 afuera y peligra su entrada a la Libertadores - BOCA PARA TODO EL MUNDO\",\"isPartOf\":{\"@id\":\"https:\/\/bocaparatodoelmundo.com.ar\/#website\"},\"datePublished\":\"2023-11-23T03:05:00+00:00\",\"dateModified\":\"2023-11-26T15:54:25+00:00\",\"author\":{\"@id\":\"https:\/\/bocaparatodoelmundo.com.ar\/#\/schema\/person\/c7c150fa1e2772333c5e6c002e15afaf\"},\"breadcrumb\":{\"@id\":\"https:\/\/bocaparatodoelmundo.com.ar\/?p=2379#breadcrumb\"},\"inLanguage\":\"es-AR\",\"potentialAction\":[{\"@type\":\"ReadAction\",\"target\":[\"https:\/\/bocaparatodoelmundo.com.ar\/?p=2379\"]}]},{\"@type\":\"BreadcrumbList\",\"@id\":\"https:\/\/bocaparatodoelmundo.com.ar\/?p=2379#breadcrumb\",\"itemListElement\":[{\"@type\":\"ListItem\",\"position\":1,\"name\":\"Inicio\",\"item\":\"https:\/\/bocaparatodoelmundo.com.ar\/\"},{\"@type\":\"ListItem\",\"position\":2,\"name\":\"Boca qued\u00f3 afuera y peligra su entrada a la Libertadores\"}]},{\"@type\":\"WebSite\",\"@id\":\"https:\/\/bocaparatodoelmundo.com.ar\/#website\",\"url\":\"https:\/\/bocaparatodoelmundo.com.ar\/\",\"name\":\"BOCA PARA TODO EL MUNDO\",\"description\":\"Toda la historia y actualidad del club atletico boca junios esta aqui\",\"potentialAction\":[{\"@type\":\"SearchAction\",\"target\":{\"@type\":\"EntryPoint\",\"urlTemplate\":\"https:\/\/bocaparatodoelmundo.com.ar\/?s={search_term_string}\"},\"query-input\":\"required name=search_term_string\"}],\"inLanguage\":\"es-AR\"},{\"@type\":\"Person\",\"@id\":\"https:\/\/bocaparatodoelmundo.com.ar\/#\/schema\/person\/c7c150fa1e2772333c5e6c002e15afaf\",\"name\":\"Mart\u00edn Ripari\",\"image\":{\"@type\":\"ImageObject\",\"inLanguage\":\"es-AR\",\"@id\":\"https:\/\/bocaparatodoelmundo.com.ar\/#\/schema\/person\/image\/\",\"url\":\"https:\/\/secure.gravatar.com\/avatar\/0db7df26707fd8adc2b24ae87259322b0aea8d9eaf092366b1d208b0b180ee7e?s=96&d=mm&r=g\",\"contentUrl\":\"https:\/\/secure.gravatar.com\/avatar\/0db7df26707fd8adc2b24ae87259322b0aea8d9eaf092366b1d208b0b180ee7e?s=96&d=mm&r=g\",\"caption\":\"Mart\u00edn Ripari\"},\"url\":\"https:\/\/bocaparatodoelmundo.com.ar\/?author=2\"}]}<\/script>\n<!-- \/ Yoast SEO plugin. -->","yoast_head_json":{"title":"Boca qued\u00f3 afuera y peligra su entrada a la Libertadores - BOCA PARA TODO EL MUNDO","robots":{"index":"index","follow":"follow","max-snippet":"max-snippet:-1","max-image-preview":"max-image-preview:large","max-video-preview":"max-video-preview:-1"},"canonical":"https:\/\/bocaparatodoelmundo.com.ar\/?p=2379","og_locale":"es_ES","og_type":"article","og_title":"Boca qued\u00f3 afuera y peligra su entrada a la Libertadores - BOCA PARA TODO EL MUNDO","og_description":"Carrillo, Boselli y Figal, en contra, anotaron para el Estudiantes, mientras que Merentiel (2) lo...","og_url":"https:\/\/bocaparatodoelmundo.com.ar\/?p=2379","og_site_name":"BOCA PARA TODO EL MUNDO","article_published_time":"2023-11-23T03:05:00+00:00","article_modified_time":"2023-11-26T15:54:25+00:00","og_image":[{"width":1010,"height":567,"url":"https:\/\/bocaparatodoelmundo.com.ar\/wp-content\/uploads\/2023\/11\/1700744580.jpg","type":"image\/jpeg"}],"author":"Mart\u00edn Ripari","twitter_card":"summary_large_image","twitter_misc":{"Escrito por":"Mart\u00edn Ripari","Tiempo de lectura":"4 minutos"},"schema":{"@context":"https:\/\/schema.org","@graph":[{"@type":"WebPage","@id":"https:\/\/bocaparatodoelmundo.com.ar\/?p=2379","url":"https:\/\/bocaparatodoelmundo.com.ar\/?p=2379","name":"Boca qued\u00f3 afuera y peligra su entrada a la Libertadores - BOCA PARA TODO EL MUNDO","isPartOf":{"@id":"https:\/\/bocaparatodoelmundo.com.ar\/#website"},"datePublished":"2023-11-23T03:05:00+00:00","dateModified":"2023-11-26T15:54:25+00:00","author":{"@id":"https:\/\/bocaparatodoelmundo.com.ar\/#\/schema\/person\/c7c150fa1e2772333c5e6c002e15afaf"},"breadcrumb":{"@id":"https:\/\/bocaparatodoelmundo.com.ar\/?p=2379#breadcrumb"},"inLanguage":"es-AR","potentialAction":[{"@type":"ReadAction","target":["https:\/\/bocaparatodoelmundo.com.ar\/?p=2379"]}]},{"@type":"BreadcrumbList","@id":"https:\/\/bocaparatodoelmundo.com.ar\/?p=2379#breadcrumb","itemListElement":[{"@type":"ListItem","position":1,"name":"Inicio","item":"https:\/\/bocaparatodoelmundo.com.ar\/"},{"@type":"ListItem","position":2,"name":"Boca qued\u00f3 afuera y peligra su entrada a la Libertadores"}]},{"@type":"WebSite","@id":"https:\/\/bocaparatodoelmundo.com.ar\/#website","url":"https:\/\/bocaparatodoelmundo.com.ar\/","name":"BOCA PARA TODO EL MUNDO","description":"Toda la historia y actualidad del club atletico boca junios esta aqui","potentialAction":[{"@type":"SearchAction","target":{"@type":"EntryPoint","urlTemplate":"https:\/\/bocaparatodoelmundo.com.ar\/?s={search_term_string}"},"query-input":"required name=search_term_string"}],"inLanguage":"es-AR"},{"@type":"Person","@id":"https:\/\/bocaparatodoelmundo.com.ar\/#\/schema\/person\/c7c150fa1e2772333c5e6c002e15afaf","name":"Mart\u00edn Ripari","image":{"@type":"ImageObject","inLanguage":"es-AR","@id":"https:\/\/bocaparatodoelmundo.com.ar\/#\/schema\/person\/image\/","url":"https:\/\/secure.gravatar.com\/avatar\/0db7df26707fd8adc2b24ae87259322b0aea8d9eaf092366b1d208b0b180ee7e?s=96&d=mm&r=g","contentUrl":"https:\/\/secure.gravatar.com\/avatar\/0db7df26707fd8adc2b24ae87259322b0aea8d9eaf092366b1d208b0b180ee7e?s=96&d=mm&r=g","caption":"Mart\u00edn Ripari"},"url":"https:\/\/bocaparatodoelmundo.com.ar\/?author=2"}]}},"_links":{"self":[{"href":"https:\/\/bocaparatodoelmundo.com.ar\/index.php?rest_route=\/wp\/v2\/posts\/2379","targetHints":{"allow":["GET"]}}],"collection":[{"href":"https:\/\/bocaparatodoelmundo.com.ar\/index.php?rest_route=\/wp\/v2\/posts"}],"about":[{"href":"https:\/\/bocaparatodoelmundo.com.ar\/index.php?rest_route=\/wp\/v2\/types\/post"}],"author":[{"embeddable":true,"href":"https:\/\/bocaparatodoelmundo.com.ar\/index.php?rest_route=\/wp\/v2\/users\/2"}],"replies":[{"embeddable":true,"href":"https:\/\/bocaparatodoelmundo.com.ar\/index.php?rest_route=%2Fwp%2Fv2%2Fcomments&post=2379"}],"version-history":[{"count":4,"href":"https:\/\/bocaparatodoelmundo.com.ar\/index.php?rest_route=\/wp\/v2\/posts\/2379\/revisions"}],"predecessor-version":[{"id":2395,"href":"https:\/\/bocaparatodoelmundo.com.ar\/index.php?rest_route=\/wp\/v2\/posts\/2379\/revisions\/2395"}],"wp:featuredmedia":[{"embeddable":true,"href":"https:\/\/bocaparatodoelmundo.com.ar\/index.php?rest_route=\/wp\/v2\/media\/2385"}],"wp:attachment":[{"href":"https:\/\/bocaparatodoelmundo.com.ar\/index.php?rest_route=%2Fwp%2Fv2%2Fmedia&parent=2379"}],"wp:term":[{"taxonomy":"category","embeddable":true,"href":"https:\/\/bocaparatodoelmundo.com.ar\/index.php?rest_route=%2Fwp%2Fv2%2Fcategories&post=2379"},{"taxonomy":"post_tag","embeddable":true,"href":"https:\/\/bocaparatodoelmundo.com.ar\/index.php?rest_route=%2Fwp%2Fv2%2Ftags&post=2379"}],"curies":[{"name":"wp","href":"https:\/\/api.w.org\/{rel}","templated":true}]}}