{"id":2296,"date":"2023-10-26T11:42:14","date_gmt":"2023-10-26T14:42:14","guid":{"rendered":"https:\/\/bocaparatodoelmundo.com.ar\/?p=2296"},"modified":"2023-10-26T12:17:14","modified_gmt":"2023-10-26T15:17:14","slug":"wilmar-roldan-el-elegido","status":"publish","type":"post","link":"https:\/\/bocaparatodoelmundo.com.ar\/?p=2296","title":{"rendered":"Wilmar Rold\u00e1n, el elegido"},"content":{"rendered":"\n<h4 class=\"wp-block-heading\">El colombiano Wilmar Rold\u00e1n ser\u00e1 quien imparta justicia el pr\u00f3ximo s\u00e1bado 4 de noviembre en el estadio Maracan\u00e1 de R\u00edo de Janeiro.<\/h4>\n\n\n\n<p>La Conmebol defini\u00f3 que el colombiano&nbsp;<strong>Wilmar Rold\u00e1n&nbsp;<\/strong>sea el encargado de impartir justicia en la final de la Copa Libertadores que disputar\u00e1n&nbsp;<strong>Boca Juniors y Fluminense<\/strong>&nbsp;el pr\u00f3ximo s\u00e1bado 4 de noviembre en el estadio Maracan\u00e1 de R\u00edo de Janeiro. Hace instantes, desde el ente que regular al f\u00fatbol sudamericano confirmaron la presencia de uno de los \u00e1rbitros m\u00e1s ponderados del continente y tambi\u00e9n c\u00f3mo ser\u00e1 la grilla que lo acompa\u00f1ar\u00e1. De esta forma, quedaron descartadas las otras dos opciones que barajaba la Conmebol: el uruguayo Esteban Ostojich y el chileno Piero Maza.<\/p>\n\n\n<div class=\"wp-block-image\">\n<figure class=\"aligncenter size-full\"><img loading=\"lazy\" decoding=\"async\" width=\"576\" height=\"1024\" src=\"https:\/\/bocaparatodoelmundo.com.ar\/wp-content\/uploads\/2023\/10\/WhatsApp-Image-2023-10-25-at-09.59.50.jpeg\" alt=\"\" class=\"wp-image-2298\" srcset=\"https:\/\/bocaparatodoelmundo.com.ar\/wp-content\/uploads\/2023\/10\/WhatsApp-Image-2023-10-25-at-09.59.50.jpeg 576w, https:\/\/bocaparatodoelmundo.com.ar\/wp-content\/uploads\/2023\/10\/WhatsApp-Image-2023-10-25-at-09.59.50-169x300.jpeg 169w\" sizes=\"auto, (max-width: 576px) 100vw, 576px\" \/><figcaption class=\"wp-element-caption\">La Conmebol defini\u00f3 el equipo arbitral para el 4 de noviembre en R\u00edo.<\/figcaption><\/figure>\n<\/div>\n\n\n<p>Los jueces que acompa\u00f1ar\u00e1n en cancha a Rold\u00e1n ser\u00e1n sus compatriotas Alexander Guzm\u00e1n (asistente 1), Dionisio Ruiz (asistente 2), Andr\u00e9s Rojas (cuarto \u00e1rbitro) y Wilmar Navarro (quinto \u00e1rbitro). Por otra parte, en el VAR estar\u00e1 a cargo el chileno Juan Lara, con sus coterr\u00e1neos \u00c1ngelo Hermosilla (VAR1) y Edson Cisternas (VAR2), mientras que tambi\u00e9n compartir\u00e1n cabina con otro colombiano: Jhon Ospina (VAR3). A este cuerpo arbitral habr\u00e1 que sumarle al uruguayo Dar\u00edo Ubriaco (Asesor Internacional) y al ecuatoriano Wilson \u00c1vila (Quality Manager).<\/p>\n\n\n\n<p>A la hora de repasar el recorrido de Boca en esta edici\u00f3n de la Copa, hay que decir que Rold\u00e1n arbitr\u00f3 su partido de ida por las semifinales que termin\u00f3 0 a 0 en la Bombonera frente a Palmeiras: fue la \u00fanica presentaci\u00f3n en la que dirigi\u00f3 al&nbsp;<em>Xeneize&nbsp;<\/em>(amonest\u00f3 a dos locales y un visitante). Mientras tanto, no dirigi\u00f3 a Fluminense en fase de eliminaci\u00f3n directa pero s\u00ed lo hizo en la fase de grupos: en el debut ante Sporting Cristal en Per\u00fa (victoria 3-1) y en el duelo contra River en el Monumental (ca\u00edda 2-0), donde amonest\u00f3 cuatro futbolistas millonarios y dos brasile\u00f1os (no hubo expulsados).<\/p>\n\n\n\n<p>Esta ser\u00e1 la cuarta final de Copa Libertadores que arbitre Rold\u00e1n, pero la primera desde que es a partido \u00fanico. La \u00faltima que dirigi\u00f3 fue en la edici\u00f3n de 2014, por el partido de ida que termin\u00f3 1-1 entre Nacional de Paraguay y San Lorenzo. En 2013, arbitr\u00f3 la revancha entre Atl\u00e9tico Mineiro y Olimpia (ganaron 2-0 los brasile\u00f1os en tiempo reglamentario y m\u00e1s tarde en tanda de penales). Y en 2012, presenci\u00f3 la vuelta entre Corinthians y Boca en el estadio Pacaemb\u00fa de San Pablo con triunfo 2-0 de los brasile\u00f1os.<\/p>\n","protected":false},"excerpt":{"rendered":"<p>El colombiano Wilmar Rold\u00e1n ser\u00e1 quien imparta justicia el pr\u00f3ximo s\u00e1bado 4 de noviembre en&#8230;<\/p>\n","protected":false},"author":3,"featured_media":2302,"comment_status":"open","ping_status":"open","sticky":false,"template":"","format":"standard","meta":{"footnotes":""},"categories":[38],"tags":[],"class_list":["post-2296","post","type-post","status-publish","format-standard","has-post-thumbnail","hentry","category-copa-libertadores"],"yoast_head":"<!-- This site is optimized with the Yoast SEO plugin v21.4 - https:\/\/yoast.com\/wordpress\/plugins\/seo\/ -->\n<title>Wilmar Rold\u00e1n, el elegido - BOCA PARA TODO EL MUNDO<\/title>\n<meta name=\"robots\" content=\"index, follow, max-snippet:-1, max-image-preview:large, max-video-preview:-1\" \/>\n<link rel=\"canonical\" href=\"https:\/\/bocaparatodoelmundo.com.ar\/?p=2296\" \/>\n<meta property=\"og:locale\" content=\"es_ES\" \/>\n<meta property=\"og:type\" content=\"article\" \/>\n<meta property=\"og:title\" content=\"Wilmar Rold\u00e1n, el elegido - BOCA PARA TODO EL MUNDO\" \/>\n<meta property=\"og:description\" content=\"El colombiano Wilmar Rold\u00e1n ser\u00e1 quien imparta justicia el pr\u00f3ximo s\u00e1bado 4 de noviembre en...\" \/>\n<meta property=\"og:url\" content=\"https:\/\/bocaparatodoelmundo.com.ar\/?p=2296\" \/>\n<meta property=\"og:site_name\" content=\"BOCA PARA TODO EL MUNDO\" \/>\n<meta property=\"article:published_time\" content=\"2023-10-26T14:42:14+00:00\" \/>\n<meta property=\"article:modified_time\" content=\"2023-10-26T15:17:14+00:00\" \/>\n<meta property=\"og:image\" content=\"https:\/\/bocaparatodoelmundo.com.ar\/wp-content\/uploads\/2023\/10\/wilmar-roldan-2.jpg\" \/>\n\t<meta property=\"og:image:width\" content=\"1920\" \/>\n\t<meta property=\"og:image:height\" content=\"1080\" \/>\n\t<meta property=\"og:image:type\" content=\"image\/jpeg\" \/>\n<meta name=\"author\" content=\"Redaccion BPTM\" \/>\n<meta name=\"twitter:card\" content=\"summary_large_image\" \/>\n<meta name=\"twitter:label1\" content=\"Escrito por\" \/>\n\t<meta name=\"twitter:data1\" content=\"Redaccion BPTM\" \/>\n\t<meta name=\"twitter:label2\" content=\"Tiempo de lectura\" \/>\n\t<meta name=\"twitter:data2\" content=\"3 minutos\" \/>\n<script type=\"application\/ld+json\" class=\"yoast-schema-graph\">{\"@context\":\"https:\/\/schema.org\",\"@graph\":[{\"@type\":\"WebPage\",\"@id\":\"https:\/\/bocaparatodoelmundo.com.ar\/?p=2296\",\"url\":\"https:\/\/bocaparatodoelmundo.com.ar\/?p=2296\",\"name\":\"Wilmar Rold\u00e1n, el elegido - BOCA PARA TODO EL MUNDO\",\"isPartOf\":{\"@id\":\"https:\/\/bocaparatodoelmundo.com.ar\/#website\"},\"datePublished\":\"2023-10-26T14:42:14+00:00\",\"dateModified\":\"2023-10-26T15:17:14+00:00\",\"author\":{\"@id\":\"https:\/\/bocaparatodoelmundo.com.ar\/#\/schema\/person\/cc56d27ea9d37f4cea3636086a1847c5\"},\"breadcrumb\":{\"@id\":\"https:\/\/bocaparatodoelmundo.com.ar\/?p=2296#breadcrumb\"},\"inLanguage\":\"es-AR\",\"potentialAction\":[{\"@type\":\"ReadAction\",\"target\":[\"https:\/\/bocaparatodoelmundo.com.ar\/?p=2296\"]}]},{\"@type\":\"BreadcrumbList\",\"@id\":\"https:\/\/bocaparatodoelmundo.com.ar\/?p=2296#breadcrumb\",\"itemListElement\":[{\"@type\":\"ListItem\",\"position\":1,\"name\":\"Inicio\",\"item\":\"https:\/\/bocaparatodoelmundo.com.ar\/\"},{\"@type\":\"ListItem\",\"position\":2,\"name\":\"Wilmar Rold\u00e1n, el elegido\"}]},{\"@type\":\"WebSite\",\"@id\":\"https:\/\/bocaparatodoelmundo.com.ar\/#website\",\"url\":\"https:\/\/bocaparatodoelmundo.com.ar\/\",\"name\":\"BOCA PARA TODO EL MUNDO\",\"description\":\"Toda la historia y actualidad del club atletico boca junios esta aqui\",\"potentialAction\":[{\"@type\":\"SearchAction\",\"target\":{\"@type\":\"EntryPoint\",\"urlTemplate\":\"https:\/\/bocaparatodoelmundo.com.ar\/?s={search_term_string}\"},\"query-input\":\"required name=search_term_string\"}],\"inLanguage\":\"es-AR\"},{\"@type\":\"Person\",\"@id\":\"https:\/\/bocaparatodoelmundo.com.ar\/#\/schema\/person\/cc56d27ea9d37f4cea3636086a1847c5\",\"name\":\"Redaccion BPTM\",\"image\":{\"@type\":\"ImageObject\",\"inLanguage\":\"es-AR\",\"@id\":\"https:\/\/bocaparatodoelmundo.com.ar\/#\/schema\/person\/image\/\",\"url\":\"https:\/\/secure.gravatar.com\/avatar\/3b62665b8c08843736974a055cc2398ba6bb7fd2fe787285105d666c418a7d13?s=96&d=mm&r=g\",\"contentUrl\":\"https:\/\/secure.gravatar.com\/avatar\/3b62665b8c08843736974a055cc2398ba6bb7fd2fe787285105d666c418a7d13?s=96&d=mm&r=g\",\"caption\":\"Redaccion BPTM\"},\"sameAs\":[\"http:\/\/bocaparatodoelmundo.com.ar\"],\"url\":\"https:\/\/bocaparatodoelmundo.com.ar\/?author=3\"}]}<\/script>\n<!-- \/ Yoast SEO plugin. -->","yoast_head_json":{"title":"Wilmar Rold\u00e1n, el elegido - BOCA PARA TODO EL MUNDO","robots":{"index":"index","follow":"follow","max-snippet":"max-snippet:-1","max-image-preview":"max-image-preview:large","max-video-preview":"max-video-preview:-1"},"canonical":"https:\/\/bocaparatodoelmundo.com.ar\/?p=2296","og_locale":"es_ES","og_type":"article","og_title":"Wilmar Rold\u00e1n, el elegido - BOCA PARA TODO EL MUNDO","og_description":"El colombiano Wilmar Rold\u00e1n ser\u00e1 quien imparta justicia el pr\u00f3ximo s\u00e1bado 4 de noviembre en...","og_url":"https:\/\/bocaparatodoelmundo.com.ar\/?p=2296","og_site_name":"BOCA PARA TODO EL MUNDO","article_published_time":"2023-10-26T14:42:14+00:00","article_modified_time":"2023-10-26T15:17:14+00:00","og_image":[{"width":1920,"height":1080,"url":"https:\/\/bocaparatodoelmundo.com.ar\/wp-content\/uploads\/2023\/10\/wilmar-roldan-2.jpg","type":"image\/jpeg"}],"author":"Redaccion BPTM","twitter_card":"summary_large_image","twitter_misc":{"Escrito por":"Redaccion BPTM","Tiempo de lectura":"3 minutos"},"schema":{"@context":"https:\/\/schema.org","@graph":[{"@type":"WebPage","@id":"https:\/\/bocaparatodoelmundo.com.ar\/?p=2296","url":"https:\/\/bocaparatodoelmundo.com.ar\/?p=2296","name":"Wilmar Rold\u00e1n, el elegido - BOCA PARA TODO EL MUNDO","isPartOf":{"@id":"https:\/\/bocaparatodoelmundo.com.ar\/#website"},"datePublished":"2023-10-26T14:42:14+00:00","dateModified":"2023-10-26T15:17:14+00:00","author":{"@id":"https:\/\/bocaparatodoelmundo.com.ar\/#\/schema\/person\/cc56d27ea9d37f4cea3636086a1847c5"},"breadcrumb":{"@id":"https:\/\/bocaparatodoelmundo.com.ar\/?p=2296#breadcrumb"},"inLanguage":"es-AR","potentialAction":[{"@type":"ReadAction","target":["https:\/\/bocaparatodoelmundo.com.ar\/?p=2296"]}]},{"@type":"BreadcrumbList","@id":"https:\/\/bocaparatodoelmundo.com.ar\/?p=2296#breadcrumb","itemListElement":[{"@type":"ListItem","position":1,"name":"Inicio","item":"https:\/\/bocaparatodoelmundo.com.ar\/"},{"@type":"ListItem","position":2,"name":"Wilmar Rold\u00e1n, el elegido"}]},{"@type":"WebSite","@id":"https:\/\/bocaparatodoelmundo.com.ar\/#website","url":"https:\/\/bocaparatodoelmundo.com.ar\/","name":"BOCA PARA TODO EL MUNDO","description":"Toda la historia y actualidad del club atletico boca junios esta aqui","potentialAction":[{"@type":"SearchAction","target":{"@type":"EntryPoint","urlTemplate":"https:\/\/bocaparatodoelmundo.com.ar\/?s={search_term_string}"},"query-input":"required name=search_term_string"}],"inLanguage":"es-AR"},{"@type":"Person","@id":"https:\/\/bocaparatodoelmundo.com.ar\/#\/schema\/person\/cc56d27ea9d37f4cea3636086a1847c5","name":"Redaccion BPTM","image":{"@type":"ImageObject","inLanguage":"es-AR","@id":"https:\/\/bocaparatodoelmundo.com.ar\/#\/schema\/person\/image\/","url":"https:\/\/secure.gravatar.com\/avatar\/3b62665b8c08843736974a055cc2398ba6bb7fd2fe787285105d666c418a7d13?s=96&d=mm&r=g","contentUrl":"https:\/\/secure.gravatar.com\/avatar\/3b62665b8c08843736974a055cc2398ba6bb7fd2fe787285105d666c418a7d13?s=96&d=mm&r=g","caption":"Redaccion BPTM"},"sameAs":["http:\/\/bocaparatodoelmundo.com.ar"],"url":"https:\/\/bocaparatodoelmundo.com.ar\/?author=3"}]}},"_links":{"self":[{"href":"https:\/\/bocaparatodoelmundo.com.ar\/index.php?rest_route=\/wp\/v2\/posts\/2296","targetHints":{"allow":["GET"]}}],"collection":[{"href":"https:\/\/bocaparatodoelmundo.com.ar\/index.php?rest_route=\/wp\/v2\/posts"}],"about":[{"href":"https:\/\/bocaparatodoelmundo.com.ar\/index.php?rest_route=\/wp\/v2\/types\/post"}],"author":[{"embeddable":true,"href":"https:\/\/bocaparatodoelmundo.com.ar\/index.php?rest_route=\/wp\/v2\/users\/3"}],"replies":[{"embeddable":true,"href":"https:\/\/bocaparatodoelmundo.com.ar\/index.php?rest_route=%2Fwp%2Fv2%2Fcomments&post=2296"}],"version-history":[{"count":2,"href":"https:\/\/bocaparatodoelmundo.com.ar\/index.php?rest_route=\/wp\/v2\/posts\/2296\/revisions"}],"predecessor-version":[{"id":2303,"href":"https:\/\/bocaparatodoelmundo.com.ar\/index.php?rest_route=\/wp\/v2\/posts\/2296\/revisions\/2303"}],"wp:featuredmedia":[{"embeddable":true,"href":"https:\/\/bocaparatodoelmundo.com.ar\/index.php?rest_route=\/wp\/v2\/media\/2302"}],"wp:attachment":[{"href":"https:\/\/bocaparatodoelmundo.com.ar\/index.php?rest_route=%2Fwp%2Fv2%2Fmedia&parent=2296"}],"wp:term":[{"taxonomy":"category","embeddable":true,"href":"https:\/\/bocaparatodoelmundo.com.ar\/index.php?rest_route=%2Fwp%2Fv2%2Fcategories&post=2296"},{"taxonomy":"post_tag","embeddable":true,"href":"https:\/\/bocaparatodoelmundo.com.ar\/index.php?rest_route=%2Fwp%2Fv2%2Ftags&post=2296"}],"curies":[{"name":"wp","href":"https:\/\/api.w.org\/{rel}","templated":true}]}}