{"id":2289,"date":"2023-10-26T11:09:43","date_gmt":"2023-10-26T14:09:43","guid":{"rendered":"https:\/\/bocaparatodoelmundo.com.ar\/?p=2289"},"modified":"2023-10-26T11:09:44","modified_gmt":"2023-10-26T14:09:44","slug":"benedetto-y-valentini-solo-lesiones-leves","status":"publish","type":"post","link":"https:\/\/bocaparatodoelmundo.com.ar\/?p=2289","title":{"rendered":"Benedetto y Valentini, s\u00f3lo lesiones leves"},"content":{"rendered":"\n<h4 class=\"wp-block-heading\">En el Xeneize recibieron buenas noticias luego de los golpes que sufrieran el delantero y el defensor en la derrota ante Racing.<\/h4>\n\n\n\n<p><a href=\"https:\/\/www.elgrafico.com.ar\/etiqueta\/boca\" target=\"_blank\" rel=\"noreferrer noopener\"><strong>BOCA<\/strong><\/a>&nbsp;recibi\u00f3 buenas noticias:&nbsp;<strong>Dar\u00edo Benedetto y Nicol\u00e1s Valentini&nbsp;<\/strong>acusaron golpes y contracturas tras salir lesionados este martes&nbsp;en<strong>&nbsp;el partido contra Racing, en el Cilindro de Avellaneda<\/strong>, seg\u00fan el parte m\u00e9dico difundido por parte del club.<\/p>\n\n\n\n<figure class=\"wp-block-image size-large\"><img loading=\"lazy\" decoding=\"async\" width=\"1024\" height=\"631\" src=\"https:\/\/bocaparatodoelmundo.com.ar\/wp-content\/uploads\/2023\/10\/PBJ_20231025_PBJ_189485_Valentini-Benedetto-1024x631.jpg\" alt=\"\" class=\"wp-image-2294\" srcset=\"https:\/\/bocaparatodoelmundo.com.ar\/wp-content\/uploads\/2023\/10\/PBJ_20231025_PBJ_189485_Valentini-Benedetto-1024x631.jpg 1024w, https:\/\/bocaparatodoelmundo.com.ar\/wp-content\/uploads\/2023\/10\/PBJ_20231025_PBJ_189485_Valentini-Benedetto-300x185.jpg 300w, https:\/\/bocaparatodoelmundo.com.ar\/wp-content\/uploads\/2023\/10\/PBJ_20231025_PBJ_189485_Valentini-Benedetto-768x474.jpg 768w, https:\/\/bocaparatodoelmundo.com.ar\/wp-content\/uploads\/2023\/10\/PBJ_20231025_PBJ_189485_Valentini-Benedetto.jpg 1200w\" sizes=\"auto, (max-width: 1024px) 100vw, 1024px\" \/><\/figure>\n\n\n\n<p><strong>El parte del Departamento M\u00e9dico del F\u00fatbol Profesional&nbsp;indica que Valentini tiene un &#8220;traumatismo de pierna izquierda&#8221;<\/strong>&nbsp;tras el golpe del delantero Roger Mart\u00ednez, registrado en el primer tiempo, aunque el zaguero boquense sigui\u00f3 jugando hasta promediar el segundo tiempo.<\/p>\n\n\n\n<p>En cuanto al Pipa Benedetto,&nbsp;<strong>el informe del \u00e1rea m\u00e9dica de Boca se\u00f1ala que se trata de una &#8220;contractura en el aductor izquierdo&#8221;.<\/strong><\/p>\n\n\n\n<p>De acuerdo con este informe, quedar\u00eda descartada la posibilidad de lesiones musculares preocupantes en los dos casos, a 10 d\u00edas de\u00a0<a href=\"https:\/\/www.elgrafico.com.ar\/articulo\/conmebol-libertadores\/70575\/la-final-entre-boca-y-fluminense-ya-tiene-arbitro-designado\" target=\"_blank\" rel=\"noreferrer noopener\"><strong>la final por la Copa Libertadores ante Fluminense en el estadio Maracan\u00e1 de R\u00edo de Janeiro.<\/strong><\/a><\/p>\n\n\n<div class=\"wp-block-image\">\n<figure class=\"aligncenter size-full is-resized\"><img loading=\"lazy\" decoding=\"async\" width=\"360\" height=\"240\" src=\"https:\/\/bocaparatodoelmundo.com.ar\/wp-content\/uploads\/2023\/10\/7SZ-Tclkp_360x240__1.jpg\" alt=\"\" class=\"wp-image-2292\" style=\"aspect-ratio:1.5;width:724px;height:auto\" srcset=\"https:\/\/bocaparatodoelmundo.com.ar\/wp-content\/uploads\/2023\/10\/7SZ-Tclkp_360x240__1.jpg 360w, https:\/\/bocaparatodoelmundo.com.ar\/wp-content\/uploads\/2023\/10\/7SZ-Tclkp_360x240__1-300x200.jpg 300w\" sizes=\"auto, (max-width: 360px) 100vw, 360px\" \/><figcaption class=\"wp-element-caption\">Dar\u00edo Bendetto es atendido por los m\u00e9dicos de Boca. El delantero dej\u00f3 la cancha a los 7&#8242;.<\/figcaption><\/figure>\n<\/div>\n\n\n<p><strong>Benedetto sali\u00f3 a los 7 minutos del primer tiempo, cuando tras un ataque del equipo que dirige Jorge Almir\u00f3n sinti\u00f3 una molestia en el aductor de su pierna izquierda,<\/strong>&nbsp;y fue reemplazado por Miguel Merentiel, autor del gol boquense en el empate transitorio, aunque enseguida Racing logr\u00f3 el gol de la victoria (2-1).<\/p>\n\n\n<div class=\"wp-block-image\">\n<figure class=\"aligncenter size-full\"><img loading=\"lazy\" decoding=\"async\" width=\"860\" height=\"575\" src=\"https:\/\/bocaparatodoelmundo.com.ar\/wp-content\/uploads\/2023\/10\/z-2NgoXW2_860x575__1.webp\" alt=\"\" class=\"wp-image-2293\" srcset=\"https:\/\/bocaparatodoelmundo.com.ar\/wp-content\/uploads\/2023\/10\/z-2NgoXW2_860x575__1.webp 860w, https:\/\/bocaparatodoelmundo.com.ar\/wp-content\/uploads\/2023\/10\/z-2NgoXW2_860x575__1-300x201.webp 300w, https:\/\/bocaparatodoelmundo.com.ar\/wp-content\/uploads\/2023\/10\/z-2NgoXW2_860x575__1-768x513.webp 768w\" sizes=\"auto, (max-width: 860px) 100vw, 860px\" \/><figcaption class=\"wp-element-caption\">Valentini, en el piso, lamenta la dolencia. <\/figcaption><\/figure>\n<\/div>\n\n\n<p><strong>El Vikingo Valentini tuvo que salir a los 25 minutos de la segunda etapa,<\/strong>&nbsp;reemplazado por el volante Ezequiel Equi&nbsp;Fern\u00e1ndez.<\/p>\n\n\n\n<p>A 10 d\u00edas de la final \u00fanica a jugarse en Brasil,&nbsp;<strong>en Boca creen que ambos jugadores se podr\u00e1n recuperar de cara a la final de la Copa Libertadores de Am\u00e9rica contra Fluminense.<\/strong><\/p>\n","protected":false},"excerpt":{"rendered":"<p>En el Xeneize recibieron buenas noticias luego de los golpes que sufrieran el delantero y&#8230;<\/p>\n","protected":false},"author":3,"featured_media":2290,"comment_status":"open","ping_status":"open","sticky":false,"template":"","format":"standard","meta":{"footnotes":""},"categories":[4],"tags":[],"class_list":["post-2289","post","type-post","status-publish","format-standard","has-post-thumbnail","hentry","category-primera-division-masculina"],"yoast_head":"<!-- This site is optimized with the Yoast SEO plugin v21.4 - https:\/\/yoast.com\/wordpress\/plugins\/seo\/ -->\n<title>Benedetto y Valentini, s\u00f3lo lesiones leves - BOCA PARA TODO EL MUNDO<\/title>\n<meta name=\"robots\" content=\"index, follow, max-snippet:-1, max-image-preview:large, max-video-preview:-1\" \/>\n<link rel=\"canonical\" href=\"https:\/\/bocaparatodoelmundo.com.ar\/?p=2289\" \/>\n<meta property=\"og:locale\" content=\"es_ES\" \/>\n<meta property=\"og:type\" content=\"article\" \/>\n<meta property=\"og:title\" content=\"Benedetto y Valentini, s\u00f3lo lesiones leves - BOCA PARA TODO EL MUNDO\" \/>\n<meta property=\"og:description\" content=\"En el Xeneize recibieron buenas noticias luego de los golpes que sufrieran el delantero y...\" \/>\n<meta property=\"og:url\" content=\"https:\/\/bocaparatodoelmundo.com.ar\/?p=2289\" \/>\n<meta property=\"og:site_name\" content=\"BOCA PARA TODO EL MUNDO\" \/>\n<meta property=\"article:published_time\" content=\"2023-10-26T14:09:43+00:00\" \/>\n<meta property=\"article:modified_time\" content=\"2023-10-26T14:09:44+00:00\" \/>\n<meta property=\"og:image\" content=\"https:\/\/bocaparatodoelmundo.com.ar\/wp-content\/uploads\/2023\/10\/e9974bc061a7ca0b2bdd294ac05101b4545a765d-1.png\" \/>\n\t<meta property=\"og:image:width\" content=\"1422\" \/>\n\t<meta property=\"og:image:height\" content=\"900\" \/>\n\t<meta property=\"og:image:type\" content=\"image\/png\" \/>\n<meta name=\"author\" content=\"Redaccion BPTM\" \/>\n<meta name=\"twitter:card\" content=\"summary_large_image\" \/>\n<meta name=\"twitter:label1\" content=\"Escrito por\" \/>\n\t<meta name=\"twitter:data1\" content=\"Redaccion BPTM\" \/>\n\t<meta name=\"twitter:label2\" content=\"Tiempo de lectura\" \/>\n\t<meta name=\"twitter:data2\" content=\"2 minutos\" \/>\n<script type=\"application\/ld+json\" class=\"yoast-schema-graph\">{\"@context\":\"https:\/\/schema.org\",\"@graph\":[{\"@type\":\"WebPage\",\"@id\":\"https:\/\/bocaparatodoelmundo.com.ar\/?p=2289\",\"url\":\"https:\/\/bocaparatodoelmundo.com.ar\/?p=2289\",\"name\":\"Benedetto y Valentini, s\u00f3lo lesiones leves - BOCA PARA TODO EL MUNDO\",\"isPartOf\":{\"@id\":\"https:\/\/bocaparatodoelmundo.com.ar\/#website\"},\"datePublished\":\"2023-10-26T14:09:43+00:00\",\"dateModified\":\"2023-10-26T14:09:44+00:00\",\"author\":{\"@id\":\"https:\/\/bocaparatodoelmundo.com.ar\/#\/schema\/person\/cc56d27ea9d37f4cea3636086a1847c5\"},\"breadcrumb\":{\"@id\":\"https:\/\/bocaparatodoelmundo.com.ar\/?p=2289#breadcrumb\"},\"inLanguage\":\"es-AR\",\"potentialAction\":[{\"@type\":\"ReadAction\",\"target\":[\"https:\/\/bocaparatodoelmundo.com.ar\/?p=2289\"]}]},{\"@type\":\"BreadcrumbList\",\"@id\":\"https:\/\/bocaparatodoelmundo.com.ar\/?p=2289#breadcrumb\",\"itemListElement\":[{\"@type\":\"ListItem\",\"position\":1,\"name\":\"Inicio\",\"item\":\"https:\/\/bocaparatodoelmundo.com.ar\/\"},{\"@type\":\"ListItem\",\"position\":2,\"name\":\"Benedetto y Valentini, s\u00f3lo lesiones leves\"}]},{\"@type\":\"WebSite\",\"@id\":\"https:\/\/bocaparatodoelmundo.com.ar\/#website\",\"url\":\"https:\/\/bocaparatodoelmundo.com.ar\/\",\"name\":\"BOCA PARA TODO EL MUNDO\",\"description\":\"Toda la historia y actualidad del club atletico boca junios esta aqui\",\"potentialAction\":[{\"@type\":\"SearchAction\",\"target\":{\"@type\":\"EntryPoint\",\"urlTemplate\":\"https:\/\/bocaparatodoelmundo.com.ar\/?s={search_term_string}\"},\"query-input\":\"required name=search_term_string\"}],\"inLanguage\":\"es-AR\"},{\"@type\":\"Person\",\"@id\":\"https:\/\/bocaparatodoelmundo.com.ar\/#\/schema\/person\/cc56d27ea9d37f4cea3636086a1847c5\",\"name\":\"Redaccion BPTM\",\"image\":{\"@type\":\"ImageObject\",\"inLanguage\":\"es-AR\",\"@id\":\"https:\/\/bocaparatodoelmundo.com.ar\/#\/schema\/person\/image\/\",\"url\":\"https:\/\/secure.gravatar.com\/avatar\/3b62665b8c08843736974a055cc2398ba6bb7fd2fe787285105d666c418a7d13?s=96&d=mm&r=g\",\"contentUrl\":\"https:\/\/secure.gravatar.com\/avatar\/3b62665b8c08843736974a055cc2398ba6bb7fd2fe787285105d666c418a7d13?s=96&d=mm&r=g\",\"caption\":\"Redaccion BPTM\"},\"sameAs\":[\"http:\/\/bocaparatodoelmundo.com.ar\"],\"url\":\"https:\/\/bocaparatodoelmundo.com.ar\/?author=3\"}]}<\/script>\n<!-- \/ Yoast SEO plugin. -->","yoast_head_json":{"title":"Benedetto y Valentini, s\u00f3lo lesiones leves - BOCA PARA TODO EL MUNDO","robots":{"index":"index","follow":"follow","max-snippet":"max-snippet:-1","max-image-preview":"max-image-preview:large","max-video-preview":"max-video-preview:-1"},"canonical":"https:\/\/bocaparatodoelmundo.com.ar\/?p=2289","og_locale":"es_ES","og_type":"article","og_title":"Benedetto y Valentini, s\u00f3lo lesiones leves - BOCA PARA TODO EL MUNDO","og_description":"En el Xeneize recibieron buenas noticias luego de los golpes que sufrieran el delantero y...","og_url":"https:\/\/bocaparatodoelmundo.com.ar\/?p=2289","og_site_name":"BOCA PARA TODO EL MUNDO","article_published_time":"2023-10-26T14:09:43+00:00","article_modified_time":"2023-10-26T14:09:44+00:00","og_image":[{"width":1422,"height":900,"url":"https:\/\/bocaparatodoelmundo.com.ar\/wp-content\/uploads\/2023\/10\/e9974bc061a7ca0b2bdd294ac05101b4545a765d-1.png","type":"image\/png"}],"author":"Redaccion BPTM","twitter_card":"summary_large_image","twitter_misc":{"Escrito por":"Redaccion BPTM","Tiempo de lectura":"2 minutos"},"schema":{"@context":"https:\/\/schema.org","@graph":[{"@type":"WebPage","@id":"https:\/\/bocaparatodoelmundo.com.ar\/?p=2289","url":"https:\/\/bocaparatodoelmundo.com.ar\/?p=2289","name":"Benedetto y Valentini, s\u00f3lo lesiones leves - BOCA PARA TODO EL MUNDO","isPartOf":{"@id":"https:\/\/bocaparatodoelmundo.com.ar\/#website"},"datePublished":"2023-10-26T14:09:43+00:00","dateModified":"2023-10-26T14:09:44+00:00","author":{"@id":"https:\/\/bocaparatodoelmundo.com.ar\/#\/schema\/person\/cc56d27ea9d37f4cea3636086a1847c5"},"breadcrumb":{"@id":"https:\/\/bocaparatodoelmundo.com.ar\/?p=2289#breadcrumb"},"inLanguage":"es-AR","potentialAction":[{"@type":"ReadAction","target":["https:\/\/bocaparatodoelmundo.com.ar\/?p=2289"]}]},{"@type":"BreadcrumbList","@id":"https:\/\/bocaparatodoelmundo.com.ar\/?p=2289#breadcrumb","itemListElement":[{"@type":"ListItem","position":1,"name":"Inicio","item":"https:\/\/bocaparatodoelmundo.com.ar\/"},{"@type":"ListItem","position":2,"name":"Benedetto y Valentini, s\u00f3lo lesiones leves"}]},{"@type":"WebSite","@id":"https:\/\/bocaparatodoelmundo.com.ar\/#website","url":"https:\/\/bocaparatodoelmundo.com.ar\/","name":"BOCA PARA TODO EL MUNDO","description":"Toda la historia y actualidad del club atletico boca junios esta aqui","potentialAction":[{"@type":"SearchAction","target":{"@type":"EntryPoint","urlTemplate":"https:\/\/bocaparatodoelmundo.com.ar\/?s={search_term_string}"},"query-input":"required name=search_term_string"}],"inLanguage":"es-AR"},{"@type":"Person","@id":"https:\/\/bocaparatodoelmundo.com.ar\/#\/schema\/person\/cc56d27ea9d37f4cea3636086a1847c5","name":"Redaccion BPTM","image":{"@type":"ImageObject","inLanguage":"es-AR","@id":"https:\/\/bocaparatodoelmundo.com.ar\/#\/schema\/person\/image\/","url":"https:\/\/secure.gravatar.com\/avatar\/3b62665b8c08843736974a055cc2398ba6bb7fd2fe787285105d666c418a7d13?s=96&d=mm&r=g","contentUrl":"https:\/\/secure.gravatar.com\/avatar\/3b62665b8c08843736974a055cc2398ba6bb7fd2fe787285105d666c418a7d13?s=96&d=mm&r=g","caption":"Redaccion BPTM"},"sameAs":["http:\/\/bocaparatodoelmundo.com.ar"],"url":"https:\/\/bocaparatodoelmundo.com.ar\/?author=3"}]}},"_links":{"self":[{"href":"https:\/\/bocaparatodoelmundo.com.ar\/index.php?rest_route=\/wp\/v2\/posts\/2289","targetHints":{"allow":["GET"]}}],"collection":[{"href":"https:\/\/bocaparatodoelmundo.com.ar\/index.php?rest_route=\/wp\/v2\/posts"}],"about":[{"href":"https:\/\/bocaparatodoelmundo.com.ar\/index.php?rest_route=\/wp\/v2\/types\/post"}],"author":[{"embeddable":true,"href":"https:\/\/bocaparatodoelmundo.com.ar\/index.php?rest_route=\/wp\/v2\/users\/3"}],"replies":[{"embeddable":true,"href":"https:\/\/bocaparatodoelmundo.com.ar\/index.php?rest_route=%2Fwp%2Fv2%2Fcomments&post=2289"}],"version-history":[{"count":1,"href":"https:\/\/bocaparatodoelmundo.com.ar\/index.php?rest_route=\/wp\/v2\/posts\/2289\/revisions"}],"predecessor-version":[{"id":2295,"href":"https:\/\/bocaparatodoelmundo.com.ar\/index.php?rest_route=\/wp\/v2\/posts\/2289\/revisions\/2295"}],"wp:featuredmedia":[{"embeddable":true,"href":"https:\/\/bocaparatodoelmundo.com.ar\/index.php?rest_route=\/wp\/v2\/media\/2290"}],"wp:attachment":[{"href":"https:\/\/bocaparatodoelmundo.com.ar\/index.php?rest_route=%2Fwp%2Fv2%2Fmedia&parent=2289"}],"wp:term":[{"taxonomy":"category","embeddable":true,"href":"https:\/\/bocaparatodoelmundo.com.ar\/index.php?rest_route=%2Fwp%2Fv2%2Fcategories&post=2289"},{"taxonomy":"post_tag","embeddable":true,"href":"https:\/\/bocaparatodoelmundo.com.ar\/index.php?rest_route=%2Fwp%2Fv2%2Ftags&post=2289"}],"curies":[{"name":"wp","href":"https:\/\/api.w.org\/{rel}","templated":true}]}}