{"id":2217,"date":"2023-10-11T15:58:59","date_gmt":"2023-10-11T18:58:59","guid":{"rendered":"https:\/\/bocaparatodoelmundo.com.ar\/?p=2217"},"modified":"2023-10-11T15:59:50","modified_gmt":"2023-10-11T18:59:50","slug":"zeballos-sufrio-una-grave-lesion-y-estara-8-meses-sin-jugar","status":"publish","type":"post","link":"https:\/\/bocaparatodoelmundo.com.ar\/?p=2217","title":{"rendered":"Zeballos sufri\u00f3 una grave lesi\u00f3n y estar\u00e1 8 meses sin jugar"},"content":{"rendered":"\n<h4 class=\"wp-block-heading\">El delantero del Xeneize tuvo que ser reemplazado en el encuentro ante Belgrano y los estudios llevaron malas noticias para el equipo.<\/h4>\n\n\n\n<p>Malas noticias para\u00a0<strong>Boca <\/strong>\u00a0a pocos d\u00edas de la esperada final de la\u00a0<strong>Copa Libertadores<\/strong>. Durante\u00a0<a href=\"https:\/\/www.canal26.com\/deportes\/con-una-floja-actuacion-del-arquero-garcia-boca-perdio-ante-belgrano-y-sufre-por-zeballos--353741\" target=\"_blank\" rel=\"noreferrer noopener\"><strong>el encuentro de la Copa de la Liga ante Belgrano<\/strong><\/a>,\u00a0<strong>Exequiel Zeballos<\/strong>\u00a0tuvo que ser reemplazado a los pocos minutos de su ingreso y su reacci\u00f3n gener\u00f3 preocupaci\u00f3n en los hinchas. Finalmente,\u00a0<strong>los estudios arrojaron que se rompi\u00f3 los ligamentos cruzados de la rodilla derecha<\/strong>.<\/p>\n\n\n\n<p>La compleja lesi\u00f3n que sufri\u00f3 el delantero del Xeneize demandar\u00e1 entre seis y ocho meses de recuperaci\u00f3n, por lo que suena como una baja m\u00e1s que sensible para\u00a0<strong>Jorge Almir\u00f3n<\/strong>, entrenador. A trav\u00e9s de sus redes sociales, el club inform\u00f3 sobre\u00a0<strong>la &#8220;ruptura del ligamento cruzado anterior y menisco externo de la rodilla derecha&#8221;<\/strong>.<\/p>\n\n\n\n<p>Adem\u00e1s, agregaron sobre el parte m\u00e9dico: &#8220;Realizar\u00e1 rehabilitaci\u00f3n preoperatoria y&nbsp;<strong>cuando est\u00e9 en condiciones se programar\u00e1 la cirug\u00eda<\/strong>&#8220;. No hab\u00edan pasado ni diez minutos desde el ingreso del delantero cuando el malestar f\u00edsico lo oblig\u00f3 a abandonar el campo entre l\u00e1grimas.<\/p>\n\n\n\n<p>Lo llamativo es que tuvo un gran desempe\u00f1o en el peque\u00f1o pasaje en el que particip\u00f3, que&nbsp;<strong>incluy\u00f3 una asistencia a<\/strong>&nbsp;<strong>Miguel Merentiel<\/strong>, para poner el 3-4 final en la ca\u00edda de&nbsp;<a href=\"https:\/\/www.canal26.com\/tag\/boca-juniors--546\" target=\"_blank\" rel=\"noreferrer noopener\"><strong>Boca Juniors<\/strong><\/a>. Cabe mencionar que&nbsp;<strong>no es la primera lesi\u00f3n de esta gravedad que sufre el futbolista<\/strong>, pese a que apenas tiene 21 a\u00f1os.<\/p>\n","protected":false},"excerpt":{"rendered":"<p>El delantero del Xeneize tuvo que ser reemplazado en el encuentro ante Belgrano y los&#8230;<\/p>\n","protected":false},"author":3,"featured_media":2218,"comment_status":"open","ping_status":"open","sticky":false,"template":"","format":"standard","meta":{"footnotes":""},"categories":[4],"tags":[],"class_list":["post-2217","post","type-post","status-publish","format-standard","has-post-thumbnail","hentry","category-primera-division-masculina"],"yoast_head":"<!-- This site is optimized with the Yoast SEO plugin v21.4 - https:\/\/yoast.com\/wordpress\/plugins\/seo\/ -->\n<title>Zeballos sufri\u00f3 una grave lesi\u00f3n y estar\u00e1 8 meses sin jugar - BOCA PARA TODO EL MUNDO<\/title>\n<meta name=\"robots\" content=\"index, follow, max-snippet:-1, max-image-preview:large, max-video-preview:-1\" \/>\n<link rel=\"canonical\" href=\"https:\/\/bocaparatodoelmundo.com.ar\/?p=2217\" \/>\n<meta property=\"og:locale\" content=\"es_ES\" \/>\n<meta property=\"og:type\" content=\"article\" \/>\n<meta property=\"og:title\" content=\"Zeballos sufri\u00f3 una grave lesi\u00f3n y estar\u00e1 8 meses sin jugar - BOCA PARA TODO EL MUNDO\" \/>\n<meta property=\"og:description\" content=\"El delantero del Xeneize tuvo que ser reemplazado en el encuentro ante Belgrano y los...\" \/>\n<meta property=\"og:url\" content=\"https:\/\/bocaparatodoelmundo.com.ar\/?p=2217\" \/>\n<meta property=\"og:site_name\" content=\"BOCA PARA TODO EL MUNDO\" \/>\n<meta property=\"article:published_time\" content=\"2023-10-11T18:58:59+00:00\" \/>\n<meta property=\"article:modified_time\" content=\"2023-10-11T18:59:50+00:00\" \/>\n<meta property=\"og:image\" content=\"https:\/\/bocaparatodoelmundo.com.ar\/wp-content\/uploads\/2023\/10\/download-57.jpg\" \/>\n\t<meta property=\"og:image:width\" content=\"306\" \/>\n\t<meta property=\"og:image:height\" content=\"165\" \/>\n\t<meta property=\"og:image:type\" content=\"image\/jpeg\" \/>\n<meta name=\"author\" content=\"Redaccion BPTM\" \/>\n<meta name=\"twitter:card\" content=\"summary_large_image\" \/>\n<meta name=\"twitter:label1\" content=\"Escrito por\" \/>\n\t<meta name=\"twitter:data1\" content=\"Redaccion BPTM\" \/>\n\t<meta name=\"twitter:label2\" content=\"Tiempo de lectura\" \/>\n\t<meta name=\"twitter:data2\" content=\"2 minutos\" \/>\n<script type=\"application\/ld+json\" class=\"yoast-schema-graph\">{\"@context\":\"https:\/\/schema.org\",\"@graph\":[{\"@type\":\"WebPage\",\"@id\":\"https:\/\/bocaparatodoelmundo.com.ar\/?p=2217\",\"url\":\"https:\/\/bocaparatodoelmundo.com.ar\/?p=2217\",\"name\":\"Zeballos sufri\u00f3 una grave lesi\u00f3n y estar\u00e1 8 meses sin jugar - BOCA PARA TODO EL MUNDO\",\"isPartOf\":{\"@id\":\"https:\/\/bocaparatodoelmundo.com.ar\/#website\"},\"datePublished\":\"2023-10-11T18:58:59+00:00\",\"dateModified\":\"2023-10-11T18:59:50+00:00\",\"author\":{\"@id\":\"https:\/\/bocaparatodoelmundo.com.ar\/#\/schema\/person\/cc56d27ea9d37f4cea3636086a1847c5\"},\"breadcrumb\":{\"@id\":\"https:\/\/bocaparatodoelmundo.com.ar\/?p=2217#breadcrumb\"},\"inLanguage\":\"es-AR\",\"potentialAction\":[{\"@type\":\"ReadAction\",\"target\":[\"https:\/\/bocaparatodoelmundo.com.ar\/?p=2217\"]}]},{\"@type\":\"BreadcrumbList\",\"@id\":\"https:\/\/bocaparatodoelmundo.com.ar\/?p=2217#breadcrumb\",\"itemListElement\":[{\"@type\":\"ListItem\",\"position\":1,\"name\":\"Inicio\",\"item\":\"https:\/\/bocaparatodoelmundo.com.ar\/\"},{\"@type\":\"ListItem\",\"position\":2,\"name\":\"Zeballos sufri\u00f3 una grave lesi\u00f3n y estar\u00e1 8 meses sin jugar\"}]},{\"@type\":\"WebSite\",\"@id\":\"https:\/\/bocaparatodoelmundo.com.ar\/#website\",\"url\":\"https:\/\/bocaparatodoelmundo.com.ar\/\",\"name\":\"BOCA PARA TODO EL MUNDO\",\"description\":\"Toda la historia y actualidad del club atletico boca junios esta aqui\",\"potentialAction\":[{\"@type\":\"SearchAction\",\"target\":{\"@type\":\"EntryPoint\",\"urlTemplate\":\"https:\/\/bocaparatodoelmundo.com.ar\/?s={search_term_string}\"},\"query-input\":\"required name=search_term_string\"}],\"inLanguage\":\"es-AR\"},{\"@type\":\"Person\",\"@id\":\"https:\/\/bocaparatodoelmundo.com.ar\/#\/schema\/person\/cc56d27ea9d37f4cea3636086a1847c5\",\"name\":\"Redaccion BPTM\",\"image\":{\"@type\":\"ImageObject\",\"inLanguage\":\"es-AR\",\"@id\":\"https:\/\/bocaparatodoelmundo.com.ar\/#\/schema\/person\/image\/\",\"url\":\"https:\/\/secure.gravatar.com\/avatar\/3b62665b8c08843736974a055cc2398ba6bb7fd2fe787285105d666c418a7d13?s=96&d=mm&r=g\",\"contentUrl\":\"https:\/\/secure.gravatar.com\/avatar\/3b62665b8c08843736974a055cc2398ba6bb7fd2fe787285105d666c418a7d13?s=96&d=mm&r=g\",\"caption\":\"Redaccion BPTM\"},\"sameAs\":[\"http:\/\/bocaparatodoelmundo.com.ar\"],\"url\":\"https:\/\/bocaparatodoelmundo.com.ar\/?author=3\"}]}<\/script>\n<!-- \/ Yoast SEO plugin. -->","yoast_head_json":{"title":"Zeballos sufri\u00f3 una grave lesi\u00f3n y estar\u00e1 8 meses sin jugar - BOCA PARA TODO EL MUNDO","robots":{"index":"index","follow":"follow","max-snippet":"max-snippet:-1","max-image-preview":"max-image-preview:large","max-video-preview":"max-video-preview:-1"},"canonical":"https:\/\/bocaparatodoelmundo.com.ar\/?p=2217","og_locale":"es_ES","og_type":"article","og_title":"Zeballos sufri\u00f3 una grave lesi\u00f3n y estar\u00e1 8 meses sin jugar - BOCA PARA TODO EL MUNDO","og_description":"El delantero del Xeneize tuvo que ser reemplazado en el encuentro ante Belgrano y los...","og_url":"https:\/\/bocaparatodoelmundo.com.ar\/?p=2217","og_site_name":"BOCA PARA TODO EL MUNDO","article_published_time":"2023-10-11T18:58:59+00:00","article_modified_time":"2023-10-11T18:59:50+00:00","og_image":[{"width":306,"height":165,"url":"https:\/\/bocaparatodoelmundo.com.ar\/wp-content\/uploads\/2023\/10\/download-57.jpg","type":"image\/jpeg"}],"author":"Redaccion BPTM","twitter_card":"summary_large_image","twitter_misc":{"Escrito por":"Redaccion BPTM","Tiempo de lectura":"2 minutos"},"schema":{"@context":"https:\/\/schema.org","@graph":[{"@type":"WebPage","@id":"https:\/\/bocaparatodoelmundo.com.ar\/?p=2217","url":"https:\/\/bocaparatodoelmundo.com.ar\/?p=2217","name":"Zeballos sufri\u00f3 una grave lesi\u00f3n y estar\u00e1 8 meses sin jugar - BOCA PARA TODO EL MUNDO","isPartOf":{"@id":"https:\/\/bocaparatodoelmundo.com.ar\/#website"},"datePublished":"2023-10-11T18:58:59+00:00","dateModified":"2023-10-11T18:59:50+00:00","author":{"@id":"https:\/\/bocaparatodoelmundo.com.ar\/#\/schema\/person\/cc56d27ea9d37f4cea3636086a1847c5"},"breadcrumb":{"@id":"https:\/\/bocaparatodoelmundo.com.ar\/?p=2217#breadcrumb"},"inLanguage":"es-AR","potentialAction":[{"@type":"ReadAction","target":["https:\/\/bocaparatodoelmundo.com.ar\/?p=2217"]}]},{"@type":"BreadcrumbList","@id":"https:\/\/bocaparatodoelmundo.com.ar\/?p=2217#breadcrumb","itemListElement":[{"@type":"ListItem","position":1,"name":"Inicio","item":"https:\/\/bocaparatodoelmundo.com.ar\/"},{"@type":"ListItem","position":2,"name":"Zeballos sufri\u00f3 una grave lesi\u00f3n y estar\u00e1 8 meses sin jugar"}]},{"@type":"WebSite","@id":"https:\/\/bocaparatodoelmundo.com.ar\/#website","url":"https:\/\/bocaparatodoelmundo.com.ar\/","name":"BOCA PARA TODO EL MUNDO","description":"Toda la historia y actualidad del club atletico boca junios esta aqui","potentialAction":[{"@type":"SearchAction","target":{"@type":"EntryPoint","urlTemplate":"https:\/\/bocaparatodoelmundo.com.ar\/?s={search_term_string}"},"query-input":"required name=search_term_string"}],"inLanguage":"es-AR"},{"@type":"Person","@id":"https:\/\/bocaparatodoelmundo.com.ar\/#\/schema\/person\/cc56d27ea9d37f4cea3636086a1847c5","name":"Redaccion BPTM","image":{"@type":"ImageObject","inLanguage":"es-AR","@id":"https:\/\/bocaparatodoelmundo.com.ar\/#\/schema\/person\/image\/","url":"https:\/\/secure.gravatar.com\/avatar\/3b62665b8c08843736974a055cc2398ba6bb7fd2fe787285105d666c418a7d13?s=96&d=mm&r=g","contentUrl":"https:\/\/secure.gravatar.com\/avatar\/3b62665b8c08843736974a055cc2398ba6bb7fd2fe787285105d666c418a7d13?s=96&d=mm&r=g","caption":"Redaccion BPTM"},"sameAs":["http:\/\/bocaparatodoelmundo.com.ar"],"url":"https:\/\/bocaparatodoelmundo.com.ar\/?author=3"}]}},"_links":{"self":[{"href":"https:\/\/bocaparatodoelmundo.com.ar\/index.php?rest_route=\/wp\/v2\/posts\/2217","targetHints":{"allow":["GET"]}}],"collection":[{"href":"https:\/\/bocaparatodoelmundo.com.ar\/index.php?rest_route=\/wp\/v2\/posts"}],"about":[{"href":"https:\/\/bocaparatodoelmundo.com.ar\/index.php?rest_route=\/wp\/v2\/types\/post"}],"author":[{"embeddable":true,"href":"https:\/\/bocaparatodoelmundo.com.ar\/index.php?rest_route=\/wp\/v2\/users\/3"}],"replies":[{"embeddable":true,"href":"https:\/\/bocaparatodoelmundo.com.ar\/index.php?rest_route=%2Fwp%2Fv2%2Fcomments&post=2217"}],"version-history":[{"count":1,"href":"https:\/\/bocaparatodoelmundo.com.ar\/index.php?rest_route=\/wp\/v2\/posts\/2217\/revisions"}],"predecessor-version":[{"id":2219,"href":"https:\/\/bocaparatodoelmundo.com.ar\/index.php?rest_route=\/wp\/v2\/posts\/2217\/revisions\/2219"}],"wp:featuredmedia":[{"embeddable":true,"href":"https:\/\/bocaparatodoelmundo.com.ar\/index.php?rest_route=\/wp\/v2\/media\/2218"}],"wp:attachment":[{"href":"https:\/\/bocaparatodoelmundo.com.ar\/index.php?rest_route=%2Fwp%2Fv2%2Fmedia&parent=2217"}],"wp:term":[{"taxonomy":"category","embeddable":true,"href":"https:\/\/bocaparatodoelmundo.com.ar\/index.php?rest_route=%2Fwp%2Fv2%2Fcategories&post=2217"},{"taxonomy":"post_tag","embeddable":true,"href":"https:\/\/bocaparatodoelmundo.com.ar\/index.php?rest_route=%2Fwp%2Fv2%2Ftags&post=2217"}],"curies":[{"name":"wp","href":"https:\/\/api.w.org\/{rel}","templated":true}]}}