{"id":2211,"date":"2023-10-10T22:41:00","date_gmt":"2023-10-11T01:41:00","guid":{"rendered":"https:\/\/bocaparatodoelmundo.com.ar\/?p=2211"},"modified":"2023-10-11T15:47:10","modified_gmt":"2023-10-11T18:47:10","slug":"con-la-cabeza-en-otra-parte","status":"publish","type":"post","link":"https:\/\/bocaparatodoelmundo.com.ar\/?p=2211","title":{"rendered":"Con la cabeza en otra parte"},"content":{"rendered":"\n<h4 class=\"wp-block-heading\">Boca cay\u00f3 en su visita al Pirata en el cierre de la fecha 8 y no se pudo recuperar de la derrota ante River. Los cordobeses quedaron como \u00fanicos punteros de la Zona B. El &#8220;Changuito&#8221; Zeballos se volvi\u00f3 a lesionar y sali\u00f3 llorando del campo de juego.<\/h4>\n\n\n\n<p><strong><a href=\"https:\/\/www.pagina12.com.ar\/597109-belgrano-supero-a-boca-en-un-gran-partido-y-quedo-puntero-de\"><br>Boca fue superado por Belgrano 4 a 3<\/a><\/strong>, en un partido que cerr\u00f3 la octava fecha de la zona B de la Copa de la Liga, y sum\u00f3 su segunda derrota consecutiva en el torneo tras la derrota frente a&nbsp;<strong>River&nbsp;<\/strong>en el supercl\u00e1sico del fin de semana pasado.<\/p>\n\n\n\n<p>Con este triunfo, el Pirata qued\u00f3 como \u00fanico l\u00edder de su grupo, mientras que el Xeneize termin\u00f3 relegado a la und\u00e9cima colocaci\u00f3n.<\/p>\n\n\n\n<p>En el primer tiempo los cordobeses anotaron todos sus tantos, por intermedio de\u00a0<strong>Lucas Passerini<\/strong>\u00a0(2m. y 38m.),\u00a0<strong>Juan Barinaga<\/strong>\u00a0(34m.) y el ex Boca,\u00a0<strong>Esteban Rol\u00f3n<\/strong>\u00a0(45m); en tanto que\u00a0<strong>Dar\u00edo Benedetto<\/strong>\u00a0(19m.) y\u00a0<strong>Miguel Merientel<\/strong>\u00a0(29m.) hab\u00edan dado vuelta el marcador para el visitante. En el complemento, Merientel anot\u00f3 nuevamente a los 12 minutos, pero a los de Jorge Almir\u00f3n no les alcanz\u00f3 para dar vuelta la historia.<\/p>\n\n\n\n<h2 class=\"wp-block-heading\">JORGE ALMIR\u00d3N, TRAS LA DERROTA ANTE BELGRANO: &#8220;DA MUCHA BRONCA PORQUE HICIMOS UN DESGASTE ENORME&#8221;<\/h2>\n\n\n\n<p>El director t\u00e9cnico del Xeneize,&nbsp;<strong>Jorge Almir\u00f3n<\/strong>, se mostr\u00f3 dolido por la derrota 4 a 3 frente a Belgrano en C\u00f3rdoba y admiti\u00f3 que&nbsp;<strong>&#8220;hay que darle fortaleza a la zona defensiva&#8221;<\/strong>.<\/p>\n\n\n\n<p>En conferencia de prensa posterior el partido v\u00e1lido por la fecha 8 de la Zona B de la Copa de la Liga, el DT manifest\u00f3 que &#8220;<strong>da mucha bronca porque los jugadores hicieron un desgaste enorme<\/strong>, no es f\u00e1cil convertir tres goles de visitantes.&nbsp;<strong>Hay que asimilar este golpe r\u00e1pidamente, mirar para adelante<\/strong>&nbsp;y evaluar que no nos puede pasar recibir cuatro goles&#8221;.<\/p>\n\n\n\n<h3 class=\"wp-block-heading\"><a href=\"https:\/\/www.pagina12.com.ar\/597116-jorge-almiron-tras-perder-contra-belgrano-hay-que-asimilar-e\">&#8220;No es f\u00e1cil convertir tres goles de visitante, pero no nos pueden hacer cuatro&#8221;<\/a><\/h3>\n","protected":false},"excerpt":{"rendered":"<p>Boca cay\u00f3 en su visita al Pirata en el cierre de la fecha 8 y&#8230;<\/p>\n","protected":false},"author":3,"featured_media":2212,"comment_status":"open","ping_status":"open","sticky":false,"template":"","format":"standard","meta":{"footnotes":""},"categories":[4],"tags":[],"class_list":["post-2211","post","type-post","status-publish","format-standard","has-post-thumbnail","hentry","category-primera-division-masculina"],"yoast_head":"<!-- This site is optimized with the Yoast SEO plugin v21.4 - https:\/\/yoast.com\/wordpress\/plugins\/seo\/ -->\n<title>Con la cabeza en otra parte - BOCA PARA TODO EL MUNDO<\/title>\n<meta name=\"robots\" content=\"index, follow, max-snippet:-1, max-image-preview:large, max-video-preview:-1\" \/>\n<link rel=\"canonical\" href=\"https:\/\/bocaparatodoelmundo.com.ar\/?p=2211\" \/>\n<meta property=\"og:locale\" content=\"es_ES\" \/>\n<meta property=\"og:type\" content=\"article\" \/>\n<meta property=\"og:title\" content=\"Con la cabeza en otra parte - BOCA PARA TODO EL MUNDO\" \/>\n<meta property=\"og:description\" content=\"Boca cay\u00f3 en su visita al Pirata en el cierre de la fecha 8 y...\" \/>\n<meta property=\"og:url\" content=\"https:\/\/bocaparatodoelmundo.com.ar\/?p=2211\" \/>\n<meta property=\"og:site_name\" content=\"BOCA PARA TODO EL MUNDO\" \/>\n<meta property=\"article:published_time\" content=\"2023-10-11T01:41:00+00:00\" \/>\n<meta property=\"article:modified_time\" content=\"2023-10-11T18:47:10+00:00\" \/>\n<meta property=\"og:image\" content=\"https:\/\/bocaparatodoelmundo.com.ar\/wp-content\/uploads\/2023\/10\/2MdPUciSI_720x0__1.jpg\" \/>\n\t<meta property=\"og:image:width\" content=\"720\" \/>\n\t<meta property=\"og:image:height\" content=\"463\" \/>\n\t<meta property=\"og:image:type\" content=\"image\/jpeg\" \/>\n<meta name=\"author\" content=\"Redaccion BPTM\" \/>\n<meta name=\"twitter:card\" content=\"summary_large_image\" \/>\n<meta name=\"twitter:label1\" content=\"Escrito por\" \/>\n\t<meta name=\"twitter:data1\" content=\"Redaccion BPTM\" \/>\n\t<meta name=\"twitter:label2\" content=\"Tiempo de lectura\" \/>\n\t<meta name=\"twitter:data2\" content=\"2 minutos\" \/>\n<script type=\"application\/ld+json\" class=\"yoast-schema-graph\">{\"@context\":\"https:\/\/schema.org\",\"@graph\":[{\"@type\":\"WebPage\",\"@id\":\"https:\/\/bocaparatodoelmundo.com.ar\/?p=2211\",\"url\":\"https:\/\/bocaparatodoelmundo.com.ar\/?p=2211\",\"name\":\"Con la cabeza en otra parte - BOCA PARA TODO EL MUNDO\",\"isPartOf\":{\"@id\":\"https:\/\/bocaparatodoelmundo.com.ar\/#website\"},\"datePublished\":\"2023-10-11T01:41:00+00:00\",\"dateModified\":\"2023-10-11T18:47:10+00:00\",\"author\":{\"@id\":\"https:\/\/bocaparatodoelmundo.com.ar\/#\/schema\/person\/cc56d27ea9d37f4cea3636086a1847c5\"},\"breadcrumb\":{\"@id\":\"https:\/\/bocaparatodoelmundo.com.ar\/?p=2211#breadcrumb\"},\"inLanguage\":\"es-AR\",\"potentialAction\":[{\"@type\":\"ReadAction\",\"target\":[\"https:\/\/bocaparatodoelmundo.com.ar\/?p=2211\"]}]},{\"@type\":\"BreadcrumbList\",\"@id\":\"https:\/\/bocaparatodoelmundo.com.ar\/?p=2211#breadcrumb\",\"itemListElement\":[{\"@type\":\"ListItem\",\"position\":1,\"name\":\"Inicio\",\"item\":\"https:\/\/bocaparatodoelmundo.com.ar\/\"},{\"@type\":\"ListItem\",\"position\":2,\"name\":\"Con la cabeza en otra parte\"}]},{\"@type\":\"WebSite\",\"@id\":\"https:\/\/bocaparatodoelmundo.com.ar\/#website\",\"url\":\"https:\/\/bocaparatodoelmundo.com.ar\/\",\"name\":\"BOCA PARA TODO EL MUNDO\",\"description\":\"Toda la historia y actualidad del club atletico boca junios esta aqui\",\"potentialAction\":[{\"@type\":\"SearchAction\",\"target\":{\"@type\":\"EntryPoint\",\"urlTemplate\":\"https:\/\/bocaparatodoelmundo.com.ar\/?s={search_term_string}\"},\"query-input\":\"required name=search_term_string\"}],\"inLanguage\":\"es-AR\"},{\"@type\":\"Person\",\"@id\":\"https:\/\/bocaparatodoelmundo.com.ar\/#\/schema\/person\/cc56d27ea9d37f4cea3636086a1847c5\",\"name\":\"Redaccion BPTM\",\"image\":{\"@type\":\"ImageObject\",\"inLanguage\":\"es-AR\",\"@id\":\"https:\/\/bocaparatodoelmundo.com.ar\/#\/schema\/person\/image\/\",\"url\":\"https:\/\/secure.gravatar.com\/avatar\/3b62665b8c08843736974a055cc2398ba6bb7fd2fe787285105d666c418a7d13?s=96&d=mm&r=g\",\"contentUrl\":\"https:\/\/secure.gravatar.com\/avatar\/3b62665b8c08843736974a055cc2398ba6bb7fd2fe787285105d666c418a7d13?s=96&d=mm&r=g\",\"caption\":\"Redaccion BPTM\"},\"sameAs\":[\"http:\/\/bocaparatodoelmundo.com.ar\"],\"url\":\"https:\/\/bocaparatodoelmundo.com.ar\/?author=3\"}]}<\/script>\n<!-- \/ Yoast SEO plugin. -->","yoast_head_json":{"title":"Con la cabeza en otra parte - BOCA PARA TODO EL MUNDO","robots":{"index":"index","follow":"follow","max-snippet":"max-snippet:-1","max-image-preview":"max-image-preview:large","max-video-preview":"max-video-preview:-1"},"canonical":"https:\/\/bocaparatodoelmundo.com.ar\/?p=2211","og_locale":"es_ES","og_type":"article","og_title":"Con la cabeza en otra parte - BOCA PARA TODO EL MUNDO","og_description":"Boca cay\u00f3 en su visita al Pirata en el cierre de la fecha 8 y...","og_url":"https:\/\/bocaparatodoelmundo.com.ar\/?p=2211","og_site_name":"BOCA PARA TODO EL MUNDO","article_published_time":"2023-10-11T01:41:00+00:00","article_modified_time":"2023-10-11T18:47:10+00:00","og_image":[{"width":720,"height":463,"url":"https:\/\/bocaparatodoelmundo.com.ar\/wp-content\/uploads\/2023\/10\/2MdPUciSI_720x0__1.jpg","type":"image\/jpeg"}],"author":"Redaccion BPTM","twitter_card":"summary_large_image","twitter_misc":{"Escrito por":"Redaccion BPTM","Tiempo de lectura":"2 minutos"},"schema":{"@context":"https:\/\/schema.org","@graph":[{"@type":"WebPage","@id":"https:\/\/bocaparatodoelmundo.com.ar\/?p=2211","url":"https:\/\/bocaparatodoelmundo.com.ar\/?p=2211","name":"Con la cabeza en otra parte - BOCA PARA TODO EL MUNDO","isPartOf":{"@id":"https:\/\/bocaparatodoelmundo.com.ar\/#website"},"datePublished":"2023-10-11T01:41:00+00:00","dateModified":"2023-10-11T18:47:10+00:00","author":{"@id":"https:\/\/bocaparatodoelmundo.com.ar\/#\/schema\/person\/cc56d27ea9d37f4cea3636086a1847c5"},"breadcrumb":{"@id":"https:\/\/bocaparatodoelmundo.com.ar\/?p=2211#breadcrumb"},"inLanguage":"es-AR","potentialAction":[{"@type":"ReadAction","target":["https:\/\/bocaparatodoelmundo.com.ar\/?p=2211"]}]},{"@type":"BreadcrumbList","@id":"https:\/\/bocaparatodoelmundo.com.ar\/?p=2211#breadcrumb","itemListElement":[{"@type":"ListItem","position":1,"name":"Inicio","item":"https:\/\/bocaparatodoelmundo.com.ar\/"},{"@type":"ListItem","position":2,"name":"Con la cabeza en otra parte"}]},{"@type":"WebSite","@id":"https:\/\/bocaparatodoelmundo.com.ar\/#website","url":"https:\/\/bocaparatodoelmundo.com.ar\/","name":"BOCA PARA TODO EL MUNDO","description":"Toda la historia y actualidad del club atletico boca junios esta aqui","potentialAction":[{"@type":"SearchAction","target":{"@type":"EntryPoint","urlTemplate":"https:\/\/bocaparatodoelmundo.com.ar\/?s={search_term_string}"},"query-input":"required name=search_term_string"}],"inLanguage":"es-AR"},{"@type":"Person","@id":"https:\/\/bocaparatodoelmundo.com.ar\/#\/schema\/person\/cc56d27ea9d37f4cea3636086a1847c5","name":"Redaccion BPTM","image":{"@type":"ImageObject","inLanguage":"es-AR","@id":"https:\/\/bocaparatodoelmundo.com.ar\/#\/schema\/person\/image\/","url":"https:\/\/secure.gravatar.com\/avatar\/3b62665b8c08843736974a055cc2398ba6bb7fd2fe787285105d666c418a7d13?s=96&d=mm&r=g","contentUrl":"https:\/\/secure.gravatar.com\/avatar\/3b62665b8c08843736974a055cc2398ba6bb7fd2fe787285105d666c418a7d13?s=96&d=mm&r=g","caption":"Redaccion BPTM"},"sameAs":["http:\/\/bocaparatodoelmundo.com.ar"],"url":"https:\/\/bocaparatodoelmundo.com.ar\/?author=3"}]}},"_links":{"self":[{"href":"https:\/\/bocaparatodoelmundo.com.ar\/index.php?rest_route=\/wp\/v2\/posts\/2211","targetHints":{"allow":["GET"]}}],"collection":[{"href":"https:\/\/bocaparatodoelmundo.com.ar\/index.php?rest_route=\/wp\/v2\/posts"}],"about":[{"href":"https:\/\/bocaparatodoelmundo.com.ar\/index.php?rest_route=\/wp\/v2\/types\/post"}],"author":[{"embeddable":true,"href":"https:\/\/bocaparatodoelmundo.com.ar\/index.php?rest_route=\/wp\/v2\/users\/3"}],"replies":[{"embeddable":true,"href":"https:\/\/bocaparatodoelmundo.com.ar\/index.php?rest_route=%2Fwp%2Fv2%2Fcomments&post=2211"}],"version-history":[{"count":1,"href":"https:\/\/bocaparatodoelmundo.com.ar\/index.php?rest_route=\/wp\/v2\/posts\/2211\/revisions"}],"predecessor-version":[{"id":2213,"href":"https:\/\/bocaparatodoelmundo.com.ar\/index.php?rest_route=\/wp\/v2\/posts\/2211\/revisions\/2213"}],"wp:featuredmedia":[{"embeddable":true,"href":"https:\/\/bocaparatodoelmundo.com.ar\/index.php?rest_route=\/wp\/v2\/media\/2212"}],"wp:attachment":[{"href":"https:\/\/bocaparatodoelmundo.com.ar\/index.php?rest_route=%2Fwp%2Fv2%2Fmedia&parent=2211"}],"wp:term":[{"taxonomy":"category","embeddable":true,"href":"https:\/\/bocaparatodoelmundo.com.ar\/index.php?rest_route=%2Fwp%2Fv2%2Fcategories&post=2211"},{"taxonomy":"post_tag","embeddable":true,"href":"https:\/\/bocaparatodoelmundo.com.ar\/index.php?rest_route=%2Fwp%2Fv2%2Ftags&post=2211"}],"curies":[{"name":"wp","href":"https:\/\/api.w.org\/{rel}","templated":true}]}}