{"id":2195,"date":"2023-10-07T12:12:41","date_gmt":"2023-10-07T15:12:41","guid":{"rendered":"https:\/\/bocaparatodoelmundo.com.ar\/?p=2195"},"modified":"2023-10-08T12:49:37","modified_gmt":"2023-10-08T15:49:37","slug":"debut-con-empate-ante-el-america-de-cali","status":"publish","type":"post","link":"https:\/\/bocaparatodoelmundo.com.ar\/?p=2195","title":{"rendered":"Debut con empate ante el Am\u00e9rica de Cali"},"content":{"rendered":"\n<h4 class=\"wp-block-heading\">Fue 1 a 1 en el Estadio Pascual Guerrero, por la primera fecha del Grupo D. Las Gladiadoras jugaron un gran partido y estuvieron cerca del triunfo. El gol de Boca lo marc\u00f3 Brisa Priori.<\/h4>\n\n\n\n<p>Comenz\u00f3 la<strong>\u00a0Copa Libertadores Femenina 2023<\/strong>\u00a0y las chicas de\u00a0<strong>Boca\u00a0<\/strong>pusieron primera en el Grupo D.\u00a0<strong><em>Las Gladiadoras<\/em><\/strong>\u00a0jugaron un buen partido en el Estadio Pascual Guerrero y empataron 1-1 contra sus pares de\u00a0<strong>Am\u00e9rica de Cali<\/strong>.<\/p>\n\n\n<div class=\"wp-block-image\">\n<figure class=\"aligncenter size-full\"><img loading=\"lazy\" decoding=\"async\" width=\"750\" height=\"450\" src=\"https:\/\/bocaparatodoelmundo.com.ar\/wp-content\/uploads\/2023\/10\/America-empato-contra-Boca-Juniors-en-su-debut-por-la-Copa-Libertadores-Femenina.jpg\" alt=\"\" class=\"wp-image-2197\" srcset=\"https:\/\/bocaparatodoelmundo.com.ar\/wp-content\/uploads\/2023\/10\/America-empato-contra-Boca-Juniors-en-su-debut-por-la-Copa-Libertadores-Femenina.jpg 750w, https:\/\/bocaparatodoelmundo.com.ar\/wp-content\/uploads\/2023\/10\/America-empato-contra-Boca-Juniors-en-su-debut-por-la-Copa-Libertadores-Femenina-300x180.jpg 300w\" sizes=\"auto, (max-width: 750px) 100vw, 750px\" \/><figcaption class=\"wp-element-caption\">Clarisa Huber disputa el bal\u00f3n. La veterana volante cumpli\u00f3 una destacada labor.<\/figcaption><\/figure>\n<\/div>\n\n\n<p>El primer tiempo comenz\u00f3 parejo, con<strong>\u00a0el equipo local apostando por tener la posesi\u00f3n de pelota y el elenco argentino priorizando el juego vertical, de pocos toques<\/strong>. Luego, Am\u00e9rica empez\u00f3 a agrandarse y cre\u00f3 varias oportunidades de peligro. Pero\u00a0<strong>Boca se defendi\u00f3 con efectividad y a partir de eso tom\u00f3 confianza<\/strong>. Finalmente, cuando parec\u00eda que se terminaba la primera parte en igualdad,\u00a0<strong>apareci\u00f3 la atacante Brisa Priori: presion\u00f3 en el \u00e1rea rival, recuper\u00f3 y defini\u00f3 de gran manera para el 1-0 parcial<\/strong>. Y as\u00ed, con un envi\u00f3n an\u00edmico,\u00a0<em>Las Gladiadoras<\/em>\u00a0se iban al descanso.\u00a0<\/p>\n\n\n<div class=\"wp-block-image\">\n<figure class=\"aligncenter size-full\"><img loading=\"lazy\" decoding=\"async\" width=\"862\" height=\"485\" src=\"https:\/\/bocaparatodoelmundo.com.ar\/wp-content\/uploads\/2023\/10\/priori-grita-el-gol-de-boca-1.webp\" alt=\"\" class=\"wp-image-2198\" srcset=\"https:\/\/bocaparatodoelmundo.com.ar\/wp-content\/uploads\/2023\/10\/priori-grita-el-gol-de-boca-1.webp 862w, https:\/\/bocaparatodoelmundo.com.ar\/wp-content\/uploads\/2023\/10\/priori-grita-el-gol-de-boca-1-300x169.webp 300w, https:\/\/bocaparatodoelmundo.com.ar\/wp-content\/uploads\/2023\/10\/priori-grita-el-gol-de-boca-1-768x432.webp 768w\" sizes=\"auto, (max-width: 862px) 100vw, 862px\" \/><figcaption class=\"wp-element-caption\">Brisa Priori celebra su gol, el de la apertura del marcador. Miriam Mayorga se suma al festejo.<\/figcaption><\/figure>\n<\/div>\n\n\n<p>El complemento, que se vio marcado por varias interrupciones, arranc\u00f3 con un Am\u00e9rica decidido, aunque en principio inefectivo. Adem\u00e1s,\u00a0<strong>las dirigidas por Florencia Qui\u00f1ones, jugando a la contra, se mostraban muy bien plantadas<\/strong>. De hecho, por momentos eran claramente superiores. Sin embargo,<strong>\u00a0Elexa Bahr puso el 1-1 tras una buena jugada colectiva luego de que el Xeneize pierda el bal\u00f3n en mitad de cancha y quede mal parado.<\/strong><\/p>\n\n\n<div class=\"wp-block-image\">\n<figure class=\"aligncenter size-full\"><img loading=\"lazy\" decoding=\"async\" width=\"950\" height=\"560\" src=\"https:\/\/bocaparatodoelmundo.com.ar\/wp-content\/uploads\/2023\/10\/gonez-ares-contra-3.webp\" alt=\"\" class=\"wp-image-2199\" srcset=\"https:\/\/bocaparatodoelmundo.com.ar\/wp-content\/uploads\/2023\/10\/gonez-ares-contra-3.webp 950w, https:\/\/bocaparatodoelmundo.com.ar\/wp-content\/uploads\/2023\/10\/gonez-ares-contra-3-300x177.webp 300w, https:\/\/bocaparatodoelmundo.com.ar\/wp-content\/uploads\/2023\/10\/gonez-ares-contra-3-768x453.webp 768w\" sizes=\"auto, (max-width: 950px) 100vw, 950px\" \/><figcaption class=\"wp-element-caption\">Camila G\u00e9mez Ares domina la pelota contra tres rivales. La volante, que volvi\u00f3 este a\u00f1o al club, fue de mayor a menor.<\/figcaption><\/figure>\n<\/div>\n\n\n<p>Tras eso, el cotejo se emparej\u00f3 y\u00a0<strong>se arm\u00f3 un desgastante duelo de ida y vuelta constante<\/strong>. Si bien cualquiera de los dos equipos pudo haberse llevado el triunfo,\u00a0<strong>el 1-1 result\u00f3 l\u00f3gico, pareci\u00f3 justo<\/strong>.\u00a0<\/p>\n\n\n<div class=\"wp-block-image\">\n<figure class=\"aligncenter size-full\"><img loading=\"lazy\" decoding=\"async\" width=\"980\" height=\"640\" src=\"https:\/\/bocaparatodoelmundo.com.ar\/wp-content\/uploads\/2023\/10\/plantel-completo.webp\" alt=\"\" class=\"wp-image-2200\" srcset=\"https:\/\/bocaparatodoelmundo.com.ar\/wp-content\/uploads\/2023\/10\/plantel-completo.webp 980w, https:\/\/bocaparatodoelmundo.com.ar\/wp-content\/uploads\/2023\/10\/plantel-completo-300x196.webp 300w, https:\/\/bocaparatodoelmundo.com.ar\/wp-content\/uploads\/2023\/10\/plantel-completo-768x502.webp 768w\" sizes=\"auto, (max-width: 980px) 100vw, 980px\" \/><figcaption class=\"wp-element-caption\">El plantel completo que conduce Florencia Qui\u00f1ones.<\/figcaption><\/figure>\n<\/div>\n\n\n<h2 class=\"wp-block-heading\">El pr\u00f3ximo partido de Boca<\/h2>\n\n\n\n<p>Recordemos que el&nbsp;<em>Xeneize&nbsp;<\/em>tambi\u00e9n integra el Grupo D con Internacional de Porto Alegre (Brasil) y Nacional de Uruguay. El lunes,&nbsp;<strong>Las Gladiadoras enfrentar\u00e1n a sus similares del&nbsp;<em>Bolso<\/em><\/strong>, que perdieron 0-3 contra las brasile\u00f1as.&nbsp;<\/p>\n\n\n\n<p>El torneo se juega enteramente en Colombia y la final del mismo tendr\u00e1 lugar el 23 de octubre.\u00a0<\/p>\n\n\n\n<p>Sintesis<\/p>\n\n\n\n<p>Boca: Laurina Oliveros; Julieta Cruz, Miriam Mayorga, Vanina Preininger, Eliana Stabile; Clarisa Huber, Camila Gomez Ares, Eugenia Flores; Carolina Troncoso, Andrea Ojeda, Brisa Priori. DT: Florencia Qui\u00f1ones.<\/p>\n\n\n<div class=\"wp-block-image\">\n<figure class=\"aligncenter size-large\"><img loading=\"lazy\" decoding=\"async\" width=\"1024\" height=\"516\" src=\"https:\/\/bocaparatodoelmundo.com.ar\/wp-content\/uploads\/2023\/10\/formacion-de-boca-1024x516.webp\" alt=\"\" class=\"wp-image-2201\" srcset=\"https:\/\/bocaparatodoelmundo.com.ar\/wp-content\/uploads\/2023\/10\/formacion-de-boca-1024x516.webp 1024w, https:\/\/bocaparatodoelmundo.com.ar\/wp-content\/uploads\/2023\/10\/formacion-de-boca-300x151.webp 300w, https:\/\/bocaparatodoelmundo.com.ar\/wp-content\/uploads\/2023\/10\/formacion-de-boca-768x387.webp 768w, https:\/\/bocaparatodoelmundo.com.ar\/wp-content\/uploads\/2023\/10\/formacion-de-boca.webp 1290w\" sizes=\"auto, (max-width: 1024px) 100vw, 1024px\" \/><figcaption class=\"wp-element-caption\">Arriba, de izquierda a derecha: Mayorga, Huber, Oliveros, Stabile y Preininger. Abajo: Ojeda, Flores, Cruz, Troncoso, G\u00f3mez Ares y Priori.<\/figcaption><\/figure>\n<\/div>\n\n\n<p>Cambios: <\/p>\n\n\n\n<p>65&#8242; E. Palomar \u21c6 B. Priori (Lesion); 65&#8242; G. Barrios \u21c6 E. Flores; 76&#8242; K. Nu\u00f1ez \u21c6 C. Troncoso; 76&#8242; A. Arias \u21c6 A. Ojeda; 88&#8242; A. Urbani \u21c6 C. Huber (Lesion).<\/p>\n\n\n\n<p>America: Natalia Giraldo; Daniela Arias, Sara Martinez, Tatiana Casta\u00f1eda, Wendy Natis; Diana Ospina, Mildrey Pineda, Elexa Bahr; Catalina Usme, Wendy Bonilla; Mariana Zamorano. DT: Carlos Hern\u00e1ndez.<\/p>\n\n\n\n<figure class=\"wp-block-image size-large\"><img loading=\"lazy\" decoding=\"async\" width=\"1024\" height=\"576\" src=\"https:\/\/bocaparatodoelmundo.com.ar\/wp-content\/uploads\/2023\/10\/dramerica-1024x576.jpg\" alt=\"\" class=\"wp-image-2202\" srcset=\"https:\/\/bocaparatodoelmundo.com.ar\/wp-content\/uploads\/2023\/10\/dramerica-1024x576.jpg 1024w, https:\/\/bocaparatodoelmundo.com.ar\/wp-content\/uploads\/2023\/10\/dramerica-300x169.jpg 300w, https:\/\/bocaparatodoelmundo.com.ar\/wp-content\/uploads\/2023\/10\/dramerica-768x432.jpg 768w, https:\/\/bocaparatodoelmundo.com.ar\/wp-content\/uploads\/2023\/10\/dramerica.jpg 1200w\" sizes=\"auto, (max-width: 1024px) 100vw, 1024px\" \/><\/figure>\n\n\n\n<p>Cambios:<\/p>\n\n\n\n<p>45&#8242; G. Rodriguez \u21c6 M. Pineda; 73&#8242; K. Castellanos \u21c6 D. Ospina (Lesion); 79&#8242; I. Vidal \u21c6 W. Bonilla; 86&#8242; A. Yanten \u21c6 M. Zamorano.<\/p>\n\n\n\n<p>Goles: PT 45&#8242;, Priori (BJ). ST 10&#8242;, Bahr (A).<\/p>\n\n\n\n<p>Arbitra: <strong>Mar\u00eda Carvajal<\/strong><\/p>\n\n\n\n<p>Estadio: Pascual Guerrero.<\/p>\n","protected":false},"excerpt":{"rendered":"<p>Fue 1 a 1 en el Estadio Pascual Guerrero, por la primera fecha del Grupo&#8230;<\/p>\n","protected":false},"author":3,"featured_media":2196,"comment_status":"open","ping_status":"open","sticky":false,"template":"","format":"standard","meta":{"footnotes":""},"categories":[38],"tags":[],"class_list":["post-2195","post","type-post","status-publish","format-standard","has-post-thumbnail","hentry","category-copa-libertadores"],"yoast_head":"<!-- This site is optimized with the Yoast SEO plugin v21.4 - https:\/\/yoast.com\/wordpress\/plugins\/seo\/ -->\n<title>Debut con empate ante el Am\u00e9rica de Cali - BOCA PARA TODO EL MUNDO<\/title>\n<meta name=\"robots\" content=\"index, follow, max-snippet:-1, max-image-preview:large, max-video-preview:-1\" \/>\n<link rel=\"canonical\" href=\"https:\/\/bocaparatodoelmundo.com.ar\/?p=2195\" \/>\n<meta property=\"og:locale\" content=\"es_ES\" \/>\n<meta property=\"og:type\" content=\"article\" \/>\n<meta property=\"og:title\" content=\"Debut con empate ante el Am\u00e9rica de Cali - BOCA PARA TODO EL MUNDO\" \/>\n<meta property=\"og:description\" content=\"Fue 1 a 1 en el Estadio Pascual Guerrero, por la primera fecha del Grupo...\" \/>\n<meta property=\"og:url\" content=\"https:\/\/bocaparatodoelmundo.com.ar\/?p=2195\" \/>\n<meta property=\"og:site_name\" content=\"BOCA PARA TODO EL MUNDO\" \/>\n<meta property=\"article:published_time\" content=\"2023-10-07T15:12:41+00:00\" \/>\n<meta property=\"article:modified_time\" content=\"2023-10-08T15:49:37+00:00\" \/>\n<meta property=\"og:image\" content=\"https:\/\/bocaparatodoelmundo.com.ar\/wp-content\/uploads\/2023\/10\/priori-grita-el-gol-de-boca.webp\" \/>\n\t<meta property=\"og:image:width\" content=\"862\" \/>\n\t<meta property=\"og:image:height\" content=\"485\" \/>\n\t<meta property=\"og:image:type\" content=\"image\/webp\" \/>\n<meta name=\"author\" content=\"Redaccion BPTM\" \/>\n<meta name=\"twitter:card\" content=\"summary_large_image\" \/>\n<meta name=\"twitter:label1\" content=\"Escrito por\" \/>\n\t<meta name=\"twitter:data1\" content=\"Redaccion BPTM\" \/>\n\t<meta name=\"twitter:label2\" content=\"Tiempo de lectura\" \/>\n\t<meta name=\"twitter:data2\" content=\"4 minutos\" \/>\n<script type=\"application\/ld+json\" class=\"yoast-schema-graph\">{\"@context\":\"https:\/\/schema.org\",\"@graph\":[{\"@type\":\"WebPage\",\"@id\":\"https:\/\/bocaparatodoelmundo.com.ar\/?p=2195\",\"url\":\"https:\/\/bocaparatodoelmundo.com.ar\/?p=2195\",\"name\":\"Debut con empate ante el Am\u00e9rica de Cali - BOCA PARA TODO EL MUNDO\",\"isPartOf\":{\"@id\":\"https:\/\/bocaparatodoelmundo.com.ar\/#website\"},\"datePublished\":\"2023-10-07T15:12:41+00:00\",\"dateModified\":\"2023-10-08T15:49:37+00:00\",\"author\":{\"@id\":\"https:\/\/bocaparatodoelmundo.com.ar\/#\/schema\/person\/cc56d27ea9d37f4cea3636086a1847c5\"},\"breadcrumb\":{\"@id\":\"https:\/\/bocaparatodoelmundo.com.ar\/?p=2195#breadcrumb\"},\"inLanguage\":\"es-AR\",\"potentialAction\":[{\"@type\":\"ReadAction\",\"target\":[\"https:\/\/bocaparatodoelmundo.com.ar\/?p=2195\"]}]},{\"@type\":\"BreadcrumbList\",\"@id\":\"https:\/\/bocaparatodoelmundo.com.ar\/?p=2195#breadcrumb\",\"itemListElement\":[{\"@type\":\"ListItem\",\"position\":1,\"name\":\"Inicio\",\"item\":\"https:\/\/bocaparatodoelmundo.com.ar\/\"},{\"@type\":\"ListItem\",\"position\":2,\"name\":\"Debut con empate ante el Am\u00e9rica de Cali\"}]},{\"@type\":\"WebSite\",\"@id\":\"https:\/\/bocaparatodoelmundo.com.ar\/#website\",\"url\":\"https:\/\/bocaparatodoelmundo.com.ar\/\",\"name\":\"BOCA PARA TODO EL MUNDO\",\"description\":\"Toda la historia y actualidad del club atletico boca junios esta aqui\",\"potentialAction\":[{\"@type\":\"SearchAction\",\"target\":{\"@type\":\"EntryPoint\",\"urlTemplate\":\"https:\/\/bocaparatodoelmundo.com.ar\/?s={search_term_string}\"},\"query-input\":\"required name=search_term_string\"}],\"inLanguage\":\"es-AR\"},{\"@type\":\"Person\",\"@id\":\"https:\/\/bocaparatodoelmundo.com.ar\/#\/schema\/person\/cc56d27ea9d37f4cea3636086a1847c5\",\"name\":\"Redaccion BPTM\",\"image\":{\"@type\":\"ImageObject\",\"inLanguage\":\"es-AR\",\"@id\":\"https:\/\/bocaparatodoelmundo.com.ar\/#\/schema\/person\/image\/\",\"url\":\"https:\/\/secure.gravatar.com\/avatar\/3b62665b8c08843736974a055cc2398ba6bb7fd2fe787285105d666c418a7d13?s=96&d=mm&r=g\",\"contentUrl\":\"https:\/\/secure.gravatar.com\/avatar\/3b62665b8c08843736974a055cc2398ba6bb7fd2fe787285105d666c418a7d13?s=96&d=mm&r=g\",\"caption\":\"Redaccion BPTM\"},\"sameAs\":[\"http:\/\/bocaparatodoelmundo.com.ar\"],\"url\":\"https:\/\/bocaparatodoelmundo.com.ar\/?author=3\"}]}<\/script>\n<!-- \/ Yoast SEO plugin. -->","yoast_head_json":{"title":"Debut con empate ante el Am\u00e9rica de Cali - BOCA PARA TODO EL MUNDO","robots":{"index":"index","follow":"follow","max-snippet":"max-snippet:-1","max-image-preview":"max-image-preview:large","max-video-preview":"max-video-preview:-1"},"canonical":"https:\/\/bocaparatodoelmundo.com.ar\/?p=2195","og_locale":"es_ES","og_type":"article","og_title":"Debut con empate ante el Am\u00e9rica de Cali - BOCA PARA TODO EL MUNDO","og_description":"Fue 1 a 1 en el Estadio Pascual Guerrero, por la primera fecha del Grupo...","og_url":"https:\/\/bocaparatodoelmundo.com.ar\/?p=2195","og_site_name":"BOCA PARA TODO EL MUNDO","article_published_time":"2023-10-07T15:12:41+00:00","article_modified_time":"2023-10-08T15:49:37+00:00","og_image":[{"width":862,"height":485,"url":"https:\/\/bocaparatodoelmundo.com.ar\/wp-content\/uploads\/2023\/10\/priori-grita-el-gol-de-boca.webp","type":"image\/webp"}],"author":"Redaccion BPTM","twitter_card":"summary_large_image","twitter_misc":{"Escrito por":"Redaccion BPTM","Tiempo de lectura":"4 minutos"},"schema":{"@context":"https:\/\/schema.org","@graph":[{"@type":"WebPage","@id":"https:\/\/bocaparatodoelmundo.com.ar\/?p=2195","url":"https:\/\/bocaparatodoelmundo.com.ar\/?p=2195","name":"Debut con empate ante el Am\u00e9rica de Cali - BOCA PARA TODO EL MUNDO","isPartOf":{"@id":"https:\/\/bocaparatodoelmundo.com.ar\/#website"},"datePublished":"2023-10-07T15:12:41+00:00","dateModified":"2023-10-08T15:49:37+00:00","author":{"@id":"https:\/\/bocaparatodoelmundo.com.ar\/#\/schema\/person\/cc56d27ea9d37f4cea3636086a1847c5"},"breadcrumb":{"@id":"https:\/\/bocaparatodoelmundo.com.ar\/?p=2195#breadcrumb"},"inLanguage":"es-AR","potentialAction":[{"@type":"ReadAction","target":["https:\/\/bocaparatodoelmundo.com.ar\/?p=2195"]}]},{"@type":"BreadcrumbList","@id":"https:\/\/bocaparatodoelmundo.com.ar\/?p=2195#breadcrumb","itemListElement":[{"@type":"ListItem","position":1,"name":"Inicio","item":"https:\/\/bocaparatodoelmundo.com.ar\/"},{"@type":"ListItem","position":2,"name":"Debut con empate ante el Am\u00e9rica de Cali"}]},{"@type":"WebSite","@id":"https:\/\/bocaparatodoelmundo.com.ar\/#website","url":"https:\/\/bocaparatodoelmundo.com.ar\/","name":"BOCA PARA TODO EL MUNDO","description":"Toda la historia y actualidad del club atletico boca junios esta aqui","potentialAction":[{"@type":"SearchAction","target":{"@type":"EntryPoint","urlTemplate":"https:\/\/bocaparatodoelmundo.com.ar\/?s={search_term_string}"},"query-input":"required name=search_term_string"}],"inLanguage":"es-AR"},{"@type":"Person","@id":"https:\/\/bocaparatodoelmundo.com.ar\/#\/schema\/person\/cc56d27ea9d37f4cea3636086a1847c5","name":"Redaccion BPTM","image":{"@type":"ImageObject","inLanguage":"es-AR","@id":"https:\/\/bocaparatodoelmundo.com.ar\/#\/schema\/person\/image\/","url":"https:\/\/secure.gravatar.com\/avatar\/3b62665b8c08843736974a055cc2398ba6bb7fd2fe787285105d666c418a7d13?s=96&d=mm&r=g","contentUrl":"https:\/\/secure.gravatar.com\/avatar\/3b62665b8c08843736974a055cc2398ba6bb7fd2fe787285105d666c418a7d13?s=96&d=mm&r=g","caption":"Redaccion BPTM"},"sameAs":["http:\/\/bocaparatodoelmundo.com.ar"],"url":"https:\/\/bocaparatodoelmundo.com.ar\/?author=3"}]}},"_links":{"self":[{"href":"https:\/\/bocaparatodoelmundo.com.ar\/index.php?rest_route=\/wp\/v2\/posts\/2195","targetHints":{"allow":["GET"]}}],"collection":[{"href":"https:\/\/bocaparatodoelmundo.com.ar\/index.php?rest_route=\/wp\/v2\/posts"}],"about":[{"href":"https:\/\/bocaparatodoelmundo.com.ar\/index.php?rest_route=\/wp\/v2\/types\/post"}],"author":[{"embeddable":true,"href":"https:\/\/bocaparatodoelmundo.com.ar\/index.php?rest_route=\/wp\/v2\/users\/3"}],"replies":[{"embeddable":true,"href":"https:\/\/bocaparatodoelmundo.com.ar\/index.php?rest_route=%2Fwp%2Fv2%2Fcomments&post=2195"}],"version-history":[{"count":1,"href":"https:\/\/bocaparatodoelmundo.com.ar\/index.php?rest_route=\/wp\/v2\/posts\/2195\/revisions"}],"predecessor-version":[{"id":2203,"href":"https:\/\/bocaparatodoelmundo.com.ar\/index.php?rest_route=\/wp\/v2\/posts\/2195\/revisions\/2203"}],"wp:featuredmedia":[{"embeddable":true,"href":"https:\/\/bocaparatodoelmundo.com.ar\/index.php?rest_route=\/wp\/v2\/media\/2196"}],"wp:attachment":[{"href":"https:\/\/bocaparatodoelmundo.com.ar\/index.php?rest_route=%2Fwp%2Fv2%2Fmedia&parent=2195"}],"wp:term":[{"taxonomy":"category","embeddable":true,"href":"https:\/\/bocaparatodoelmundo.com.ar\/index.php?rest_route=%2Fwp%2Fv2%2Fcategories&post=2195"},{"taxonomy":"post_tag","embeddable":true,"href":"https:\/\/bocaparatodoelmundo.com.ar\/index.php?rest_route=%2Fwp%2Fv2%2Ftags&post=2195"}],"curies":[{"name":"wp","href":"https:\/\/api.w.org\/{rel}","templated":true}]}}