{"id":218,"date":"2022-09-02T17:00:00","date_gmt":"2022-09-02T20:00:00","guid":{"rendered":"https:\/\/www.bocaparatodoelmundo.com.ar\/?p=218"},"modified":"2022-09-05T16:31:28","modified_gmt":"2022-09-05T19:31:28","slug":"la-gran-tarde-del-beto","status":"publish","type":"post","link":"https:\/\/bocaparatodoelmundo.com.ar\/?p=218","title":{"rendered":"La gran tarde del Beto"},"content":{"rendered":"\n<iframe loading=\"lazy\" width=\"560\" height=\"450\" src=\"https:\/\/www.youtube.com\/embed\/Z_0ROd0Z9uY\" title=\"YouTube video player\" frameborder=\"0\" allow=\"accelerometer; autoplay; clipboard-write; encrypted-media; gyroscope; picture-in-picture\" allowfullscreen=\"\"><\/iframe>\n\n\n\n<p>El miercoles 2 de septiembre fue la fecha para la realizacion del partido que, por lluvia, se suspendio el domingo 30 de agosto.<\/p>\n\n\n\n<p>Boca recibio a Velez en La Bombonera con la necesidad de revertir las impresiones dejadas en los primeros tres partidos: dos opacos empates contra Mandiyu y Talleres fuera de casa y una apenas discreta victoria ante Belgrano en el Camilo Cichero no eran fundamento suficiente para un equipo repleto de nombres pesados.<\/p>\n\n\n\n<p>Velez tambien traia una nomina de jugadores de aquilatada trayectoria: Chilavert en el arco; la experiencia de Trotta y Sotomayor en el fondo; el hist\u00f3rico Alejandro Mancuso en el medio y una pareja de atacantes de justificada reputaci\u00f3n como Ricardo Gareca y Esteban Gonz\u00e1lez conllevaban la l\u00f3gica preocupaci\u00f3n al cuerpo t\u00e9cnico del Maestro Tabarez.<\/p>\n\n\n\n<p>El partido fue de tono discreto desde lo estrictamente futbolistico pero muy ondulante desde lo emotivo, con vaivenes en el resultado que posicionaron al suspenso en el centro de la escena.<\/p>\n\n\n\n<p>Los goles llegaron muy r\u00e1pido: a los 3&#8242; del primer tiempo, un remate alto del Gallego Gonz\u00e1lez se clavo en el \u00e1ngulo superior izquierdo de Navarro Montoya y, como respuesta al minuto, un centro bien puesto por Gustavo Neffa fue impactado con parietal izquierdo por Roberto Caba\u00f1as para meterla de pique al piso contra la media altura del palo derecho de Chilavert.<\/p>\n\n\n\n<figure class=\"wp-block-image size-full is-resized\"><img loading=\"lazy\" decoding=\"async\" src=\"https:\/\/www.bocaparatodoelmundo.com.ar\/wp-content\/uploads\/2022\/08\/gol-de-cabanas-a-velez.jpg\" alt=\"\" class=\"wp-image-222\" width=\"841\" height=\"457\" srcset=\"https:\/\/bocaparatodoelmundo.com.ar\/wp-content\/uploads\/2022\/08\/gol-de-cabanas-a-velez.jpg 368w, https:\/\/bocaparatodoelmundo.com.ar\/wp-content\/uploads\/2022\/08\/gol-de-cabanas-a-velez-300x163.jpg 300w\" sizes=\"auto, (max-width: 841px) 100vw, 841px\" \/><figcaption><em><strong>El cabezazo de Caba\u00f1as se convertira en el primer empate del partido, a los 4 minutos del primer tiempo.<\/strong><\/em><\/figcaption><\/figure>\n\n\n\n<p>Con los primeros dos goles parecia que el partido iba a ser un ida y vuelta de un area a la otra con los arqueros sacandola de entre las redes: no fue asi. Solo algunas esporadicas exigencias a Navarro Montoya y Chilavert, hasta que en el minuto 33 el marcador se quebro de manera inesperada: luego de recoger el rebote de un tiro de Tapia en el palo, Chilavert se apuro el sacar sobre Cardozo; este fue anticipado por So\u00f1ora que busco el desborde y, con el centro atras quemando en el area chica, Hector Almandoz le anticipo el balon al aquero guarani y logro lo que ningun atacante xeneiza habia podido: convertir el segundo gol de Boca. En medio de esa conmocion, Boca supo sacar provecho de manera poco esperada de un tramite que, dentro de lo absolutamente discreto, era favorable al equipo local.<\/p>\n\n\n\n<p>En el arranque del segundo tiempo, el rapido empate de cabeza de Esteban Gonzalez al minuto de juego, provoco un halo de dudas en el equipo y en la gente. Boca, en el aspecto colectivo, no daba la imagen de contundencia esperada y Velez no lograba sacar ventaja. Hasta que en el minuto 32, hizo su gran aparicion el mejor jugador del equipo:<\/p>\n\n\n<div class=\"wp-block-image\">\n<figure class=\"aligncenter size-full is-resized\"><img loading=\"lazy\" decoding=\"async\" src=\"https:\/\/www.bocaparatodoelmundo.com.ar\/wp-content\/uploads\/2022\/08\/beto-marcico-velez-1.jpg\" alt=\"\" class=\"wp-image-228\" width=\"505\" height=\"566\"\/><figcaption><em><strong>Alberto Jos\u00e9 Marcico, la gran figura de Boca ante Velez., celebra el tercer gol Xeneize.<\/strong><\/em><\/figcaption><\/figure>\n<\/div>\n\n\n<p>Neffa habilito a Mac Allister por la izquierda; el Colorado llego al area, jugo con la cortina que le propuso Villarreal (abrio sus piernas para que siga corriendo el balon) y llego la redonda a los pies del Beto. Marcico recogio el balon al llegar a la media luna, se acomodo y saco un remate bajo contra la base del palo izquierdo de Chilavert, que se estiro todo lo que pudo pero no logro evitar el tercer gol de Boca.<\/p>\n\n\n\n<p>Fue un triunfo inolvidable contra un gran equipo. Fue otra vez 3 a 2 contra Velez. Fue una fiesta.<\/p>\n","protected":false},"excerpt":{"rendered":"<p>El miercoles 2 de septiembre fue la fecha para la realizacion del partido que, por&#8230;<\/p>\n","protected":false},"author":2,"featured_media":497,"comment_status":"open","ping_status":"open","sticky":false,"template":"","format":"standard","meta":{"footnotes":""},"categories":[33],"tags":[],"class_list":["post-218","post","type-post","status-publish","format-standard","has-post-thumbnail","hentry","category-el-apertura-del-92"],"yoast_head":"<!-- This site is optimized with the Yoast SEO plugin v21.4 - https:\/\/yoast.com\/wordpress\/plugins\/seo\/ -->\n<title>La gran tarde del Beto - BOCA PARA TODO EL MUNDO<\/title>\n<meta name=\"robots\" content=\"index, follow, max-snippet:-1, max-image-preview:large, max-video-preview:-1\" \/>\n<link rel=\"canonical\" href=\"https:\/\/bocaparatodoelmundo.com.ar\/?p=218\" \/>\n<meta property=\"og:locale\" content=\"es_ES\" \/>\n<meta property=\"og:type\" content=\"article\" \/>\n<meta property=\"og:title\" content=\"La gran tarde del Beto - BOCA PARA TODO EL MUNDO\" \/>\n<meta property=\"og:description\" content=\"El miercoles 2 de septiembre fue la fecha para la realizacion del partido que, por...\" \/>\n<meta property=\"og:url\" content=\"https:\/\/bocaparatodoelmundo.com.ar\/?p=218\" \/>\n<meta property=\"og:site_name\" content=\"BOCA PARA TODO EL MUNDO\" \/>\n<meta property=\"article:published_time\" content=\"2022-09-02T20:00:00+00:00\" \/>\n<meta property=\"article:modified_time\" content=\"2022-09-05T19:31:28+00:00\" \/>\n<meta property=\"og:image\" content=\"https:\/\/bocaparatodoelmundo.com.ar\/wp-content\/uploads\/2022\/09\/boca-velez.png\" \/>\n\t<meta property=\"og:image:width\" content=\"448\" \/>\n\t<meta property=\"og:image:height\" content=\"308\" \/>\n\t<meta property=\"og:image:type\" content=\"image\/png\" \/>\n<meta name=\"author\" content=\"Mart\u00edn Ripari\" \/>\n<meta name=\"twitter:card\" content=\"summary_large_image\" \/>\n<meta name=\"twitter:label1\" content=\"Escrito por\" \/>\n\t<meta name=\"twitter:data1\" content=\"Mart\u00edn Ripari\" \/>\n\t<meta name=\"twitter:label2\" content=\"Tiempo de lectura\" \/>\n\t<meta name=\"twitter:data2\" content=\"3 minutos\" \/>\n<script type=\"application\/ld+json\" class=\"yoast-schema-graph\">{\"@context\":\"https:\/\/schema.org\",\"@graph\":[{\"@type\":\"WebPage\",\"@id\":\"https:\/\/bocaparatodoelmundo.com.ar\/?p=218\",\"url\":\"https:\/\/bocaparatodoelmundo.com.ar\/?p=218\",\"name\":\"La gran tarde del Beto - BOCA PARA TODO EL MUNDO\",\"isPartOf\":{\"@id\":\"https:\/\/bocaparatodoelmundo.com.ar\/#website\"},\"datePublished\":\"2022-09-02T20:00:00+00:00\",\"dateModified\":\"2022-09-05T19:31:28+00:00\",\"author\":{\"@id\":\"https:\/\/bocaparatodoelmundo.com.ar\/#\/schema\/person\/c7c150fa1e2772333c5e6c002e15afaf\"},\"breadcrumb\":{\"@id\":\"https:\/\/bocaparatodoelmundo.com.ar\/?p=218#breadcrumb\"},\"inLanguage\":\"es-AR\",\"potentialAction\":[{\"@type\":\"ReadAction\",\"target\":[\"https:\/\/bocaparatodoelmundo.com.ar\/?p=218\"]}]},{\"@type\":\"BreadcrumbList\",\"@id\":\"https:\/\/bocaparatodoelmundo.com.ar\/?p=218#breadcrumb\",\"itemListElement\":[{\"@type\":\"ListItem\",\"position\":1,\"name\":\"Inicio\",\"item\":\"https:\/\/bocaparatodoelmundo.com.ar\/\"},{\"@type\":\"ListItem\",\"position\":2,\"name\":\"La gran tarde del Beto\"}]},{\"@type\":\"WebSite\",\"@id\":\"https:\/\/bocaparatodoelmundo.com.ar\/#website\",\"url\":\"https:\/\/bocaparatodoelmundo.com.ar\/\",\"name\":\"BOCA PARA TODO EL MUNDO\",\"description\":\"Toda la historia y actualidad del club atletico boca junios esta aqui\",\"potentialAction\":[{\"@type\":\"SearchAction\",\"target\":{\"@type\":\"EntryPoint\",\"urlTemplate\":\"https:\/\/bocaparatodoelmundo.com.ar\/?s={search_term_string}\"},\"query-input\":\"required name=search_term_string\"}],\"inLanguage\":\"es-AR\"},{\"@type\":\"Person\",\"@id\":\"https:\/\/bocaparatodoelmundo.com.ar\/#\/schema\/person\/c7c150fa1e2772333c5e6c002e15afaf\",\"name\":\"Mart\u00edn Ripari\",\"image\":{\"@type\":\"ImageObject\",\"inLanguage\":\"es-AR\",\"@id\":\"https:\/\/bocaparatodoelmundo.com.ar\/#\/schema\/person\/image\/\",\"url\":\"https:\/\/secure.gravatar.com\/avatar\/0db7df26707fd8adc2b24ae87259322b0aea8d9eaf092366b1d208b0b180ee7e?s=96&d=mm&r=g\",\"contentUrl\":\"https:\/\/secure.gravatar.com\/avatar\/0db7df26707fd8adc2b24ae87259322b0aea8d9eaf092366b1d208b0b180ee7e?s=96&d=mm&r=g\",\"caption\":\"Mart\u00edn Ripari\"},\"url\":\"https:\/\/bocaparatodoelmundo.com.ar\/?author=2\"}]}<\/script>\n<!-- \/ Yoast SEO plugin. -->","yoast_head_json":{"title":"La gran tarde del Beto - BOCA PARA TODO EL MUNDO","robots":{"index":"index","follow":"follow","max-snippet":"max-snippet:-1","max-image-preview":"max-image-preview:large","max-video-preview":"max-video-preview:-1"},"canonical":"https:\/\/bocaparatodoelmundo.com.ar\/?p=218","og_locale":"es_ES","og_type":"article","og_title":"La gran tarde del Beto - BOCA PARA TODO EL MUNDO","og_description":"El miercoles 2 de septiembre fue la fecha para la realizacion del partido que, por...","og_url":"https:\/\/bocaparatodoelmundo.com.ar\/?p=218","og_site_name":"BOCA PARA TODO EL MUNDO","article_published_time":"2022-09-02T20:00:00+00:00","article_modified_time":"2022-09-05T19:31:28+00:00","og_image":[{"width":448,"height":308,"url":"https:\/\/bocaparatodoelmundo.com.ar\/wp-content\/uploads\/2022\/09\/boca-velez.png","type":"image\/png"}],"author":"Mart\u00edn Ripari","twitter_card":"summary_large_image","twitter_misc":{"Escrito por":"Mart\u00edn Ripari","Tiempo de lectura":"3 minutos"},"schema":{"@context":"https:\/\/schema.org","@graph":[{"@type":"WebPage","@id":"https:\/\/bocaparatodoelmundo.com.ar\/?p=218","url":"https:\/\/bocaparatodoelmundo.com.ar\/?p=218","name":"La gran tarde del Beto - BOCA PARA TODO EL MUNDO","isPartOf":{"@id":"https:\/\/bocaparatodoelmundo.com.ar\/#website"},"datePublished":"2022-09-02T20:00:00+00:00","dateModified":"2022-09-05T19:31:28+00:00","author":{"@id":"https:\/\/bocaparatodoelmundo.com.ar\/#\/schema\/person\/c7c150fa1e2772333c5e6c002e15afaf"},"breadcrumb":{"@id":"https:\/\/bocaparatodoelmundo.com.ar\/?p=218#breadcrumb"},"inLanguage":"es-AR","potentialAction":[{"@type":"ReadAction","target":["https:\/\/bocaparatodoelmundo.com.ar\/?p=218"]}]},{"@type":"BreadcrumbList","@id":"https:\/\/bocaparatodoelmundo.com.ar\/?p=218#breadcrumb","itemListElement":[{"@type":"ListItem","position":1,"name":"Inicio","item":"https:\/\/bocaparatodoelmundo.com.ar\/"},{"@type":"ListItem","position":2,"name":"La gran tarde del Beto"}]},{"@type":"WebSite","@id":"https:\/\/bocaparatodoelmundo.com.ar\/#website","url":"https:\/\/bocaparatodoelmundo.com.ar\/","name":"BOCA PARA TODO EL MUNDO","description":"Toda la historia y actualidad del club atletico boca junios esta aqui","potentialAction":[{"@type":"SearchAction","target":{"@type":"EntryPoint","urlTemplate":"https:\/\/bocaparatodoelmundo.com.ar\/?s={search_term_string}"},"query-input":"required name=search_term_string"}],"inLanguage":"es-AR"},{"@type":"Person","@id":"https:\/\/bocaparatodoelmundo.com.ar\/#\/schema\/person\/c7c150fa1e2772333c5e6c002e15afaf","name":"Mart\u00edn Ripari","image":{"@type":"ImageObject","inLanguage":"es-AR","@id":"https:\/\/bocaparatodoelmundo.com.ar\/#\/schema\/person\/image\/","url":"https:\/\/secure.gravatar.com\/avatar\/0db7df26707fd8adc2b24ae87259322b0aea8d9eaf092366b1d208b0b180ee7e?s=96&d=mm&r=g","contentUrl":"https:\/\/secure.gravatar.com\/avatar\/0db7df26707fd8adc2b24ae87259322b0aea8d9eaf092366b1d208b0b180ee7e?s=96&d=mm&r=g","caption":"Mart\u00edn Ripari"},"url":"https:\/\/bocaparatodoelmundo.com.ar\/?author=2"}]}},"_links":{"self":[{"href":"https:\/\/bocaparatodoelmundo.com.ar\/index.php?rest_route=\/wp\/v2\/posts\/218","targetHints":{"allow":["GET"]}}],"collection":[{"href":"https:\/\/bocaparatodoelmundo.com.ar\/index.php?rest_route=\/wp\/v2\/posts"}],"about":[{"href":"https:\/\/bocaparatodoelmundo.com.ar\/index.php?rest_route=\/wp\/v2\/types\/post"}],"author":[{"embeddable":true,"href":"https:\/\/bocaparatodoelmundo.com.ar\/index.php?rest_route=\/wp\/v2\/users\/2"}],"replies":[{"embeddable":true,"href":"https:\/\/bocaparatodoelmundo.com.ar\/index.php?rest_route=%2Fwp%2Fv2%2Fcomments&post=218"}],"version-history":[{"count":9,"href":"https:\/\/bocaparatodoelmundo.com.ar\/index.php?rest_route=\/wp\/v2\/posts\/218\/revisions"}],"predecessor-version":[{"id":499,"href":"https:\/\/bocaparatodoelmundo.com.ar\/index.php?rest_route=\/wp\/v2\/posts\/218\/revisions\/499"}],"wp:featuredmedia":[{"embeddable":true,"href":"https:\/\/bocaparatodoelmundo.com.ar\/index.php?rest_route=\/wp\/v2\/media\/497"}],"wp:attachment":[{"href":"https:\/\/bocaparatodoelmundo.com.ar\/index.php?rest_route=%2Fwp%2Fv2%2Fmedia&parent=218"}],"wp:term":[{"taxonomy":"category","embeddable":true,"href":"https:\/\/bocaparatodoelmundo.com.ar\/index.php?rest_route=%2Fwp%2Fv2%2Fcategories&post=218"},{"taxonomy":"post_tag","embeddable":true,"href":"https:\/\/bocaparatodoelmundo.com.ar\/index.php?rest_route=%2Fwp%2Fv2%2Ftags&post=218"}],"curies":[{"name":"wp","href":"https:\/\/api.w.org\/{rel}","templated":true}]}}